{"id":173110,"date":"2026-01-25T18:52:00","date_gmt":"2026-01-25T21:52:00","guid":{"rendered":"https:\/\/portaltela.pt\/noticias\/2026\/01\/25\/luso-venezuelana-libertada-apos-condenacao-a-20-anos-de-prisao\/"},"modified":"2026-01-25T18:52:00","modified_gmt":"2026-01-25T21:52:00","slug":"luso-venezuelana-libertada-apos-condenacao-a-20-anos-de-prisao","status":"publish","type":"post","link":"https:\/\/portaltela.pt\/noticias\/internacional\/2026\/01\/25\/luso-venezuelana-libertada-apos-condenacao-a-20-anos-de-prisao\/","title":{"rendered":"Luso-venezuelana libertada ap\u00f3s condena\u00e7\u00e3o a 20 anos de pris\u00e3o"},"content":{"rendered":"<p>A luso-venezuelana Carla da Silva foi libertada da pris\u00e3o, segundo uma informa\u00e7\u00e3o oficial do Minist\u00e9rio dos Neg\u00f3cios Estrangeiros (MNE). A prontid\u00e3o da liberta\u00e7\u00e3o surge ap\u00f3s cumprimento de parte da condena\u00e7\u00e3o emitida no pa\u00eds.<\/p>\n<p>O MNE confirmou que Carla da Silva estava condenada a mais de 20 anos de pris\u00e3o, tendo cumprido cerca de 5 anos. A institui\u00e7\u00e3o acompanha o caso e mant\u00e9m contacto com a fam\u00edlia da libertada.<\/p>\n<p>Carla da Silva foi condenada por um tribunal de Caracas a 22 de maio de 2024, juntamente com 28 pessoas, entre militares e civis, por conspira\u00e7\u00e3o contra o Governo ent\u00e3o chefiado por Nicol\u00e1s Maduro. A senten\u00e7a envolveu acusa\u00e7\u00f5es de trai\u00e7\u00e3o, conspira\u00e7\u00e3o, rebeli\u00e3o e financiamento de terrorismo.<\/p>\n<h3>Liberta\u00e7\u00e3o de outros detidos<\/h3>\n<p>Nesta domingo, a ONG Foro Penal informou que foram libertados pelo menos 80 presos pol\u00edticos em v\u00e1rias regi\u00f5es do pa\u00eds. A organiza\u00e7\u00e3o aponta que o processo tem ocorrido de forma lenta e sob press\u00e3o externa, com previs\u00e3o de novas liberta\u00e7\u00f5es nos pr\u00f3ximos dias.<\/p>\n","protected":false},"excerpt":{"rendered":"<ul>\n<li>Carla da Silva, luso-venezuelana, foi libertada da pris\u00e3o, segundo o Minist\u00e9rio dos Neg\u00f3cios Estrangeiros.<\/li>\n<li>Estava condenada por conspirar para derrubar o Governo liderado pelo Presidente Nicol\u00e1s Maduro; senten\u00e7a proferida em Caracas a 22 de maio de 2024, junto de outras 28 pessoas.<\/li>\n<li>A condena\u00e7\u00e3o era superior a 20 anos, dos quais j\u00e1 tinha cumprido cerca de 5 anos.<\/li>\n<li>Entre os crimes atribu\u00eddos constavam trai\u00e7\u00e3o, conspira\u00e7\u00e3o, rebeli\u00e3o, tr\u00e1fico de armas de guerra, associa\u00e7\u00e3o para cometer crimes e financiamento de terrorismo; a audi\u00eancia durou mais de 15 horas.<\/li>\n<li>A ONG Foro Penal afirmou que, neste domingo, foram libertados pelo menos 80 presos pol\u00edticos em todo o pa\u00eds, com possibilidade de mais liberta\u00e7\u00f5es futuras.<\/li>\n<\/ul>\n","protected":false},"author":2,"featured_media":173136,"comment_status":"closed","ping_status":"closed","sticky":false,"template":"","format":"standard","meta":{"footnotes":""},"categories":[4,1],"tags":[2560,4139,1460,34,2832,2758],"class_list":["post-173110","post","type-post","status-publish","format-standard","has-post-thumbnail","hentry","category-internacional","category-noticias","tag-conspiracao-internacional","tag-detencao","tag-financiamento-do-terrorismo","tag-governo","tag-politica","tag-venezuela"],"yoast_head":"<!-- This site is optimized with the Yoast SEO plugin v27.2 - https:\/\/yoast.com\/product\/yoast-seo-wordpress\/ -->\n<title>Luso-venezuelana libertada ap\u00f3s condena\u00e7\u00e3o a 20 anos de pris\u00e3o - Portal Tela Portugal<\/title>\n<meta name=\"robots\" content=\"index, follow, max-snippet:-1, max-image-preview:large, max-video-preview:-1\" \/>\n<meta property=\"og:locale\" content=\"pt_PT\" \/>\n<meta property=\"og:type\" content=\"article\" \/>\n<meta property=\"og:title\" content=\"Luso-venezuelana libertada ap\u00f3s condena\u00e7\u00e3o a 20 anos de pris\u00e3o - Portal Tela Portugal\" \/>\n<meta property=\"og:description\" content=\"Carla da Silva, luso-venezuelana, foi libertada da pris\u00e3o, segundo o Minist\u00e9rio dos Neg\u00f3cios Estrangeiros. Estava condenada por conspirar para derrubar o Governo liderado pelo Presidente Nicol\u00e1s Maduro; senten\u00e7a proferida em Caracas a 22 de maio de 2024, junto de outras 28 pessoas. A condena\u00e7\u00e3o era superior a 20 anos, dos quais j\u00e1 tinha cumprido cerca de 5 anos. Entre os crimes atribu\u00eddos constavam trai\u00e7\u00e3o, conspira\u00e7\u00e3o, rebeli\u00e3o, tr\u00e1fico de armas de guerra, associa\u00e7\u00e3o para cometer crimes e financiamento de terrorismo; a audi\u00eancia durou mais de 15 horas. A ONG Foro Penal afirmou que, neste domingo, foram libertados pelo menos 80 presos pol\u00edticos em todo o pa\u00eds, com possibilidade de mais liberta\u00e7\u00f5es futuras.\" \/>\n<meta property=\"og:url\" content=\"https:\/\/portaltela.pt\/noticias\/2026\/01\/25\/luso-venezuelana-libertada-apos-condenacao-a-20-anos-de-prisao\/\" \/>\n<meta property=\"og:site_name\" content=\"Portal Tela Portugal\" \/>\n<meta property=\"article:published_time\" content=\"2026-01-25T21:52:00+00:00\" \/>\n<meta name=\"author\" content=\"Telinha\" \/>\n<meta name=\"twitter:card\" content=\"summary_large_image\" \/>\n<meta name=\"twitter:label1\" content=\"Escrito por\" \/>\n\t<meta name=\"twitter:data1\" content=\"Telinha\" \/>\n\t<meta name=\"twitter:label2\" content=\"Tempo estimado de leitura\" \/>\n\t<meta name=\"twitter:data2\" content=\"1 minuto\" \/>\n<script type=\"application\/ld+json\" class=\"yoast-schema-graph\">{\"@context\":\"https:\/\/schema.org\",\"@graph\":[{\"@type\":\"Article\",\"@id\":\"https:\/\/portaltela.pt\/noticias\/2026\/01\/25\/luso-venezuelana-libertada-apos-condenacao-a-20-anos-de-prisao\/#article\",\"isPartOf\":{\"@id\":\"https:\/\/portaltela.pt\/noticias\/2026\/01\/25\/luso-venezuelana-libertada-apos-condenacao-a-20-anos-de-prisao\/\"},\"author\":{\"name\":\"Telinha\",\"@id\":\"https:\/\/portaltela.pt\/#\/schema\/person\/c4278d4a6028830caff9ee44b42d32ed\"},\"headline\":\"Luso-venezuelana libertada ap\u00f3s condena\u00e7\u00e3o a 20 anos de pris\u00e3o\",\"datePublished\":\"2026-01-25T21:52:00+00:00\",\"mainEntityOfPage\":{\"@id\":\"https:\/\/portaltela.pt\/noticias\/2026\/01\/25\/luso-venezuelana-libertada-apos-condenacao-a-20-anos-de-prisao\/\"},\"wordCount\":197,\"image\":{\"@id\":\"https:\/\/portaltela.pt\/noticias\/2026\/01\/25\/luso-venezuelana-libertada-apos-condenacao-a-20-anos-de-prisao\/#primaryimage\"},\"thumbnailUrl\":\"https:\/\/portaltela.pt\/s.01k8rhncp4jt1\/2026\/01\/unnamed-file-5222.jpg\",\"keywords\":[\"conspira\u00e7\u00e3o internacional\",\"deten\u00e7\u00e3o\",\"financiamento do terrorismo\",\"governo\",\"pol\u00edtica\",\"Venezuela\"],\"articleSection\":[\"Internacional\",\"Not\u00edcias\"],\"inLanguage\":\"pt-PT\"},{\"@type\":\"WebPage\",\"@id\":\"https:\/\/portaltela.pt\/noticias\/2026\/01\/25\/luso-venezuelana-libertada-apos-condenacao-a-20-anos-de-prisao\/\",\"url\":\"https:\/\/portaltela.pt\/noticias\/2026\/01\/25\/luso-venezuelana-libertada-apos-condenacao-a-20-anos-de-prisao\/\",\"name\":\"Luso-venezuelana libertada ap\u00f3s condena\u00e7\u00e3o a 20 anos de pris\u00e3o - Portal Tela Portugal\",\"isPartOf\":{\"@id\":\"https:\/\/portaltela.pt\/#website\"},\"primaryImageOfPage\":{\"@id\":\"https:\/\/portaltela.pt\/noticias\/2026\/01\/25\/luso-venezuelana-libertada-apos-condenacao-a-20-anos-de-prisao\/#primaryimage\"},\"image\":{\"@id\":\"https:\/\/portaltela.pt\/noticias\/2026\/01\/25\/luso-venezuelana-libertada-apos-condenacao-a-20-anos-de-prisao\/#primaryimage\"},\"thumbnailUrl\":\"https:\/\/portaltela.pt\/s.01k8rhncp4jt1\/2026\/01\/unnamed-file-5222.jpg\",\"datePublished\":\"2026-01-25T21:52:00+00:00\",\"author\":{\"@id\":\"https:\/\/portaltela.pt\/#\/schema\/person\/c4278d4a6028830caff9ee44b42d32ed\"},\"breadcrumb\":{\"@id\":\"https:\/\/portaltela.pt\/noticias\/2026\/01\/25\/luso-venezuelana-libertada-apos-condenacao-a-20-anos-de-prisao\/#breadcrumb\"},\"inLanguage\":\"pt-PT\",\"potentialAction\":[{\"@type\":\"ReadAction\",\"target\":[\"https:\/\/portaltela.pt\/noticias\/2026\/01\/25\/luso-venezuelana-libertada-apos-condenacao-a-20-anos-de-prisao\/\"]}]},{\"@type\":\"ImageObject\",\"inLanguage\":\"pt-PT\",\"@id\":\"https:\/\/portaltela.pt\/noticias\/2026\/01\/25\/luso-venezuelana-libertada-apos-condenacao-a-20-anos-de-prisao\/#primaryimage\",\"url\":\"https:\/\/portaltela.pt\/s.01k8rhncp4jt1\/2026\/01\/unnamed-file-5222.jpg\",\"contentUrl\":\"https:\/\/portaltela.pt\/s.01k8rhncp4jt1\/2026\/01\/unnamed-file-5222.jpg\",\"caption\":\"Libertada luso-venezuelana condenada a 20 anos de pris\u00e3o\"},{\"@type\":\"BreadcrumbList\",\"@id\":\"https:\/\/portaltela.pt\/noticias\/2026\/01\/25\/luso-venezuelana-libertada-apos-condenacao-a-20-anos-de-prisao\/#breadcrumb\",\"itemListElement\":[{\"@type\":\"ListItem\",\"position\":1,\"name\":\"In\u00edcio\",\"item\":\"https:\/\/portaltela.pt\/\"},{\"@type\":\"ListItem\",\"position\":2,\"name\":\"Luso-venezuelana libertada ap\u00f3s condena\u00e7\u00e3o a 20 anos de pris\u00e3o\"}]},{\"@type\":\"WebSite\",\"@id\":\"https:\/\/portaltela.pt\/#website\",\"url\":\"https:\/\/portaltela.pt\/\",\"name\":\"Portal Tela Portugal\",\"description\":\"\",\"potentialAction\":[{\"@type\":\"SearchAction\",\"target\":{\"@type\":\"EntryPoint\",\"urlTemplate\":\"https:\/\/portaltela.pt\/?s={search_term_string}\"},\"query-input\":{\"@type\":\"PropertyValueSpecification\",\"valueRequired\":true,\"valueName\":\"search_term_string\"}}],\"inLanguage\":\"pt-PT\"},{\"@type\":\"Person\",\"@id\":\"https:\/\/portaltela.pt\/#\/schema\/person\/c4278d4a6028830caff9ee44b42d32ed\",\"name\":\"Telinha\",\"image\":{\"@type\":\"ImageObject\",\"inLanguage\":\"pt-PT\",\"@id\":\"https:\/\/portaltela.pt\/s.01k8rhncp4jt1\/2025\/11\/talking-bot-125x125.png\",\"url\":\"https:\/\/portaltela.pt\/s.01k8rhncp4jt1\/2025\/11\/talking-bot-125x125.png\",\"contentUrl\":\"https:\/\/portaltela.pt\/s.01k8rhncp4jt1\/2025\/11\/talking-bot-125x125.png\",\"caption\":\"Telinha\"},\"sameAs\":[\"https:\/\/portaltela.pt\/\"],\"url\":\"https:\/\/portaltela.pt\/por\/367410592786\/\"}]}<\/script>\n<!-- \/ Yoast SEO plugin. -->","yoast_head_json":{"title":"Luso-venezuelana libertada ap\u00f3s condena\u00e7\u00e3o a 20 anos de pris\u00e3o - Portal Tela Portugal","robots":{"index":"index","follow":"follow","max-snippet":"max-snippet:-1","max-image-preview":"max-image-preview:large","max-video-preview":"max-video-preview:-1"},"og_locale":"pt_PT","og_type":"article","og_title":"Luso-venezuelana libertada ap\u00f3s condena\u00e7\u00e3o a 20 anos de pris\u00e3o - Portal Tela Portugal","og_description":"Carla da Silva, luso-venezuelana, foi libertada da pris\u00e3o, segundo o Minist\u00e9rio dos Neg\u00f3cios Estrangeiros. Estava condenada por conspirar para derrubar o Governo liderado pelo Presidente Nicol\u00e1s Maduro; senten\u00e7a proferida em Caracas a 22 de maio de 2024, junto de outras 28 pessoas. A condena\u00e7\u00e3o era superior a 20 anos, dos quais j\u00e1 tinha cumprido cerca de 5 anos. Entre os crimes atribu\u00eddos constavam trai\u00e7\u00e3o, conspira\u00e7\u00e3o, rebeli\u00e3o, tr\u00e1fico de armas de guerra, associa\u00e7\u00e3o para cometer crimes e financiamento de terrorismo; a audi\u00eancia durou mais de 15 horas. A ONG Foro Penal afirmou que, neste domingo, foram libertados pelo menos 80 presos pol\u00edticos em todo o pa\u00eds, com possibilidade de mais liberta\u00e7\u00f5es futuras.","og_url":"https:\/\/portaltela.pt\/noticias\/2026\/01\/25\/luso-venezuelana-libertada-apos-condenacao-a-20-anos-de-prisao\/","og_site_name":"Portal Tela Portugal","article_published_time":"2026-01-25T21:52:00+00:00","author":"Telinha","twitter_card":"summary_large_image","twitter_misc":{"Escrito por":"Telinha","Tempo estimado de leitura":"1 minuto"},"schema":{"@context":"https:\/\/schema.org","@graph":[{"@type":"Article","@id":"https:\/\/portaltela.pt\/noticias\/2026\/01\/25\/luso-venezuelana-libertada-apos-condenacao-a-20-anos-de-prisao\/#article","isPartOf":{"@id":"https:\/\/portaltela.pt\/noticias\/2026\/01\/25\/luso-venezuelana-libertada-apos-condenacao-a-20-anos-de-prisao\/"},"author":{"name":"Telinha","@id":"https:\/\/portaltela.pt\/#\/schema\/person\/c4278d4a6028830caff9ee44b42d32ed"},"headline":"Luso-venezuelana libertada ap\u00f3s condena\u00e7\u00e3o a 20 anos de pris\u00e3o","datePublished":"2026-01-25T21:52:00+00:00","mainEntityOfPage":{"@id":"https:\/\/portaltela.pt\/noticias\/2026\/01\/25\/luso-venezuelana-libertada-apos-condenacao-a-20-anos-de-prisao\/"},"wordCount":197,"image":{"@id":"https:\/\/portaltela.pt\/noticias\/2026\/01\/25\/luso-venezuelana-libertada-apos-condenacao-a-20-anos-de-prisao\/#primaryimage"},"thumbnailUrl":"https:\/\/portaltela.pt\/s.01k8rhncp4jt1\/2026\/01\/unnamed-file-5222.jpg","keywords":["conspira\u00e7\u00e3o internacional","deten\u00e7\u00e3o","financiamento do terrorismo","governo","pol\u00edtica","Venezuela"],"articleSection":["Internacional","Not\u00edcias"],"inLanguage":"pt-PT"},{"@type":"WebPage","@id":"https:\/\/portaltela.pt\/noticias\/2026\/01\/25\/luso-venezuelana-libertada-apos-condenacao-a-20-anos-de-prisao\/","url":"https:\/\/portaltela.pt\/noticias\/2026\/01\/25\/luso-venezuelana-libertada-apos-condenacao-a-20-anos-de-prisao\/","name":"Luso-venezuelana libertada ap\u00f3s condena\u00e7\u00e3o a 20 anos de pris\u00e3o - Portal Tela Portugal","isPartOf":{"@id":"https:\/\/portaltela.pt\/#website"},"primaryImageOfPage":{"@id":"https:\/\/portaltela.pt\/noticias\/2026\/01\/25\/luso-venezuelana-libertada-apos-condenacao-a-20-anos-de-prisao\/#primaryimage"},"image":{"@id":"https:\/\/portaltela.pt\/noticias\/2026\/01\/25\/luso-venezuelana-libertada-apos-condenacao-a-20-anos-de-prisao\/#primaryimage"},"thumbnailUrl":"https:\/\/portaltela.pt\/s.01k8rhncp4jt1\/2026\/01\/unnamed-file-5222.jpg","datePublished":"2026-01-25T21:52:00+00:00","author":{"@id":"https:\/\/portaltela.pt\/#\/schema\/person\/c4278d4a6028830caff9ee44b42d32ed"},"breadcrumb":{"@id":"https:\/\/portaltela.pt\/noticias\/2026\/01\/25\/luso-venezuelana-libertada-apos-condenacao-a-20-anos-de-prisao\/#breadcrumb"},"inLanguage":"pt-PT","potentialAction":[{"@type":"ReadAction","target":["https:\/\/portaltela.pt\/noticias\/2026\/01\/25\/luso-venezuelana-libertada-apos-condenacao-a-20-anos-de-prisao\/"]}]},{"@type":"ImageObject","inLanguage":"pt-PT","@id":"https:\/\/portaltela.pt\/noticias\/2026\/01\/25\/luso-venezuelana-libertada-apos-condenacao-a-20-anos-de-prisao\/#primaryimage","url":"https:\/\/portaltela.pt\/s.01k8rhncp4jt1\/2026\/01\/unnamed-file-5222.jpg","contentUrl":"https:\/\/portaltela.pt\/s.01k8rhncp4jt1\/2026\/01\/unnamed-file-5222.jpg","caption":"Libertada luso-venezuelana condenada a 20 anos de pris\u00e3o"},{"@type":"BreadcrumbList","@id":"https:\/\/portaltela.pt\/noticias\/2026\/01\/25\/luso-venezuelana-libertada-apos-condenacao-a-20-anos-de-prisao\/#breadcrumb","itemListElement":[{"@type":"ListItem","position":1,"name":"In\u00edcio","item":"https:\/\/portaltela.pt\/"},{"@type":"ListItem","position":2,"name":"Luso-venezuelana libertada ap\u00f3s condena\u00e7\u00e3o a 20 anos de pris\u00e3o"}]},{"@type":"WebSite","@id":"https:\/\/portaltela.pt\/#website","url":"https:\/\/portaltela.pt\/","name":"Portal Tela Portugal","description":"","potentialAction":[{"@type":"SearchAction","target":{"@type":"EntryPoint","urlTemplate":"https:\/\/portaltela.pt\/?s={search_term_string}"},"query-input":{"@type":"PropertyValueSpecification","valueRequired":true,"valueName":"search_term_string"}}],"inLanguage":"pt-PT"},{"@type":"Person","@id":"https:\/\/portaltela.pt\/#\/schema\/person\/c4278d4a6028830caff9ee44b42d32ed","name":"Telinha","image":{"@type":"ImageObject","inLanguage":"pt-PT","@id":"https:\/\/portaltela.pt\/s.01k8rhncp4jt1\/2025\/11\/talking-bot-125x125.png","url":"https:\/\/portaltela.pt\/s.01k8rhncp4jt1\/2025\/11\/talking-bot-125x125.png","contentUrl":"https:\/\/portaltela.pt\/s.01k8rhncp4jt1\/2025\/11\/talking-bot-125x125.png","caption":"Telinha"},"sameAs":["https:\/\/portaltela.pt\/"],"url":"https:\/\/portaltela.pt\/por\/367410592786\/"}]}},"_links":{"self":[{"href":"https:\/\/portaltela.pt\/api\/wp\/v2\/posts\/173110","targetHints":{"allow":["GET"]}}],"collection":[{"href":"https:\/\/portaltela.pt\/api\/wp\/v2\/posts"}],"about":[{"href":"https:\/\/portaltela.pt\/api\/wp\/v2\/types\/post"}],"author":[{"embeddable":true,"href":"https:\/\/portaltela.pt\/api\/wp\/v2\/users\/2"}],"replies":[{"embeddable":true,"href":"https:\/\/portaltela.pt\/api\/wp\/v2\/comments?post=173110"}],"version-history":[{"count":0,"href":"https:\/\/portaltela.pt\/api\/wp\/v2\/posts\/173110\/revisions"}],"wp:featuredmedia":[{"embeddable":true,"href":"https:\/\/portaltela.pt\/api\/wp\/v2\/media\/173136"}],"wp:attachment":[{"href":"https:\/\/portaltela.pt\/api\/wp\/v2\/media?parent=173110"}],"wp:term":[{"taxonomy":"category","embeddable":true,"href":"https:\/\/portaltela.pt\/api\/wp\/v2\/categories?post=173110"},{"taxonomy":"post_tag","embeddable":true,"href":"https:\/\/portaltela.pt\/api\/wp\/v2\/tags?post=173110"}],"curies":[{"name":"wp","href":"https:\/\/api.w.org\/{rel}","templated":true}]}}