{"id":173084,"date":"2026-01-25T14:30:30","date_gmt":"2026-01-25T17:30:30","guid":{"rendered":"https:\/\/portaltela.pt\/noticias\/2026\/01\/25\/portugal-regista-abrandamento-da-gripe-mas-mantem-se-excesso-de-obitos-insa\/"},"modified":"2026-01-25T14:30:30","modified_gmt":"2026-01-25T17:30:30","slug":"portugal-regista-abrandamento-da-gripe-mas-mantem-se-excesso-de-obitos-insa","status":"publish","type":"post","link":"https:\/\/portaltela.pt\/noticias\/2026\/01\/25\/portugal-regista-abrandamento-da-gripe-mas-mantem-se-excesso-de-obitos-insa\/","title":{"rendered":"Portugal regista abrandamento da gripe, mas mant\u00e9m-se excesso de \u00f3bitos &#8211; INSA"},"content":{"rendered":"<p>A atividade gripal epid\u00e9mica est\u00e1 a abrandar em Portugal, segundo o INSA, com menos casos de gripe e interna\u00e7\u00f5es em cuidados, mas ainda se mant\u00e9m o excesso de \u00f3bitos. O boletim da semana de 12 a 18 de janeiro indica tend\u00eancia de redu\u00e7\u00e3o global.<\/p>\n<p>Desde o in\u00edcio da \u00e9poca gripal, em 29 de setembro de 2025, foram notificados 73.292 casos de infe\u00e7\u00e3o respirat\u00f3ria e identificados 14.243 casos de gripe pela Rede Portuguesa de Laborat\u00f3rios para o Diagn\u00f3stico da Gripe e Outros V\u00edrus Respirat\u00f3rios.<\/p>\n<p>Na semana em an\u00e1lise foram detetados 495 casos de gripe, menos 258 face \u00e0 semana anterior. Houve 75 internamentos por infe\u00e7\u00e3o respirat\u00f3ria aguda grave (SARI) nas Unidades Locais de Sa\u00fade, menos cinco. A taxa situou-se em 9,6 casos por 100.000 habitantes.<\/p>\n<h3>Situa\u00e7\u00e3o na vigil\u00e2ncia e grupos de risco<\/h3>\n<p>A taxa de SARI continua mais elevada em pessoas com 65 ou mais anos, mesmo com a tend\u00eancia decrescente, sublinha o INSA. Entre 12 e 18 de janeiro, houve oito casos de gripe reportados por 11 Unidades de Cuidados Intensivos. Oito pacientes tinham 45 a 65 anos.<\/p>\n<p>Dos casos em UCI, seis tinham doen\u00e7a cr\u00f3nica e sete estavam recomendados para vacina\u00e7\u00e3o contra a gripe sazonal; dois j\u00e1 estavam vacinados. A propor\u00e7\u00e3o de gripe em UCI foi de 9,1%, em descida face \u00e0 semana anterior.<\/p>\n<h3>RSV e evolu\u00e7\u00e3o dos v\u00edrus respirat\u00f3rios<\/h3>\n<p>A dete\u00e7\u00e3o de RSV tem vindo a aumentar, ao passo que a da gripe diminui. Desde o in\u00edcio da \u00e9poca, identificaram-se 5.476 casos de outros agentes respirat\u00f3rios, com RSV a liderar as detec\u00e7\u00f5es na \u00faltima semana, num conjunto de 410 casos.<\/p>\n<p>O boletim regista 111 internamentos por RSV em crian\u00e7as com menos de 24 meses na rede VigiRSV. Treze por cento das crian\u00e7as internadas tinham 3 meses ou menos, e 18,6% eram prematuras.<\/p>\n<h3>Mortalidade e contexto internacional<\/h3>\n<p>A mortalidade por todas as causas permanece acima do esperado em Portugal, com excessos registados nas regi\u00f5es Norte, Centro, Lisboa e Vale do Tejo, e Alentejo, em homens e mulheres, sobretudo entre maiores de 75 anos. Internacionalmente, a circula\u00e7\u00e3o da gripe continua elevada na UE\/EEE.<\/p>\n<p>O v\u00edrus da gripe A(H3N2) continua a ser o subtipo dominante na UE\/EEE, seguido pelo A(H1N1)pdm09. O INSA refor\u00e7a que a vacina\u00e7\u00e3o \u00e9 a medida mais eficaz para proteger contra formas graves e incentiva a popula\u00e7\u00e3o-alvo a vacinar-se.<\/p>\n","protected":false},"excerpt":{"rendered":"<ul>\n<li>A atividade gripal epid\u00e9mica est\u00e1 a abrandar em Portugal, com menos casos de gripe, infe\u00e7\u00f5es graves e internamentos em cuidados intensivos, mas persiste o excesso de \u00f3bitos, segundo o INSA.<\/li>\n<li>Desde o in\u00edcio da \u00e9poca, foram identificados 14.243 casos de gripe em 73.292 infe\u00e7\u00f5es respirat\u00f3rias reportadas pelos laborat\u00f3rios da Rede Portuguesa.<\/li>\n<li>Na semana de 12 a 18 de janeiro, foram detetados 495 casos de gripe e 75 casos de infe\u00e7\u00e3o respirat\u00f3ria aguda grave admitidos em unidades de sa\u00fade, com uma taxa de incid\u00eancia de 9,6 por 100.000 habitantes.<\/li>\n<li>Entre as UCI que reportaram dados, foram observados oito casos de gripe, com seis pacientes com 65 ou mais anos; a propor\u00e7\u00e3o da gripe em UCI foi de 9,1%. O RSV continua a aumentar enquanto a dete\u00e7\u00e3o de gripe diminui.<\/li>\n<li>O INSA regista mortalidade por todas as causas acima do esperado e sublinha que a vacina\u00e7\u00e3o continua a ser a medida mais eficaz para prevenir formas graves da doen\u00e7a; a situa\u00e7\u00e3o internacional mostra alta circula\u00e7\u00e3o da gripe na UE\/EEE, com o subtipo A(H3N2) dominando.<\/li>\n<\/ul>\n","protected":false},"author":2,"featured_media":173102,"comment_status":"closed","ping_status":"closed","sticky":false,"template":"","format":"standard","meta":{"footnotes":""},"categories":[1],"tags":[1905,3976,2394,1014,271,3949],"class_list":["post-173084","post","type-post","status-publish","format-standard","has-post-thumbnail","hentry","category-noticias","tag-gripe","tag-infeccoes-respiratorias","tag-infeccoes-respiratorias-agudas","tag-portugal","tag-saude-publica","tag-vacinacoes"],"yoast_head":"<!-- This site is optimized with the Yoast SEO plugin v27.2 - https:\/\/yoast.com\/product\/yoast-seo-wordpress\/ -->\n<title>Portugal regista abrandamento da gripe, mas mant\u00e9m-se excesso de \u00f3bitos - INSA - Portal Tela Portugal<\/title>\n<meta name=\"robots\" content=\"index, follow, max-snippet:-1, max-image-preview:large, max-video-preview:-1\" \/>\n<meta property=\"og:locale\" content=\"pt_PT\" \/>\n<meta property=\"og:type\" content=\"article\" \/>\n<meta property=\"og:title\" content=\"Portugal regista abrandamento da gripe, mas mant\u00e9m-se excesso de \u00f3bitos - INSA - Portal Tela Portugal\" \/>\n<meta property=\"og:description\" content=\"A atividade gripal epid\u00e9mica est\u00e1 a abrandar em Portugal, com menos casos de gripe, infe\u00e7\u00f5es graves e internamentos em cuidados intensivos, mas persiste o excesso de \u00f3bitos, segundo o INSA. Desde o in\u00edcio da \u00e9poca, foram identificados 14.243 casos de gripe em 73.292 infe\u00e7\u00f5es respirat\u00f3rias reportadas pelos laborat\u00f3rios da Rede Portuguesa. Na semana de 12 a 18 de janeiro, foram detetados 495 casos de gripe e 75 casos de infe\u00e7\u00e3o respirat\u00f3ria aguda grave admitidos em unidades de sa\u00fade, com uma taxa de incid\u00eancia de 9,6 por 100.000 habitantes. Entre as UCI que reportaram dados, foram observados oito casos de gripe, com seis pacientes com 65 ou mais anos; a propor\u00e7\u00e3o da gripe em UCI foi de 9,1%. O RSV continua a aumentar enquanto a dete\u00e7\u00e3o de gripe diminui. O INSA regista mortalidade por todas as causas acima do esperado e sublinha que a vacina\u00e7\u00e3o continua a ser a medida mais eficaz para prevenir formas graves da doen\u00e7a; a situa\u00e7\u00e3o internacional mostra alta circula\u00e7\u00e3o da gripe na UE\/EEE, com o subtipo A(H3N2) dominando.\" \/>\n<meta property=\"og:url\" content=\"https:\/\/portaltela.pt\/noticias\/2026\/01\/25\/portugal-regista-abrandamento-da-gripe-mas-mantem-se-excesso-de-obitos-insa\/\" \/>\n<meta property=\"og:site_name\" content=\"Portal Tela Portugal\" \/>\n<meta property=\"article:published_time\" content=\"2026-01-25T17:30:30+00:00\" \/>\n<meta name=\"author\" content=\"Telinha\" \/>\n<meta name=\"twitter:card\" content=\"summary_large_image\" \/>\n<meta name=\"twitter:label1\" content=\"Escrito por\" \/>\n\t<meta name=\"twitter:data1\" content=\"Telinha\" \/>\n\t<meta name=\"twitter:label2\" content=\"Tempo estimado de leitura\" \/>\n\t<meta name=\"twitter:data2\" content=\"2 minutos\" \/>\n<script type=\"application\/ld+json\" class=\"yoast-schema-graph\">{\"@context\":\"https:\/\/schema.org\",\"@graph\":[{\"@type\":\"Article\",\"@id\":\"https:\/\/portaltela.pt\/noticias\/2026\/01\/25\/portugal-regista-abrandamento-da-gripe-mas-mantem-se-excesso-de-obitos-insa\/#article\",\"isPartOf\":{\"@id\":\"https:\/\/portaltela.pt\/noticias\/2026\/01\/25\/portugal-regista-abrandamento-da-gripe-mas-mantem-se-excesso-de-obitos-insa\/\"},\"author\":{\"name\":\"Telinha\",\"@id\":\"https:\/\/portaltela.pt\/#\/schema\/person\/c4278d4a6028830caff9ee44b42d32ed\"},\"headline\":\"Portugal regista abrandamento da gripe, mas mant\u00e9m-se excesso de \u00f3bitos &#8211; INSA\",\"datePublished\":\"2026-01-25T17:30:30+00:00\",\"mainEntityOfPage\":{\"@id\":\"https:\/\/portaltela.pt\/noticias\/2026\/01\/25\/portugal-regista-abrandamento-da-gripe-mas-mantem-se-excesso-de-obitos-insa\/\"},\"wordCount\":411,\"image\":{\"@id\":\"https:\/\/portaltela.pt\/noticias\/2026\/01\/25\/portugal-regista-abrandamento-da-gripe-mas-mantem-se-excesso-de-obitos-insa\/#primaryimage\"},\"thumbnailUrl\":\"https:\/\/portaltela.pt\/s.01k8rhncp4jt1\/2026\/01\/unnamed-file-5219.jpg\",\"keywords\":[\"gripe\",\"infec\u00e7\u00f5es respirat\u00f3rias\",\"infec\u00e7\u00f5es respirat\u00f3rias agudas\",\"Portugal\",\"sa\u00fade p\u00fablica\",\"vacina\u00e7\u00f5es\"],\"articleSection\":[\"Not\u00edcias\"],\"inLanguage\":\"pt-PT\"},{\"@type\":\"WebPage\",\"@id\":\"https:\/\/portaltela.pt\/noticias\/2026\/01\/25\/portugal-regista-abrandamento-da-gripe-mas-mantem-se-excesso-de-obitos-insa\/\",\"url\":\"https:\/\/portaltela.pt\/noticias\/2026\/01\/25\/portugal-regista-abrandamento-da-gripe-mas-mantem-se-excesso-de-obitos-insa\/\",\"name\":\"Portugal regista abrandamento da gripe, mas mant\u00e9m-se excesso de \u00f3bitos - INSA - Portal Tela Portugal\",\"isPartOf\":{\"@id\":\"https:\/\/portaltela.pt\/#website\"},\"primaryImageOfPage\":{\"@id\":\"https:\/\/portaltela.pt\/noticias\/2026\/01\/25\/portugal-regista-abrandamento-da-gripe-mas-mantem-se-excesso-de-obitos-insa\/#primaryimage\"},\"image\":{\"@id\":\"https:\/\/portaltela.pt\/noticias\/2026\/01\/25\/portugal-regista-abrandamento-da-gripe-mas-mantem-se-excesso-de-obitos-insa\/#primaryimage\"},\"thumbnailUrl\":\"https:\/\/portaltela.pt\/s.01k8rhncp4jt1\/2026\/01\/unnamed-file-5219.jpg\",\"datePublished\":\"2026-01-25T17:30:30+00:00\",\"author\":{\"@id\":\"https:\/\/portaltela.pt\/#\/schema\/person\/c4278d4a6028830caff9ee44b42d32ed\"},\"breadcrumb\":{\"@id\":\"https:\/\/portaltela.pt\/noticias\/2026\/01\/25\/portugal-regista-abrandamento-da-gripe-mas-mantem-se-excesso-de-obitos-insa\/#breadcrumb\"},\"inLanguage\":\"pt-PT\",\"potentialAction\":[{\"@type\":\"ReadAction\",\"target\":[\"https:\/\/portaltela.pt\/noticias\/2026\/01\/25\/portugal-regista-abrandamento-da-gripe-mas-mantem-se-excesso-de-obitos-insa\/\"]}]},{\"@type\":\"ImageObject\",\"inLanguage\":\"pt-PT\",\"@id\":\"https:\/\/portaltela.pt\/noticias\/2026\/01\/25\/portugal-regista-abrandamento-da-gripe-mas-mantem-se-excesso-de-obitos-insa\/#primaryimage\",\"url\":\"https:\/\/portaltela.pt\/s.01k8rhncp4jt1\/2026\/01\/unnamed-file-5219.jpg\",\"contentUrl\":\"https:\/\/portaltela.pt\/s.01k8rhncp4jt1\/2026\/01\/unnamed-file-5219.jpg\",\"width\":796,\"height\":448,\"caption\":\"Portugal regista abrandamento da gripe, mas mant\u00e9m-se excesso de \u00f3bitos - INSA\"},{\"@type\":\"BreadcrumbList\",\"@id\":\"https:\/\/portaltela.pt\/noticias\/2026\/01\/25\/portugal-regista-abrandamento-da-gripe-mas-mantem-se-excesso-de-obitos-insa\/#breadcrumb\",\"itemListElement\":[{\"@type\":\"ListItem\",\"position\":1,\"name\":\"In\u00edcio\",\"item\":\"https:\/\/portaltela.pt\/\"},{\"@type\":\"ListItem\",\"position\":2,\"name\":\"Portugal regista abrandamento da gripe, mas mant\u00e9m-se excesso de \u00f3bitos &#8211; INSA\"}]},{\"@type\":\"WebSite\",\"@id\":\"https:\/\/portaltela.pt\/#website\",\"url\":\"https:\/\/portaltela.pt\/\",\"name\":\"Portal Tela Portugal\",\"description\":\"\",\"potentialAction\":[{\"@type\":\"SearchAction\",\"target\":{\"@type\":\"EntryPoint\",\"urlTemplate\":\"https:\/\/portaltela.pt\/?s={search_term_string}\"},\"query-input\":{\"@type\":\"PropertyValueSpecification\",\"valueRequired\":true,\"valueName\":\"search_term_string\"}}],\"inLanguage\":\"pt-PT\"},{\"@type\":\"Person\",\"@id\":\"https:\/\/portaltela.pt\/#\/schema\/person\/c4278d4a6028830caff9ee44b42d32ed\",\"name\":\"Telinha\",\"image\":{\"@type\":\"ImageObject\",\"inLanguage\":\"pt-PT\",\"@id\":\"https:\/\/portaltela.pt\/s.01k8rhncp4jt1\/2025\/11\/talking-bot-125x125.png\",\"url\":\"https:\/\/portaltela.pt\/s.01k8rhncp4jt1\/2025\/11\/talking-bot-125x125.png\",\"contentUrl\":\"https:\/\/portaltela.pt\/s.01k8rhncp4jt1\/2025\/11\/talking-bot-125x125.png\",\"caption\":\"Telinha\"},\"sameAs\":[\"https:\/\/portaltela.pt\/\"],\"url\":\"https:\/\/portaltela.pt\/por\/367410592786\/\"}]}<\/script>\n<!-- \/ Yoast SEO plugin. -->","yoast_head_json":{"title":"Portugal regista abrandamento da gripe, mas mant\u00e9m-se excesso de \u00f3bitos - INSA - Portal Tela Portugal","robots":{"index":"index","follow":"follow","max-snippet":"max-snippet:-1","max-image-preview":"max-image-preview:large","max-video-preview":"max-video-preview:-1"},"og_locale":"pt_PT","og_type":"article","og_title":"Portugal regista abrandamento da gripe, mas mant\u00e9m-se excesso de \u00f3bitos - INSA - Portal Tela Portugal","og_description":"A atividade gripal epid\u00e9mica est\u00e1 a abrandar em Portugal, com menos casos de gripe, infe\u00e7\u00f5es graves e internamentos em cuidados intensivos, mas persiste o excesso de \u00f3bitos, segundo o INSA. Desde o in\u00edcio da \u00e9poca, foram identificados 14.243 casos de gripe em 73.292 infe\u00e7\u00f5es respirat\u00f3rias reportadas pelos laborat\u00f3rios da Rede Portuguesa. Na semana de 12 a 18 de janeiro, foram detetados 495 casos de gripe e 75 casos de infe\u00e7\u00e3o respirat\u00f3ria aguda grave admitidos em unidades de sa\u00fade, com uma taxa de incid\u00eancia de 9,6 por 100.000 habitantes. Entre as UCI que reportaram dados, foram observados oito casos de gripe, com seis pacientes com 65 ou mais anos; a propor\u00e7\u00e3o da gripe em UCI foi de 9,1%. O RSV continua a aumentar enquanto a dete\u00e7\u00e3o de gripe diminui. O INSA regista mortalidade por todas as causas acima do esperado e sublinha que a vacina\u00e7\u00e3o continua a ser a medida mais eficaz para prevenir formas graves da doen\u00e7a; a situa\u00e7\u00e3o internacional mostra alta circula\u00e7\u00e3o da gripe na UE\/EEE, com o subtipo A(H3N2) dominando.","og_url":"https:\/\/portaltela.pt\/noticias\/2026\/01\/25\/portugal-regista-abrandamento-da-gripe-mas-mantem-se-excesso-de-obitos-insa\/","og_site_name":"Portal Tela Portugal","article_published_time":"2026-01-25T17:30:30+00:00","author":"Telinha","twitter_card":"summary_large_image","twitter_misc":{"Escrito por":"Telinha","Tempo estimado de leitura":"2 minutos"},"schema":{"@context":"https:\/\/schema.org","@graph":[{"@type":"Article","@id":"https:\/\/portaltela.pt\/noticias\/2026\/01\/25\/portugal-regista-abrandamento-da-gripe-mas-mantem-se-excesso-de-obitos-insa\/#article","isPartOf":{"@id":"https:\/\/portaltela.pt\/noticias\/2026\/01\/25\/portugal-regista-abrandamento-da-gripe-mas-mantem-se-excesso-de-obitos-insa\/"},"author":{"name":"Telinha","@id":"https:\/\/portaltela.pt\/#\/schema\/person\/c4278d4a6028830caff9ee44b42d32ed"},"headline":"Portugal regista abrandamento da gripe, mas mant\u00e9m-se excesso de \u00f3bitos &#8211; INSA","datePublished":"2026-01-25T17:30:30+00:00","mainEntityOfPage":{"@id":"https:\/\/portaltela.pt\/noticias\/2026\/01\/25\/portugal-regista-abrandamento-da-gripe-mas-mantem-se-excesso-de-obitos-insa\/"},"wordCount":411,"image":{"@id":"https:\/\/portaltela.pt\/noticias\/2026\/01\/25\/portugal-regista-abrandamento-da-gripe-mas-mantem-se-excesso-de-obitos-insa\/#primaryimage"},"thumbnailUrl":"https:\/\/portaltela.pt\/s.01k8rhncp4jt1\/2026\/01\/unnamed-file-5219.jpg","keywords":["gripe","infec\u00e7\u00f5es respirat\u00f3rias","infec\u00e7\u00f5es respirat\u00f3rias agudas","Portugal","sa\u00fade p\u00fablica","vacina\u00e7\u00f5es"],"articleSection":["Not\u00edcias"],"inLanguage":"pt-PT"},{"@type":"WebPage","@id":"https:\/\/portaltela.pt\/noticias\/2026\/01\/25\/portugal-regista-abrandamento-da-gripe-mas-mantem-se-excesso-de-obitos-insa\/","url":"https:\/\/portaltela.pt\/noticias\/2026\/01\/25\/portugal-regista-abrandamento-da-gripe-mas-mantem-se-excesso-de-obitos-insa\/","name":"Portugal regista abrandamento da gripe, mas mant\u00e9m-se excesso de \u00f3bitos - INSA - Portal Tela Portugal","isPartOf":{"@id":"https:\/\/portaltela.pt\/#website"},"primaryImageOfPage":{"@id":"https:\/\/portaltela.pt\/noticias\/2026\/01\/25\/portugal-regista-abrandamento-da-gripe-mas-mantem-se-excesso-de-obitos-insa\/#primaryimage"},"image":{"@id":"https:\/\/portaltela.pt\/noticias\/2026\/01\/25\/portugal-regista-abrandamento-da-gripe-mas-mantem-se-excesso-de-obitos-insa\/#primaryimage"},"thumbnailUrl":"https:\/\/portaltela.pt\/s.01k8rhncp4jt1\/2026\/01\/unnamed-file-5219.jpg","datePublished":"2026-01-25T17:30:30+00:00","author":{"@id":"https:\/\/portaltela.pt\/#\/schema\/person\/c4278d4a6028830caff9ee44b42d32ed"},"breadcrumb":{"@id":"https:\/\/portaltela.pt\/noticias\/2026\/01\/25\/portugal-regista-abrandamento-da-gripe-mas-mantem-se-excesso-de-obitos-insa\/#breadcrumb"},"inLanguage":"pt-PT","potentialAction":[{"@type":"ReadAction","target":["https:\/\/portaltela.pt\/noticias\/2026\/01\/25\/portugal-regista-abrandamento-da-gripe-mas-mantem-se-excesso-de-obitos-insa\/"]}]},{"@type":"ImageObject","inLanguage":"pt-PT","@id":"https:\/\/portaltela.pt\/noticias\/2026\/01\/25\/portugal-regista-abrandamento-da-gripe-mas-mantem-se-excesso-de-obitos-insa\/#primaryimage","url":"https:\/\/portaltela.pt\/s.01k8rhncp4jt1\/2026\/01\/unnamed-file-5219.jpg","contentUrl":"https:\/\/portaltela.pt\/s.01k8rhncp4jt1\/2026\/01\/unnamed-file-5219.jpg","width":796,"height":448,"caption":"Portugal regista abrandamento da gripe, mas mant\u00e9m-se excesso de \u00f3bitos - INSA"},{"@type":"BreadcrumbList","@id":"https:\/\/portaltela.pt\/noticias\/2026\/01\/25\/portugal-regista-abrandamento-da-gripe-mas-mantem-se-excesso-de-obitos-insa\/#breadcrumb","itemListElement":[{"@type":"ListItem","position":1,"name":"In\u00edcio","item":"https:\/\/portaltela.pt\/"},{"@type":"ListItem","position":2,"name":"Portugal regista abrandamento da gripe, mas mant\u00e9m-se excesso de \u00f3bitos &#8211; INSA"}]},{"@type":"WebSite","@id":"https:\/\/portaltela.pt\/#website","url":"https:\/\/portaltela.pt\/","name":"Portal Tela Portugal","description":"","potentialAction":[{"@type":"SearchAction","target":{"@type":"EntryPoint","urlTemplate":"https:\/\/portaltela.pt\/?s={search_term_string}"},"query-input":{"@type":"PropertyValueSpecification","valueRequired":true,"valueName":"search_term_string"}}],"inLanguage":"pt-PT"},{"@type":"Person","@id":"https:\/\/portaltela.pt\/#\/schema\/person\/c4278d4a6028830caff9ee44b42d32ed","name":"Telinha","image":{"@type":"ImageObject","inLanguage":"pt-PT","@id":"https:\/\/portaltela.pt\/s.01k8rhncp4jt1\/2025\/11\/talking-bot-125x125.png","url":"https:\/\/portaltela.pt\/s.01k8rhncp4jt1\/2025\/11\/talking-bot-125x125.png","contentUrl":"https:\/\/portaltela.pt\/s.01k8rhncp4jt1\/2025\/11\/talking-bot-125x125.png","caption":"Telinha"},"sameAs":["https:\/\/portaltela.pt\/"],"url":"https:\/\/portaltela.pt\/por\/367410592786\/"}]}},"_links":{"self":[{"href":"https:\/\/portaltela.pt\/api\/wp\/v2\/posts\/173084","targetHints":{"allow":["GET"]}}],"collection":[{"href":"https:\/\/portaltela.pt\/api\/wp\/v2\/posts"}],"about":[{"href":"https:\/\/portaltela.pt\/api\/wp\/v2\/types\/post"}],"author":[{"embeddable":true,"href":"https:\/\/portaltela.pt\/api\/wp\/v2\/users\/2"}],"replies":[{"embeddable":true,"href":"https:\/\/portaltela.pt\/api\/wp\/v2\/comments?post=173084"}],"version-history":[{"count":0,"href":"https:\/\/portaltela.pt\/api\/wp\/v2\/posts\/173084\/revisions"}],"wp:featuredmedia":[{"embeddable":true,"href":"https:\/\/portaltela.pt\/api\/wp\/v2\/media\/173102"}],"wp:attachment":[{"href":"https:\/\/portaltela.pt\/api\/wp\/v2\/media?parent=173084"}],"wp:term":[{"taxonomy":"category","embeddable":true,"href":"https:\/\/portaltela.pt\/api\/wp\/v2\/categories?post=173084"},{"taxonomy":"post_tag","embeddable":true,"href":"https:\/\/portaltela.pt\/api\/wp\/v2\/tags?post=173084"}],"curies":[{"name":"wp","href":"https:\/\/api.w.org\/{rel}","templated":true}]}}