{"id":173077,"date":"2026-01-25T18:30:00","date_gmt":"2026-01-25T21:30:00","guid":{"rendered":"https:\/\/portaltela.pt\/noticias\/2026\/01\/25\/museu-das-convergencias-revela-diversidade-de-geografias-e-culturas\/"},"modified":"2026-01-25T18:30:00","modified_gmt":"2026-01-25T21:30:00","slug":"museu-das-convergencias-revela-diversidade-de-geografias-e-culturas","status":"publish","type":"post","link":"https:\/\/portaltela.pt\/noticias\/2026\/01\/25\/museu-das-convergencias-revela-diversidade-de-geografias-e-culturas\/","title":{"rendered":"Museu das Converg\u00eancias revela diversidade de geografias e culturas"},"content":{"rendered":"<p>O Museu das Converg\u00eancias apresenta-se como uma constela\u00e7\u00e3o de geografias e culturas, com uma vis\u00e3o de futuro que passa pela reconvers\u00e3o do antigo Matadouro. O novo equipamento abre espa\u00e7o \u00e0 sua cole\u00e7\u00e3o em exposi\u00e7\u00e3o.<\/p>\n<p>Na Alf\u00e2ndega do Porto, a mostra Fluxo. Objectos, Pessoas e Lugares revela-se ao p\u00fablico, mantendo-se at\u00e9 \u00e0 conclus\u00e3o da instala\u00e7\u00e3o no Matadouro. A curadoria organiza, de forma clara, temas de mobilidade e encontro.<\/p>\n<p>A mostra come\u00e7a pela estatueta de terracota, designada \u201cfigura sorridente\u201d, origin\u00e1ria do M\u00e9xico, de v\u00e1rios s\u00e9culos a.C. Termina com quatro fotografias de Marcelo Schellini, artista brasileiro, acompanhado pela ideia de Orhan Pamuk de que o museu transforma o tempo em espa\u00e7o.<\/p>\n<h3>Conte\u00fado da exposi\u00e7\u00e3o<\/h3>\n<p>A sele\u00e7\u00e3o percorre geografias diversas, destacando rela\u00e7\u00f5es entre objetos, pessoas e lugares. As obras de Schellini convidam a uma leitura contempor\u00e2nea da mem\u00f3ria visual, em di\u00e1logo com refer\u00eancias hist\u00f3ricas.<\/p>\n<p>O p\u00fablico pode acompanhar, ao longo da exposi\u00e7\u00e3o, o fio que liga objetos a trajet\u00f3rias humanas. A curadoria pretende revelar como lugares se vinculam a identidades, por meio de imagens e artefactos.<\/p>\n<p>O espa\u00e7o da Alf\u00e2ndega do Porto recebe visitantes num per\u00edodo de transi\u00e7\u00e3o at\u00e9 \u00e0 inaugura\u00e7\u00e3o do novo museu no Matadouro. A mostra oferece uma vis\u00e3o inicial do que o Museu das Converg\u00eancias poder\u00e1 apresentar.<\/p>\n","protected":false},"excerpt":{"rendered":"<ul>\n<li>O Museu das Converg\u00eancias apresenta Fluxo. Objectos, Pessoas e Lugares na Alf\u00e2ndega do Porto, enquanto aguarda a instala\u00e7\u00e3o no antigo Matadouro, ainda em reconvers\u00e3o.<\/li>\n<li>A exposi\u00e7\u00e3o abre com a estatueta em terracota designada \u201cfigura sorridente\u201d, origin\u00e1ria do M\u00e9xico alguns s\u00e9culos a.C.<\/li>\n<li>O percurso termina com quatro fotografias do artista contempor\u00e2neo e professor brasileiro Marcelo Schellini, acompanhado de uma cita\u00e7\u00e3o de Orhan Pamuk.<\/li>\n<li>A cita\u00e7\u00e3o escolhida \u00e9: \u201cUm museu \u00e9 um lugar onde o tempo se transforma em espa\u00e7o\u201d.<\/li>\n<li>A mostra integra a apresenta\u00e7\u00e3o da colec\u00e7\u00e3o do novo museu, j\u00e1 em prepara\u00e7\u00e3o para a inaugura\u00e7\u00e3o no Matadouro.<\/li>\n<\/ul>\n","protected":false},"author":2,"featured_media":173082,"comment_status":"closed","ping_status":"closed","sticky":false,"template":"","format":"standard","meta":{"footnotes":""},"categories":[1],"tags":[2231,145,1397,2954,1192,982],"class_list":["post-173077","post","type-post","status-publish","format-standard","has-post-thumbnail","hentry","category-noticias","tag-alfandega","tag-cultura","tag-exposicoes","tag-museus-e-monumentos-de-portugal","tag-museus-arquivos","tag-porto"],"yoast_head":"<!-- This site is optimized with the Yoast SEO plugin v27.2 - https:\/\/yoast.com\/product\/yoast-seo-wordpress\/ -->\n<title>Museu das Converg\u00eancias revela diversidade de geografias e culturas - Portal Tela Portugal<\/title>\n<meta name=\"robots\" content=\"index, follow, max-snippet:-1, max-image-preview:large, max-video-preview:-1\" \/>\n<meta property=\"og:locale\" content=\"pt_PT\" \/>\n<meta property=\"og:type\" content=\"article\" \/>\n<meta property=\"og:title\" content=\"Museu das Converg\u00eancias revela diversidade de geografias e culturas - Portal Tela Portugal\" \/>\n<meta property=\"og:description\" content=\"O Museu das Converg\u00eancias apresenta Fluxo. Objectos, Pessoas e Lugares na Alf\u00e2ndega do Porto, enquanto aguarda a instala\u00e7\u00e3o no antigo Matadouro, ainda em reconvers\u00e3o. A exposi\u00e7\u00e3o abre com a estatueta em terracota designada \u201cfigura sorridente\u201d, origin\u00e1ria do M\u00e9xico alguns s\u00e9culos a.C. O percurso termina com quatro fotografias do artista contempor\u00e2neo e professor brasileiro Marcelo Schellini, acompanhado de uma cita\u00e7\u00e3o de Orhan Pamuk. A cita\u00e7\u00e3o escolhida \u00e9: \u201cUm museu \u00e9 um lugar onde o tempo se transforma em espa\u00e7o\u201d. A mostra integra a apresenta\u00e7\u00e3o da colec\u00e7\u00e3o do novo museu, j\u00e1 em prepara\u00e7\u00e3o para a inaugura\u00e7\u00e3o no Matadouro.\" \/>\n<meta property=\"og:url\" content=\"https:\/\/portaltela.pt\/noticias\/2026\/01\/25\/museu-das-convergencias-revela-diversidade-de-geografias-e-culturas\/\" \/>\n<meta property=\"og:site_name\" content=\"Portal Tela Portugal\" \/>\n<meta property=\"article:published_time\" content=\"2026-01-25T21:30:00+00:00\" \/>\n<meta name=\"author\" content=\"Telinha\" \/>\n<meta name=\"twitter:card\" content=\"summary_large_image\" \/>\n<meta name=\"twitter:label1\" content=\"Escrito por\" \/>\n\t<meta name=\"twitter:data1\" content=\"Telinha\" \/>\n\t<meta name=\"twitter:label2\" content=\"Tempo estimado de leitura\" \/>\n\t<meta name=\"twitter:data2\" content=\"1 minuto\" \/>\n<script type=\"application\/ld+json\" class=\"yoast-schema-graph\">{\"@context\":\"https:\/\/schema.org\",\"@graph\":[{\"@type\":\"Article\",\"@id\":\"https:\/\/portaltela.pt\/noticias\/2026\/01\/25\/museu-das-convergencias-revela-diversidade-de-geografias-e-culturas\/#article\",\"isPartOf\":{\"@id\":\"https:\/\/portaltela.pt\/noticias\/2026\/01\/25\/museu-das-convergencias-revela-diversidade-de-geografias-e-culturas\/\"},\"author\":{\"name\":\"Telinha\",\"@id\":\"https:\/\/portaltela.pt\/#\/schema\/person\/c4278d4a6028830caff9ee44b42d32ed\"},\"headline\":\"Museu das Converg\u00eancias revela diversidade de geografias e culturas\",\"datePublished\":\"2026-01-25T21:30:00+00:00\",\"mainEntityOfPage\":{\"@id\":\"https:\/\/portaltela.pt\/noticias\/2026\/01\/25\/museu-das-convergencias-revela-diversidade-de-geografias-e-culturas\/\"},\"wordCount\":250,\"image\":{\"@id\":\"https:\/\/portaltela.pt\/noticias\/2026\/01\/25\/museu-das-convergencias-revela-diversidade-de-geografias-e-culturas\/#primaryimage\"},\"thumbnailUrl\":\"https:\/\/portaltela.pt\/s.01k8rhncp4jt1\/2026\/01\/2059022.jpg\",\"keywords\":[\"Alf\u00e2ndega\",\"cultura\",\"exposi\u00e7\u00f5es\",\"Museus e Monumentos de Portugal\",\"museus\/arquivos\",\"Porto\"],\"articleSection\":[\"Not\u00edcias\"],\"inLanguage\":\"pt-PT\"},{\"@type\":\"WebPage\",\"@id\":\"https:\/\/portaltela.pt\/noticias\/2026\/01\/25\/museu-das-convergencias-revela-diversidade-de-geografias-e-culturas\/\",\"url\":\"https:\/\/portaltela.pt\/noticias\/2026\/01\/25\/museu-das-convergencias-revela-diversidade-de-geografias-e-culturas\/\",\"name\":\"Museu das Converg\u00eancias revela diversidade de geografias e culturas - Portal Tela Portugal\",\"isPartOf\":{\"@id\":\"https:\/\/portaltela.pt\/#website\"},\"primaryImageOfPage\":{\"@id\":\"https:\/\/portaltela.pt\/noticias\/2026\/01\/25\/museu-das-convergencias-revela-diversidade-de-geografias-e-culturas\/#primaryimage\"},\"image\":{\"@id\":\"https:\/\/portaltela.pt\/noticias\/2026\/01\/25\/museu-das-convergencias-revela-diversidade-de-geografias-e-culturas\/#primaryimage\"},\"thumbnailUrl\":\"https:\/\/portaltela.pt\/s.01k8rhncp4jt1\/2026\/01\/2059022.jpg\",\"datePublished\":\"2026-01-25T21:30:00+00:00\",\"author\":{\"@id\":\"https:\/\/portaltela.pt\/#\/schema\/person\/c4278d4a6028830caff9ee44b42d32ed\"},\"breadcrumb\":{\"@id\":\"https:\/\/portaltela.pt\/noticias\/2026\/01\/25\/museu-das-convergencias-revela-diversidade-de-geografias-e-culturas\/#breadcrumb\"},\"inLanguage\":\"pt-PT\",\"potentialAction\":[{\"@type\":\"ReadAction\",\"target\":[\"https:\/\/portaltela.pt\/noticias\/2026\/01\/25\/museu-das-convergencias-revela-diversidade-de-geografias-e-culturas\/\"]}]},{\"@type\":\"ImageObject\",\"inLanguage\":\"pt-PT\",\"@id\":\"https:\/\/portaltela.pt\/noticias\/2026\/01\/25\/museu-das-convergencias-revela-diversidade-de-geografias-e-culturas\/#primaryimage\",\"url\":\"https:\/\/portaltela.pt\/s.01k8rhncp4jt1\/2026\/01\/2059022.jpg\",\"contentUrl\":\"https:\/\/portaltela.pt\/s.01k8rhncp4jt1\/2026\/01\/2059022.jpg\",\"width\":796,\"height\":448,\"caption\":\"Photo\"},{\"@type\":\"BreadcrumbList\",\"@id\":\"https:\/\/portaltela.pt\/noticias\/2026\/01\/25\/museu-das-convergencias-revela-diversidade-de-geografias-e-culturas\/#breadcrumb\",\"itemListElement\":[{\"@type\":\"ListItem\",\"position\":1,\"name\":\"In\u00edcio\",\"item\":\"https:\/\/portaltela.pt\/\"},{\"@type\":\"ListItem\",\"position\":2,\"name\":\"Museu das Converg\u00eancias revela diversidade de geografias e culturas\"}]},{\"@type\":\"WebSite\",\"@id\":\"https:\/\/portaltela.pt\/#website\",\"url\":\"https:\/\/portaltela.pt\/\",\"name\":\"Portal Tela Portugal\",\"description\":\"\",\"potentialAction\":[{\"@type\":\"SearchAction\",\"target\":{\"@type\":\"EntryPoint\",\"urlTemplate\":\"https:\/\/portaltela.pt\/?s={search_term_string}\"},\"query-input\":{\"@type\":\"PropertyValueSpecification\",\"valueRequired\":true,\"valueName\":\"search_term_string\"}}],\"inLanguage\":\"pt-PT\"},{\"@type\":\"Person\",\"@id\":\"https:\/\/portaltela.pt\/#\/schema\/person\/c4278d4a6028830caff9ee44b42d32ed\",\"name\":\"Telinha\",\"image\":{\"@type\":\"ImageObject\",\"inLanguage\":\"pt-PT\",\"@id\":\"https:\/\/portaltela.pt\/s.01k8rhncp4jt1\/2025\/11\/talking-bot-125x125.png\",\"url\":\"https:\/\/portaltela.pt\/s.01k8rhncp4jt1\/2025\/11\/talking-bot-125x125.png\",\"contentUrl\":\"https:\/\/portaltela.pt\/s.01k8rhncp4jt1\/2025\/11\/talking-bot-125x125.png\",\"caption\":\"Telinha\"},\"sameAs\":[\"https:\/\/portaltela.pt\/\"],\"url\":\"https:\/\/portaltela.pt\/por\/367410592786\/\"}]}<\/script>\n<!-- \/ Yoast SEO plugin. -->","yoast_head_json":{"title":"Museu das Converg\u00eancias revela diversidade de geografias e culturas - Portal Tela Portugal","robots":{"index":"index","follow":"follow","max-snippet":"max-snippet:-1","max-image-preview":"max-image-preview:large","max-video-preview":"max-video-preview:-1"},"og_locale":"pt_PT","og_type":"article","og_title":"Museu das Converg\u00eancias revela diversidade de geografias e culturas - Portal Tela Portugal","og_description":"O Museu das Converg\u00eancias apresenta Fluxo. Objectos, Pessoas e Lugares na Alf\u00e2ndega do Porto, enquanto aguarda a instala\u00e7\u00e3o no antigo Matadouro, ainda em reconvers\u00e3o. A exposi\u00e7\u00e3o abre com a estatueta em terracota designada \u201cfigura sorridente\u201d, origin\u00e1ria do M\u00e9xico alguns s\u00e9culos a.C. O percurso termina com quatro fotografias do artista contempor\u00e2neo e professor brasileiro Marcelo Schellini, acompanhado de uma cita\u00e7\u00e3o de Orhan Pamuk. A cita\u00e7\u00e3o escolhida \u00e9: \u201cUm museu \u00e9 um lugar onde o tempo se transforma em espa\u00e7o\u201d. A mostra integra a apresenta\u00e7\u00e3o da colec\u00e7\u00e3o do novo museu, j\u00e1 em prepara\u00e7\u00e3o para a inaugura\u00e7\u00e3o no Matadouro.","og_url":"https:\/\/portaltela.pt\/noticias\/2026\/01\/25\/museu-das-convergencias-revela-diversidade-de-geografias-e-culturas\/","og_site_name":"Portal Tela Portugal","article_published_time":"2026-01-25T21:30:00+00:00","author":"Telinha","twitter_card":"summary_large_image","twitter_misc":{"Escrito por":"Telinha","Tempo estimado de leitura":"1 minuto"},"schema":{"@context":"https:\/\/schema.org","@graph":[{"@type":"Article","@id":"https:\/\/portaltela.pt\/noticias\/2026\/01\/25\/museu-das-convergencias-revela-diversidade-de-geografias-e-culturas\/#article","isPartOf":{"@id":"https:\/\/portaltela.pt\/noticias\/2026\/01\/25\/museu-das-convergencias-revela-diversidade-de-geografias-e-culturas\/"},"author":{"name":"Telinha","@id":"https:\/\/portaltela.pt\/#\/schema\/person\/c4278d4a6028830caff9ee44b42d32ed"},"headline":"Museu das Converg\u00eancias revela diversidade de geografias e culturas","datePublished":"2026-01-25T21:30:00+00:00","mainEntityOfPage":{"@id":"https:\/\/portaltela.pt\/noticias\/2026\/01\/25\/museu-das-convergencias-revela-diversidade-de-geografias-e-culturas\/"},"wordCount":250,"image":{"@id":"https:\/\/portaltela.pt\/noticias\/2026\/01\/25\/museu-das-convergencias-revela-diversidade-de-geografias-e-culturas\/#primaryimage"},"thumbnailUrl":"https:\/\/portaltela.pt\/s.01k8rhncp4jt1\/2026\/01\/2059022.jpg","keywords":["Alf\u00e2ndega","cultura","exposi\u00e7\u00f5es","Museus e Monumentos de Portugal","museus\/arquivos","Porto"],"articleSection":["Not\u00edcias"],"inLanguage":"pt-PT"},{"@type":"WebPage","@id":"https:\/\/portaltela.pt\/noticias\/2026\/01\/25\/museu-das-convergencias-revela-diversidade-de-geografias-e-culturas\/","url":"https:\/\/portaltela.pt\/noticias\/2026\/01\/25\/museu-das-convergencias-revela-diversidade-de-geografias-e-culturas\/","name":"Museu das Converg\u00eancias revela diversidade de geografias e culturas - Portal Tela Portugal","isPartOf":{"@id":"https:\/\/portaltela.pt\/#website"},"primaryImageOfPage":{"@id":"https:\/\/portaltela.pt\/noticias\/2026\/01\/25\/museu-das-convergencias-revela-diversidade-de-geografias-e-culturas\/#primaryimage"},"image":{"@id":"https:\/\/portaltela.pt\/noticias\/2026\/01\/25\/museu-das-convergencias-revela-diversidade-de-geografias-e-culturas\/#primaryimage"},"thumbnailUrl":"https:\/\/portaltela.pt\/s.01k8rhncp4jt1\/2026\/01\/2059022.jpg","datePublished":"2026-01-25T21:30:00+00:00","author":{"@id":"https:\/\/portaltela.pt\/#\/schema\/person\/c4278d4a6028830caff9ee44b42d32ed"},"breadcrumb":{"@id":"https:\/\/portaltela.pt\/noticias\/2026\/01\/25\/museu-das-convergencias-revela-diversidade-de-geografias-e-culturas\/#breadcrumb"},"inLanguage":"pt-PT","potentialAction":[{"@type":"ReadAction","target":["https:\/\/portaltela.pt\/noticias\/2026\/01\/25\/museu-das-convergencias-revela-diversidade-de-geografias-e-culturas\/"]}]},{"@type":"ImageObject","inLanguage":"pt-PT","@id":"https:\/\/portaltela.pt\/noticias\/2026\/01\/25\/museu-das-convergencias-revela-diversidade-de-geografias-e-culturas\/#primaryimage","url":"https:\/\/portaltela.pt\/s.01k8rhncp4jt1\/2026\/01\/2059022.jpg","contentUrl":"https:\/\/portaltela.pt\/s.01k8rhncp4jt1\/2026\/01\/2059022.jpg","width":796,"height":448,"caption":"Photo"},{"@type":"BreadcrumbList","@id":"https:\/\/portaltela.pt\/noticias\/2026\/01\/25\/museu-das-convergencias-revela-diversidade-de-geografias-e-culturas\/#breadcrumb","itemListElement":[{"@type":"ListItem","position":1,"name":"In\u00edcio","item":"https:\/\/portaltela.pt\/"},{"@type":"ListItem","position":2,"name":"Museu das Converg\u00eancias revela diversidade de geografias e culturas"}]},{"@type":"WebSite","@id":"https:\/\/portaltela.pt\/#website","url":"https:\/\/portaltela.pt\/","name":"Portal Tela Portugal","description":"","potentialAction":[{"@type":"SearchAction","target":{"@type":"EntryPoint","urlTemplate":"https:\/\/portaltela.pt\/?s={search_term_string}"},"query-input":{"@type":"PropertyValueSpecification","valueRequired":true,"valueName":"search_term_string"}}],"inLanguage":"pt-PT"},{"@type":"Person","@id":"https:\/\/portaltela.pt\/#\/schema\/person\/c4278d4a6028830caff9ee44b42d32ed","name":"Telinha","image":{"@type":"ImageObject","inLanguage":"pt-PT","@id":"https:\/\/portaltela.pt\/s.01k8rhncp4jt1\/2025\/11\/talking-bot-125x125.png","url":"https:\/\/portaltela.pt\/s.01k8rhncp4jt1\/2025\/11\/talking-bot-125x125.png","contentUrl":"https:\/\/portaltela.pt\/s.01k8rhncp4jt1\/2025\/11\/talking-bot-125x125.png","caption":"Telinha"},"sameAs":["https:\/\/portaltela.pt\/"],"url":"https:\/\/portaltela.pt\/por\/367410592786\/"}]}},"_links":{"self":[{"href":"https:\/\/portaltela.pt\/api\/wp\/v2\/posts\/173077","targetHints":{"allow":["GET"]}}],"collection":[{"href":"https:\/\/portaltela.pt\/api\/wp\/v2\/posts"}],"about":[{"href":"https:\/\/portaltela.pt\/api\/wp\/v2\/types\/post"}],"author":[{"embeddable":true,"href":"https:\/\/portaltela.pt\/api\/wp\/v2\/users\/2"}],"replies":[{"embeddable":true,"href":"https:\/\/portaltela.pt\/api\/wp\/v2\/comments?post=173077"}],"version-history":[{"count":0,"href":"https:\/\/portaltela.pt\/api\/wp\/v2\/posts\/173077\/revisions"}],"wp:featuredmedia":[{"embeddable":true,"href":"https:\/\/portaltela.pt\/api\/wp\/v2\/media\/173082"}],"wp:attachment":[{"href":"https:\/\/portaltela.pt\/api\/wp\/v2\/media?parent=173077"}],"wp:term":[{"taxonomy":"category","embeddable":true,"href":"https:\/\/portaltela.pt\/api\/wp\/v2\/categories?post=173077"},{"taxonomy":"post_tag","embeddable":true,"href":"https:\/\/portaltela.pt\/api\/wp\/v2\/tags?post=173077"}],"curies":[{"name":"wp","href":"https:\/\/api.w.org\/{rel}","templated":true}]}}