{"id":173009,"date":"2026-01-25T17:25:00","date_gmt":"2026-01-25T20:25:00","guid":{"rendered":"https:\/\/portaltela.pt\/noticias\/2026\/01\/25\/mostra-do-mel-de-poncha-regista-balanco-positivo\/"},"modified":"2026-01-25T17:25:00","modified_gmt":"2026-01-25T20:25:00","slug":"mostra-do-mel-de-poncha-regista-balanco-positivo","status":"publish","type":"post","link":"https:\/\/portaltela.pt\/noticias\/2026\/01\/25\/mostra-do-mel-de-poncha-regista-balanco-positivo\/","title":{"rendered":"Mostra do Mel de Poncha regista balan\u00e7o positivo"},"content":{"rendered":"<p>A X Mostra do Mel e da Poncha decorreu na Serra de \u00c1gua, no domingo, 25 de janeiro. A presidente da Casa do Povo da Serra de \u00c1gua, Orlanda Silva, divulgou um balan\u00e7o positivo sobre o evento. A iniciativa, promovida pela institui\u00e7\u00e3o, decorreu ao longo de um \u00fanico dia com foco no mel, na poncha e no artesanato local.<\/p>\n<p>Segundo Orlanda Silva, o primeiro dia superou as expectativas e o novo formato do certame funcionou. O evento contou com a participa\u00e7\u00e3o de comerciantes, artes\u00e3os e apicultores, que se mostraram satisfeitos com a organiza\u00e7\u00e3o e com o retorno obtido.<\/p>\n<p>A respons\u00e1vel destacou que o formato inovador abriu caminho para futuras edi\u00e7\u00f5es. Existem planos para incorporar mais a\u00e7\u00f5es que valorizem o mel e os seus derivados, bem como o artesanato de produ\u00e7\u00e3o local, ampliando oportunidades para os participantes.<\/p>\n<h3>Oficinas e perspetivas<\/h3>\n<p>As oficinas de artesanato, gastronomia e conhecimento foram apontadas como uma mais-valia para o certame. Estas atividades s\u00e3o tidas como incentivo \u00e0 inova\u00e7\u00e3o entre os agentes locais e contribuem para diversificar a oferta da mostra.<\/p>\n","protected":false},"excerpt":{"rendered":"<ul>\n<li>Orlanda Silva, presidente da Casa do Povo da Serra de \u00c1gua, fez um balan\u00e7o positivo da X Mostra do Mel e da Poncha no domingo, 25 de janeiro.<\/li>\n<li>O evento est\u00e1 a decorrer no segundo e \u00faltimo dia, com comerciantes, artes\u00e3os e apicultores satisfeitos com o formato.<\/li>\n<li>O primeiro dia da mostra superou as expectativas e o novo formato funcionou, abrindo caminho a futuras edi\u00e7\u00f5es com mais ideias.<\/li>\n<li>A respons\u00e1vel destaca iniciativas que valorizem o mel, os seus derivados e o artesanato de produ\u00e7\u00e3o local, incentivando inova\u00e7\u00e3o.<\/li>\n<li>As oficinas de artesanato, gastronomia, conhecimento e informa\u00e7\u00e3o s\u00e3o apontadas como mais-valia para o evento.<\/li>\n<\/ul>\n","protected":false},"author":2,"featured_media":173056,"comment_status":"closed","ping_status":"closed","sticky":false,"template":"","format":"standard","meta":{"footnotes":""},"categories":[1],"tags":[4065,222,244,3731,219,169],"class_list":["post-173009","post","type-post","status-publish","format-standard","has-post-thumbnail","hentry","category-noticias","tag-apicultura","tag-artesanato","tag-comercio","tag-eventos","tag-gastronomia","tag-turismo"],"yoast_head":"<!-- This site is optimized with the Yoast SEO plugin v27.2 - https:\/\/yoast.com\/product\/yoast-seo-wordpress\/ -->\n<title>Mostra do Mel de Poncha regista balan\u00e7o positivo - Portal Tela Portugal<\/title>\n<meta name=\"robots\" content=\"index, follow, max-snippet:-1, max-image-preview:large, max-video-preview:-1\" \/>\n<meta property=\"og:locale\" content=\"pt_PT\" \/>\n<meta property=\"og:type\" content=\"article\" \/>\n<meta property=\"og:title\" content=\"Mostra do Mel de Poncha regista balan\u00e7o positivo - Portal Tela Portugal\" \/>\n<meta property=\"og:description\" content=\"Orlanda Silva, presidente da Casa do Povo da Serra de \u00c1gua, fez um balan\u00e7o positivo da X Mostra do Mel e da Poncha no domingo, 25 de janeiro. O evento est\u00e1 a decorrer no segundo e \u00faltimo dia, com comerciantes, artes\u00e3os e apicultores satisfeitos com o formato. O primeiro dia da mostra superou as expectativas e o novo formato funcionou, abrindo caminho a futuras edi\u00e7\u00f5es com mais ideias. A respons\u00e1vel destaca iniciativas que valorizem o mel, os seus derivados e o artesanato de produ\u00e7\u00e3o local, incentivando inova\u00e7\u00e3o. As oficinas de artesanato, gastronomia, conhecimento e informa\u00e7\u00e3o s\u00e3o apontadas como mais-valia para o evento.\" \/>\n<meta property=\"og:url\" content=\"https:\/\/portaltela.pt\/noticias\/2026\/01\/25\/mostra-do-mel-de-poncha-regista-balanco-positivo\/\" \/>\n<meta property=\"og:site_name\" content=\"Portal Tela Portugal\" \/>\n<meta property=\"article:published_time\" content=\"2026-01-25T20:25:00+00:00\" \/>\n<meta name=\"author\" content=\"Telinha\" \/>\n<meta name=\"twitter:card\" content=\"summary_large_image\" \/>\n<meta name=\"twitter:label1\" content=\"Escrito por\" \/>\n\t<meta name=\"twitter:data1\" content=\"Telinha\" \/>\n\t<meta name=\"twitter:label2\" content=\"Tempo estimado de leitura\" \/>\n\t<meta name=\"twitter:data2\" content=\"1 minuto\" \/>\n<script type=\"application\/ld+json\" class=\"yoast-schema-graph\">{\"@context\":\"https:\/\/schema.org\",\"@graph\":[{\"@type\":\"Article\",\"@id\":\"https:\/\/portaltela.pt\/noticias\/2026\/01\/25\/mostra-do-mel-de-poncha-regista-balanco-positivo\/#article\",\"isPartOf\":{\"@id\":\"https:\/\/portaltela.pt\/noticias\/2026\/01\/25\/mostra-do-mel-de-poncha-regista-balanco-positivo\/\"},\"author\":{\"name\":\"Telinha\",\"@id\":\"https:\/\/portaltela.pt\/#\/schema\/person\/c4278d4a6028830caff9ee44b42d32ed\"},\"headline\":\"Mostra do Mel de Poncha regista balan\u00e7o positivo\",\"datePublished\":\"2026-01-25T20:25:00+00:00\",\"mainEntityOfPage\":{\"@id\":\"https:\/\/portaltela.pt\/noticias\/2026\/01\/25\/mostra-do-mel-de-poncha-regista-balanco-positivo\/\"},\"wordCount\":192,\"image\":{\"@id\":\"https:\/\/portaltela.pt\/noticias\/2026\/01\/25\/mostra-do-mel-de-poncha-regista-balanco-positivo\/#primaryimage\"},\"thumbnailUrl\":\"https:\/\/portaltela.pt\/s.01k8rhncp4jt1\/2026\/01\/unnamed-file-5216.jpg\",\"keywords\":[\"apicultura\",\"artesanato\",\"com\u00e9rcio\",\"eventos\",\"gastronomia\",\"turismo\"],\"articleSection\":[\"Not\u00edcias\"],\"inLanguage\":\"pt-PT\"},{\"@type\":\"WebPage\",\"@id\":\"https:\/\/portaltela.pt\/noticias\/2026\/01\/25\/mostra-do-mel-de-poncha-regista-balanco-positivo\/\",\"url\":\"https:\/\/portaltela.pt\/noticias\/2026\/01\/25\/mostra-do-mel-de-poncha-regista-balanco-positivo\/\",\"name\":\"Mostra do Mel de Poncha regista balan\u00e7o positivo - Portal Tela Portugal\",\"isPartOf\":{\"@id\":\"https:\/\/portaltela.pt\/#website\"},\"primaryImageOfPage\":{\"@id\":\"https:\/\/portaltela.pt\/noticias\/2026\/01\/25\/mostra-do-mel-de-poncha-regista-balanco-positivo\/#primaryimage\"},\"image\":{\"@id\":\"https:\/\/portaltela.pt\/noticias\/2026\/01\/25\/mostra-do-mel-de-poncha-regista-balanco-positivo\/#primaryimage\"},\"thumbnailUrl\":\"https:\/\/portaltela.pt\/s.01k8rhncp4jt1\/2026\/01\/unnamed-file-5216.jpg\",\"datePublished\":\"2026-01-25T20:25:00+00:00\",\"author\":{\"@id\":\"https:\/\/portaltela.pt\/#\/schema\/person\/c4278d4a6028830caff9ee44b42d32ed\"},\"breadcrumb\":{\"@id\":\"https:\/\/portaltela.pt\/noticias\/2026\/01\/25\/mostra-do-mel-de-poncha-regista-balanco-positivo\/#breadcrumb\"},\"inLanguage\":\"pt-PT\",\"potentialAction\":[{\"@type\":\"ReadAction\",\"target\":[\"https:\/\/portaltela.pt\/noticias\/2026\/01\/25\/mostra-do-mel-de-poncha-regista-balanco-positivo\/\"]}]},{\"@type\":\"ImageObject\",\"inLanguage\":\"pt-PT\",\"@id\":\"https:\/\/portaltela.pt\/noticias\/2026\/01\/25\/mostra-do-mel-de-poncha-regista-balanco-positivo\/#primaryimage\",\"url\":\"https:\/\/portaltela.pt\/s.01k8rhncp4jt1\/2026\/01\/unnamed-file-5216.jpg\",\"contentUrl\":\"https:\/\/portaltela.pt\/s.01k8rhncp4jt1\/2026\/01\/unnamed-file-5216.jpg\",\"width\":796,\"height\":448,\"caption\":\"X Mostra do Mel de Poncha com balan\u00e7o positivo\"},{\"@type\":\"BreadcrumbList\",\"@id\":\"https:\/\/portaltela.pt\/noticias\/2026\/01\/25\/mostra-do-mel-de-poncha-regista-balanco-positivo\/#breadcrumb\",\"itemListElement\":[{\"@type\":\"ListItem\",\"position\":1,\"name\":\"In\u00edcio\",\"item\":\"https:\/\/portaltela.pt\/\"},{\"@type\":\"ListItem\",\"position\":2,\"name\":\"Mostra do Mel de Poncha regista balan\u00e7o positivo\"}]},{\"@type\":\"WebSite\",\"@id\":\"https:\/\/portaltela.pt\/#website\",\"url\":\"https:\/\/portaltela.pt\/\",\"name\":\"Portal Tela Portugal\",\"description\":\"\",\"potentialAction\":[{\"@type\":\"SearchAction\",\"target\":{\"@type\":\"EntryPoint\",\"urlTemplate\":\"https:\/\/portaltela.pt\/?s={search_term_string}\"},\"query-input\":{\"@type\":\"PropertyValueSpecification\",\"valueRequired\":true,\"valueName\":\"search_term_string\"}}],\"inLanguage\":\"pt-PT\"},{\"@type\":\"Person\",\"@id\":\"https:\/\/portaltela.pt\/#\/schema\/person\/c4278d4a6028830caff9ee44b42d32ed\",\"name\":\"Telinha\",\"image\":{\"@type\":\"ImageObject\",\"inLanguage\":\"pt-PT\",\"@id\":\"https:\/\/portaltela.pt\/s.01k8rhncp4jt1\/2025\/11\/talking-bot-125x125.png\",\"url\":\"https:\/\/portaltela.pt\/s.01k8rhncp4jt1\/2025\/11\/talking-bot-125x125.png\",\"contentUrl\":\"https:\/\/portaltela.pt\/s.01k8rhncp4jt1\/2025\/11\/talking-bot-125x125.png\",\"caption\":\"Telinha\"},\"sameAs\":[\"https:\/\/portaltela.pt\/\"],\"url\":\"https:\/\/portaltela.pt\/por\/367410592786\/\"}]}<\/script>\n<!-- \/ Yoast SEO plugin. -->","yoast_head_json":{"title":"Mostra do Mel de Poncha regista balan\u00e7o positivo - Portal Tela Portugal","robots":{"index":"index","follow":"follow","max-snippet":"max-snippet:-1","max-image-preview":"max-image-preview:large","max-video-preview":"max-video-preview:-1"},"og_locale":"pt_PT","og_type":"article","og_title":"Mostra do Mel de Poncha regista balan\u00e7o positivo - Portal Tela Portugal","og_description":"Orlanda Silva, presidente da Casa do Povo da Serra de \u00c1gua, fez um balan\u00e7o positivo da X Mostra do Mel e da Poncha no domingo, 25 de janeiro. O evento est\u00e1 a decorrer no segundo e \u00faltimo dia, com comerciantes, artes\u00e3os e apicultores satisfeitos com o formato. O primeiro dia da mostra superou as expectativas e o novo formato funcionou, abrindo caminho a futuras edi\u00e7\u00f5es com mais ideias. A respons\u00e1vel destaca iniciativas que valorizem o mel, os seus derivados e o artesanato de produ\u00e7\u00e3o local, incentivando inova\u00e7\u00e3o. As oficinas de artesanato, gastronomia, conhecimento e informa\u00e7\u00e3o s\u00e3o apontadas como mais-valia para o evento.","og_url":"https:\/\/portaltela.pt\/noticias\/2026\/01\/25\/mostra-do-mel-de-poncha-regista-balanco-positivo\/","og_site_name":"Portal Tela Portugal","article_published_time":"2026-01-25T20:25:00+00:00","author":"Telinha","twitter_card":"summary_large_image","twitter_misc":{"Escrito por":"Telinha","Tempo estimado de leitura":"1 minuto"},"schema":{"@context":"https:\/\/schema.org","@graph":[{"@type":"Article","@id":"https:\/\/portaltela.pt\/noticias\/2026\/01\/25\/mostra-do-mel-de-poncha-regista-balanco-positivo\/#article","isPartOf":{"@id":"https:\/\/portaltela.pt\/noticias\/2026\/01\/25\/mostra-do-mel-de-poncha-regista-balanco-positivo\/"},"author":{"name":"Telinha","@id":"https:\/\/portaltela.pt\/#\/schema\/person\/c4278d4a6028830caff9ee44b42d32ed"},"headline":"Mostra do Mel de Poncha regista balan\u00e7o positivo","datePublished":"2026-01-25T20:25:00+00:00","mainEntityOfPage":{"@id":"https:\/\/portaltela.pt\/noticias\/2026\/01\/25\/mostra-do-mel-de-poncha-regista-balanco-positivo\/"},"wordCount":192,"image":{"@id":"https:\/\/portaltela.pt\/noticias\/2026\/01\/25\/mostra-do-mel-de-poncha-regista-balanco-positivo\/#primaryimage"},"thumbnailUrl":"https:\/\/portaltela.pt\/s.01k8rhncp4jt1\/2026\/01\/unnamed-file-5216.jpg","keywords":["apicultura","artesanato","com\u00e9rcio","eventos","gastronomia","turismo"],"articleSection":["Not\u00edcias"],"inLanguage":"pt-PT"},{"@type":"WebPage","@id":"https:\/\/portaltela.pt\/noticias\/2026\/01\/25\/mostra-do-mel-de-poncha-regista-balanco-positivo\/","url":"https:\/\/portaltela.pt\/noticias\/2026\/01\/25\/mostra-do-mel-de-poncha-regista-balanco-positivo\/","name":"Mostra do Mel de Poncha regista balan\u00e7o positivo - Portal Tela Portugal","isPartOf":{"@id":"https:\/\/portaltela.pt\/#website"},"primaryImageOfPage":{"@id":"https:\/\/portaltela.pt\/noticias\/2026\/01\/25\/mostra-do-mel-de-poncha-regista-balanco-positivo\/#primaryimage"},"image":{"@id":"https:\/\/portaltela.pt\/noticias\/2026\/01\/25\/mostra-do-mel-de-poncha-regista-balanco-positivo\/#primaryimage"},"thumbnailUrl":"https:\/\/portaltela.pt\/s.01k8rhncp4jt1\/2026\/01\/unnamed-file-5216.jpg","datePublished":"2026-01-25T20:25:00+00:00","author":{"@id":"https:\/\/portaltela.pt\/#\/schema\/person\/c4278d4a6028830caff9ee44b42d32ed"},"breadcrumb":{"@id":"https:\/\/portaltela.pt\/noticias\/2026\/01\/25\/mostra-do-mel-de-poncha-regista-balanco-positivo\/#breadcrumb"},"inLanguage":"pt-PT","potentialAction":[{"@type":"ReadAction","target":["https:\/\/portaltela.pt\/noticias\/2026\/01\/25\/mostra-do-mel-de-poncha-regista-balanco-positivo\/"]}]},{"@type":"ImageObject","inLanguage":"pt-PT","@id":"https:\/\/portaltela.pt\/noticias\/2026\/01\/25\/mostra-do-mel-de-poncha-regista-balanco-positivo\/#primaryimage","url":"https:\/\/portaltela.pt\/s.01k8rhncp4jt1\/2026\/01\/unnamed-file-5216.jpg","contentUrl":"https:\/\/portaltela.pt\/s.01k8rhncp4jt1\/2026\/01\/unnamed-file-5216.jpg","width":796,"height":448,"caption":"X Mostra do Mel de Poncha com balan\u00e7o positivo"},{"@type":"BreadcrumbList","@id":"https:\/\/portaltela.pt\/noticias\/2026\/01\/25\/mostra-do-mel-de-poncha-regista-balanco-positivo\/#breadcrumb","itemListElement":[{"@type":"ListItem","position":1,"name":"In\u00edcio","item":"https:\/\/portaltela.pt\/"},{"@type":"ListItem","position":2,"name":"Mostra do Mel de Poncha regista balan\u00e7o positivo"}]},{"@type":"WebSite","@id":"https:\/\/portaltela.pt\/#website","url":"https:\/\/portaltela.pt\/","name":"Portal Tela Portugal","description":"","potentialAction":[{"@type":"SearchAction","target":{"@type":"EntryPoint","urlTemplate":"https:\/\/portaltela.pt\/?s={search_term_string}"},"query-input":{"@type":"PropertyValueSpecification","valueRequired":true,"valueName":"search_term_string"}}],"inLanguage":"pt-PT"},{"@type":"Person","@id":"https:\/\/portaltela.pt\/#\/schema\/person\/c4278d4a6028830caff9ee44b42d32ed","name":"Telinha","image":{"@type":"ImageObject","inLanguage":"pt-PT","@id":"https:\/\/portaltela.pt\/s.01k8rhncp4jt1\/2025\/11\/talking-bot-125x125.png","url":"https:\/\/portaltela.pt\/s.01k8rhncp4jt1\/2025\/11\/talking-bot-125x125.png","contentUrl":"https:\/\/portaltela.pt\/s.01k8rhncp4jt1\/2025\/11\/talking-bot-125x125.png","caption":"Telinha"},"sameAs":["https:\/\/portaltela.pt\/"],"url":"https:\/\/portaltela.pt\/por\/367410592786\/"}]}},"_links":{"self":[{"href":"https:\/\/portaltela.pt\/api\/wp\/v2\/posts\/173009","targetHints":{"allow":["GET"]}}],"collection":[{"href":"https:\/\/portaltela.pt\/api\/wp\/v2\/posts"}],"about":[{"href":"https:\/\/portaltela.pt\/api\/wp\/v2\/types\/post"}],"author":[{"embeddable":true,"href":"https:\/\/portaltela.pt\/api\/wp\/v2\/users\/2"}],"replies":[{"embeddable":true,"href":"https:\/\/portaltela.pt\/api\/wp\/v2\/comments?post=173009"}],"version-history":[{"count":0,"href":"https:\/\/portaltela.pt\/api\/wp\/v2\/posts\/173009\/revisions"}],"wp:featuredmedia":[{"embeddable":true,"href":"https:\/\/portaltela.pt\/api\/wp\/v2\/media\/173056"}],"wp:attachment":[{"href":"https:\/\/portaltela.pt\/api\/wp\/v2\/media?parent=173009"}],"wp:term":[{"taxonomy":"category","embeddable":true,"href":"https:\/\/portaltela.pt\/api\/wp\/v2\/categories?post=173009"},{"taxonomy":"post_tag","embeddable":true,"href":"https:\/\/portaltela.pt\/api\/wp\/v2\/tags?post=173009"}],"curies":[{"name":"wp","href":"https:\/\/api.w.org\/{rel}","templated":true}]}}