{"id":172999,"date":"2026-01-19T05:48:00","date_gmt":"2026-01-19T08:48:00","guid":{"rendered":"https:\/\/portaltela.pt\/noticias\/2026\/01\/19\/feira-do-fumeiro-de-montalegre-celebra-a-tradicao-barrosa\/"},"modified":"2026-01-19T05:48:00","modified_gmt":"2026-01-19T08:48:00","slug":"feira-do-fumeiro-de-montalegre-celebra-a-tradicao-barrosa","status":"publish","type":"post","link":"https:\/\/portaltela.pt\/noticias\/2026\/01\/19\/feira-do-fumeiro-de-montalegre-celebra-a-tradicao-barrosa\/","title":{"rendered":"Feira do Fumeiro de Montalegre celebra a tradi\u00e7\u00e3o barros\u00e3"},"content":{"rendered":"<p>A 35.\u00aa edi\u00e7\u00e3o da Feira do Fumeiro de Montalegre, a rainha do fumeiro, realiza-se de 22 a 25 de janeiro na capital do Barroso. O evento, organizado pela C\u00e2mara Municipal de Montalegre e pela Associa\u00e7\u00e3o dos Produtores de Fumeiro da Terra Fria Barros\u00e3, mant\u00e9m o objetivo de mostrar o melhor da regi\u00e3o.<\/p>\n<p>Este certame volta a colocar em destaque o fumeiro tradicional, incluindo presunto, alheira, chouri\u00e7a de carne, salpic\u00e3o e chouri\u00e7o de ab\u00f3bora. A mostra celebra a produ\u00e7\u00e3o local, com venda directa pelos produtores.<\/p>\n<p>A feira j\u00e1 cresceu desde 1992, quando recebeu cerca de 2.500 visitantes, passando hoje a atrair mais de 50 mil pessoas por edi\u00e7\u00e3o. Esta edi\u00e7\u00e3o refor\u00e7a o papel de Montalegre como centro do Barroso e da gastronomia local.<\/p>\n<h3>Diversidade na Feira<\/h3>\n<p>Para al\u00e9m dos enchidos, a mostra re\u00fane produtos regionais como mel de urze, p\u00f3len, pr\u00f3polis e geleia real. H\u00e1 ainda p\u00e3o de centeio, bicas de carne e folar, bem como doces de ab\u00f3bora, frutos silvestres e castanha.<\/p>\n<p>Os visitantes podem explorar licores tradicionais, marcas locais Mont\u2019alegre e Padre Fontes, bem como ervas arom\u00e1ticas como carqueja, hortel\u00e3 e sabugueiro. O recinto inclui ainda pe\u00e7as de artesanato e op\u00e7\u00f5es de vestu\u00e1rio e escultura.<\/p>\n","protected":false},"excerpt":{"rendered":"<ul>\n<li>A 35.\u00aa edi\u00e7\u00e3o da Feira do Fumeiro e Presunto de Barroso decorre entre 22 e 25 de janeiro, em Montalegre, capital do Barroso.<\/li>\n<li>O certame d\u00e1 destaque ao fumeiro tradicional, incluindo presunto, alheira, chouri\u00e7a de carne, salpic\u00e3o, sangueira, chouri\u00e7o de ab\u00f3bora e carnes curadas.<\/li>\n<li>Desde 1992, o evento cresceu de 2.500 visitantes para mais de 50 mil pessoas por ano, organizado pela C\u00e2mara Municipal de Montalegre e pela Associa\u00e7\u00e3o dos Produtores de Fumeiro da Terra Fria Barros\u00e3.<\/li>\n<li>Al\u00e9m do fumeiro, a feira oferece mel (urze, p\u00f3len, pr\u00f3polis, geleia real), p\u00e3o, bicas de carne, folares, doces de ab\u00f3bora e frutos, licores locais, ervas arom\u00e1ticas e artesanato.<\/li>\n<li>O evento realiza-se no Parque de Exposi\u00e7\u00f5es e Feiras de Montalegre, de quinta-feira a domingo.<\/li>\n<\/ul>\n","protected":false},"author":2,"featured_media":173008,"comment_status":"closed","ping_status":"closed","sticky":false,"template":"","format":"standard","meta":{"footnotes":""},"categories":[1],"tags":[3289,222,638,2900,249,219],"class_list":["post-172999","post","type-post","status-publish","format-standard","has-post-thumbnail","hentry","category-noticias","tag-alimentos","tag-artesanato","tag-docaria","tag-enchidos","tag-escultura","tag-gastronomia"],"yoast_head":"<!-- This site is optimized with the Yoast SEO plugin v27.2 - https:\/\/yoast.com\/product\/yoast-seo-wordpress\/ -->\n<title>Feira do Fumeiro de Montalegre celebra a tradi\u00e7\u00e3o barros\u00e3 - Portal Tela Portugal<\/title>\n<meta name=\"robots\" content=\"index, follow, max-snippet:-1, max-image-preview:large, max-video-preview:-1\" \/>\n<meta property=\"og:locale\" content=\"pt_PT\" \/>\n<meta property=\"og:type\" content=\"article\" \/>\n<meta property=\"og:title\" content=\"Feira do Fumeiro de Montalegre celebra a tradi\u00e7\u00e3o barros\u00e3 - Portal Tela Portugal\" \/>\n<meta property=\"og:description\" content=\"A 35.\u00aa edi\u00e7\u00e3o da Feira do Fumeiro e Presunto de Barroso decorre entre 22 e 25 de janeiro, em Montalegre, capital do Barroso. O certame d\u00e1 destaque ao fumeiro tradicional, incluindo presunto, alheira, chouri\u00e7a de carne, salpic\u00e3o, sangueira, chouri\u00e7o de ab\u00f3bora e carnes curadas. Desde 1992, o evento cresceu de 2.500 visitantes para mais de 50 mil pessoas por ano, organizado pela C\u00e2mara Municipal de Montalegre e pela Associa\u00e7\u00e3o dos Produtores de Fumeiro da Terra Fria Barros\u00e3. Al\u00e9m do fumeiro, a feira oferece mel (urze, p\u00f3len, pr\u00f3polis, geleia real), p\u00e3o, bicas de carne, folares, doces de ab\u00f3bora e frutos, licores locais, ervas arom\u00e1ticas e artesanato. O evento realiza-se no Parque de Exposi\u00e7\u00f5es e Feiras de Montalegre, de quinta-feira a domingo.\" \/>\n<meta property=\"og:url\" content=\"https:\/\/portaltela.pt\/noticias\/2026\/01\/19\/feira-do-fumeiro-de-montalegre-celebra-a-tradicao-barrosa\/\" \/>\n<meta property=\"og:site_name\" content=\"Portal Tela Portugal\" \/>\n<meta property=\"article:published_time\" content=\"2026-01-19T08:48:00+00:00\" \/>\n<meta name=\"author\" content=\"Telinha\" \/>\n<meta name=\"twitter:card\" content=\"summary_large_image\" \/>\n<meta name=\"twitter:label1\" content=\"Escrito por\" \/>\n\t<meta name=\"twitter:data1\" content=\"Telinha\" \/>\n\t<meta name=\"twitter:label2\" content=\"Tempo estimado de leitura\" \/>\n\t<meta name=\"twitter:data2\" content=\"1 minuto\" \/>\n<script type=\"application\/ld+json\" class=\"yoast-schema-graph\">{\"@context\":\"https:\/\/schema.org\",\"@graph\":[{\"@type\":\"Article\",\"@id\":\"https:\/\/portaltela.pt\/noticias\/2026\/01\/19\/feira-do-fumeiro-de-montalegre-celebra-a-tradicao-barrosa\/#article\",\"isPartOf\":{\"@id\":\"https:\/\/portaltela.pt\/noticias\/2026\/01\/19\/feira-do-fumeiro-de-montalegre-celebra-a-tradicao-barrosa\/\"},\"author\":{\"name\":\"Telinha\",\"@id\":\"https:\/\/portaltela.pt\/#\/schema\/person\/c4278d4a6028830caff9ee44b42d32ed\"},\"headline\":\"Feira do Fumeiro de Montalegre celebra a tradi\u00e7\u00e3o barros\u00e3\",\"datePublished\":\"2026-01-19T08:48:00+00:00\",\"mainEntityOfPage\":{\"@id\":\"https:\/\/portaltela.pt\/noticias\/2026\/01\/19\/feira-do-fumeiro-de-montalegre-celebra-a-tradicao-barrosa\/\"},\"wordCount\":224,\"image\":{\"@id\":\"https:\/\/portaltela.pt\/noticias\/2026\/01\/19\/feira-do-fumeiro-de-montalegre-celebra-a-tradicao-barrosa\/#primaryimage\"},\"thumbnailUrl\":\"https:\/\/portaltela.pt\/s.01k8rhncp4jt1\/2026\/01\/image-1730.jpg\",\"keywords\":[\"alimentos\",\"artesanato\",\"do\u00e7aria\",\"enchidos\",\"escultura\",\"gastronomia\"],\"articleSection\":[\"Not\u00edcias\"],\"inLanguage\":\"pt-PT\"},{\"@type\":\"WebPage\",\"@id\":\"https:\/\/portaltela.pt\/noticias\/2026\/01\/19\/feira-do-fumeiro-de-montalegre-celebra-a-tradicao-barrosa\/\",\"url\":\"https:\/\/portaltela.pt\/noticias\/2026\/01\/19\/feira-do-fumeiro-de-montalegre-celebra-a-tradicao-barrosa\/\",\"name\":\"Feira do Fumeiro de Montalegre celebra a tradi\u00e7\u00e3o barros\u00e3 - Portal Tela Portugal\",\"isPartOf\":{\"@id\":\"https:\/\/portaltela.pt\/#website\"},\"primaryImageOfPage\":{\"@id\":\"https:\/\/portaltela.pt\/noticias\/2026\/01\/19\/feira-do-fumeiro-de-montalegre-celebra-a-tradicao-barrosa\/#primaryimage\"},\"image\":{\"@id\":\"https:\/\/portaltela.pt\/noticias\/2026\/01\/19\/feira-do-fumeiro-de-montalegre-celebra-a-tradicao-barrosa\/#primaryimage\"},\"thumbnailUrl\":\"https:\/\/portaltela.pt\/s.01k8rhncp4jt1\/2026\/01\/image-1730.jpg\",\"datePublished\":\"2026-01-19T08:48:00+00:00\",\"author\":{\"@id\":\"https:\/\/portaltela.pt\/#\/schema\/person\/c4278d4a6028830caff9ee44b42d32ed\"},\"breadcrumb\":{\"@id\":\"https:\/\/portaltela.pt\/noticias\/2026\/01\/19\/feira-do-fumeiro-de-montalegre-celebra-a-tradicao-barrosa\/#breadcrumb\"},\"inLanguage\":\"pt-PT\",\"potentialAction\":[{\"@type\":\"ReadAction\",\"target\":[\"https:\/\/portaltela.pt\/noticias\/2026\/01\/19\/feira-do-fumeiro-de-montalegre-celebra-a-tradicao-barrosa\/\"]}]},{\"@type\":\"ImageObject\",\"inLanguage\":\"pt-PT\",\"@id\":\"https:\/\/portaltela.pt\/noticias\/2026\/01\/19\/feira-do-fumeiro-de-montalegre-celebra-a-tradicao-barrosa\/#primaryimage\",\"url\":\"https:\/\/portaltela.pt\/s.01k8rhncp4jt1\/2026\/01\/image-1730.jpg\",\"contentUrl\":\"https:\/\/portaltela.pt\/s.01k8rhncp4jt1\/2026\/01\/image-1730.jpg\",\"width\":796,\"height\":448,\"caption\":\"Imagem de contexto do artigo Na Feira do Fumeiro de Montalegre, prova-se a tradi\u00e7\u00e3o barros\u00e3\"},{\"@type\":\"BreadcrumbList\",\"@id\":\"https:\/\/portaltela.pt\/noticias\/2026\/01\/19\/feira-do-fumeiro-de-montalegre-celebra-a-tradicao-barrosa\/#breadcrumb\",\"itemListElement\":[{\"@type\":\"ListItem\",\"position\":1,\"name\":\"In\u00edcio\",\"item\":\"https:\/\/portaltela.pt\/\"},{\"@type\":\"ListItem\",\"position\":2,\"name\":\"Feira do Fumeiro de Montalegre celebra a tradi\u00e7\u00e3o barros\u00e3\"}]},{\"@type\":\"WebSite\",\"@id\":\"https:\/\/portaltela.pt\/#website\",\"url\":\"https:\/\/portaltela.pt\/\",\"name\":\"Portal Tela Portugal\",\"description\":\"\",\"potentialAction\":[{\"@type\":\"SearchAction\",\"target\":{\"@type\":\"EntryPoint\",\"urlTemplate\":\"https:\/\/portaltela.pt\/?s={search_term_string}\"},\"query-input\":{\"@type\":\"PropertyValueSpecification\",\"valueRequired\":true,\"valueName\":\"search_term_string\"}}],\"inLanguage\":\"pt-PT\"},{\"@type\":\"Person\",\"@id\":\"https:\/\/portaltela.pt\/#\/schema\/person\/c4278d4a6028830caff9ee44b42d32ed\",\"name\":\"Telinha\",\"image\":{\"@type\":\"ImageObject\",\"inLanguage\":\"pt-PT\",\"@id\":\"https:\/\/portaltela.pt\/s.01k8rhncp4jt1\/2025\/11\/talking-bot-125x125.png\",\"url\":\"https:\/\/portaltela.pt\/s.01k8rhncp4jt1\/2025\/11\/talking-bot-125x125.png\",\"contentUrl\":\"https:\/\/portaltela.pt\/s.01k8rhncp4jt1\/2025\/11\/talking-bot-125x125.png\",\"caption\":\"Telinha\"},\"sameAs\":[\"https:\/\/portaltela.pt\/\"],\"url\":\"https:\/\/portaltela.pt\/por\/367410592786\/\"}]}<\/script>\n<!-- \/ Yoast SEO plugin. -->","yoast_head_json":{"title":"Feira do Fumeiro de Montalegre celebra a tradi\u00e7\u00e3o barros\u00e3 - Portal Tela Portugal","robots":{"index":"index","follow":"follow","max-snippet":"max-snippet:-1","max-image-preview":"max-image-preview:large","max-video-preview":"max-video-preview:-1"},"og_locale":"pt_PT","og_type":"article","og_title":"Feira do Fumeiro de Montalegre celebra a tradi\u00e7\u00e3o barros\u00e3 - Portal Tela Portugal","og_description":"A 35.\u00aa edi\u00e7\u00e3o da Feira do Fumeiro e Presunto de Barroso decorre entre 22 e 25 de janeiro, em Montalegre, capital do Barroso. O certame d\u00e1 destaque ao fumeiro tradicional, incluindo presunto, alheira, chouri\u00e7a de carne, salpic\u00e3o, sangueira, chouri\u00e7o de ab\u00f3bora e carnes curadas. Desde 1992, o evento cresceu de 2.500 visitantes para mais de 50 mil pessoas por ano, organizado pela C\u00e2mara Municipal de Montalegre e pela Associa\u00e7\u00e3o dos Produtores de Fumeiro da Terra Fria Barros\u00e3. Al\u00e9m do fumeiro, a feira oferece mel (urze, p\u00f3len, pr\u00f3polis, geleia real), p\u00e3o, bicas de carne, folares, doces de ab\u00f3bora e frutos, licores locais, ervas arom\u00e1ticas e artesanato. O evento realiza-se no Parque de Exposi\u00e7\u00f5es e Feiras de Montalegre, de quinta-feira a domingo.","og_url":"https:\/\/portaltela.pt\/noticias\/2026\/01\/19\/feira-do-fumeiro-de-montalegre-celebra-a-tradicao-barrosa\/","og_site_name":"Portal Tela Portugal","article_published_time":"2026-01-19T08:48:00+00:00","author":"Telinha","twitter_card":"summary_large_image","twitter_misc":{"Escrito por":"Telinha","Tempo estimado de leitura":"1 minuto"},"schema":{"@context":"https:\/\/schema.org","@graph":[{"@type":"Article","@id":"https:\/\/portaltela.pt\/noticias\/2026\/01\/19\/feira-do-fumeiro-de-montalegre-celebra-a-tradicao-barrosa\/#article","isPartOf":{"@id":"https:\/\/portaltela.pt\/noticias\/2026\/01\/19\/feira-do-fumeiro-de-montalegre-celebra-a-tradicao-barrosa\/"},"author":{"name":"Telinha","@id":"https:\/\/portaltela.pt\/#\/schema\/person\/c4278d4a6028830caff9ee44b42d32ed"},"headline":"Feira do Fumeiro de Montalegre celebra a tradi\u00e7\u00e3o barros\u00e3","datePublished":"2026-01-19T08:48:00+00:00","mainEntityOfPage":{"@id":"https:\/\/portaltela.pt\/noticias\/2026\/01\/19\/feira-do-fumeiro-de-montalegre-celebra-a-tradicao-barrosa\/"},"wordCount":224,"image":{"@id":"https:\/\/portaltela.pt\/noticias\/2026\/01\/19\/feira-do-fumeiro-de-montalegre-celebra-a-tradicao-barrosa\/#primaryimage"},"thumbnailUrl":"https:\/\/portaltela.pt\/s.01k8rhncp4jt1\/2026\/01\/image-1730.jpg","keywords":["alimentos","artesanato","do\u00e7aria","enchidos","escultura","gastronomia"],"articleSection":["Not\u00edcias"],"inLanguage":"pt-PT"},{"@type":"WebPage","@id":"https:\/\/portaltela.pt\/noticias\/2026\/01\/19\/feira-do-fumeiro-de-montalegre-celebra-a-tradicao-barrosa\/","url":"https:\/\/portaltela.pt\/noticias\/2026\/01\/19\/feira-do-fumeiro-de-montalegre-celebra-a-tradicao-barrosa\/","name":"Feira do Fumeiro de Montalegre celebra a tradi\u00e7\u00e3o barros\u00e3 - Portal Tela Portugal","isPartOf":{"@id":"https:\/\/portaltela.pt\/#website"},"primaryImageOfPage":{"@id":"https:\/\/portaltela.pt\/noticias\/2026\/01\/19\/feira-do-fumeiro-de-montalegre-celebra-a-tradicao-barrosa\/#primaryimage"},"image":{"@id":"https:\/\/portaltela.pt\/noticias\/2026\/01\/19\/feira-do-fumeiro-de-montalegre-celebra-a-tradicao-barrosa\/#primaryimage"},"thumbnailUrl":"https:\/\/portaltela.pt\/s.01k8rhncp4jt1\/2026\/01\/image-1730.jpg","datePublished":"2026-01-19T08:48:00+00:00","author":{"@id":"https:\/\/portaltela.pt\/#\/schema\/person\/c4278d4a6028830caff9ee44b42d32ed"},"breadcrumb":{"@id":"https:\/\/portaltela.pt\/noticias\/2026\/01\/19\/feira-do-fumeiro-de-montalegre-celebra-a-tradicao-barrosa\/#breadcrumb"},"inLanguage":"pt-PT","potentialAction":[{"@type":"ReadAction","target":["https:\/\/portaltela.pt\/noticias\/2026\/01\/19\/feira-do-fumeiro-de-montalegre-celebra-a-tradicao-barrosa\/"]}]},{"@type":"ImageObject","inLanguage":"pt-PT","@id":"https:\/\/portaltela.pt\/noticias\/2026\/01\/19\/feira-do-fumeiro-de-montalegre-celebra-a-tradicao-barrosa\/#primaryimage","url":"https:\/\/portaltela.pt\/s.01k8rhncp4jt1\/2026\/01\/image-1730.jpg","contentUrl":"https:\/\/portaltela.pt\/s.01k8rhncp4jt1\/2026\/01\/image-1730.jpg","width":796,"height":448,"caption":"Imagem de contexto do artigo Na Feira do Fumeiro de Montalegre, prova-se a tradi\u00e7\u00e3o barros\u00e3"},{"@type":"BreadcrumbList","@id":"https:\/\/portaltela.pt\/noticias\/2026\/01\/19\/feira-do-fumeiro-de-montalegre-celebra-a-tradicao-barrosa\/#breadcrumb","itemListElement":[{"@type":"ListItem","position":1,"name":"In\u00edcio","item":"https:\/\/portaltela.pt\/"},{"@type":"ListItem","position":2,"name":"Feira do Fumeiro de Montalegre celebra a tradi\u00e7\u00e3o barros\u00e3"}]},{"@type":"WebSite","@id":"https:\/\/portaltela.pt\/#website","url":"https:\/\/portaltela.pt\/","name":"Portal Tela Portugal","description":"","potentialAction":[{"@type":"SearchAction","target":{"@type":"EntryPoint","urlTemplate":"https:\/\/portaltela.pt\/?s={search_term_string}"},"query-input":{"@type":"PropertyValueSpecification","valueRequired":true,"valueName":"search_term_string"}}],"inLanguage":"pt-PT"},{"@type":"Person","@id":"https:\/\/portaltela.pt\/#\/schema\/person\/c4278d4a6028830caff9ee44b42d32ed","name":"Telinha","image":{"@type":"ImageObject","inLanguage":"pt-PT","@id":"https:\/\/portaltela.pt\/s.01k8rhncp4jt1\/2025\/11\/talking-bot-125x125.png","url":"https:\/\/portaltela.pt\/s.01k8rhncp4jt1\/2025\/11\/talking-bot-125x125.png","contentUrl":"https:\/\/portaltela.pt\/s.01k8rhncp4jt1\/2025\/11\/talking-bot-125x125.png","caption":"Telinha"},"sameAs":["https:\/\/portaltela.pt\/"],"url":"https:\/\/portaltela.pt\/por\/367410592786\/"}]}},"_links":{"self":[{"href":"https:\/\/portaltela.pt\/api\/wp\/v2\/posts\/172999","targetHints":{"allow":["GET"]}}],"collection":[{"href":"https:\/\/portaltela.pt\/api\/wp\/v2\/posts"}],"about":[{"href":"https:\/\/portaltela.pt\/api\/wp\/v2\/types\/post"}],"author":[{"embeddable":true,"href":"https:\/\/portaltela.pt\/api\/wp\/v2\/users\/2"}],"replies":[{"embeddable":true,"href":"https:\/\/portaltela.pt\/api\/wp\/v2\/comments?post=172999"}],"version-history":[{"count":0,"href":"https:\/\/portaltela.pt\/api\/wp\/v2\/posts\/172999\/revisions"}],"wp:featuredmedia":[{"embeddable":true,"href":"https:\/\/portaltela.pt\/api\/wp\/v2\/media\/173008"}],"wp:attachment":[{"href":"https:\/\/portaltela.pt\/api\/wp\/v2\/media?parent=172999"}],"wp:term":[{"taxonomy":"category","embeddable":true,"href":"https:\/\/portaltela.pt\/api\/wp\/v2\/categories?post=172999"},{"taxonomy":"post_tag","embeddable":true,"href":"https:\/\/portaltela.pt\/api\/wp\/v2\/tags?post=172999"}],"curies":[{"name":"wp","href":"https:\/\/api.w.org\/{rel}","templated":true}]}}