{"id":172997,"date":"2026-01-25T17:03:00","date_gmt":"2026-01-25T20:03:00","guid":{"rendered":"https:\/\/portaltela.pt\/noticias\/2026\/01\/25\/anisio-estreia-se-pelo-benfica-a-marcar-e-mostra-evolucao\/"},"modified":"2026-01-25T17:03:00","modified_gmt":"2026-01-25T20:03:00","slug":"anisio-estreia-se-pelo-benfica-a-marcar-e-mostra-evolucao","status":"publish","type":"post","link":"https:\/\/portaltela.pt\/desporto\/futebol\/2026\/01\/25\/anisio-estreia-se-pelo-benfica-a-marcar-e-mostra-evolucao\/","title":{"rendered":"An\u00edsio estreia-se pelo Benfica a marcar e mostra evolu\u00e7\u00e3o"},"content":{"rendered":"<p>An\u00edsio Cabral, atacante do Benfica, viveu uma noite marcante aos 17 anos. Entrou aos 82:37 e marcou aos 83:39 no duelo contra o Estrela da Amadora. O jogador destacou-se numa campanha que tem atra\u00eddo aten\u00e7\u00f5es pelo Mundial de sub-17, disputado em Doha, no Qatar.<\/p>\n<p>O jovem internacional portugu\u00eas lidera a lista de melhor marcador no torneio, com cinco gols. Contou com um papel decisivo na vit\u00f3ria dos 16-avos-de-final contra a B\u00e9lgica, apontando dois dos 2-1 para a equipa orientada por Bino Ma\u00e7\u00e3es.<\/p>\n<p>Nelson Lemos, presidente do Alta de Lisboa, acompanhou o percurso do jogador desde os seus primeiros passos na escola ligada ao clube. O Alta de Lisboa tem na forma\u00e7\u00e3o uma tradi\u00e7\u00e3o de gerar talentos que chegaram ao Benfica, como Stevan Manuel e Andreson Semedo, irm\u00e3os de nomes conhecidos no futeboI l portugu\u00eas.<\/p>\n<h3>A liga\u00e7\u00e3o entre Alta de Lisboa e o talento<\/h3>\n<p>Lemos recorda que An\u00edsio, Andreson e Stevan chegaram a jogar juntos no Alta de Lisboa, o que chegou a criar dificuldades log\u00edsticas para a equipa. Mesmo quando j\u00e1 tinham liga\u00e7\u00e3o ao Benfica, o trio mantinha o v\u00ednculo com o clube da forma\u00e7\u00e3o. O objetivo \u00e9 manter a liga\u00e7\u00e3o dos jovens ao emblema do bairro atrav\u00e9s de iniciativas de reaproxima\u00e7\u00e3o.<\/p>\n<p>O presidente do Alta de Lisboa admite que An\u00edsio n\u00e3o visita o clube com frequ\u00eancia, mas pretende convid\u00e1-lo para um evento solid\u00e1rio de Natal. A ideia \u00e9 mostrar que o clube pode servir de refer\u00eancia para muitos mi\u00fados que treinam na escola.<\/p>\n<h3>Perspetivas futuras e forma\u00e7\u00e3o<\/h3>\n<p>Lemos afirma que o evoluir de An\u00edsio \u00e9 promissor e que o jogador, que j\u00e1 estreou pelos sub-23, tem tudo para consolidar-se no Benfica. O dirigente salienta a virtude de manter o foco, humildade e disciplina para chegar ao topo do futebol profissional.<\/p>\n<p>Apesar do entusiasmo, o Alta de Lisboa deixa claro que n\u00e3o percebe grandes retornos financeiros caso os jogadores fa\u00e7am carreira longe do clube. A maior parte dos talentos abandona o clube antes dos 11 anos, o que complica o acesso a mecanismos de solidariedade.<\/p>\n","protected":false},"excerpt":{"rendered":"<ul>\n<li>An\u00edsio Cabral, j\u00fanior avan\u00e7ado do Benfica com 17 anos, entrou aos 82:37 e marcou aos 83:39 no jogo contra o Estrela da Amadora.<\/li>\n<li>O jogador destacou-se no Mundial de sub-17, em Doha, Qatar, onde lidera a tabela de goleadores com cinco tentos, incluindo o golo que deu o t\u00edtulo a Portugal.<\/li>\n<li>Nelson Lemos, presidente do Alta de Lisboa, recorda que An\u00edsio come\u00e7ou no clube, onde j\u00e1 treinaram juntos outros jovens promissores.<\/li>\n<li>Lemos afirma que An\u00edsio tem potencial para chegar \u00e0 equipa principal do Benfica e ressalva o orgulho do clube pela evolu\u00e7\u00e3o do avan\u00e7ado.<\/li>\n<li>O dirigente admite que, no futuro, o Alta de Lisboa pode ter menos benef\u00edcio financeiro com quem se afirma, devido \u00e0 sa\u00edda de muitos talentos antes dos 11 anos.<\/li>\n<\/ul>\n","protected":false},"author":2,"featured_media":173007,"comment_status":"closed","ping_status":"closed","sticky":false,"template":"","format":"standard","meta":{"footnotes":""},"categories":[21,24],"tags":[4259,4256,1946,1489,1290,47],"class_list":["post-172997","post","type-post","status-publish","format-standard","has-post-thumbnail","hentry","category-desporto","category-futebol","tag-alta-de-lisboa","tag-anisio-cabral","tag-benfica","tag-estrela-da-amadora","tag-formacao","tag-mundial"],"yoast_head":"<!-- This site is optimized with the Yoast SEO plugin v27.2 - https:\/\/yoast.com\/product\/yoast-seo-wordpress\/ -->\n<title>An\u00edsio estreia-se pelo Benfica a marcar e mostra evolu\u00e7\u00e3o - Portal Tela Portugal<\/title>\n<meta name=\"robots\" content=\"index, follow, max-snippet:-1, max-image-preview:large, max-video-preview:-1\" \/>\n<meta property=\"og:locale\" content=\"pt_PT\" \/>\n<meta property=\"og:type\" content=\"article\" \/>\n<meta property=\"og:title\" content=\"An\u00edsio estreia-se pelo Benfica a marcar e mostra evolu\u00e7\u00e3o - Portal Tela Portugal\" \/>\n<meta property=\"og:description\" content=\"An\u00edsio Cabral, j\u00fanior avan\u00e7ado do Benfica com 17 anos, entrou aos 82:37 e marcou aos 83:39 no jogo contra o Estrela da Amadora. O jogador destacou-se no Mundial de sub-17, em Doha, Qatar, onde lidera a tabela de goleadores com cinco tentos, incluindo o golo que deu o t\u00edtulo a Portugal. Nelson Lemos, presidente do Alta de Lisboa, recorda que An\u00edsio come\u00e7ou no clube, onde j\u00e1 treinaram juntos outros jovens promissores. Lemos afirma que An\u00edsio tem potencial para chegar \u00e0 equipa principal do Benfica e ressalva o orgulho do clube pela evolu\u00e7\u00e3o do avan\u00e7ado. O dirigente admite que, no futuro, o Alta de Lisboa pode ter menos benef\u00edcio financeiro com quem se afirma, devido \u00e0 sa\u00edda de muitos talentos antes dos 11 anos.\" \/>\n<meta property=\"og:url\" content=\"https:\/\/portaltela.pt\/noticias\/2026\/01\/25\/anisio-estreia-se-pelo-benfica-a-marcar-e-mostra-evolucao\/\" \/>\n<meta property=\"og:site_name\" content=\"Portal Tela Portugal\" \/>\n<meta property=\"article:published_time\" content=\"2026-01-25T20:03:00+00:00\" \/>\n<meta name=\"author\" content=\"Telinha\" \/>\n<meta name=\"twitter:card\" content=\"summary_large_image\" \/>\n<meta name=\"twitter:label1\" content=\"Escrito por\" \/>\n\t<meta name=\"twitter:data1\" content=\"Telinha\" \/>\n\t<meta name=\"twitter:label2\" content=\"Tempo estimado de leitura\" \/>\n\t<meta name=\"twitter:data2\" content=\"2 minutos\" \/>\n<script type=\"application\/ld+json\" class=\"yoast-schema-graph\">{\"@context\":\"https:\/\/schema.org\",\"@graph\":[{\"@type\":\"Article\",\"@id\":\"https:\/\/portaltela.pt\/noticias\/2026\/01\/25\/anisio-estreia-se-pelo-benfica-a-marcar-e-mostra-evolucao\/#article\",\"isPartOf\":{\"@id\":\"https:\/\/portaltela.pt\/noticias\/2026\/01\/25\/anisio-estreia-se-pelo-benfica-a-marcar-e-mostra-evolucao\/\"},\"author\":{\"name\":\"Telinha\",\"@id\":\"https:\/\/portaltela.pt\/#\/schema\/person\/c4278d4a6028830caff9ee44b42d32ed\"},\"headline\":\"An\u00edsio estreia-se pelo Benfica a marcar e mostra evolu\u00e7\u00e3o\",\"datePublished\":\"2026-01-25T20:03:00+00:00\",\"mainEntityOfPage\":{\"@id\":\"https:\/\/portaltela.pt\/noticias\/2026\/01\/25\/anisio-estreia-se-pelo-benfica-a-marcar-e-mostra-evolucao\/\"},\"wordCount\":370,\"image\":{\"@id\":\"https:\/\/portaltela.pt\/noticias\/2026\/01\/25\/anisio-estreia-se-pelo-benfica-a-marcar-e-mostra-evolucao\/#primaryimage\"},\"thumbnailUrl\":\"https:\/\/portaltela.pt\/s.01k8rhncp4jt1\/2026\/01\/img_293x165uu2026-01-25-20-02-39-2417332-1.jpg\",\"keywords\":[\"Alta de Lisboa\",\"An\u00edsio Cabral\",\"Benfica\",\"Estrela da Amadora\",\"forma\u00e7\u00e3o\",\"mundial\"],\"articleSection\":[\"Desporto\",\"Futebol\"],\"inLanguage\":\"pt-PT\"},{\"@type\":\"WebPage\",\"@id\":\"https:\/\/portaltela.pt\/noticias\/2026\/01\/25\/anisio-estreia-se-pelo-benfica-a-marcar-e-mostra-evolucao\/\",\"url\":\"https:\/\/portaltela.pt\/noticias\/2026\/01\/25\/anisio-estreia-se-pelo-benfica-a-marcar-e-mostra-evolucao\/\",\"name\":\"An\u00edsio estreia-se pelo Benfica a marcar e mostra evolu\u00e7\u00e3o - Portal Tela Portugal\",\"isPartOf\":{\"@id\":\"https:\/\/portaltela.pt\/#website\"},\"primaryImageOfPage\":{\"@id\":\"https:\/\/portaltela.pt\/noticias\/2026\/01\/25\/anisio-estreia-se-pelo-benfica-a-marcar-e-mostra-evolucao\/#primaryimage\"},\"image\":{\"@id\":\"https:\/\/portaltela.pt\/noticias\/2026\/01\/25\/anisio-estreia-se-pelo-benfica-a-marcar-e-mostra-evolucao\/#primaryimage\"},\"thumbnailUrl\":\"https:\/\/portaltela.pt\/s.01k8rhncp4jt1\/2026\/01\/img_293x165uu2026-01-25-20-02-39-2417332-1.jpg\",\"datePublished\":\"2026-01-25T20:03:00+00:00\",\"author\":{\"@id\":\"https:\/\/portaltela.pt\/#\/schema\/person\/c4278d4a6028830caff9ee44b42d32ed\"},\"breadcrumb\":{\"@id\":\"https:\/\/portaltela.pt\/noticias\/2026\/01\/25\/anisio-estreia-se-pelo-benfica-a-marcar-e-mostra-evolucao\/#breadcrumb\"},\"inLanguage\":\"pt-PT\",\"potentialAction\":[{\"@type\":\"ReadAction\",\"target\":[\"https:\/\/portaltela.pt\/noticias\/2026\/01\/25\/anisio-estreia-se-pelo-benfica-a-marcar-e-mostra-evolucao\/\"]}]},{\"@type\":\"ImageObject\",\"inLanguage\":\"pt-PT\",\"@id\":\"https:\/\/portaltela.pt\/noticias\/2026\/01\/25\/anisio-estreia-se-pelo-benfica-a-marcar-e-mostra-evolucao\/#primaryimage\",\"url\":\"https:\/\/portaltela.pt\/s.01k8rhncp4jt1\/2026\/01\/img_293x165uu2026-01-25-20-02-39-2417332-1.jpg\",\"contentUrl\":\"https:\/\/portaltela.pt\/s.01k8rhncp4jt1\/2026\/01\/img_293x165uu2026-01-25-20-02-39-2417332-1.jpg\",\"width\":796,\"height\":448,\"caption\":\"Da chegada ao Alta de Lisboa \u00e0 \\\"evolu\u00e7\u00e3o enorme\\\"\"},{\"@type\":\"BreadcrumbList\",\"@id\":\"https:\/\/portaltela.pt\/noticias\/2026\/01\/25\/anisio-estreia-se-pelo-benfica-a-marcar-e-mostra-evolucao\/#breadcrumb\",\"itemListElement\":[{\"@type\":\"ListItem\",\"position\":1,\"name\":\"In\u00edcio\",\"item\":\"https:\/\/portaltela.pt\/\"},{\"@type\":\"ListItem\",\"position\":2,\"name\":\"An\u00edsio estreia-se pelo Benfica a marcar e mostra evolu\u00e7\u00e3o\"}]},{\"@type\":\"WebSite\",\"@id\":\"https:\/\/portaltela.pt\/#website\",\"url\":\"https:\/\/portaltela.pt\/\",\"name\":\"Portal Tela Portugal\",\"description\":\"\",\"potentialAction\":[{\"@type\":\"SearchAction\",\"target\":{\"@type\":\"EntryPoint\",\"urlTemplate\":\"https:\/\/portaltela.pt\/?s={search_term_string}\"},\"query-input\":{\"@type\":\"PropertyValueSpecification\",\"valueRequired\":true,\"valueName\":\"search_term_string\"}}],\"inLanguage\":\"pt-PT\"},{\"@type\":\"Person\",\"@id\":\"https:\/\/portaltela.pt\/#\/schema\/person\/c4278d4a6028830caff9ee44b42d32ed\",\"name\":\"Telinha\",\"image\":{\"@type\":\"ImageObject\",\"inLanguage\":\"pt-PT\",\"@id\":\"https:\/\/portaltela.pt\/s.01k8rhncp4jt1\/2025\/11\/talking-bot-125x125.png\",\"url\":\"https:\/\/portaltela.pt\/s.01k8rhncp4jt1\/2025\/11\/talking-bot-125x125.png\",\"contentUrl\":\"https:\/\/portaltela.pt\/s.01k8rhncp4jt1\/2025\/11\/talking-bot-125x125.png\",\"caption\":\"Telinha\"},\"sameAs\":[\"https:\/\/portaltela.pt\/\"],\"url\":\"https:\/\/portaltela.pt\/por\/367410592786\/\"}]}<\/script>\n<!-- \/ Yoast SEO plugin. -->","yoast_head_json":{"title":"An\u00edsio estreia-se pelo Benfica a marcar e mostra evolu\u00e7\u00e3o - Portal Tela Portugal","robots":{"index":"index","follow":"follow","max-snippet":"max-snippet:-1","max-image-preview":"max-image-preview:large","max-video-preview":"max-video-preview:-1"},"og_locale":"pt_PT","og_type":"article","og_title":"An\u00edsio estreia-se pelo Benfica a marcar e mostra evolu\u00e7\u00e3o - Portal Tela Portugal","og_description":"An\u00edsio Cabral, j\u00fanior avan\u00e7ado do Benfica com 17 anos, entrou aos 82:37 e marcou aos 83:39 no jogo contra o Estrela da Amadora. O jogador destacou-se no Mundial de sub-17, em Doha, Qatar, onde lidera a tabela de goleadores com cinco tentos, incluindo o golo que deu o t\u00edtulo a Portugal. Nelson Lemos, presidente do Alta de Lisboa, recorda que An\u00edsio come\u00e7ou no clube, onde j\u00e1 treinaram juntos outros jovens promissores. Lemos afirma que An\u00edsio tem potencial para chegar \u00e0 equipa principal do Benfica e ressalva o orgulho do clube pela evolu\u00e7\u00e3o do avan\u00e7ado. O dirigente admite que, no futuro, o Alta de Lisboa pode ter menos benef\u00edcio financeiro com quem se afirma, devido \u00e0 sa\u00edda de muitos talentos antes dos 11 anos.","og_url":"https:\/\/portaltela.pt\/noticias\/2026\/01\/25\/anisio-estreia-se-pelo-benfica-a-marcar-e-mostra-evolucao\/","og_site_name":"Portal Tela Portugal","article_published_time":"2026-01-25T20:03:00+00:00","author":"Telinha","twitter_card":"summary_large_image","twitter_misc":{"Escrito por":"Telinha","Tempo estimado de leitura":"2 minutos"},"schema":{"@context":"https:\/\/schema.org","@graph":[{"@type":"Article","@id":"https:\/\/portaltela.pt\/noticias\/2026\/01\/25\/anisio-estreia-se-pelo-benfica-a-marcar-e-mostra-evolucao\/#article","isPartOf":{"@id":"https:\/\/portaltela.pt\/noticias\/2026\/01\/25\/anisio-estreia-se-pelo-benfica-a-marcar-e-mostra-evolucao\/"},"author":{"name":"Telinha","@id":"https:\/\/portaltela.pt\/#\/schema\/person\/c4278d4a6028830caff9ee44b42d32ed"},"headline":"An\u00edsio estreia-se pelo Benfica a marcar e mostra evolu\u00e7\u00e3o","datePublished":"2026-01-25T20:03:00+00:00","mainEntityOfPage":{"@id":"https:\/\/portaltela.pt\/noticias\/2026\/01\/25\/anisio-estreia-se-pelo-benfica-a-marcar-e-mostra-evolucao\/"},"wordCount":370,"image":{"@id":"https:\/\/portaltela.pt\/noticias\/2026\/01\/25\/anisio-estreia-se-pelo-benfica-a-marcar-e-mostra-evolucao\/#primaryimage"},"thumbnailUrl":"https:\/\/portaltela.pt\/s.01k8rhncp4jt1\/2026\/01\/img_293x165uu2026-01-25-20-02-39-2417332-1.jpg","keywords":["Alta de Lisboa","An\u00edsio Cabral","Benfica","Estrela da Amadora","forma\u00e7\u00e3o","mundial"],"articleSection":["Desporto","Futebol"],"inLanguage":"pt-PT"},{"@type":"WebPage","@id":"https:\/\/portaltela.pt\/noticias\/2026\/01\/25\/anisio-estreia-se-pelo-benfica-a-marcar-e-mostra-evolucao\/","url":"https:\/\/portaltela.pt\/noticias\/2026\/01\/25\/anisio-estreia-se-pelo-benfica-a-marcar-e-mostra-evolucao\/","name":"An\u00edsio estreia-se pelo Benfica a marcar e mostra evolu\u00e7\u00e3o - Portal Tela Portugal","isPartOf":{"@id":"https:\/\/portaltela.pt\/#website"},"primaryImageOfPage":{"@id":"https:\/\/portaltela.pt\/noticias\/2026\/01\/25\/anisio-estreia-se-pelo-benfica-a-marcar-e-mostra-evolucao\/#primaryimage"},"image":{"@id":"https:\/\/portaltela.pt\/noticias\/2026\/01\/25\/anisio-estreia-se-pelo-benfica-a-marcar-e-mostra-evolucao\/#primaryimage"},"thumbnailUrl":"https:\/\/portaltela.pt\/s.01k8rhncp4jt1\/2026\/01\/img_293x165uu2026-01-25-20-02-39-2417332-1.jpg","datePublished":"2026-01-25T20:03:00+00:00","author":{"@id":"https:\/\/portaltela.pt\/#\/schema\/person\/c4278d4a6028830caff9ee44b42d32ed"},"breadcrumb":{"@id":"https:\/\/portaltela.pt\/noticias\/2026\/01\/25\/anisio-estreia-se-pelo-benfica-a-marcar-e-mostra-evolucao\/#breadcrumb"},"inLanguage":"pt-PT","potentialAction":[{"@type":"ReadAction","target":["https:\/\/portaltela.pt\/noticias\/2026\/01\/25\/anisio-estreia-se-pelo-benfica-a-marcar-e-mostra-evolucao\/"]}]},{"@type":"ImageObject","inLanguage":"pt-PT","@id":"https:\/\/portaltela.pt\/noticias\/2026\/01\/25\/anisio-estreia-se-pelo-benfica-a-marcar-e-mostra-evolucao\/#primaryimage","url":"https:\/\/portaltela.pt\/s.01k8rhncp4jt1\/2026\/01\/img_293x165uu2026-01-25-20-02-39-2417332-1.jpg","contentUrl":"https:\/\/portaltela.pt\/s.01k8rhncp4jt1\/2026\/01\/img_293x165uu2026-01-25-20-02-39-2417332-1.jpg","width":796,"height":448,"caption":"Da chegada ao Alta de Lisboa \u00e0 \"evolu\u00e7\u00e3o enorme\""},{"@type":"BreadcrumbList","@id":"https:\/\/portaltela.pt\/noticias\/2026\/01\/25\/anisio-estreia-se-pelo-benfica-a-marcar-e-mostra-evolucao\/#breadcrumb","itemListElement":[{"@type":"ListItem","position":1,"name":"In\u00edcio","item":"https:\/\/portaltela.pt\/"},{"@type":"ListItem","position":2,"name":"An\u00edsio estreia-se pelo Benfica a marcar e mostra evolu\u00e7\u00e3o"}]},{"@type":"WebSite","@id":"https:\/\/portaltela.pt\/#website","url":"https:\/\/portaltela.pt\/","name":"Portal Tela Portugal","description":"","potentialAction":[{"@type":"SearchAction","target":{"@type":"EntryPoint","urlTemplate":"https:\/\/portaltela.pt\/?s={search_term_string}"},"query-input":{"@type":"PropertyValueSpecification","valueRequired":true,"valueName":"search_term_string"}}],"inLanguage":"pt-PT"},{"@type":"Person","@id":"https:\/\/portaltela.pt\/#\/schema\/person\/c4278d4a6028830caff9ee44b42d32ed","name":"Telinha","image":{"@type":"ImageObject","inLanguage":"pt-PT","@id":"https:\/\/portaltela.pt\/s.01k8rhncp4jt1\/2025\/11\/talking-bot-125x125.png","url":"https:\/\/portaltela.pt\/s.01k8rhncp4jt1\/2025\/11\/talking-bot-125x125.png","contentUrl":"https:\/\/portaltela.pt\/s.01k8rhncp4jt1\/2025\/11\/talking-bot-125x125.png","caption":"Telinha"},"sameAs":["https:\/\/portaltela.pt\/"],"url":"https:\/\/portaltela.pt\/por\/367410592786\/"}]}},"_links":{"self":[{"href":"https:\/\/portaltela.pt\/api\/wp\/v2\/posts\/172997","targetHints":{"allow":["GET"]}}],"collection":[{"href":"https:\/\/portaltela.pt\/api\/wp\/v2\/posts"}],"about":[{"href":"https:\/\/portaltela.pt\/api\/wp\/v2\/types\/post"}],"author":[{"embeddable":true,"href":"https:\/\/portaltela.pt\/api\/wp\/v2\/users\/2"}],"replies":[{"embeddable":true,"href":"https:\/\/portaltela.pt\/api\/wp\/v2\/comments?post=172997"}],"version-history":[{"count":0,"href":"https:\/\/portaltela.pt\/api\/wp\/v2\/posts\/172997\/revisions"}],"wp:featuredmedia":[{"embeddable":true,"href":"https:\/\/portaltela.pt\/api\/wp\/v2\/media\/173007"}],"wp:attachment":[{"href":"https:\/\/portaltela.pt\/api\/wp\/v2\/media?parent=172997"}],"wp:term":[{"taxonomy":"category","embeddable":true,"href":"https:\/\/portaltela.pt\/api\/wp\/v2\/categories?post=172997"},{"taxonomy":"post_tag","embeddable":true,"href":"https:\/\/portaltela.pt\/api\/wp\/v2\/tags?post=172997"}],"curies":[{"name":"wp","href":"https:\/\/api.w.org\/{rel}","templated":true}]}}