{"id":172953,"date":"2026-01-25T17:31:00","date_gmt":"2026-01-25T20:31:00","guid":{"rendered":"https:\/\/portaltela.pt\/noticias\/2026\/01\/25\/ventura-desafia-seguro-a-dizer-se-pretende-acabar-com-duplicacao-de-subvencoes\/"},"modified":"2026-01-25T17:31:00","modified_gmt":"2026-01-25T20:31:00","slug":"ventura-desafia-seguro-a-dizer-se-pretende-acabar-com-duplicacao-de-subvencoes","status":"publish","type":"post","link":"https:\/\/portaltela.pt\/noticias\/politica\/2026\/01\/25\/ventura-desafia-seguro-a-dizer-se-pretende-acabar-com-duplicacao-de-subvencoes\/","title":{"rendered":"Ventura desafia Seguro a dizer se pretende acabar com duplica\u00e7\u00e3o de subven\u00e7\u00f5es"},"content":{"rendered":"<p>O candidato Andr\u00e9 Ventura desafiou Ant\u00f3nio Jos\u00e9 Seguro a clarificar se pretende alterar a Constitui\u00e7\u00e3o para terminar com a duplica\u00e7\u00e3o de subven\u00e7\u00f5es vital\u00edcias de antigos titulares de cargos p\u00fablicos, como Armando Vara. A exig\u00eancia foi feita durante uma interven\u00e7\u00e3o em Caldas da Rainha.<\/p>\n<p>O ato aconteceu numa arruada com mais de uma centena de apoiantes, na frente da est\u00e1tua da Rainha D. Leonor, no distrito de Leiria. A iniciativa ocorreu a 8 de fevereiro, em v\u00e9spera da segunda volta das presidenciais.<\/p>\n<p>Ventura mencionou uma not\u00edcia do Correio da Manh\u00e3 sobre pol\u00edticos que acumulam duas pens\u00f5es vital\u00edcias, citando Vara como exemplo. Defendeu que o tema merece resposta p\u00fablica por parte do advers\u00e1rio.<\/p>\n<h3>Contexto<\/h3>\n<p>O l\u00edder do Chega insistiu que a mudan\u00e7a constitucional visa evitar que situa\u00e7\u00f5es como a de Vara se repitam. Afirmou sentir que a sua posi\u00e7\u00e3o \u00e9 minorit\u00e1ria dentro da campanha.<\/p>\n<p>Acusou Seguro de manter sil\u00eancio porque poderia ter liga\u00e7\u00f5es com pessoas que recebem subven\u00e7\u00f5es vital\u00edcias. Ressalvou que a comunica\u00e7\u00e3o do advers\u00e1rio no terreno \u00e9 uma parte relevante da contenda eleitoral.<\/p>\n","protected":false},"excerpt":{"rendered":"<ul>\n<li>O candidato Andr\u00e9 Ventura desafiou Ant\u00f3nio Jos\u00e9 Seguro a clarificar se pretende ou n\u00e3o mudar a Constitui\u00e7\u00e3o para acabar com a duplica\u00e7\u00e3o de subven\u00e7\u00f5es vital\u00edcias de antigos detentores de cargos p\u00fablicos, como Armando Vara.<\/li>\n<li>Ventura alegou que algumas pessoas recebem duas subven\u00e7\u00f5es vital\u00edcias e que h\u00e1 casos de pessoas presas, questionando se isso faz sentido no sistema pol\u00edtico atual.<\/li>\n<li>O Chega utiliza a not\u00edcia do Correio da Manh\u00e3 sobre acumularem duas pens\u00f5es vital\u00edcias para pedir resposta a Seguro sobre a mudan\u00e7a constitucional.<\/li>\n<li>Ventura afirmou que pretende evitar que situa\u00e7\u00f5es pare\u00e7am repetir-se e acusou Seguro de ter liga\u00e7\u00f5es a interesses do sistema bipartid\u00e1rio PS-PSD e de n\u00e3o apresentar propostas.<\/li>\n<li>A protesta\u00e7\u00e3o ocorreu nas Caldas da Rainha, numa arruada que reuniu mais de uma centena de apoiantes, em prepara\u00e7\u00e3o para a segunda volta das elei\u00e7\u00f5es presidenciais de 8 de fevereiro.<\/li>\n<\/ul>\n","protected":false},"author":2,"featured_media":172967,"comment_status":"closed","ping_status":"closed","sticky":false,"template":"","format":"standard","meta":{"footnotes":""},"categories":[1,5],"tags":[823,2832,229,3001,2185,2558],"class_list":["post-172953","post","type-post","status-publish","format-standard","has-post-thumbnail","hentry","category-noticias","category-politica","tag-campanha","tag-politica","tag-politica-publica","tag-presidenciais","tag-subsidio-mensal-vitalicio","tag-ventura"],"yoast_head":"<!-- This site is optimized with the Yoast SEO plugin v27.2 - https:\/\/yoast.com\/product\/yoast-seo-wordpress\/ -->\n<title>Ventura desafia Seguro a dizer se pretende acabar com duplica\u00e7\u00e3o de subven\u00e7\u00f5es - Portal Tela Portugal<\/title>\n<meta name=\"robots\" content=\"index, follow, max-snippet:-1, max-image-preview:large, max-video-preview:-1\" \/>\n<meta property=\"og:locale\" content=\"pt_PT\" \/>\n<meta property=\"og:type\" content=\"article\" \/>\n<meta property=\"og:title\" content=\"Ventura desafia Seguro a dizer se pretende acabar com duplica\u00e7\u00e3o de subven\u00e7\u00f5es - Portal Tela Portugal\" \/>\n<meta property=\"og:description\" content=\"O candidato Andr\u00e9 Ventura desafiou Ant\u00f3nio Jos\u00e9 Seguro a clarificar se pretende ou n\u00e3o mudar a Constitui\u00e7\u00e3o para acabar com a duplica\u00e7\u00e3o de subven\u00e7\u00f5es vital\u00edcias de antigos detentores de cargos p\u00fablicos, como Armando Vara. Ventura alegou que algumas pessoas recebem duas subven\u00e7\u00f5es vital\u00edcias e que h\u00e1 casos de pessoas presas, questionando se isso faz sentido no sistema pol\u00edtico atual. O Chega utiliza a not\u00edcia do Correio da Manh\u00e3 sobre acumularem duas pens\u00f5es vital\u00edcias para pedir resposta a Seguro sobre a mudan\u00e7a constitucional. Ventura afirmou que pretende evitar que situa\u00e7\u00f5es pare\u00e7am repetir-se e acusou Seguro de ter liga\u00e7\u00f5es a interesses do sistema bipartid\u00e1rio PS-PSD e de n\u00e3o apresentar propostas. A protesta\u00e7\u00e3o ocorreu nas Caldas da Rainha, numa arruada que reuniu mais de uma centena de apoiantes, em prepara\u00e7\u00e3o para a segunda volta das elei\u00e7\u00f5es presidenciais de 8 de fevereiro.\" \/>\n<meta property=\"og:url\" content=\"https:\/\/portaltela.pt\/noticias\/2026\/01\/25\/ventura-desafia-seguro-a-dizer-se-pretende-acabar-com-duplicacao-de-subvencoes\/\" \/>\n<meta property=\"og:site_name\" content=\"Portal Tela Portugal\" \/>\n<meta property=\"article:published_time\" content=\"2026-01-25T20:31:00+00:00\" \/>\n<meta name=\"author\" content=\"Telinha\" \/>\n<meta name=\"twitter:card\" content=\"summary_large_image\" \/>\n<meta name=\"twitter:label1\" content=\"Escrito por\" \/>\n\t<meta name=\"twitter:data1\" content=\"Telinha\" \/>\n\t<meta name=\"twitter:label2\" content=\"Tempo estimado de leitura\" \/>\n\t<meta name=\"twitter:data2\" content=\"1 minuto\" \/>\n<script type=\"application\/ld+json\" class=\"yoast-schema-graph\">{\"@context\":\"https:\/\/schema.org\",\"@graph\":[{\"@type\":\"Article\",\"@id\":\"https:\/\/portaltela.pt\/noticias\/2026\/01\/25\/ventura-desafia-seguro-a-dizer-se-pretende-acabar-com-duplicacao-de-subvencoes\/#article\",\"isPartOf\":{\"@id\":\"https:\/\/portaltela.pt\/noticias\/2026\/01\/25\/ventura-desafia-seguro-a-dizer-se-pretende-acabar-com-duplicacao-de-subvencoes\/\"},\"author\":{\"name\":\"Telinha\",\"@id\":\"https:\/\/portaltela.pt\/#\/schema\/person\/c4278d4a6028830caff9ee44b42d32ed\"},\"headline\":\"Ventura desafia Seguro a dizer se pretende acabar com duplica\u00e7\u00e3o de subven\u00e7\u00f5es\",\"datePublished\":\"2026-01-25T20:31:00+00:00\",\"mainEntityOfPage\":{\"@id\":\"https:\/\/portaltela.pt\/noticias\/2026\/01\/25\/ventura-desafia-seguro-a-dizer-se-pretende-acabar-com-duplicacao-de-subvencoes\/\"},\"wordCount\":210,\"image\":{\"@id\":\"https:\/\/portaltela.pt\/noticias\/2026\/01\/25\/ventura-desafia-seguro-a-dizer-se-pretende-acabar-com-duplicacao-de-subvencoes\/#primaryimage\"},\"thumbnailUrl\":\"https:\/\/portaltela.pt\/s.01k8rhncp4jt1\/2026\/01\/image-1726.jpg\",\"keywords\":[\"campanha\",\"pol\u00edtica\",\"pol\u00edtica p\u00fablica\",\"Presidenciais\",\"subs\u00eddio mensal vital\u00edcio\",\"Ventura\"],\"articleSection\":[\"Not\u00edcias\",\"Pol\u00edtica\"],\"inLanguage\":\"pt-PT\"},{\"@type\":\"WebPage\",\"@id\":\"https:\/\/portaltela.pt\/noticias\/2026\/01\/25\/ventura-desafia-seguro-a-dizer-se-pretende-acabar-com-duplicacao-de-subvencoes\/\",\"url\":\"https:\/\/portaltela.pt\/noticias\/2026\/01\/25\/ventura-desafia-seguro-a-dizer-se-pretende-acabar-com-duplicacao-de-subvencoes\/\",\"name\":\"Ventura desafia Seguro a dizer se pretende acabar com duplica\u00e7\u00e3o de subven\u00e7\u00f5es - Portal Tela Portugal\",\"isPartOf\":{\"@id\":\"https:\/\/portaltela.pt\/#website\"},\"primaryImageOfPage\":{\"@id\":\"https:\/\/portaltela.pt\/noticias\/2026\/01\/25\/ventura-desafia-seguro-a-dizer-se-pretende-acabar-com-duplicacao-de-subvencoes\/#primaryimage\"},\"image\":{\"@id\":\"https:\/\/portaltela.pt\/noticias\/2026\/01\/25\/ventura-desafia-seguro-a-dizer-se-pretende-acabar-com-duplicacao-de-subvencoes\/#primaryimage\"},\"thumbnailUrl\":\"https:\/\/portaltela.pt\/s.01k8rhncp4jt1\/2026\/01\/image-1726.jpg\",\"datePublished\":\"2026-01-25T20:31:00+00:00\",\"author\":{\"@id\":\"https:\/\/portaltela.pt\/#\/schema\/person\/c4278d4a6028830caff9ee44b42d32ed\"},\"breadcrumb\":{\"@id\":\"https:\/\/portaltela.pt\/noticias\/2026\/01\/25\/ventura-desafia-seguro-a-dizer-se-pretende-acabar-com-duplicacao-de-subvencoes\/#breadcrumb\"},\"inLanguage\":\"pt-PT\",\"potentialAction\":[{\"@type\":\"ReadAction\",\"target\":[\"https:\/\/portaltela.pt\/noticias\/2026\/01\/25\/ventura-desafia-seguro-a-dizer-se-pretende-acabar-com-duplicacao-de-subvencoes\/\"]}]},{\"@type\":\"ImageObject\",\"inLanguage\":\"pt-PT\",\"@id\":\"https:\/\/portaltela.pt\/noticias\/2026\/01\/25\/ventura-desafia-seguro-a-dizer-se-pretende-acabar-com-duplicacao-de-subvencoes\/#primaryimage\",\"url\":\"https:\/\/portaltela.pt\/s.01k8rhncp4jt1\/2026\/01\/image-1726.jpg\",\"contentUrl\":\"https:\/\/portaltela.pt\/s.01k8rhncp4jt1\/2026\/01\/image-1726.jpg\",\"width\":796,\"height\":448,\"caption\":\"Andr\u00e9 Ventura, l\u00edder do Chega\"},{\"@type\":\"BreadcrumbList\",\"@id\":\"https:\/\/portaltela.pt\/noticias\/2026\/01\/25\/ventura-desafia-seguro-a-dizer-se-pretende-acabar-com-duplicacao-de-subvencoes\/#breadcrumb\",\"itemListElement\":[{\"@type\":\"ListItem\",\"position\":1,\"name\":\"In\u00edcio\",\"item\":\"https:\/\/portaltela.pt\/\"},{\"@type\":\"ListItem\",\"position\":2,\"name\":\"Ventura desafia Seguro a dizer se pretende acabar com duplica\u00e7\u00e3o de subven\u00e7\u00f5es\"}]},{\"@type\":\"WebSite\",\"@id\":\"https:\/\/portaltela.pt\/#website\",\"url\":\"https:\/\/portaltela.pt\/\",\"name\":\"Portal Tela Portugal\",\"description\":\"\",\"potentialAction\":[{\"@type\":\"SearchAction\",\"target\":{\"@type\":\"EntryPoint\",\"urlTemplate\":\"https:\/\/portaltela.pt\/?s={search_term_string}\"},\"query-input\":{\"@type\":\"PropertyValueSpecification\",\"valueRequired\":true,\"valueName\":\"search_term_string\"}}],\"inLanguage\":\"pt-PT\"},{\"@type\":\"Person\",\"@id\":\"https:\/\/portaltela.pt\/#\/schema\/person\/c4278d4a6028830caff9ee44b42d32ed\",\"name\":\"Telinha\",\"image\":{\"@type\":\"ImageObject\",\"inLanguage\":\"pt-PT\",\"@id\":\"https:\/\/portaltela.pt\/s.01k8rhncp4jt1\/2025\/11\/talking-bot-125x125.png\",\"url\":\"https:\/\/portaltela.pt\/s.01k8rhncp4jt1\/2025\/11\/talking-bot-125x125.png\",\"contentUrl\":\"https:\/\/portaltela.pt\/s.01k8rhncp4jt1\/2025\/11\/talking-bot-125x125.png\",\"caption\":\"Telinha\"},\"sameAs\":[\"https:\/\/portaltela.pt\/\"],\"url\":\"https:\/\/portaltela.pt\/por\/367410592786\/\"}]}<\/script>\n<!-- \/ Yoast SEO plugin. -->","yoast_head_json":{"title":"Ventura desafia Seguro a dizer se pretende acabar com duplica\u00e7\u00e3o de subven\u00e7\u00f5es - Portal Tela Portugal","robots":{"index":"index","follow":"follow","max-snippet":"max-snippet:-1","max-image-preview":"max-image-preview:large","max-video-preview":"max-video-preview:-1"},"og_locale":"pt_PT","og_type":"article","og_title":"Ventura desafia Seguro a dizer se pretende acabar com duplica\u00e7\u00e3o de subven\u00e7\u00f5es - Portal Tela Portugal","og_description":"O candidato Andr\u00e9 Ventura desafiou Ant\u00f3nio Jos\u00e9 Seguro a clarificar se pretende ou n\u00e3o mudar a Constitui\u00e7\u00e3o para acabar com a duplica\u00e7\u00e3o de subven\u00e7\u00f5es vital\u00edcias de antigos detentores de cargos p\u00fablicos, como Armando Vara. Ventura alegou que algumas pessoas recebem duas subven\u00e7\u00f5es vital\u00edcias e que h\u00e1 casos de pessoas presas, questionando se isso faz sentido no sistema pol\u00edtico atual. O Chega utiliza a not\u00edcia do Correio da Manh\u00e3 sobre acumularem duas pens\u00f5es vital\u00edcias para pedir resposta a Seguro sobre a mudan\u00e7a constitucional. Ventura afirmou que pretende evitar que situa\u00e7\u00f5es pare\u00e7am repetir-se e acusou Seguro de ter liga\u00e7\u00f5es a interesses do sistema bipartid\u00e1rio PS-PSD e de n\u00e3o apresentar propostas. A protesta\u00e7\u00e3o ocorreu nas Caldas da Rainha, numa arruada que reuniu mais de uma centena de apoiantes, em prepara\u00e7\u00e3o para a segunda volta das elei\u00e7\u00f5es presidenciais de 8 de fevereiro.","og_url":"https:\/\/portaltela.pt\/noticias\/2026\/01\/25\/ventura-desafia-seguro-a-dizer-se-pretende-acabar-com-duplicacao-de-subvencoes\/","og_site_name":"Portal Tela Portugal","article_published_time":"2026-01-25T20:31:00+00:00","author":"Telinha","twitter_card":"summary_large_image","twitter_misc":{"Escrito por":"Telinha","Tempo estimado de leitura":"1 minuto"},"schema":{"@context":"https:\/\/schema.org","@graph":[{"@type":"Article","@id":"https:\/\/portaltela.pt\/noticias\/2026\/01\/25\/ventura-desafia-seguro-a-dizer-se-pretende-acabar-com-duplicacao-de-subvencoes\/#article","isPartOf":{"@id":"https:\/\/portaltela.pt\/noticias\/2026\/01\/25\/ventura-desafia-seguro-a-dizer-se-pretende-acabar-com-duplicacao-de-subvencoes\/"},"author":{"name":"Telinha","@id":"https:\/\/portaltela.pt\/#\/schema\/person\/c4278d4a6028830caff9ee44b42d32ed"},"headline":"Ventura desafia Seguro a dizer se pretende acabar com duplica\u00e7\u00e3o de subven\u00e7\u00f5es","datePublished":"2026-01-25T20:31:00+00:00","mainEntityOfPage":{"@id":"https:\/\/portaltela.pt\/noticias\/2026\/01\/25\/ventura-desafia-seguro-a-dizer-se-pretende-acabar-com-duplicacao-de-subvencoes\/"},"wordCount":210,"image":{"@id":"https:\/\/portaltela.pt\/noticias\/2026\/01\/25\/ventura-desafia-seguro-a-dizer-se-pretende-acabar-com-duplicacao-de-subvencoes\/#primaryimage"},"thumbnailUrl":"https:\/\/portaltela.pt\/s.01k8rhncp4jt1\/2026\/01\/image-1726.jpg","keywords":["campanha","pol\u00edtica","pol\u00edtica p\u00fablica","Presidenciais","subs\u00eddio mensal vital\u00edcio","Ventura"],"articleSection":["Not\u00edcias","Pol\u00edtica"],"inLanguage":"pt-PT"},{"@type":"WebPage","@id":"https:\/\/portaltela.pt\/noticias\/2026\/01\/25\/ventura-desafia-seguro-a-dizer-se-pretende-acabar-com-duplicacao-de-subvencoes\/","url":"https:\/\/portaltela.pt\/noticias\/2026\/01\/25\/ventura-desafia-seguro-a-dizer-se-pretende-acabar-com-duplicacao-de-subvencoes\/","name":"Ventura desafia Seguro a dizer se pretende acabar com duplica\u00e7\u00e3o de subven\u00e7\u00f5es - Portal Tela Portugal","isPartOf":{"@id":"https:\/\/portaltela.pt\/#website"},"primaryImageOfPage":{"@id":"https:\/\/portaltela.pt\/noticias\/2026\/01\/25\/ventura-desafia-seguro-a-dizer-se-pretende-acabar-com-duplicacao-de-subvencoes\/#primaryimage"},"image":{"@id":"https:\/\/portaltela.pt\/noticias\/2026\/01\/25\/ventura-desafia-seguro-a-dizer-se-pretende-acabar-com-duplicacao-de-subvencoes\/#primaryimage"},"thumbnailUrl":"https:\/\/portaltela.pt\/s.01k8rhncp4jt1\/2026\/01\/image-1726.jpg","datePublished":"2026-01-25T20:31:00+00:00","author":{"@id":"https:\/\/portaltela.pt\/#\/schema\/person\/c4278d4a6028830caff9ee44b42d32ed"},"breadcrumb":{"@id":"https:\/\/portaltela.pt\/noticias\/2026\/01\/25\/ventura-desafia-seguro-a-dizer-se-pretende-acabar-com-duplicacao-de-subvencoes\/#breadcrumb"},"inLanguage":"pt-PT","potentialAction":[{"@type":"ReadAction","target":["https:\/\/portaltela.pt\/noticias\/2026\/01\/25\/ventura-desafia-seguro-a-dizer-se-pretende-acabar-com-duplicacao-de-subvencoes\/"]}]},{"@type":"ImageObject","inLanguage":"pt-PT","@id":"https:\/\/portaltela.pt\/noticias\/2026\/01\/25\/ventura-desafia-seguro-a-dizer-se-pretende-acabar-com-duplicacao-de-subvencoes\/#primaryimage","url":"https:\/\/portaltela.pt\/s.01k8rhncp4jt1\/2026\/01\/image-1726.jpg","contentUrl":"https:\/\/portaltela.pt\/s.01k8rhncp4jt1\/2026\/01\/image-1726.jpg","width":796,"height":448,"caption":"Andr\u00e9 Ventura, l\u00edder do Chega"},{"@type":"BreadcrumbList","@id":"https:\/\/portaltela.pt\/noticias\/2026\/01\/25\/ventura-desafia-seguro-a-dizer-se-pretende-acabar-com-duplicacao-de-subvencoes\/#breadcrumb","itemListElement":[{"@type":"ListItem","position":1,"name":"In\u00edcio","item":"https:\/\/portaltela.pt\/"},{"@type":"ListItem","position":2,"name":"Ventura desafia Seguro a dizer se pretende acabar com duplica\u00e7\u00e3o de subven\u00e7\u00f5es"}]},{"@type":"WebSite","@id":"https:\/\/portaltela.pt\/#website","url":"https:\/\/portaltela.pt\/","name":"Portal Tela Portugal","description":"","potentialAction":[{"@type":"SearchAction","target":{"@type":"EntryPoint","urlTemplate":"https:\/\/portaltela.pt\/?s={search_term_string}"},"query-input":{"@type":"PropertyValueSpecification","valueRequired":true,"valueName":"search_term_string"}}],"inLanguage":"pt-PT"},{"@type":"Person","@id":"https:\/\/portaltela.pt\/#\/schema\/person\/c4278d4a6028830caff9ee44b42d32ed","name":"Telinha","image":{"@type":"ImageObject","inLanguage":"pt-PT","@id":"https:\/\/portaltela.pt\/s.01k8rhncp4jt1\/2025\/11\/talking-bot-125x125.png","url":"https:\/\/portaltela.pt\/s.01k8rhncp4jt1\/2025\/11\/talking-bot-125x125.png","contentUrl":"https:\/\/portaltela.pt\/s.01k8rhncp4jt1\/2025\/11\/talking-bot-125x125.png","caption":"Telinha"},"sameAs":["https:\/\/portaltela.pt\/"],"url":"https:\/\/portaltela.pt\/por\/367410592786\/"}]}},"_links":{"self":[{"href":"https:\/\/portaltela.pt\/api\/wp\/v2\/posts\/172953","targetHints":{"allow":["GET"]}}],"collection":[{"href":"https:\/\/portaltela.pt\/api\/wp\/v2\/posts"}],"about":[{"href":"https:\/\/portaltela.pt\/api\/wp\/v2\/types\/post"}],"author":[{"embeddable":true,"href":"https:\/\/portaltela.pt\/api\/wp\/v2\/users\/2"}],"replies":[{"embeddable":true,"href":"https:\/\/portaltela.pt\/api\/wp\/v2\/comments?post=172953"}],"version-history":[{"count":0,"href":"https:\/\/portaltela.pt\/api\/wp\/v2\/posts\/172953\/revisions"}],"wp:featuredmedia":[{"embeddable":true,"href":"https:\/\/portaltela.pt\/api\/wp\/v2\/media\/172967"}],"wp:attachment":[{"href":"https:\/\/portaltela.pt\/api\/wp\/v2\/media?parent=172953"}],"wp:term":[{"taxonomy":"category","embeddable":true,"href":"https:\/\/portaltela.pt\/api\/wp\/v2\/categories?post=172953"},{"taxonomy":"post_tag","embeddable":true,"href":"https:\/\/portaltela.pt\/api\/wp\/v2\/tags?post=172953"}],"curies":[{"name":"wp","href":"https:\/\/api.w.org\/{rel}","templated":true}]}}