{"id":172866,"date":"2026-01-25T16:51:37","date_gmt":"2026-01-25T19:51:37","guid":{"rendered":"https:\/\/portaltela.pt\/noticias\/2026\/01\/25\/podcast-4-persistencia-da-assimetria-socioeconomica-em-portugal\/"},"modified":"2026-01-25T16:51:37","modified_gmt":"2026-01-25T19:51:37","slug":"podcast-4-persistencia-da-assimetria-socioeconomica-em-portugal","status":"publish","type":"post","link":"https:\/\/portaltela.pt\/noticias\/politica\/2026\/01\/25\/podcast-4-persistencia-da-assimetria-socioeconomica-em-portugal\/","title":{"rendered":"Podcast 4: Persist\u00eancia da assimetria socioecon\u00f3mica em Portugal"},"content":{"rendered":"<p>O podcast n\u00ba 4 analisa a persistente assimetria socioecon\u00f3mica em Portugal, a partir de um artigo de Carlos Tavares. O foco \u00e9 o distanciamento entre o litoral e o interior, apesar de d\u00e9cadas de fundos europeus. O texto destaca a concentra\u00e7\u00e3o de riqueza e de infraestruturas na \u00c1rea Metropolitana de Lisboa.<\/p>\n<p>Segundo a an\u00e1lise, h\u00e1 desertifica\u00e7\u00e3o humana e car\u00eancia de servi\u00e7os essenciais nas regi\u00f5es perif\u00e9ricas. As promessas pol\u00edticas n\u00e3o ter\u00e3o cumprido os objetivos de coes\u00e3o devido a investimentos p\u00fablicos centralizados e a medidas fiscais que n\u00e3o produziram os resultados desejados.<\/p>\n<p>Carlos Tavares defende uma reforma profunda do Estado para favorecer a descentraliza\u00e7\u00e3o administrativa e tornar o sistema eleitoral mais representativo. O objetivo \u00e9 criar condi\u00e7\u00f5es para uma converg\u00eancia que v\u00e1 al\u00e9m dos grandes centros urbanos.<\/p>\n<h3>Contexto e perspetivas<\/h3>\n<p>O autor sustenta que o sucesso da converg\u00eancia depende de pol\u00edticas de longo prazo. Distingue entre estrat\u00e9gias que privilegiam o litoral e aquelas que incentivem a fixa\u00e7\u00e3o de empresas e pessoas no interior.<\/p>\n<p>O podcast partilha ainda recomenda\u00e7\u00f5es sobre instrumentos de pol\u00edtica p\u00fablica que promovam a fixa\u00e7\u00e3o populacional e o desenvolvimento equitativo de infraestruturas e servi\u00e7os. A discuss\u00e3o situa-se no \u00e2mbito da an\u00e1lise de pol\u00edticas de coes\u00e3o.<\/p>\n<h3>Fontes e disponibilidade<\/h3>\n<p>O conte\u00fado base inclui o epis\u00f3dio em formato \u00e1udio dispon\u00edvel no site da organiza\u00e7\u00e3o associada. A refer\u00eancia total \u00e9 o artigo de Carlos Tavares e o relat\u00f3rio que o acompanha. A divulga\u00e7\u00e3o n\u00e3o envolve cita\u00e7\u00f5es de terceiros nem opini\u00f5es do apresentador.<\/p>\n","protected":false},"excerpt":{"rendered":"<ul>\n<li>O podcast n\u00ba 4 analisa a persistente assimetria socioecon\u00f3mica em Portugal, com base num artigo de Carlos Tavares.<\/li>\n<li>D\u00e9cadas de fundos europeus n\u00e3o conseguiram travar o distanciamento entre o litoral e o interior.<\/li>\n<li>A \u00c1rea Metropolitana de Lisboa concentra riqueza e infraestruturas, contrastando com desertifica\u00e7\u00e3o humana e car\u00eancia de servi\u00e7os nas regi\u00f5es perif\u00e9ricas.<\/li>\n<li>As estrat\u00e9gias de coes\u00e3o falham devido a investimentos p\u00fablicos centralizados e medidas fiscais ineficazes.<\/li>\n<li>Defende-se uma reforma profunda do Estado que privilegie a descentraliza\u00e7\u00e3o administrativa e um sistema eleitoral mais representativo, com pol\u00edticas de longo prazo para fixar empresas e pessoas fora dos grandes centros.<\/li>\n<\/ul>\n","protected":false},"author":2,"featured_media":172884,"comment_status":"closed","ping_status":"closed","sticky":false,"template":"","format":"standard","meta":{"footnotes":""},"categories":[1,5],"tags":[4132,830,1275,3592,133,1014],"class_list":["post-172866","post","type-post","status-publish","format-standard","has-post-thumbnail","hentry","category-noticias","category-politica","tag-area-metropolitana-de-lisboa","tag-coesao-territorial","tag-descentralizacao-territorial","tag-desertificacao","tag-politicas-publicas","tag-portugal"],"yoast_head":"<!-- This site is optimized with the Yoast SEO plugin v27.2 - https:\/\/yoast.com\/product\/yoast-seo-wordpress\/ -->\n<title>Podcast 4: Persist\u00eancia da assimetria socioecon\u00f3mica em Portugal - Portal Tela Portugal<\/title>\n<meta name=\"robots\" content=\"index, follow, max-snippet:-1, max-image-preview:large, max-video-preview:-1\" \/>\n<meta property=\"og:locale\" content=\"pt_PT\" \/>\n<meta property=\"og:type\" content=\"article\" \/>\n<meta property=\"og:title\" content=\"Podcast 4: Persist\u00eancia da assimetria socioecon\u00f3mica em Portugal - Portal Tela Portugal\" \/>\n<meta property=\"og:description\" content=\"O podcast n\u00ba 4 analisa a persistente assimetria socioecon\u00f3mica em Portugal, com base num artigo de Carlos Tavares. D\u00e9cadas de fundos europeus n\u00e3o conseguiram travar o distanciamento entre o litoral e o interior. A \u00c1rea Metropolitana de Lisboa concentra riqueza e infraestruturas, contrastando com desertifica\u00e7\u00e3o humana e car\u00eancia de servi\u00e7os nas regi\u00f5es perif\u00e9ricas. As estrat\u00e9gias de coes\u00e3o falham devido a investimentos p\u00fablicos centralizados e medidas fiscais ineficazes. Defende-se uma reforma profunda do Estado que privilegie a descentraliza\u00e7\u00e3o administrativa e um sistema eleitoral mais representativo, com pol\u00edticas de longo prazo para fixar empresas e pessoas fora dos grandes centros.\" \/>\n<meta property=\"og:url\" content=\"https:\/\/portaltela.pt\/noticias\/2026\/01\/25\/podcast-4-persistencia-da-assimetria-socioeconomica-em-portugal\/\" \/>\n<meta property=\"og:site_name\" content=\"Portal Tela Portugal\" \/>\n<meta property=\"article:published_time\" content=\"2026-01-25T19:51:37+00:00\" \/>\n<meta name=\"author\" content=\"Telinha\" \/>\n<meta name=\"twitter:card\" content=\"summary_large_image\" \/>\n<meta name=\"twitter:label1\" content=\"Escrito por\" \/>\n\t<meta name=\"twitter:data1\" content=\"Telinha\" \/>\n\t<meta name=\"twitter:label2\" content=\"Tempo estimado de leitura\" \/>\n\t<meta name=\"twitter:data2\" content=\"1 minuto\" \/>\n<script type=\"application\/ld+json\" class=\"yoast-schema-graph\">{\"@context\":\"https:\/\/schema.org\",\"@graph\":[{\"@type\":\"Article\",\"@id\":\"https:\/\/portaltela.pt\/noticias\/2026\/01\/25\/podcast-4-persistencia-da-assimetria-socioeconomica-em-portugal\/#article\",\"isPartOf\":{\"@id\":\"https:\/\/portaltela.pt\/noticias\/2026\/01\/25\/podcast-4-persistencia-da-assimetria-socioeconomica-em-portugal\/\"},\"author\":{\"name\":\"Telinha\",\"@id\":\"https:\/\/portaltela.pt\/#\/schema\/person\/c4278d4a6028830caff9ee44b42d32ed\"},\"headline\":\"Podcast 4: Persist\u00eancia da assimetria socioecon\u00f3mica em Portugal\",\"datePublished\":\"2026-01-25T19:51:37+00:00\",\"mainEntityOfPage\":{\"@id\":\"https:\/\/portaltela.pt\/noticias\/2026\/01\/25\/podcast-4-persistencia-da-assimetria-socioeconomica-em-portugal\/\"},\"wordCount\":286,\"image\":{\"@id\":\"https:\/\/portaltela.pt\/noticias\/2026\/01\/25\/podcast-4-persistencia-da-assimetria-socioeconomica-em-portugal\/#primaryimage\"},\"thumbnailUrl\":\"https:\/\/portaltela.pt\/s.01k8rhncp4jt1\/2026\/01\/unnamed-file-5205.jpg\",\"keywords\":[\"\u00c1rea Metropolitana de Lisboa\",\"Coes\u00e3o Territorial\",\"descentraliza\u00e7\u00e3o territorial\",\"desertifica\u00e7\u00e3o\",\"pol\u00edticas p\u00fablicas\",\"Portugal\"],\"articleSection\":[\"Not\u00edcias\",\"Pol\u00edtica\"],\"inLanguage\":\"pt-PT\"},{\"@type\":\"WebPage\",\"@id\":\"https:\/\/portaltela.pt\/noticias\/2026\/01\/25\/podcast-4-persistencia-da-assimetria-socioeconomica-em-portugal\/\",\"url\":\"https:\/\/portaltela.pt\/noticias\/2026\/01\/25\/podcast-4-persistencia-da-assimetria-socioeconomica-em-portugal\/\",\"name\":\"Podcast 4: Persist\u00eancia da assimetria socioecon\u00f3mica em Portugal - Portal Tela Portugal\",\"isPartOf\":{\"@id\":\"https:\/\/portaltela.pt\/#website\"},\"primaryImageOfPage\":{\"@id\":\"https:\/\/portaltela.pt\/noticias\/2026\/01\/25\/podcast-4-persistencia-da-assimetria-socioeconomica-em-portugal\/#primaryimage\"},\"image\":{\"@id\":\"https:\/\/portaltela.pt\/noticias\/2026\/01\/25\/podcast-4-persistencia-da-assimetria-socioeconomica-em-portugal\/#primaryimage\"},\"thumbnailUrl\":\"https:\/\/portaltela.pt\/s.01k8rhncp4jt1\/2026\/01\/unnamed-file-5205.jpg\",\"datePublished\":\"2026-01-25T19:51:37+00:00\",\"author\":{\"@id\":\"https:\/\/portaltela.pt\/#\/schema\/person\/c4278d4a6028830caff9ee44b42d32ed\"},\"breadcrumb\":{\"@id\":\"https:\/\/portaltela.pt\/noticias\/2026\/01\/25\/podcast-4-persistencia-da-assimetria-socioeconomica-em-portugal\/#breadcrumb\"},\"inLanguage\":\"pt-PT\",\"potentialAction\":[{\"@type\":\"ReadAction\",\"target\":[\"https:\/\/portaltela.pt\/noticias\/2026\/01\/25\/podcast-4-persistencia-da-assimetria-socioeconomica-em-portugal\/\"]}]},{\"@type\":\"ImageObject\",\"inLanguage\":\"pt-PT\",\"@id\":\"https:\/\/portaltela.pt\/noticias\/2026\/01\/25\/podcast-4-persistencia-da-assimetria-socioeconomica-em-portugal\/#primaryimage\",\"url\":\"https:\/\/portaltela.pt\/s.01k8rhncp4jt1\/2026\/01\/unnamed-file-5205.jpg\",\"contentUrl\":\"https:\/\/portaltela.pt\/s.01k8rhncp4jt1\/2026\/01\/unnamed-file-5205.jpg\",\"width\":796,\"height\":448,\"caption\":\"Photo\"},{\"@type\":\"BreadcrumbList\",\"@id\":\"https:\/\/portaltela.pt\/noticias\/2026\/01\/25\/podcast-4-persistencia-da-assimetria-socioeconomica-em-portugal\/#breadcrumb\",\"itemListElement\":[{\"@type\":\"ListItem\",\"position\":1,\"name\":\"In\u00edcio\",\"item\":\"https:\/\/portaltela.pt\/\"},{\"@type\":\"ListItem\",\"position\":2,\"name\":\"Podcast 4: Persist\u00eancia da assimetria socioecon\u00f3mica em Portugal\"}]},{\"@type\":\"WebSite\",\"@id\":\"https:\/\/portaltela.pt\/#website\",\"url\":\"https:\/\/portaltela.pt\/\",\"name\":\"Portal Tela Portugal\",\"description\":\"\",\"potentialAction\":[{\"@type\":\"SearchAction\",\"target\":{\"@type\":\"EntryPoint\",\"urlTemplate\":\"https:\/\/portaltela.pt\/?s={search_term_string}\"},\"query-input\":{\"@type\":\"PropertyValueSpecification\",\"valueRequired\":true,\"valueName\":\"search_term_string\"}}],\"inLanguage\":\"pt-PT\"},{\"@type\":\"Person\",\"@id\":\"https:\/\/portaltela.pt\/#\/schema\/person\/c4278d4a6028830caff9ee44b42d32ed\",\"name\":\"Telinha\",\"image\":{\"@type\":\"ImageObject\",\"inLanguage\":\"pt-PT\",\"@id\":\"https:\/\/portaltela.pt\/s.01k8rhncp4jt1\/2025\/11\/talking-bot-125x125.png\",\"url\":\"https:\/\/portaltela.pt\/s.01k8rhncp4jt1\/2025\/11\/talking-bot-125x125.png\",\"contentUrl\":\"https:\/\/portaltela.pt\/s.01k8rhncp4jt1\/2025\/11\/talking-bot-125x125.png\",\"caption\":\"Telinha\"},\"sameAs\":[\"https:\/\/portaltela.pt\/\"],\"url\":\"https:\/\/portaltela.pt\/por\/367410592786\/\"}]}<\/script>\n<!-- \/ Yoast SEO plugin. -->","yoast_head_json":{"title":"Podcast 4: Persist\u00eancia da assimetria socioecon\u00f3mica em Portugal - Portal Tela Portugal","robots":{"index":"index","follow":"follow","max-snippet":"max-snippet:-1","max-image-preview":"max-image-preview:large","max-video-preview":"max-video-preview:-1"},"og_locale":"pt_PT","og_type":"article","og_title":"Podcast 4: Persist\u00eancia da assimetria socioecon\u00f3mica em Portugal - Portal Tela Portugal","og_description":"O podcast n\u00ba 4 analisa a persistente assimetria socioecon\u00f3mica em Portugal, com base num artigo de Carlos Tavares. D\u00e9cadas de fundos europeus n\u00e3o conseguiram travar o distanciamento entre o litoral e o interior. A \u00c1rea Metropolitana de Lisboa concentra riqueza e infraestruturas, contrastando com desertifica\u00e7\u00e3o humana e car\u00eancia de servi\u00e7os nas regi\u00f5es perif\u00e9ricas. As estrat\u00e9gias de coes\u00e3o falham devido a investimentos p\u00fablicos centralizados e medidas fiscais ineficazes. Defende-se uma reforma profunda do Estado que privilegie a descentraliza\u00e7\u00e3o administrativa e um sistema eleitoral mais representativo, com pol\u00edticas de longo prazo para fixar empresas e pessoas fora dos grandes centros.","og_url":"https:\/\/portaltela.pt\/noticias\/2026\/01\/25\/podcast-4-persistencia-da-assimetria-socioeconomica-em-portugal\/","og_site_name":"Portal Tela Portugal","article_published_time":"2026-01-25T19:51:37+00:00","author":"Telinha","twitter_card":"summary_large_image","twitter_misc":{"Escrito por":"Telinha","Tempo estimado de leitura":"1 minuto"},"schema":{"@context":"https:\/\/schema.org","@graph":[{"@type":"Article","@id":"https:\/\/portaltela.pt\/noticias\/2026\/01\/25\/podcast-4-persistencia-da-assimetria-socioeconomica-em-portugal\/#article","isPartOf":{"@id":"https:\/\/portaltela.pt\/noticias\/2026\/01\/25\/podcast-4-persistencia-da-assimetria-socioeconomica-em-portugal\/"},"author":{"name":"Telinha","@id":"https:\/\/portaltela.pt\/#\/schema\/person\/c4278d4a6028830caff9ee44b42d32ed"},"headline":"Podcast 4: Persist\u00eancia da assimetria socioecon\u00f3mica em Portugal","datePublished":"2026-01-25T19:51:37+00:00","mainEntityOfPage":{"@id":"https:\/\/portaltela.pt\/noticias\/2026\/01\/25\/podcast-4-persistencia-da-assimetria-socioeconomica-em-portugal\/"},"wordCount":286,"image":{"@id":"https:\/\/portaltela.pt\/noticias\/2026\/01\/25\/podcast-4-persistencia-da-assimetria-socioeconomica-em-portugal\/#primaryimage"},"thumbnailUrl":"https:\/\/portaltela.pt\/s.01k8rhncp4jt1\/2026\/01\/unnamed-file-5205.jpg","keywords":["\u00c1rea Metropolitana de Lisboa","Coes\u00e3o Territorial","descentraliza\u00e7\u00e3o territorial","desertifica\u00e7\u00e3o","pol\u00edticas p\u00fablicas","Portugal"],"articleSection":["Not\u00edcias","Pol\u00edtica"],"inLanguage":"pt-PT"},{"@type":"WebPage","@id":"https:\/\/portaltela.pt\/noticias\/2026\/01\/25\/podcast-4-persistencia-da-assimetria-socioeconomica-em-portugal\/","url":"https:\/\/portaltela.pt\/noticias\/2026\/01\/25\/podcast-4-persistencia-da-assimetria-socioeconomica-em-portugal\/","name":"Podcast 4: Persist\u00eancia da assimetria socioecon\u00f3mica em Portugal - Portal Tela Portugal","isPartOf":{"@id":"https:\/\/portaltela.pt\/#website"},"primaryImageOfPage":{"@id":"https:\/\/portaltela.pt\/noticias\/2026\/01\/25\/podcast-4-persistencia-da-assimetria-socioeconomica-em-portugal\/#primaryimage"},"image":{"@id":"https:\/\/portaltela.pt\/noticias\/2026\/01\/25\/podcast-4-persistencia-da-assimetria-socioeconomica-em-portugal\/#primaryimage"},"thumbnailUrl":"https:\/\/portaltela.pt\/s.01k8rhncp4jt1\/2026\/01\/unnamed-file-5205.jpg","datePublished":"2026-01-25T19:51:37+00:00","author":{"@id":"https:\/\/portaltela.pt\/#\/schema\/person\/c4278d4a6028830caff9ee44b42d32ed"},"breadcrumb":{"@id":"https:\/\/portaltela.pt\/noticias\/2026\/01\/25\/podcast-4-persistencia-da-assimetria-socioeconomica-em-portugal\/#breadcrumb"},"inLanguage":"pt-PT","potentialAction":[{"@type":"ReadAction","target":["https:\/\/portaltela.pt\/noticias\/2026\/01\/25\/podcast-4-persistencia-da-assimetria-socioeconomica-em-portugal\/"]}]},{"@type":"ImageObject","inLanguage":"pt-PT","@id":"https:\/\/portaltela.pt\/noticias\/2026\/01\/25\/podcast-4-persistencia-da-assimetria-socioeconomica-em-portugal\/#primaryimage","url":"https:\/\/portaltela.pt\/s.01k8rhncp4jt1\/2026\/01\/unnamed-file-5205.jpg","contentUrl":"https:\/\/portaltela.pt\/s.01k8rhncp4jt1\/2026\/01\/unnamed-file-5205.jpg","width":796,"height":448,"caption":"Photo"},{"@type":"BreadcrumbList","@id":"https:\/\/portaltela.pt\/noticias\/2026\/01\/25\/podcast-4-persistencia-da-assimetria-socioeconomica-em-portugal\/#breadcrumb","itemListElement":[{"@type":"ListItem","position":1,"name":"In\u00edcio","item":"https:\/\/portaltela.pt\/"},{"@type":"ListItem","position":2,"name":"Podcast 4: Persist\u00eancia da assimetria socioecon\u00f3mica em Portugal"}]},{"@type":"WebSite","@id":"https:\/\/portaltela.pt\/#website","url":"https:\/\/portaltela.pt\/","name":"Portal Tela Portugal","description":"","potentialAction":[{"@type":"SearchAction","target":{"@type":"EntryPoint","urlTemplate":"https:\/\/portaltela.pt\/?s={search_term_string}"},"query-input":{"@type":"PropertyValueSpecification","valueRequired":true,"valueName":"search_term_string"}}],"inLanguage":"pt-PT"},{"@type":"Person","@id":"https:\/\/portaltela.pt\/#\/schema\/person\/c4278d4a6028830caff9ee44b42d32ed","name":"Telinha","image":{"@type":"ImageObject","inLanguage":"pt-PT","@id":"https:\/\/portaltela.pt\/s.01k8rhncp4jt1\/2025\/11\/talking-bot-125x125.png","url":"https:\/\/portaltela.pt\/s.01k8rhncp4jt1\/2025\/11\/talking-bot-125x125.png","contentUrl":"https:\/\/portaltela.pt\/s.01k8rhncp4jt1\/2025\/11\/talking-bot-125x125.png","caption":"Telinha"},"sameAs":["https:\/\/portaltela.pt\/"],"url":"https:\/\/portaltela.pt\/por\/367410592786\/"}]}},"_links":{"self":[{"href":"https:\/\/portaltela.pt\/api\/wp\/v2\/posts\/172866","targetHints":{"allow":["GET"]}}],"collection":[{"href":"https:\/\/portaltela.pt\/api\/wp\/v2\/posts"}],"about":[{"href":"https:\/\/portaltela.pt\/api\/wp\/v2\/types\/post"}],"author":[{"embeddable":true,"href":"https:\/\/portaltela.pt\/api\/wp\/v2\/users\/2"}],"replies":[{"embeddable":true,"href":"https:\/\/portaltela.pt\/api\/wp\/v2\/comments?post=172866"}],"version-history":[{"count":0,"href":"https:\/\/portaltela.pt\/api\/wp\/v2\/posts\/172866\/revisions"}],"wp:featuredmedia":[{"embeddable":true,"href":"https:\/\/portaltela.pt\/api\/wp\/v2\/media\/172884"}],"wp:attachment":[{"href":"https:\/\/portaltela.pt\/api\/wp\/v2\/media?parent=172866"}],"wp:term":[{"taxonomy":"category","embeddable":true,"href":"https:\/\/portaltela.pt\/api\/wp\/v2\/categories?post=172866"},{"taxonomy":"post_tag","embeddable":true,"href":"https:\/\/portaltela.pt\/api\/wp\/v2\/tags?post=172866"}],"curies":[{"name":"wp","href":"https:\/\/api.w.org\/{rel}","templated":true}]}}