{"id":172823,"date":"2026-01-25T16:30:00","date_gmt":"2026-01-25T19:30:00","guid":{"rendered":"https:\/\/portaltela.pt\/noticias\/2026\/01\/25\/netanyahu-agradece-apoio-firme-dos-eurodeputados-patriotas-pela-europa\/"},"modified":"2026-01-25T16:30:00","modified_gmt":"2026-01-25T19:30:00","slug":"netanyahu-agradece-apoio-firme-dos-eurodeputados-patriotas-pela-europa","status":"publish","type":"post","link":"https:\/\/portaltela.pt\/noticias\/internacional\/2026\/01\/25\/netanyahu-agradece-apoio-firme-dos-eurodeputados-patriotas-pela-europa\/","title":{"rendered":"Netanyahu agradece apoio firme dos eurodeputados Patriotas pela Europa"},"content":{"rendered":"<p>Num encontro em Jerusal\u00e9m, o primeiro-ministro de Israel, Benjamin Netanyahu, e a ministra da Cultura, Miri Regev, agradeceram aos eurodeputados do grupo Patriotas pela Europa pelo apoio ao Estado de Israel. O encontro ocorreu na v\u00e9spera de uma confer\u00eancia internacional sobre antissemitismo.<\/p>\n<p>A comitiva conta representantes da Hungria, da \u00c1ustria, de Fran\u00e7a e de Espanha, ligados ao movimento de extrema-direita em cen\u00e1rio europeu. O governo israelita publicou um comunicado acompanhando a fotografia do encontro, destacando o apoio \u201cfirme e constante\u201d ao pa\u00eds e a defesa da soberania, das fronteiras e da identidade nacional.<\/p>\n<p>Netanyahu afirmou que o ataque \u00e0 civiliza\u00e7\u00e3o judaico-crist\u00e3 ocidental n\u00e3o resulta apenas do Isl\u00e3o radical, mas tamb\u00e9m de coopera\u00e7\u00e3o com setores de esquerda radical que se op\u00f5em a Israel e aos judeus. O chefe do governo descreveu o grupo como aliado estrat\u00e9gico na luta por um futuro global, sem oferecer avalia\u00e7\u00f5es morais.<\/p>\n<p>A ministra Regev descreveu o encontro como prova de que Israel n\u00e3o est\u00e1 isolado, salientando que h\u00e1 l\u00edderes europeus que entendem que a causa de Israel tamb\u00e9m \u00e9 da Europa. O governo planeia, para segunda e ter\u00e7a-feira, a segunda edi\u00e7\u00e3o da Confer\u00eancia Internacional sobre a Luta contra o Antissemitismo, em Jerusal\u00e9m.<\/p>\n<p>O programa oficial da confer\u00eancia prev\u00ea sess\u00f5es sobre o aumento do antissemitismo na Europa, teorias da conspira\u00e7\u00e3o no discurso pol\u00edtico e negacionismo do Holocausto. Est\u00e3o previstas mesas-redondas, sess\u00f5es plen\u00e1rias e reuni\u00f5es voltadas a legisladores, especialistas e comunicadores.<\/p>\n<p>A sess\u00e3o re\u00fane figuras pol\u00edticas atuais e antigas associadas ao conservadorismo e \u00e0 extrema-direita global. Entre os participantes, destacam-se aliados de v\u00e1rios pa\u00edses europeus, incluindo vozes do Vox espanhol, da Uni\u00e3o Nacional francesa, do Fidesz h\u00fangaro e do Liga italiano.<\/p>\n<p>O Chega, que integrou o Parlamento Europeu ap\u00f3s as elei\u00e7\u00f5es de 2024 com dois eurodeputados, Ant\u00f3nio T\u00e2nger Corr\u00eaa e Tiago Moreira de S\u00e1, transitou do grupo Identidade e Democracia para os Patriotas em julho desse ano. O movimento inclui tamb\u00e9m outras forma\u00e7\u00f5es de direita europeia.<\/p>\n","protected":false},"excerpt":{"rendered":"<ul>\n<li>Comitiva de eurodeputados dos Patriotas pela Europa (Hungria, \u00c1ustria, Fran\u00e7a e Espanha) conheceu Jerusal\u00e9m, a poucas horas de uma confer\u00eancia sobre antissemitismo.<\/li>\n<li>Governo israelita agradece o apoio firme ao Estado de Israel e \u00e0 defesa da soberania, fronteiras e identidade nacional.<\/li>\n<li>Netanyahu afirmou que h\u00e1 um ataque \u00e0 civiliza\u00e7\u00e3o judaico-crist\u00e3 ocidental, com participa\u00e7\u00e3o de isl\u00e3o radical e de uma esquerda radical que partilha do \u00f3dio a Israel e aos judeus.<\/li>\n<li>O l\u00edder disse que Isl\u00e3o militante aliado a armas nucleares \u00e9 o maior perigo global e que os aliados de armas s\u00e3o tamb\u00e9m irm\u00e3os na luta pelo futuro do mundo.<\/li>\n<li>A ministra da Cultura afirmou que o encontro prova que Israel n\u00e3o est\u00e1 sozinho; a segunda edi\u00e7\u00e3o da Confer\u00eancia Internacional sobre a Luta contra o Antissemitismo realiza-se segunda e ter\u00e7a-feira, abordando o aumento do antissemitismo na Europa, teorias da conspira\u00e7\u00e3o e a nega\u00e7\u00e3o do Holocausto, numa iniciativa que inclui membros de Vox, Uni\u00e3o Nacional, Fidesz, Liga e do Chega no Parlamento Europeu.<\/li>\n<\/ul>\n","protected":false},"author":2,"featured_media":172830,"comment_status":"closed","ping_status":"closed","sticky":false,"template":"","format":"standard","meta":{"footnotes":""},"categories":[4,1],"tags":[1383,1650,2487,3296,3417,2055],"class_list":["post-172823","post","type-post","status-publish","format-standard","has-post-thumbnail","hentry","category-internacional","category-noticias","tag-antissemitismo","tag-conferencia","tag-europa","tag-extremismos","tag-patriotas-pela-europa","tag-uniao-europeia"],"yoast_head":"<!-- This site is optimized with the Yoast SEO plugin v27.2 - https:\/\/yoast.com\/product\/yoast-seo-wordpress\/ -->\n<title>Netanyahu agradece apoio firme dos eurodeputados Patriotas pela Europa - Portal Tela Portugal<\/title>\n<meta name=\"robots\" content=\"index, follow, max-snippet:-1, max-image-preview:large, max-video-preview:-1\" \/>\n<meta property=\"og:locale\" content=\"pt_PT\" \/>\n<meta property=\"og:type\" content=\"article\" \/>\n<meta property=\"og:title\" content=\"Netanyahu agradece apoio firme dos eurodeputados Patriotas pela Europa - Portal Tela Portugal\" \/>\n<meta property=\"og:description\" content=\"Comitiva de eurodeputados dos Patriotas pela Europa (Hungria, \u00c1ustria, Fran\u00e7a e Espanha) conheceu Jerusal\u00e9m, a poucas horas de uma confer\u00eancia sobre antissemitismo. Governo israelita agradece o apoio firme ao Estado de Israel e \u00e0 defesa da soberania, fronteiras e identidade nacional. Netanyahu afirmou que h\u00e1 um ataque \u00e0 civiliza\u00e7\u00e3o judaico-crist\u00e3 ocidental, com participa\u00e7\u00e3o de isl\u00e3o radical e de uma esquerda radical que partilha do \u00f3dio a Israel e aos judeus. O l\u00edder disse que Isl\u00e3o militante aliado a armas nucleares \u00e9 o maior perigo global e que os aliados de armas s\u00e3o tamb\u00e9m irm\u00e3os na luta pelo futuro do mundo. A ministra da Cultura afirmou que o encontro prova que Israel n\u00e3o est\u00e1 sozinho; a segunda edi\u00e7\u00e3o da Confer\u00eancia Internacional sobre a Luta contra o Antissemitismo realiza-se segunda e ter\u00e7a-feira, abordando o aumento do antissemitismo na Europa, teorias da conspira\u00e7\u00e3o e a nega\u00e7\u00e3o do Holocausto, numa iniciativa que inclui membros de Vox, Uni\u00e3o Nacional, Fidesz, Liga e do Chega no Parlamento Europeu.\" \/>\n<meta property=\"og:url\" content=\"https:\/\/portaltela.pt\/noticias\/2026\/01\/25\/netanyahu-agradece-apoio-firme-dos-eurodeputados-patriotas-pela-europa\/\" \/>\n<meta property=\"og:site_name\" content=\"Portal Tela Portugal\" \/>\n<meta property=\"article:published_time\" content=\"2026-01-25T19:30:00+00:00\" \/>\n<meta name=\"author\" content=\"Telinha\" \/>\n<meta name=\"twitter:card\" content=\"summary_large_image\" \/>\n<meta name=\"twitter:label1\" content=\"Escrito por\" \/>\n\t<meta name=\"twitter:data1\" content=\"Telinha\" \/>\n\t<meta name=\"twitter:label2\" content=\"Tempo estimado de leitura\" \/>\n\t<meta name=\"twitter:data2\" content=\"2 minutos\" \/>\n<script type=\"application\/ld+json\" class=\"yoast-schema-graph\">{\"@context\":\"https:\/\/schema.org\",\"@graph\":[{\"@type\":\"Article\",\"@id\":\"https:\/\/portaltela.pt\/noticias\/2026\/01\/25\/netanyahu-agradece-apoio-firme-dos-eurodeputados-patriotas-pela-europa\/#article\",\"isPartOf\":{\"@id\":\"https:\/\/portaltela.pt\/noticias\/2026\/01\/25\/netanyahu-agradece-apoio-firme-dos-eurodeputados-patriotas-pela-europa\/\"},\"author\":{\"name\":\"Telinha\",\"@id\":\"https:\/\/portaltela.pt\/#\/schema\/person\/c4278d4a6028830caff9ee44b42d32ed\"},\"headline\":\"Netanyahu agradece apoio firme dos eurodeputados Patriotas pela Europa\",\"datePublished\":\"2026-01-25T19:30:00+00:00\",\"mainEntityOfPage\":{\"@id\":\"https:\/\/portaltela.pt\/noticias\/2026\/01\/25\/netanyahu-agradece-apoio-firme-dos-eurodeputados-patriotas-pela-europa\/\"},\"wordCount\":366,\"image\":{\"@id\":\"https:\/\/portaltela.pt\/noticias\/2026\/01\/25\/netanyahu-agradece-apoio-firme-dos-eurodeputados-patriotas-pela-europa\/#primaryimage\"},\"thumbnailUrl\":\"https:\/\/portaltela.pt\/s.01k8rhncp4jt1\/2026\/01\/naom_6895e8f78533c.jpg\",\"keywords\":[\"antissemitismo\",\"confer\u00eancia\",\"Europa\",\"extremismos\",\"Patriotas pela Europa\",\"Uni\u00e3o Europeia\"],\"articleSection\":[\"Internacional\",\"Not\u00edcias\"],\"inLanguage\":\"pt-PT\"},{\"@type\":\"WebPage\",\"@id\":\"https:\/\/portaltela.pt\/noticias\/2026\/01\/25\/netanyahu-agradece-apoio-firme-dos-eurodeputados-patriotas-pela-europa\/\",\"url\":\"https:\/\/portaltela.pt\/noticias\/2026\/01\/25\/netanyahu-agradece-apoio-firme-dos-eurodeputados-patriotas-pela-europa\/\",\"name\":\"Netanyahu agradece apoio firme dos eurodeputados Patriotas pela Europa - Portal Tela Portugal\",\"isPartOf\":{\"@id\":\"https:\/\/portaltela.pt\/#website\"},\"primaryImageOfPage\":{\"@id\":\"https:\/\/portaltela.pt\/noticias\/2026\/01\/25\/netanyahu-agradece-apoio-firme-dos-eurodeputados-patriotas-pela-europa\/#primaryimage\"},\"image\":{\"@id\":\"https:\/\/portaltela.pt\/noticias\/2026\/01\/25\/netanyahu-agradece-apoio-firme-dos-eurodeputados-patriotas-pela-europa\/#primaryimage\"},\"thumbnailUrl\":\"https:\/\/portaltela.pt\/s.01k8rhncp4jt1\/2026\/01\/naom_6895e8f78533c.jpg\",\"datePublished\":\"2026-01-25T19:30:00+00:00\",\"author\":{\"@id\":\"https:\/\/portaltela.pt\/#\/schema\/person\/c4278d4a6028830caff9ee44b42d32ed\"},\"breadcrumb\":{\"@id\":\"https:\/\/portaltela.pt\/noticias\/2026\/01\/25\/netanyahu-agradece-apoio-firme-dos-eurodeputados-patriotas-pela-europa\/#breadcrumb\"},\"inLanguage\":\"pt-PT\",\"potentialAction\":[{\"@type\":\"ReadAction\",\"target\":[\"https:\/\/portaltela.pt\/noticias\/2026\/01\/25\/netanyahu-agradece-apoio-firme-dos-eurodeputados-patriotas-pela-europa\/\"]}]},{\"@type\":\"ImageObject\",\"inLanguage\":\"pt-PT\",\"@id\":\"https:\/\/portaltela.pt\/noticias\/2026\/01\/25\/netanyahu-agradece-apoio-firme-dos-eurodeputados-patriotas-pela-europa\/#primaryimage\",\"url\":\"https:\/\/portaltela.pt\/s.01k8rhncp4jt1\/2026\/01\/naom_6895e8f78533c.jpg\",\"contentUrl\":\"https:\/\/portaltela.pt\/s.01k8rhncp4jt1\/2026\/01\/naom_6895e8f78533c.jpg\",\"width\":796,\"height\":448,\"caption\":\"Photo\"},{\"@type\":\"BreadcrumbList\",\"@id\":\"https:\/\/portaltela.pt\/noticias\/2026\/01\/25\/netanyahu-agradece-apoio-firme-dos-eurodeputados-patriotas-pela-europa\/#breadcrumb\",\"itemListElement\":[{\"@type\":\"ListItem\",\"position\":1,\"name\":\"In\u00edcio\",\"item\":\"https:\/\/portaltela.pt\/\"},{\"@type\":\"ListItem\",\"position\":2,\"name\":\"Netanyahu agradece apoio firme dos eurodeputados Patriotas pela Europa\"}]},{\"@type\":\"WebSite\",\"@id\":\"https:\/\/portaltela.pt\/#website\",\"url\":\"https:\/\/portaltela.pt\/\",\"name\":\"Portal Tela Portugal\",\"description\":\"\",\"potentialAction\":[{\"@type\":\"SearchAction\",\"target\":{\"@type\":\"EntryPoint\",\"urlTemplate\":\"https:\/\/portaltela.pt\/?s={search_term_string}\"},\"query-input\":{\"@type\":\"PropertyValueSpecification\",\"valueRequired\":true,\"valueName\":\"search_term_string\"}}],\"inLanguage\":\"pt-PT\"},{\"@type\":\"Person\",\"@id\":\"https:\/\/portaltela.pt\/#\/schema\/person\/c4278d4a6028830caff9ee44b42d32ed\",\"name\":\"Telinha\",\"image\":{\"@type\":\"ImageObject\",\"inLanguage\":\"pt-PT\",\"@id\":\"https:\/\/portaltela.pt\/s.01k8rhncp4jt1\/2025\/11\/talking-bot-125x125.png\",\"url\":\"https:\/\/portaltela.pt\/s.01k8rhncp4jt1\/2025\/11\/talking-bot-125x125.png\",\"contentUrl\":\"https:\/\/portaltela.pt\/s.01k8rhncp4jt1\/2025\/11\/talking-bot-125x125.png\",\"caption\":\"Telinha\"},\"sameAs\":[\"https:\/\/portaltela.pt\/\"],\"url\":\"https:\/\/portaltela.pt\/por\/367410592786\/\"}]}<\/script>\n<!-- \/ Yoast SEO plugin. -->","yoast_head_json":{"title":"Netanyahu agradece apoio firme dos eurodeputados Patriotas pela Europa - Portal Tela Portugal","robots":{"index":"index","follow":"follow","max-snippet":"max-snippet:-1","max-image-preview":"max-image-preview:large","max-video-preview":"max-video-preview:-1"},"og_locale":"pt_PT","og_type":"article","og_title":"Netanyahu agradece apoio firme dos eurodeputados Patriotas pela Europa - Portal Tela Portugal","og_description":"Comitiva de eurodeputados dos Patriotas pela Europa (Hungria, \u00c1ustria, Fran\u00e7a e Espanha) conheceu Jerusal\u00e9m, a poucas horas de uma confer\u00eancia sobre antissemitismo. Governo israelita agradece o apoio firme ao Estado de Israel e \u00e0 defesa da soberania, fronteiras e identidade nacional. Netanyahu afirmou que h\u00e1 um ataque \u00e0 civiliza\u00e7\u00e3o judaico-crist\u00e3 ocidental, com participa\u00e7\u00e3o de isl\u00e3o radical e de uma esquerda radical que partilha do \u00f3dio a Israel e aos judeus. O l\u00edder disse que Isl\u00e3o militante aliado a armas nucleares \u00e9 o maior perigo global e que os aliados de armas s\u00e3o tamb\u00e9m irm\u00e3os na luta pelo futuro do mundo. A ministra da Cultura afirmou que o encontro prova que Israel n\u00e3o est\u00e1 sozinho; a segunda edi\u00e7\u00e3o da Confer\u00eancia Internacional sobre a Luta contra o Antissemitismo realiza-se segunda e ter\u00e7a-feira, abordando o aumento do antissemitismo na Europa, teorias da conspira\u00e7\u00e3o e a nega\u00e7\u00e3o do Holocausto, numa iniciativa que inclui membros de Vox, Uni\u00e3o Nacional, Fidesz, Liga e do Chega no Parlamento Europeu.","og_url":"https:\/\/portaltela.pt\/noticias\/2026\/01\/25\/netanyahu-agradece-apoio-firme-dos-eurodeputados-patriotas-pela-europa\/","og_site_name":"Portal Tela Portugal","article_published_time":"2026-01-25T19:30:00+00:00","author":"Telinha","twitter_card":"summary_large_image","twitter_misc":{"Escrito por":"Telinha","Tempo estimado de leitura":"2 minutos"},"schema":{"@context":"https:\/\/schema.org","@graph":[{"@type":"Article","@id":"https:\/\/portaltela.pt\/noticias\/2026\/01\/25\/netanyahu-agradece-apoio-firme-dos-eurodeputados-patriotas-pela-europa\/#article","isPartOf":{"@id":"https:\/\/portaltela.pt\/noticias\/2026\/01\/25\/netanyahu-agradece-apoio-firme-dos-eurodeputados-patriotas-pela-europa\/"},"author":{"name":"Telinha","@id":"https:\/\/portaltela.pt\/#\/schema\/person\/c4278d4a6028830caff9ee44b42d32ed"},"headline":"Netanyahu agradece apoio firme dos eurodeputados Patriotas pela Europa","datePublished":"2026-01-25T19:30:00+00:00","mainEntityOfPage":{"@id":"https:\/\/portaltela.pt\/noticias\/2026\/01\/25\/netanyahu-agradece-apoio-firme-dos-eurodeputados-patriotas-pela-europa\/"},"wordCount":366,"image":{"@id":"https:\/\/portaltela.pt\/noticias\/2026\/01\/25\/netanyahu-agradece-apoio-firme-dos-eurodeputados-patriotas-pela-europa\/#primaryimage"},"thumbnailUrl":"https:\/\/portaltela.pt\/s.01k8rhncp4jt1\/2026\/01\/naom_6895e8f78533c.jpg","keywords":["antissemitismo","confer\u00eancia","Europa","extremismos","Patriotas pela Europa","Uni\u00e3o Europeia"],"articleSection":["Internacional","Not\u00edcias"],"inLanguage":"pt-PT"},{"@type":"WebPage","@id":"https:\/\/portaltela.pt\/noticias\/2026\/01\/25\/netanyahu-agradece-apoio-firme-dos-eurodeputados-patriotas-pela-europa\/","url":"https:\/\/portaltela.pt\/noticias\/2026\/01\/25\/netanyahu-agradece-apoio-firme-dos-eurodeputados-patriotas-pela-europa\/","name":"Netanyahu agradece apoio firme dos eurodeputados Patriotas pela Europa - Portal Tela Portugal","isPartOf":{"@id":"https:\/\/portaltela.pt\/#website"},"primaryImageOfPage":{"@id":"https:\/\/portaltela.pt\/noticias\/2026\/01\/25\/netanyahu-agradece-apoio-firme-dos-eurodeputados-patriotas-pela-europa\/#primaryimage"},"image":{"@id":"https:\/\/portaltela.pt\/noticias\/2026\/01\/25\/netanyahu-agradece-apoio-firme-dos-eurodeputados-patriotas-pela-europa\/#primaryimage"},"thumbnailUrl":"https:\/\/portaltela.pt\/s.01k8rhncp4jt1\/2026\/01\/naom_6895e8f78533c.jpg","datePublished":"2026-01-25T19:30:00+00:00","author":{"@id":"https:\/\/portaltela.pt\/#\/schema\/person\/c4278d4a6028830caff9ee44b42d32ed"},"breadcrumb":{"@id":"https:\/\/portaltela.pt\/noticias\/2026\/01\/25\/netanyahu-agradece-apoio-firme-dos-eurodeputados-patriotas-pela-europa\/#breadcrumb"},"inLanguage":"pt-PT","potentialAction":[{"@type":"ReadAction","target":["https:\/\/portaltela.pt\/noticias\/2026\/01\/25\/netanyahu-agradece-apoio-firme-dos-eurodeputados-patriotas-pela-europa\/"]}]},{"@type":"ImageObject","inLanguage":"pt-PT","@id":"https:\/\/portaltela.pt\/noticias\/2026\/01\/25\/netanyahu-agradece-apoio-firme-dos-eurodeputados-patriotas-pela-europa\/#primaryimage","url":"https:\/\/portaltela.pt\/s.01k8rhncp4jt1\/2026\/01\/naom_6895e8f78533c.jpg","contentUrl":"https:\/\/portaltela.pt\/s.01k8rhncp4jt1\/2026\/01\/naom_6895e8f78533c.jpg","width":796,"height":448,"caption":"Photo"},{"@type":"BreadcrumbList","@id":"https:\/\/portaltela.pt\/noticias\/2026\/01\/25\/netanyahu-agradece-apoio-firme-dos-eurodeputados-patriotas-pela-europa\/#breadcrumb","itemListElement":[{"@type":"ListItem","position":1,"name":"In\u00edcio","item":"https:\/\/portaltela.pt\/"},{"@type":"ListItem","position":2,"name":"Netanyahu agradece apoio firme dos eurodeputados Patriotas pela Europa"}]},{"@type":"WebSite","@id":"https:\/\/portaltela.pt\/#website","url":"https:\/\/portaltela.pt\/","name":"Portal Tela Portugal","description":"","potentialAction":[{"@type":"SearchAction","target":{"@type":"EntryPoint","urlTemplate":"https:\/\/portaltela.pt\/?s={search_term_string}"},"query-input":{"@type":"PropertyValueSpecification","valueRequired":true,"valueName":"search_term_string"}}],"inLanguage":"pt-PT"},{"@type":"Person","@id":"https:\/\/portaltela.pt\/#\/schema\/person\/c4278d4a6028830caff9ee44b42d32ed","name":"Telinha","image":{"@type":"ImageObject","inLanguage":"pt-PT","@id":"https:\/\/portaltela.pt\/s.01k8rhncp4jt1\/2025\/11\/talking-bot-125x125.png","url":"https:\/\/portaltela.pt\/s.01k8rhncp4jt1\/2025\/11\/talking-bot-125x125.png","contentUrl":"https:\/\/portaltela.pt\/s.01k8rhncp4jt1\/2025\/11\/talking-bot-125x125.png","caption":"Telinha"},"sameAs":["https:\/\/portaltela.pt\/"],"url":"https:\/\/portaltela.pt\/por\/367410592786\/"}]}},"_links":{"self":[{"href":"https:\/\/portaltela.pt\/api\/wp\/v2\/posts\/172823","targetHints":{"allow":["GET"]}}],"collection":[{"href":"https:\/\/portaltela.pt\/api\/wp\/v2\/posts"}],"about":[{"href":"https:\/\/portaltela.pt\/api\/wp\/v2\/types\/post"}],"author":[{"embeddable":true,"href":"https:\/\/portaltela.pt\/api\/wp\/v2\/users\/2"}],"replies":[{"embeddable":true,"href":"https:\/\/portaltela.pt\/api\/wp\/v2\/comments?post=172823"}],"version-history":[{"count":0,"href":"https:\/\/portaltela.pt\/api\/wp\/v2\/posts\/172823\/revisions"}],"wp:featuredmedia":[{"embeddable":true,"href":"https:\/\/portaltela.pt\/api\/wp\/v2\/media\/172830"}],"wp:attachment":[{"href":"https:\/\/portaltela.pt\/api\/wp\/v2\/media?parent=172823"}],"wp:term":[{"taxonomy":"category","embeddable":true,"href":"https:\/\/portaltela.pt\/api\/wp\/v2\/categories?post=172823"},{"taxonomy":"post_tag","embeddable":true,"href":"https:\/\/portaltela.pt\/api\/wp\/v2\/tags?post=172823"}],"curies":[{"name":"wp","href":"https:\/\/api.w.org\/{rel}","templated":true}]}}