{"id":172738,"date":"2026-01-25T15:44:00","date_gmt":"2026-01-25T18:44:00","guid":{"rendered":"https:\/\/portaltela.pt\/noticias\/2026\/01\/25\/vasco-da-gama-de-sines-e-uniao-de-santiago-apuram-aos-quartos-da-taca-af-setubal\/"},"modified":"2026-01-25T15:44:00","modified_gmt":"2026-01-25T18:44:00","slug":"vasco-da-gama-de-sines-e-uniao-de-santiago-apuram-aos-quartos-da-taca-af-setubal","status":"publish","type":"post","link":"https:\/\/portaltela.pt\/desporto\/futebol\/2026\/01\/25\/vasco-da-gama-de-sines-e-uniao-de-santiago-apuram-aos-quartos-da-taca-af-setubal\/","title":{"rendered":"Vasco da Gama de Sines e Uni\u00e3o de Santiago apuram aos quartos da Ta\u00e7a AF Set\u00fabal"},"content":{"rendered":"<p>O Vasco da Gama de Sines e o Uni\u00e3o de Santiago garantiram presen\u00e7a nos quartos de final da Ta\u00e7a da Associa\u00e7\u00e3o de Futebol de Set\u00fabal. O Vasco venceu o Sesimbra por 1-0, enquanto o Uni\u00e3o de Santiago goleou o Pinhalnovense por 6-1, assegurando a passagem de fase.<\/p>\n<p>A vit\u00f3ria do Vasco da Gama de Sines consolidou a qualifica\u00e7\u00e3o no plantel da competi\u00e7\u00e3o, mantendo o registo de triunfo na eliminat\u00f3ria. O Uni\u00e3o de Santiago, com um marcador expressivo, mostrou superioridade ofensiva ao longo do encontro.<\/p>\n<p>Resultados da ronda: Barreirense vs Palmense, Sesimbra 0-1 Vasco da Gama Sines, Lagame\u00e7as 3-2 Fabril do Barreiro, Pescadores 4-1 Alfarim, Vit\u00f3ria de Set\u00fabal 5-2 Moitense, Cova Piedade 3-0 Quinta do Conde, Seixal 1-4 Ol\u00edmpico do Montijo, Uni\u00e3o de Santiago 6-1 Pinhalnovense.<\/p>\n","protected":false},"excerpt":{"rendered":"<ul>\n<li>Vasco da Gama de Sines venceu Sesimbra por 1-0 e apurou-se para os quartos de final da Ta\u00e7a da Associa\u00e7\u00e3o de Futebol de Set\u00fabal.<\/li>\n<li>Uni\u00e3o de Santiago goleou Pinhalnovense por 6-1 e garantiu vaga nos quartos de final.<\/li>\n<li>Lagame\u00e7as ganhou ao Fabril do Barreiro por 3-2.<\/li>\n<li>Pescadores venceu o Alfarim por 4-1.<\/li>\n<li>Vit\u00f3ria de Set\u00fabal bateu o Moitense por 5-2.<\/li>\n<\/ul>\n","protected":false},"author":2,"featured_media":172744,"comment_status":"closed","ping_status":"closed","sticky":false,"template":"","format":"standard","meta":{"footnotes":""},"categories":[21,24],"tags":[32,1058,2804,1065,1892,1415],"class_list":["post-172738","post","type-post","status-publish","format-standard","has-post-thumbnail","hentry","category-desporto","category-futebol","tag-futebol","tag-montijo","tag-pescadores","tag-sesimbra","tag-sines","tag-uniao-de-santiago"],"yoast_head":"<!-- This site is optimized with the Yoast SEO plugin v27.2 - https:\/\/yoast.com\/product\/yoast-seo-wordpress\/ -->\n<title>Vasco da Gama de Sines e Uni\u00e3o de Santiago apuram aos quartos da Ta\u00e7a AF Set\u00fabal - Portal Tela Portugal<\/title>\n<meta name=\"robots\" content=\"index, follow, max-snippet:-1, max-image-preview:large, max-video-preview:-1\" \/>\n<meta property=\"og:locale\" content=\"pt_PT\" \/>\n<meta property=\"og:type\" content=\"article\" \/>\n<meta property=\"og:title\" content=\"Vasco da Gama de Sines e Uni\u00e3o de Santiago apuram aos quartos da Ta\u00e7a AF Set\u00fabal - Portal Tela Portugal\" \/>\n<meta property=\"og:description\" content=\"Vasco da Gama de Sines venceu Sesimbra por 1-0 e apurou-se para os quartos de final da Ta\u00e7a da Associa\u00e7\u00e3o de Futebol de Set\u00fabal. Uni\u00e3o de Santiago goleou Pinhalnovense por 6-1 e garantiu vaga nos quartos de final. Lagame\u00e7as ganhou ao Fabril do Barreiro por 3-2. Pescadores venceu o Alfarim por 4-1. Vit\u00f3ria de Set\u00fabal bateu o Moitense por 5-2.\" \/>\n<meta property=\"og:url\" content=\"https:\/\/portaltela.pt\/noticias\/2026\/01\/25\/vasco-da-gama-de-sines-e-uniao-de-santiago-apuram-aos-quartos-da-taca-af-setubal\/\" \/>\n<meta property=\"og:site_name\" content=\"Portal Tela Portugal\" \/>\n<meta property=\"article:published_time\" content=\"2026-01-25T18:44:00+00:00\" \/>\n<meta name=\"author\" content=\"Telinha\" \/>\n<meta name=\"twitter:card\" content=\"summary_large_image\" \/>\n<meta name=\"twitter:label1\" content=\"Escrito por\" \/>\n\t<meta name=\"twitter:data1\" content=\"Telinha\" \/>\n\t<meta name=\"twitter:label2\" content=\"Tempo estimado de leitura\" \/>\n\t<meta name=\"twitter:data2\" content=\"1 minuto\" \/>\n<script type=\"application\/ld+json\" class=\"yoast-schema-graph\">{\"@context\":\"https:\/\/schema.org\",\"@graph\":[{\"@type\":\"Article\",\"@id\":\"https:\/\/portaltela.pt\/noticias\/2026\/01\/25\/vasco-da-gama-de-sines-e-uniao-de-santiago-apuram-aos-quartos-da-taca-af-setubal\/#article\",\"isPartOf\":{\"@id\":\"https:\/\/portaltela.pt\/noticias\/2026\/01\/25\/vasco-da-gama-de-sines-e-uniao-de-santiago-apuram-aos-quartos-da-taca-af-setubal\/\"},\"author\":{\"name\":\"Telinha\",\"@id\":\"https:\/\/portaltela.pt\/#\/schema\/person\/c4278d4a6028830caff9ee44b42d32ed\"},\"headline\":\"Vasco da Gama de Sines e Uni\u00e3o de Santiago apuram aos quartos da Ta\u00e7a AF Set\u00fabal\",\"datePublished\":\"2026-01-25T18:44:00+00:00\",\"mainEntityOfPage\":{\"@id\":\"https:\/\/portaltela.pt\/noticias\/2026\/01\/25\/vasco-da-gama-de-sines-e-uniao-de-santiago-apuram-aos-quartos-da-taca-af-setubal\/\"},\"wordCount\":160,\"image\":{\"@id\":\"https:\/\/portaltela.pt\/noticias\/2026\/01\/25\/vasco-da-gama-de-sines-e-uniao-de-santiago-apuram-aos-quartos-da-taca-af-setubal\/#primaryimage\"},\"thumbnailUrl\":\"https:\/\/portaltela.pt\/s.01k8rhncp4jt1\/2026\/01\/unnamed-file-5187.jpg\",\"keywords\":[\"futebol\",\"Montijo\",\"Pescadores\",\"Sesimbra\",\"Sines\",\"Uni\u00e3o de Santiago\"],\"articleSection\":[\"Desporto\",\"Futebol\"],\"inLanguage\":\"pt-PT\"},{\"@type\":\"WebPage\",\"@id\":\"https:\/\/portaltela.pt\/noticias\/2026\/01\/25\/vasco-da-gama-de-sines-e-uniao-de-santiago-apuram-aos-quartos-da-taca-af-setubal\/\",\"url\":\"https:\/\/portaltela.pt\/noticias\/2026\/01\/25\/vasco-da-gama-de-sines-e-uniao-de-santiago-apuram-aos-quartos-da-taca-af-setubal\/\",\"name\":\"Vasco da Gama de Sines e Uni\u00e3o de Santiago apuram aos quartos da Ta\u00e7a AF Set\u00fabal - Portal Tela Portugal\",\"isPartOf\":{\"@id\":\"https:\/\/portaltela.pt\/#website\"},\"primaryImageOfPage\":{\"@id\":\"https:\/\/portaltela.pt\/noticias\/2026\/01\/25\/vasco-da-gama-de-sines-e-uniao-de-santiago-apuram-aos-quartos-da-taca-af-setubal\/#primaryimage\"},\"image\":{\"@id\":\"https:\/\/portaltela.pt\/noticias\/2026\/01\/25\/vasco-da-gama-de-sines-e-uniao-de-santiago-apuram-aos-quartos-da-taca-af-setubal\/#primaryimage\"},\"thumbnailUrl\":\"https:\/\/portaltela.pt\/s.01k8rhncp4jt1\/2026\/01\/unnamed-file-5187.jpg\",\"datePublished\":\"2026-01-25T18:44:00+00:00\",\"author\":{\"@id\":\"https:\/\/portaltela.pt\/#\/schema\/person\/c4278d4a6028830caff9ee44b42d32ed\"},\"breadcrumb\":{\"@id\":\"https:\/\/portaltela.pt\/noticias\/2026\/01\/25\/vasco-da-gama-de-sines-e-uniao-de-santiago-apuram-aos-quartos-da-taca-af-setubal\/#breadcrumb\"},\"inLanguage\":\"pt-PT\",\"potentialAction\":[{\"@type\":\"ReadAction\",\"target\":[\"https:\/\/portaltela.pt\/noticias\/2026\/01\/25\/vasco-da-gama-de-sines-e-uniao-de-santiago-apuram-aos-quartos-da-taca-af-setubal\/\"]}]},{\"@type\":\"ImageObject\",\"inLanguage\":\"pt-PT\",\"@id\":\"https:\/\/portaltela.pt\/noticias\/2026\/01\/25\/vasco-da-gama-de-sines-e-uniao-de-santiago-apuram-aos-quartos-da-taca-af-setubal\/#primaryimage\",\"url\":\"https:\/\/portaltela.pt\/s.01k8rhncp4jt1\/2026\/01\/unnamed-file-5187.jpg\",\"contentUrl\":\"https:\/\/portaltela.pt\/s.01k8rhncp4jt1\/2026\/01\/unnamed-file-5187.jpg\",\"width\":796,\"height\":448,\"caption\":\"Vasco da Gama de Sines e Uni\u00e3o de Santiago apurados para os quartos de final da Ta\u00e7a da A.F. de Set\u00fabal\"},{\"@type\":\"BreadcrumbList\",\"@id\":\"https:\/\/portaltela.pt\/noticias\/2026\/01\/25\/vasco-da-gama-de-sines-e-uniao-de-santiago-apuram-aos-quartos-da-taca-af-setubal\/#breadcrumb\",\"itemListElement\":[{\"@type\":\"ListItem\",\"position\":1,\"name\":\"In\u00edcio\",\"item\":\"https:\/\/portaltela.pt\/\"},{\"@type\":\"ListItem\",\"position\":2,\"name\":\"Vasco da Gama de Sines e Uni\u00e3o de Santiago apuram aos quartos da Ta\u00e7a AF Set\u00fabal\"}]},{\"@type\":\"WebSite\",\"@id\":\"https:\/\/portaltela.pt\/#website\",\"url\":\"https:\/\/portaltela.pt\/\",\"name\":\"Portal Tela Portugal\",\"description\":\"\",\"potentialAction\":[{\"@type\":\"SearchAction\",\"target\":{\"@type\":\"EntryPoint\",\"urlTemplate\":\"https:\/\/portaltela.pt\/?s={search_term_string}\"},\"query-input\":{\"@type\":\"PropertyValueSpecification\",\"valueRequired\":true,\"valueName\":\"search_term_string\"}}],\"inLanguage\":\"pt-PT\"},{\"@type\":\"Person\",\"@id\":\"https:\/\/portaltela.pt\/#\/schema\/person\/c4278d4a6028830caff9ee44b42d32ed\",\"name\":\"Telinha\",\"image\":{\"@type\":\"ImageObject\",\"inLanguage\":\"pt-PT\",\"@id\":\"https:\/\/portaltela.pt\/s.01k8rhncp4jt1\/2025\/11\/talking-bot-125x125.png\",\"url\":\"https:\/\/portaltela.pt\/s.01k8rhncp4jt1\/2025\/11\/talking-bot-125x125.png\",\"contentUrl\":\"https:\/\/portaltela.pt\/s.01k8rhncp4jt1\/2025\/11\/talking-bot-125x125.png\",\"caption\":\"Telinha\"},\"sameAs\":[\"https:\/\/portaltela.pt\/\"],\"url\":\"https:\/\/portaltela.pt\/por\/367410592786\/\"}]}<\/script>\n<!-- \/ Yoast SEO plugin. -->","yoast_head_json":{"title":"Vasco da Gama de Sines e Uni\u00e3o de Santiago apuram aos quartos da Ta\u00e7a AF Set\u00fabal - Portal Tela Portugal","robots":{"index":"index","follow":"follow","max-snippet":"max-snippet:-1","max-image-preview":"max-image-preview:large","max-video-preview":"max-video-preview:-1"},"og_locale":"pt_PT","og_type":"article","og_title":"Vasco da Gama de Sines e Uni\u00e3o de Santiago apuram aos quartos da Ta\u00e7a AF Set\u00fabal - Portal Tela Portugal","og_description":"Vasco da Gama de Sines venceu Sesimbra por 1-0 e apurou-se para os quartos de final da Ta\u00e7a da Associa\u00e7\u00e3o de Futebol de Set\u00fabal. Uni\u00e3o de Santiago goleou Pinhalnovense por 6-1 e garantiu vaga nos quartos de final. Lagame\u00e7as ganhou ao Fabril do Barreiro por 3-2. Pescadores venceu o Alfarim por 4-1. Vit\u00f3ria de Set\u00fabal bateu o Moitense por 5-2.","og_url":"https:\/\/portaltela.pt\/noticias\/2026\/01\/25\/vasco-da-gama-de-sines-e-uniao-de-santiago-apuram-aos-quartos-da-taca-af-setubal\/","og_site_name":"Portal Tela Portugal","article_published_time":"2026-01-25T18:44:00+00:00","author":"Telinha","twitter_card":"summary_large_image","twitter_misc":{"Escrito por":"Telinha","Tempo estimado de leitura":"1 minuto"},"schema":{"@context":"https:\/\/schema.org","@graph":[{"@type":"Article","@id":"https:\/\/portaltela.pt\/noticias\/2026\/01\/25\/vasco-da-gama-de-sines-e-uniao-de-santiago-apuram-aos-quartos-da-taca-af-setubal\/#article","isPartOf":{"@id":"https:\/\/portaltela.pt\/noticias\/2026\/01\/25\/vasco-da-gama-de-sines-e-uniao-de-santiago-apuram-aos-quartos-da-taca-af-setubal\/"},"author":{"name":"Telinha","@id":"https:\/\/portaltela.pt\/#\/schema\/person\/c4278d4a6028830caff9ee44b42d32ed"},"headline":"Vasco da Gama de Sines e Uni\u00e3o de Santiago apuram aos quartos da Ta\u00e7a AF Set\u00fabal","datePublished":"2026-01-25T18:44:00+00:00","mainEntityOfPage":{"@id":"https:\/\/portaltela.pt\/noticias\/2026\/01\/25\/vasco-da-gama-de-sines-e-uniao-de-santiago-apuram-aos-quartos-da-taca-af-setubal\/"},"wordCount":160,"image":{"@id":"https:\/\/portaltela.pt\/noticias\/2026\/01\/25\/vasco-da-gama-de-sines-e-uniao-de-santiago-apuram-aos-quartos-da-taca-af-setubal\/#primaryimage"},"thumbnailUrl":"https:\/\/portaltela.pt\/s.01k8rhncp4jt1\/2026\/01\/unnamed-file-5187.jpg","keywords":["futebol","Montijo","Pescadores","Sesimbra","Sines","Uni\u00e3o de Santiago"],"articleSection":["Desporto","Futebol"],"inLanguage":"pt-PT"},{"@type":"WebPage","@id":"https:\/\/portaltela.pt\/noticias\/2026\/01\/25\/vasco-da-gama-de-sines-e-uniao-de-santiago-apuram-aos-quartos-da-taca-af-setubal\/","url":"https:\/\/portaltela.pt\/noticias\/2026\/01\/25\/vasco-da-gama-de-sines-e-uniao-de-santiago-apuram-aos-quartos-da-taca-af-setubal\/","name":"Vasco da Gama de Sines e Uni\u00e3o de Santiago apuram aos quartos da Ta\u00e7a AF Set\u00fabal - Portal Tela Portugal","isPartOf":{"@id":"https:\/\/portaltela.pt\/#website"},"primaryImageOfPage":{"@id":"https:\/\/portaltela.pt\/noticias\/2026\/01\/25\/vasco-da-gama-de-sines-e-uniao-de-santiago-apuram-aos-quartos-da-taca-af-setubal\/#primaryimage"},"image":{"@id":"https:\/\/portaltela.pt\/noticias\/2026\/01\/25\/vasco-da-gama-de-sines-e-uniao-de-santiago-apuram-aos-quartos-da-taca-af-setubal\/#primaryimage"},"thumbnailUrl":"https:\/\/portaltela.pt\/s.01k8rhncp4jt1\/2026\/01\/unnamed-file-5187.jpg","datePublished":"2026-01-25T18:44:00+00:00","author":{"@id":"https:\/\/portaltela.pt\/#\/schema\/person\/c4278d4a6028830caff9ee44b42d32ed"},"breadcrumb":{"@id":"https:\/\/portaltela.pt\/noticias\/2026\/01\/25\/vasco-da-gama-de-sines-e-uniao-de-santiago-apuram-aos-quartos-da-taca-af-setubal\/#breadcrumb"},"inLanguage":"pt-PT","potentialAction":[{"@type":"ReadAction","target":["https:\/\/portaltela.pt\/noticias\/2026\/01\/25\/vasco-da-gama-de-sines-e-uniao-de-santiago-apuram-aos-quartos-da-taca-af-setubal\/"]}]},{"@type":"ImageObject","inLanguage":"pt-PT","@id":"https:\/\/portaltela.pt\/noticias\/2026\/01\/25\/vasco-da-gama-de-sines-e-uniao-de-santiago-apuram-aos-quartos-da-taca-af-setubal\/#primaryimage","url":"https:\/\/portaltela.pt\/s.01k8rhncp4jt1\/2026\/01\/unnamed-file-5187.jpg","contentUrl":"https:\/\/portaltela.pt\/s.01k8rhncp4jt1\/2026\/01\/unnamed-file-5187.jpg","width":796,"height":448,"caption":"Vasco da Gama de Sines e Uni\u00e3o de Santiago apurados para os quartos de final da Ta\u00e7a da A.F. de Set\u00fabal"},{"@type":"BreadcrumbList","@id":"https:\/\/portaltela.pt\/noticias\/2026\/01\/25\/vasco-da-gama-de-sines-e-uniao-de-santiago-apuram-aos-quartos-da-taca-af-setubal\/#breadcrumb","itemListElement":[{"@type":"ListItem","position":1,"name":"In\u00edcio","item":"https:\/\/portaltela.pt\/"},{"@type":"ListItem","position":2,"name":"Vasco da Gama de Sines e Uni\u00e3o de Santiago apuram aos quartos da Ta\u00e7a AF Set\u00fabal"}]},{"@type":"WebSite","@id":"https:\/\/portaltela.pt\/#website","url":"https:\/\/portaltela.pt\/","name":"Portal Tela Portugal","description":"","potentialAction":[{"@type":"SearchAction","target":{"@type":"EntryPoint","urlTemplate":"https:\/\/portaltela.pt\/?s={search_term_string}"},"query-input":{"@type":"PropertyValueSpecification","valueRequired":true,"valueName":"search_term_string"}}],"inLanguage":"pt-PT"},{"@type":"Person","@id":"https:\/\/portaltela.pt\/#\/schema\/person\/c4278d4a6028830caff9ee44b42d32ed","name":"Telinha","image":{"@type":"ImageObject","inLanguage":"pt-PT","@id":"https:\/\/portaltela.pt\/s.01k8rhncp4jt1\/2025\/11\/talking-bot-125x125.png","url":"https:\/\/portaltela.pt\/s.01k8rhncp4jt1\/2025\/11\/talking-bot-125x125.png","contentUrl":"https:\/\/portaltela.pt\/s.01k8rhncp4jt1\/2025\/11\/talking-bot-125x125.png","caption":"Telinha"},"sameAs":["https:\/\/portaltela.pt\/"],"url":"https:\/\/portaltela.pt\/por\/367410592786\/"}]}},"_links":{"self":[{"href":"https:\/\/portaltela.pt\/api\/wp\/v2\/posts\/172738","targetHints":{"allow":["GET"]}}],"collection":[{"href":"https:\/\/portaltela.pt\/api\/wp\/v2\/posts"}],"about":[{"href":"https:\/\/portaltela.pt\/api\/wp\/v2\/types\/post"}],"author":[{"embeddable":true,"href":"https:\/\/portaltela.pt\/api\/wp\/v2\/users\/2"}],"replies":[{"embeddable":true,"href":"https:\/\/portaltela.pt\/api\/wp\/v2\/comments?post=172738"}],"version-history":[{"count":0,"href":"https:\/\/portaltela.pt\/api\/wp\/v2\/posts\/172738\/revisions"}],"wp:featuredmedia":[{"embeddable":true,"href":"https:\/\/portaltela.pt\/api\/wp\/v2\/media\/172744"}],"wp:attachment":[{"href":"https:\/\/portaltela.pt\/api\/wp\/v2\/media?parent=172738"}],"wp:term":[{"taxonomy":"category","embeddable":true,"href":"https:\/\/portaltela.pt\/api\/wp\/v2\/categories?post=172738"},{"taxonomy":"post_tag","embeddable":true,"href":"https:\/\/portaltela.pt\/api\/wp\/v2\/tags?post=172738"}],"curies":[{"name":"wp","href":"https:\/\/api.w.org\/{rel}","templated":true}]}}