{"id":172728,"date":"2026-01-25T15:47:00","date_gmt":"2026-01-25T18:47:00","guid":{"rendered":"https:\/\/portaltela.pt\/noticias\/2026\/01\/25\/programa-de-criacao-de-empresas-com-investimento-publico-de-255-milhoes-de-euros\/"},"modified":"2026-01-25T15:47:00","modified_gmt":"2026-01-25T18:47:00","slug":"programa-de-criacao-de-empresas-com-investimento-publico-de-255-milhoes-de-euros","status":"publish","type":"post","link":"https:\/\/portaltela.pt\/noticias\/2026\/01\/25\/programa-de-criacao-de-empresas-com-investimento-publico-de-255-milhoes-de-euros\/","title":{"rendered":"Programa de Cria\u00e7\u00e3o de Empresas com investimento p\u00fablico de 2,55 milh\u00f5es de euros"},"content":{"rendered":"<p>A Secretaria Regional da Inclus\u00e3o, Trabalho e Juventude vai formalizar sete Contratos de Concess\u00e3o de Incentivos nesta segunda-feira, 26 de Janeiro. Os contratos integram os programas CRIEE e CPE do IEM, IP-RAM, com um investimento p\u00fablico aprovado de 109.068 euros. O investimento privado soma 98.120,88 euros, totalizando 207.188,88 euros.<\/p>\n<p>A cerim\u00f3nia de assinatura decorre pelas 12 horas, no Audit\u00f3rio da Secretaria Regional da Inclus\u00e3o, Trabalho e Juventude. Estar\u00e3o presentes Paula Margarido, titular da pasta, e Pedro Gouveia, respons\u00e1vel pelo IEM.<\/p>\n<p>Durante a sess\u00e3o ser\u00e3o formalizados sete projetos, nos quais se prev\u00ea a cria\u00e7\u00e3o de nove postos de trabalho nos concelhos do Funchal, Santa Cruz e Calheta. As \u00e1reas abrangidas v\u00e3o desde moda e repara\u00e7\u00e3o de vestu\u00e1rio at\u00e9 anima\u00e7\u00e3o tur\u00edstica, fotografia e cuidados de beleza.<\/p>\n<p>Os projetos integram atividades de confec\u00e7\u00e3o, repara\u00e7\u00e3o de vestu\u00e1rio, manuten\u00e7\u00e3o f\u00edsica, aluguer de bens recreativos e desportivos, e servi\u00e7os de anima\u00e7\u00e3o tur\u00edstica. As iniciativas s\u00e3o financiadas pelo programa CRIEE e pelo Pr\u00f3prio Emprego (CPE).<\/p>\n<p>Desde a cria\u00e7\u00e3o do CRIEE, entre 2015 e 2025, o Governo Regional da Madeira j\u00e1 apoiou 258 empreendedores, gerando 414 empregos, com investimento p\u00fablico acumulado superior a 2,55 milh\u00f5es de euros.<\/p>\n","protected":false},"excerpt":{"rendered":"<ul>\n<li>A Secretaria Regional da Inclus\u00e3o, Trabalho e Juventude vai formalizar sete Contratos de Concess\u00e3o de Incentivos, no \u00e2mbito dos programas CRIEE e CPE do Instituto de Emprego da Madeira, na segunda-feira, 26 de janeiro, \u00e0s 12h, no Audit\u00f3rio da pr\u00f3pria Secretaria.<\/li>\n<li>O investimento p\u00fablico aprovado \u00e9 de 109.068 euros, com um investimento privado de 98.120,88 euros, totalizando 207.188,88 euros.<\/li>\n<li>Ser\u00e3o formalizados sete projetos que criam nove postos de trabalho nos concelhos do Funchal, Santa Cruz e Calheta, em \u00e1reas como confec\u00e7\u00e3o de vestu\u00e1rio, manuten\u00e7\u00e3o f\u00edsica, anima\u00e7\u00e3o tur\u00edstica, fotografia, cuidados de beleza e aluguer de bens recreativos e desportivos.<\/li>\n<li>A cerim\u00f3nia contar\u00e1 com a tutora da pasta, Paula Margarido, e com o respons\u00e1vel pelo IEM, Pedro Gouveia.<\/li>\n<li>Desde 2015, o programa CRIEE j\u00e1 apoiou 258 empreendedores, criando 414 postos de trabalho, com investimento p\u00fablico acumulado superior a 2,55 milh\u00f5es de euros.<\/li>\n<\/ul>\n","protected":false},"author":2,"featured_media":172745,"comment_status":"closed","ping_status":"closed","sticky":false,"template":"","format":"standard","meta":{"footnotes":""},"categories":[1],"tags":[1375,190,1006,1120,316,859],"class_list":["post-172728","post","type-post","status-publish","format-standard","has-post-thumbnail","hentry","category-noticias","tag-calheta","tag-desenvolvimento-economico","tag-emprego","tag-funchal","tag-investimento","tag-madeira"],"yoast_head":"<!-- This site is optimized with the Yoast SEO plugin v27.2 - https:\/\/yoast.com\/product\/yoast-seo-wordpress\/ -->\n<title>Programa de Cria\u00e7\u00e3o de Empresas com investimento p\u00fablico de 2,55 milh\u00f5es de euros - Portal Tela Portugal<\/title>\n<meta name=\"robots\" content=\"index, follow, max-snippet:-1, max-image-preview:large, max-video-preview:-1\" \/>\n<meta property=\"og:locale\" content=\"pt_PT\" \/>\n<meta property=\"og:type\" content=\"article\" \/>\n<meta property=\"og:title\" content=\"Programa de Cria\u00e7\u00e3o de Empresas com investimento p\u00fablico de 2,55 milh\u00f5es de euros - Portal Tela Portugal\" \/>\n<meta property=\"og:description\" content=\"A Secretaria Regional da Inclus\u00e3o, Trabalho e Juventude vai formalizar sete Contratos de Concess\u00e3o de Incentivos, no \u00e2mbito dos programas CRIEE e CPE do Instituto de Emprego da Madeira, na segunda-feira, 26 de janeiro, \u00e0s 12h, no Audit\u00f3rio da pr\u00f3pria Secretaria. O investimento p\u00fablico aprovado \u00e9 de 109.068 euros, com um investimento privado de 98.120,88 euros, totalizando 207.188,88 euros. Ser\u00e3o formalizados sete projetos que criam nove postos de trabalho nos concelhos do Funchal, Santa Cruz e Calheta, em \u00e1reas como confec\u00e7\u00e3o de vestu\u00e1rio, manuten\u00e7\u00e3o f\u00edsica, anima\u00e7\u00e3o tur\u00edstica, fotografia, cuidados de beleza e aluguer de bens recreativos e desportivos. A cerim\u00f3nia contar\u00e1 com a tutora da pasta, Paula Margarido, e com o respons\u00e1vel pelo IEM, Pedro Gouveia. Desde 2015, o programa CRIEE j\u00e1 apoiou 258 empreendedores, criando 414 postos de trabalho, com investimento p\u00fablico acumulado superior a 2,55 milh\u00f5es de euros.\" \/>\n<meta property=\"og:url\" content=\"https:\/\/portaltela.pt\/noticias\/2026\/01\/25\/programa-de-criacao-de-empresas-com-investimento-publico-de-255-milhoes-de-euros\/\" \/>\n<meta property=\"og:site_name\" content=\"Portal Tela Portugal\" \/>\n<meta property=\"article:published_time\" content=\"2026-01-25T18:47:00+00:00\" \/>\n<meta name=\"author\" content=\"Telinha\" \/>\n<meta name=\"twitter:card\" content=\"summary_large_image\" \/>\n<meta name=\"twitter:label1\" content=\"Escrito por\" \/>\n\t<meta name=\"twitter:data1\" content=\"Telinha\" \/>\n\t<meta name=\"twitter:label2\" content=\"Tempo estimado de leitura\" \/>\n\t<meta name=\"twitter:data2\" content=\"1 minuto\" \/>\n<script type=\"application\/ld+json\" class=\"yoast-schema-graph\">{\"@context\":\"https:\/\/schema.org\",\"@graph\":[{\"@type\":\"Article\",\"@id\":\"https:\/\/portaltela.pt\/noticias\/2026\/01\/25\/programa-de-criacao-de-empresas-com-investimento-publico-de-255-milhoes-de-euros\/#article\",\"isPartOf\":{\"@id\":\"https:\/\/portaltela.pt\/noticias\/2026\/01\/25\/programa-de-criacao-de-empresas-com-investimento-publico-de-255-milhoes-de-euros\/\"},\"author\":{\"name\":\"Telinha\",\"@id\":\"https:\/\/portaltela.pt\/#\/schema\/person\/c4278d4a6028830caff9ee44b42d32ed\"},\"headline\":\"Programa de Cria\u00e7\u00e3o de Empresas com investimento p\u00fablico de 2,55 milh\u00f5es de euros\",\"datePublished\":\"2026-01-25T18:47:00+00:00\",\"mainEntityOfPage\":{\"@id\":\"https:\/\/portaltela.pt\/noticias\/2026\/01\/25\/programa-de-criacao-de-empresas-com-investimento-publico-de-255-milhoes-de-euros\/\"},\"wordCount\":223,\"image\":{\"@id\":\"https:\/\/portaltela.pt\/noticias\/2026\/01\/25\/programa-de-criacao-de-empresas-com-investimento-publico-de-255-milhoes-de-euros\/#primaryimage\"},\"thumbnailUrl\":\"https:\/\/portaltela.pt\/s.01k8rhncp4jt1\/2026\/01\/unnamed-file-5187.jpg\",\"keywords\":[\"Calheta\",\"Desenvolvimento econ\u00f3mico\",\"emprego\",\"Funchal\",\"investimento\",\"Madeira\"],\"articleSection\":[\"Not\u00edcias\"],\"inLanguage\":\"pt-PT\"},{\"@type\":\"WebPage\",\"@id\":\"https:\/\/portaltela.pt\/noticias\/2026\/01\/25\/programa-de-criacao-de-empresas-com-investimento-publico-de-255-milhoes-de-euros\/\",\"url\":\"https:\/\/portaltela.pt\/noticias\/2026\/01\/25\/programa-de-criacao-de-empresas-com-investimento-publico-de-255-milhoes-de-euros\/\",\"name\":\"Programa de Cria\u00e7\u00e3o de Empresas com investimento p\u00fablico de 2,55 milh\u00f5es de euros - Portal Tela Portugal\",\"isPartOf\":{\"@id\":\"https:\/\/portaltela.pt\/#website\"},\"primaryImageOfPage\":{\"@id\":\"https:\/\/portaltela.pt\/noticias\/2026\/01\/25\/programa-de-criacao-de-empresas-com-investimento-publico-de-255-milhoes-de-euros\/#primaryimage\"},\"image\":{\"@id\":\"https:\/\/portaltela.pt\/noticias\/2026\/01\/25\/programa-de-criacao-de-empresas-com-investimento-publico-de-255-milhoes-de-euros\/#primaryimage\"},\"thumbnailUrl\":\"https:\/\/portaltela.pt\/s.01k8rhncp4jt1\/2026\/01\/unnamed-file-5187.jpg\",\"datePublished\":\"2026-01-25T18:47:00+00:00\",\"author\":{\"@id\":\"https:\/\/portaltela.pt\/#\/schema\/person\/c4278d4a6028830caff9ee44b42d32ed\"},\"breadcrumb\":{\"@id\":\"https:\/\/portaltela.pt\/noticias\/2026\/01\/25\/programa-de-criacao-de-empresas-com-investimento-publico-de-255-milhoes-de-euros\/#breadcrumb\"},\"inLanguage\":\"pt-PT\",\"potentialAction\":[{\"@type\":\"ReadAction\",\"target\":[\"https:\/\/portaltela.pt\/noticias\/2026\/01\/25\/programa-de-criacao-de-empresas-com-investimento-publico-de-255-milhoes-de-euros\/\"]}]},{\"@type\":\"ImageObject\",\"inLanguage\":\"pt-PT\",\"@id\":\"https:\/\/portaltela.pt\/noticias\/2026\/01\/25\/programa-de-criacao-de-empresas-com-investimento-publico-de-255-milhoes-de-euros\/#primaryimage\",\"url\":\"https:\/\/portaltela.pt\/s.01k8rhncp4jt1\/2026\/01\/unnamed-file-5187.jpg\",\"contentUrl\":\"https:\/\/portaltela.pt\/s.01k8rhncp4jt1\/2026\/01\/unnamed-file-5187.jpg\",\"width\":796,\"height\":448,\"caption\":\"Programa de Cria\u00e7\u00e3o de Empresas e Emprego com investimento p\u00fablico acumulado superior a 2,55 milh\u00f5es de euros\"},{\"@type\":\"BreadcrumbList\",\"@id\":\"https:\/\/portaltela.pt\/noticias\/2026\/01\/25\/programa-de-criacao-de-empresas-com-investimento-publico-de-255-milhoes-de-euros\/#breadcrumb\",\"itemListElement\":[{\"@type\":\"ListItem\",\"position\":1,\"name\":\"In\u00edcio\",\"item\":\"https:\/\/portaltela.pt\/\"},{\"@type\":\"ListItem\",\"position\":2,\"name\":\"Programa de Cria\u00e7\u00e3o de Empresas com investimento p\u00fablico de 2,55 milh\u00f5es de euros\"}]},{\"@type\":\"WebSite\",\"@id\":\"https:\/\/portaltela.pt\/#website\",\"url\":\"https:\/\/portaltela.pt\/\",\"name\":\"Portal Tela Portugal\",\"description\":\"\",\"potentialAction\":[{\"@type\":\"SearchAction\",\"target\":{\"@type\":\"EntryPoint\",\"urlTemplate\":\"https:\/\/portaltela.pt\/?s={search_term_string}\"},\"query-input\":{\"@type\":\"PropertyValueSpecification\",\"valueRequired\":true,\"valueName\":\"search_term_string\"}}],\"inLanguage\":\"pt-PT\"},{\"@type\":\"Person\",\"@id\":\"https:\/\/portaltela.pt\/#\/schema\/person\/c4278d4a6028830caff9ee44b42d32ed\",\"name\":\"Telinha\",\"image\":{\"@type\":\"ImageObject\",\"inLanguage\":\"pt-PT\",\"@id\":\"https:\/\/portaltela.pt\/s.01k8rhncp4jt1\/2025\/11\/talking-bot-125x125.png\",\"url\":\"https:\/\/portaltela.pt\/s.01k8rhncp4jt1\/2025\/11\/talking-bot-125x125.png\",\"contentUrl\":\"https:\/\/portaltela.pt\/s.01k8rhncp4jt1\/2025\/11\/talking-bot-125x125.png\",\"caption\":\"Telinha\"},\"sameAs\":[\"https:\/\/portaltela.pt\/\"],\"url\":\"https:\/\/portaltela.pt\/por\/367410592786\/\"}]}<\/script>\n<!-- \/ Yoast SEO plugin. -->","yoast_head_json":{"title":"Programa de Cria\u00e7\u00e3o de Empresas com investimento p\u00fablico de 2,55 milh\u00f5es de euros - Portal Tela Portugal","robots":{"index":"index","follow":"follow","max-snippet":"max-snippet:-1","max-image-preview":"max-image-preview:large","max-video-preview":"max-video-preview:-1"},"og_locale":"pt_PT","og_type":"article","og_title":"Programa de Cria\u00e7\u00e3o de Empresas com investimento p\u00fablico de 2,55 milh\u00f5es de euros - Portal Tela Portugal","og_description":"A Secretaria Regional da Inclus\u00e3o, Trabalho e Juventude vai formalizar sete Contratos de Concess\u00e3o de Incentivos, no \u00e2mbito dos programas CRIEE e CPE do Instituto de Emprego da Madeira, na segunda-feira, 26 de janeiro, \u00e0s 12h, no Audit\u00f3rio da pr\u00f3pria Secretaria. O investimento p\u00fablico aprovado \u00e9 de 109.068 euros, com um investimento privado de 98.120,88 euros, totalizando 207.188,88 euros. Ser\u00e3o formalizados sete projetos que criam nove postos de trabalho nos concelhos do Funchal, Santa Cruz e Calheta, em \u00e1reas como confec\u00e7\u00e3o de vestu\u00e1rio, manuten\u00e7\u00e3o f\u00edsica, anima\u00e7\u00e3o tur\u00edstica, fotografia, cuidados de beleza e aluguer de bens recreativos e desportivos. A cerim\u00f3nia contar\u00e1 com a tutora da pasta, Paula Margarido, e com o respons\u00e1vel pelo IEM, Pedro Gouveia. Desde 2015, o programa CRIEE j\u00e1 apoiou 258 empreendedores, criando 414 postos de trabalho, com investimento p\u00fablico acumulado superior a 2,55 milh\u00f5es de euros.","og_url":"https:\/\/portaltela.pt\/noticias\/2026\/01\/25\/programa-de-criacao-de-empresas-com-investimento-publico-de-255-milhoes-de-euros\/","og_site_name":"Portal Tela Portugal","article_published_time":"2026-01-25T18:47:00+00:00","author":"Telinha","twitter_card":"summary_large_image","twitter_misc":{"Escrito por":"Telinha","Tempo estimado de leitura":"1 minuto"},"schema":{"@context":"https:\/\/schema.org","@graph":[{"@type":"Article","@id":"https:\/\/portaltela.pt\/noticias\/2026\/01\/25\/programa-de-criacao-de-empresas-com-investimento-publico-de-255-milhoes-de-euros\/#article","isPartOf":{"@id":"https:\/\/portaltela.pt\/noticias\/2026\/01\/25\/programa-de-criacao-de-empresas-com-investimento-publico-de-255-milhoes-de-euros\/"},"author":{"name":"Telinha","@id":"https:\/\/portaltela.pt\/#\/schema\/person\/c4278d4a6028830caff9ee44b42d32ed"},"headline":"Programa de Cria\u00e7\u00e3o de Empresas com investimento p\u00fablico de 2,55 milh\u00f5es de euros","datePublished":"2026-01-25T18:47:00+00:00","mainEntityOfPage":{"@id":"https:\/\/portaltela.pt\/noticias\/2026\/01\/25\/programa-de-criacao-de-empresas-com-investimento-publico-de-255-milhoes-de-euros\/"},"wordCount":223,"image":{"@id":"https:\/\/portaltela.pt\/noticias\/2026\/01\/25\/programa-de-criacao-de-empresas-com-investimento-publico-de-255-milhoes-de-euros\/#primaryimage"},"thumbnailUrl":"https:\/\/portaltela.pt\/s.01k8rhncp4jt1\/2026\/01\/unnamed-file-5187.jpg","keywords":["Calheta","Desenvolvimento econ\u00f3mico","emprego","Funchal","investimento","Madeira"],"articleSection":["Not\u00edcias"],"inLanguage":"pt-PT"},{"@type":"WebPage","@id":"https:\/\/portaltela.pt\/noticias\/2026\/01\/25\/programa-de-criacao-de-empresas-com-investimento-publico-de-255-milhoes-de-euros\/","url":"https:\/\/portaltela.pt\/noticias\/2026\/01\/25\/programa-de-criacao-de-empresas-com-investimento-publico-de-255-milhoes-de-euros\/","name":"Programa de Cria\u00e7\u00e3o de Empresas com investimento p\u00fablico de 2,55 milh\u00f5es de euros - Portal Tela Portugal","isPartOf":{"@id":"https:\/\/portaltela.pt\/#website"},"primaryImageOfPage":{"@id":"https:\/\/portaltela.pt\/noticias\/2026\/01\/25\/programa-de-criacao-de-empresas-com-investimento-publico-de-255-milhoes-de-euros\/#primaryimage"},"image":{"@id":"https:\/\/portaltela.pt\/noticias\/2026\/01\/25\/programa-de-criacao-de-empresas-com-investimento-publico-de-255-milhoes-de-euros\/#primaryimage"},"thumbnailUrl":"https:\/\/portaltela.pt\/s.01k8rhncp4jt1\/2026\/01\/unnamed-file-5187.jpg","datePublished":"2026-01-25T18:47:00+00:00","author":{"@id":"https:\/\/portaltela.pt\/#\/schema\/person\/c4278d4a6028830caff9ee44b42d32ed"},"breadcrumb":{"@id":"https:\/\/portaltela.pt\/noticias\/2026\/01\/25\/programa-de-criacao-de-empresas-com-investimento-publico-de-255-milhoes-de-euros\/#breadcrumb"},"inLanguage":"pt-PT","potentialAction":[{"@type":"ReadAction","target":["https:\/\/portaltela.pt\/noticias\/2026\/01\/25\/programa-de-criacao-de-empresas-com-investimento-publico-de-255-milhoes-de-euros\/"]}]},{"@type":"ImageObject","inLanguage":"pt-PT","@id":"https:\/\/portaltela.pt\/noticias\/2026\/01\/25\/programa-de-criacao-de-empresas-com-investimento-publico-de-255-milhoes-de-euros\/#primaryimage","url":"https:\/\/portaltela.pt\/s.01k8rhncp4jt1\/2026\/01\/unnamed-file-5187.jpg","contentUrl":"https:\/\/portaltela.pt\/s.01k8rhncp4jt1\/2026\/01\/unnamed-file-5187.jpg","width":796,"height":448,"caption":"Programa de Cria\u00e7\u00e3o de Empresas e Emprego com investimento p\u00fablico acumulado superior a 2,55 milh\u00f5es de euros"},{"@type":"BreadcrumbList","@id":"https:\/\/portaltela.pt\/noticias\/2026\/01\/25\/programa-de-criacao-de-empresas-com-investimento-publico-de-255-milhoes-de-euros\/#breadcrumb","itemListElement":[{"@type":"ListItem","position":1,"name":"In\u00edcio","item":"https:\/\/portaltela.pt\/"},{"@type":"ListItem","position":2,"name":"Programa de Cria\u00e7\u00e3o de Empresas com investimento p\u00fablico de 2,55 milh\u00f5es de euros"}]},{"@type":"WebSite","@id":"https:\/\/portaltela.pt\/#website","url":"https:\/\/portaltela.pt\/","name":"Portal Tela Portugal","description":"","potentialAction":[{"@type":"SearchAction","target":{"@type":"EntryPoint","urlTemplate":"https:\/\/portaltela.pt\/?s={search_term_string}"},"query-input":{"@type":"PropertyValueSpecification","valueRequired":true,"valueName":"search_term_string"}}],"inLanguage":"pt-PT"},{"@type":"Person","@id":"https:\/\/portaltela.pt\/#\/schema\/person\/c4278d4a6028830caff9ee44b42d32ed","name":"Telinha","image":{"@type":"ImageObject","inLanguage":"pt-PT","@id":"https:\/\/portaltela.pt\/s.01k8rhncp4jt1\/2025\/11\/talking-bot-125x125.png","url":"https:\/\/portaltela.pt\/s.01k8rhncp4jt1\/2025\/11\/talking-bot-125x125.png","contentUrl":"https:\/\/portaltela.pt\/s.01k8rhncp4jt1\/2025\/11\/talking-bot-125x125.png","caption":"Telinha"},"sameAs":["https:\/\/portaltela.pt\/"],"url":"https:\/\/portaltela.pt\/por\/367410592786\/"}]}},"_links":{"self":[{"href":"https:\/\/portaltela.pt\/api\/wp\/v2\/posts\/172728","targetHints":{"allow":["GET"]}}],"collection":[{"href":"https:\/\/portaltela.pt\/api\/wp\/v2\/posts"}],"about":[{"href":"https:\/\/portaltela.pt\/api\/wp\/v2\/types\/post"}],"author":[{"embeddable":true,"href":"https:\/\/portaltela.pt\/api\/wp\/v2\/users\/2"}],"replies":[{"embeddable":true,"href":"https:\/\/portaltela.pt\/api\/wp\/v2\/comments?post=172728"}],"version-history":[{"count":0,"href":"https:\/\/portaltela.pt\/api\/wp\/v2\/posts\/172728\/revisions"}],"wp:featuredmedia":[{"embeddable":true,"href":"https:\/\/portaltela.pt\/api\/wp\/v2\/media\/172745"}],"wp:attachment":[{"href":"https:\/\/portaltela.pt\/api\/wp\/v2\/media?parent=172728"}],"wp:term":[{"taxonomy":"category","embeddable":true,"href":"https:\/\/portaltela.pt\/api\/wp\/v2\/categories?post=172728"},{"taxonomy":"post_tag","embeddable":true,"href":"https:\/\/portaltela.pt\/api\/wp\/v2\/tags?post=172728"}],"curies":[{"name":"wp","href":"https:\/\/api.w.org\/{rel}","templated":true}]}}