{"id":172716,"date":"2026-01-25T16:09:00","date_gmt":"2026-01-25T19:09:00","guid":{"rendered":"https:\/\/portaltela.pt\/noticias\/2026\/01\/25\/hoquei-em-patins-transmissao-em-direto-carvalhos-fc-porto\/"},"modified":"2026-01-25T16:09:00","modified_gmt":"2026-01-25T19:09:00","slug":"hoquei-em-patins-transmissao-em-direto-carvalhos-fc-porto","status":"publish","type":"post","link":"https:\/\/portaltela.pt\/desporto\/2026\/01\/25\/hoquei-em-patins-transmissao-em-direto-carvalhos-fc-porto\/","title":{"rendered":"H\u00f3quei em patins: transmiss\u00e3o em direto Carvalhos-FC Porto"},"content":{"rendered":"<p>O jogo Carvalhos-FC Porto, da 13.\u00aa jornada do Campeonato Placard de h\u00f3quei em patins, ter\u00e1 transmiss\u00e3o em direto pela equipa de reportagem da publica\u00e7\u00e3o. O encontro coloca frente a frente o Carvalhos e o FC Porto.<\/p>\n<p>A cobertura foca-se no desenrolar da partida, com especial aten\u00e7\u00e3o aos momentos-chave, \u00e0s interven\u00e7\u00f5es de cada equipa e aos dados oficiais que emergirem do encontro.<\/p>\n<p>No material enviado n\u00e3o ficam claros a data, a hora nem o local exato do jogo, nem detalhes adicionais da transmiss\u00e3o.<\/p>\n","protected":false},"excerpt":{"rendered":"<ul>\n<li>Jogo da 13.\u00aa jornada do Campeonato Placard enfrenta Carvalhos e FC Porto.<\/li>\n<li>A transmiss\u00e3o em direto da partida Carvalhos-FC Porto est\u00e1 anunciada.<\/li>\n<li>O v\u00eddeo da transmiss\u00e3o aparece a carregar, indicando que a emiss\u00e3o deve come\u00e7ar em breve.<\/li>\n<li>O encontro faz parte da competi\u00e7\u00e3o principal de h\u00f3quei em patins em Portugal.<\/li>\n<\/ul>\n","protected":false},"author":2,"featured_media":172726,"comment_status":"closed","ping_status":"closed","sticky":false,"template":"","format":"standard","meta":{"footnotes":""},"categories":[21],"tags":[4248,152,2028,273,982,2780],"class_list":["post-172716","post","type-post","status-publish","format-standard","has-post-thumbnail","hentry","category-desporto","tag-carvalhos","tag-desporto","tag-fc-porto","tag-hoquei","tag-porto","tag-transmissoes-televisivas"],"yoast_head":"<!-- This site is optimized with the Yoast SEO plugin v27.2 - https:\/\/yoast.com\/product\/yoast-seo-wordpress\/ -->\n<title>H\u00f3quei em patins: transmiss\u00e3o em direto Carvalhos-FC Porto - Portal Tela Portugal<\/title>\n<meta name=\"robots\" content=\"index, follow, max-snippet:-1, max-image-preview:large, max-video-preview:-1\" \/>\n<meta property=\"og:locale\" content=\"pt_PT\" \/>\n<meta property=\"og:type\" content=\"article\" \/>\n<meta property=\"og:title\" content=\"H\u00f3quei em patins: transmiss\u00e3o em direto Carvalhos-FC Porto - Portal Tela Portugal\" \/>\n<meta property=\"og:description\" content=\"Jogo da 13.\u00aa jornada do Campeonato Placard enfrenta Carvalhos e FC Porto. A transmiss\u00e3o em direto da partida Carvalhos-FC Porto est\u00e1 anunciada. O v\u00eddeo da transmiss\u00e3o aparece a carregar, indicando que a emiss\u00e3o deve come\u00e7ar em breve. O encontro faz parte da competi\u00e7\u00e3o principal de h\u00f3quei em patins em Portugal.\" \/>\n<meta property=\"og:url\" content=\"https:\/\/portaltela.pt\/noticias\/2026\/01\/25\/hoquei-em-patins-transmissao-em-direto-carvalhos-fc-porto\/\" \/>\n<meta property=\"og:site_name\" content=\"Portal Tela Portugal\" \/>\n<meta property=\"article:published_time\" content=\"2026-01-25T19:09:00+00:00\" \/>\n<meta name=\"author\" content=\"Telinha\" \/>\n<meta name=\"twitter:card\" content=\"summary_large_image\" \/>\n<meta name=\"twitter:label1\" content=\"Escrito por\" \/>\n\t<meta name=\"twitter:data1\" content=\"Telinha\" \/>\n<script type=\"application\/ld+json\" class=\"yoast-schema-graph\">{\"@context\":\"https:\/\/schema.org\",\"@graph\":[{\"@type\":\"Article\",\"@id\":\"https:\/\/portaltela.pt\/noticias\/2026\/01\/25\/hoquei-em-patins-transmissao-em-direto-carvalhos-fc-porto\/#article\",\"isPartOf\":{\"@id\":\"https:\/\/portaltela.pt\/noticias\/2026\/01\/25\/hoquei-em-patins-transmissao-em-direto-carvalhos-fc-porto\/\"},\"author\":{\"name\":\"Telinha\",\"@id\":\"https:\/\/portaltela.pt\/#\/schema\/person\/c4278d4a6028830caff9ee44b42d32ed\"},\"headline\":\"H\u00f3quei em patins: transmiss\u00e3o em direto Carvalhos-FC Porto\",\"datePublished\":\"2026-01-25T19:09:00+00:00\",\"mainEntityOfPage\":{\"@id\":\"https:\/\/portaltela.pt\/noticias\/2026\/01\/25\/hoquei-em-patins-transmissao-em-direto-carvalhos-fc-porto\/\"},\"wordCount\":98,\"image\":{\"@id\":\"https:\/\/portaltela.pt\/noticias\/2026\/01\/25\/hoquei-em-patins-transmissao-em-direto-carvalhos-fc-porto\/#primaryimage\"},\"thumbnailUrl\":\"https:\/\/portaltela.pt\/s.01k8rhncp4jt1\/2026\/01\/img_1200x721uu2026-01-25-19-10-22-2417313-1.jpg\",\"keywords\":[\"Carvalhos\",\"desporto\",\"FC Porto\",\"h\u00f3quei\",\"Porto\",\"transmiss\u00f5es televisivas\"],\"articleSection\":[\"Desporto\"],\"inLanguage\":\"pt-PT\"},{\"@type\":\"WebPage\",\"@id\":\"https:\/\/portaltela.pt\/noticias\/2026\/01\/25\/hoquei-em-patins-transmissao-em-direto-carvalhos-fc-porto\/\",\"url\":\"https:\/\/portaltela.pt\/noticias\/2026\/01\/25\/hoquei-em-patins-transmissao-em-direto-carvalhos-fc-porto\/\",\"name\":\"H\u00f3quei em patins: transmiss\u00e3o em direto Carvalhos-FC Porto - Portal Tela Portugal\",\"isPartOf\":{\"@id\":\"https:\/\/portaltela.pt\/#website\"},\"primaryImageOfPage\":{\"@id\":\"https:\/\/portaltela.pt\/noticias\/2026\/01\/25\/hoquei-em-patins-transmissao-em-direto-carvalhos-fc-porto\/#primaryimage\"},\"image\":{\"@id\":\"https:\/\/portaltela.pt\/noticias\/2026\/01\/25\/hoquei-em-patins-transmissao-em-direto-carvalhos-fc-porto\/#primaryimage\"},\"thumbnailUrl\":\"https:\/\/portaltela.pt\/s.01k8rhncp4jt1\/2026\/01\/img_1200x721uu2026-01-25-19-10-22-2417313-1.jpg\",\"datePublished\":\"2026-01-25T19:09:00+00:00\",\"author\":{\"@id\":\"https:\/\/portaltela.pt\/#\/schema\/person\/c4278d4a6028830caff9ee44b42d32ed\"},\"breadcrumb\":{\"@id\":\"https:\/\/portaltela.pt\/noticias\/2026\/01\/25\/hoquei-em-patins-transmissao-em-direto-carvalhos-fc-porto\/#breadcrumb\"},\"inLanguage\":\"pt-PT\",\"potentialAction\":[{\"@type\":\"ReadAction\",\"target\":[\"https:\/\/portaltela.pt\/noticias\/2026\/01\/25\/hoquei-em-patins-transmissao-em-direto-carvalhos-fc-porto\/\"]}]},{\"@type\":\"ImageObject\",\"inLanguage\":\"pt-PT\",\"@id\":\"https:\/\/portaltela.pt\/noticias\/2026\/01\/25\/hoquei-em-patins-transmissao-em-direto-carvalhos-fc-porto\/#primaryimage\",\"url\":\"https:\/\/portaltela.pt\/s.01k8rhncp4jt1\/2026\/01\/img_1200x721uu2026-01-25-19-10-22-2417313-1.jpg\",\"contentUrl\":\"https:\/\/portaltela.pt\/s.01k8rhncp4jt1\/2026\/01\/img_1200x721uu2026-01-25-19-10-22-2417313-1.jpg\",\"width\":796,\"height\":448,\"caption\":\"Photo\"},{\"@type\":\"BreadcrumbList\",\"@id\":\"https:\/\/portaltela.pt\/noticias\/2026\/01\/25\/hoquei-em-patins-transmissao-em-direto-carvalhos-fc-porto\/#breadcrumb\",\"itemListElement\":[{\"@type\":\"ListItem\",\"position\":1,\"name\":\"In\u00edcio\",\"item\":\"https:\/\/portaltela.pt\/\"},{\"@type\":\"ListItem\",\"position\":2,\"name\":\"H\u00f3quei em patins: transmiss\u00e3o em direto Carvalhos-FC Porto\"}]},{\"@type\":\"WebSite\",\"@id\":\"https:\/\/portaltela.pt\/#website\",\"url\":\"https:\/\/portaltela.pt\/\",\"name\":\"Portal Tela Portugal\",\"description\":\"\",\"potentialAction\":[{\"@type\":\"SearchAction\",\"target\":{\"@type\":\"EntryPoint\",\"urlTemplate\":\"https:\/\/portaltela.pt\/?s={search_term_string}\"},\"query-input\":{\"@type\":\"PropertyValueSpecification\",\"valueRequired\":true,\"valueName\":\"search_term_string\"}}],\"inLanguage\":\"pt-PT\"},{\"@type\":\"Person\",\"@id\":\"https:\/\/portaltela.pt\/#\/schema\/person\/c4278d4a6028830caff9ee44b42d32ed\",\"name\":\"Telinha\",\"image\":{\"@type\":\"ImageObject\",\"inLanguage\":\"pt-PT\",\"@id\":\"https:\/\/portaltela.pt\/s.01k8rhncp4jt1\/2025\/11\/talking-bot-125x125.png\",\"url\":\"https:\/\/portaltela.pt\/s.01k8rhncp4jt1\/2025\/11\/talking-bot-125x125.png\",\"contentUrl\":\"https:\/\/portaltela.pt\/s.01k8rhncp4jt1\/2025\/11\/talking-bot-125x125.png\",\"caption\":\"Telinha\"},\"sameAs\":[\"https:\/\/portaltela.pt\/\"],\"url\":\"https:\/\/portaltela.pt\/por\/367410592786\/\"}]}<\/script>\n<!-- \/ Yoast SEO plugin. -->","yoast_head_json":{"title":"H\u00f3quei em patins: transmiss\u00e3o em direto Carvalhos-FC Porto - Portal Tela Portugal","robots":{"index":"index","follow":"follow","max-snippet":"max-snippet:-1","max-image-preview":"max-image-preview:large","max-video-preview":"max-video-preview:-1"},"og_locale":"pt_PT","og_type":"article","og_title":"H\u00f3quei em patins: transmiss\u00e3o em direto Carvalhos-FC Porto - Portal Tela Portugal","og_description":"Jogo da 13.\u00aa jornada do Campeonato Placard enfrenta Carvalhos e FC Porto. A transmiss\u00e3o em direto da partida Carvalhos-FC Porto est\u00e1 anunciada. O v\u00eddeo da transmiss\u00e3o aparece a carregar, indicando que a emiss\u00e3o deve come\u00e7ar em breve. O encontro faz parte da competi\u00e7\u00e3o principal de h\u00f3quei em patins em Portugal.","og_url":"https:\/\/portaltela.pt\/noticias\/2026\/01\/25\/hoquei-em-patins-transmissao-em-direto-carvalhos-fc-porto\/","og_site_name":"Portal Tela Portugal","article_published_time":"2026-01-25T19:09:00+00:00","author":"Telinha","twitter_card":"summary_large_image","twitter_misc":{"Escrito por":"Telinha"},"schema":{"@context":"https:\/\/schema.org","@graph":[{"@type":"Article","@id":"https:\/\/portaltela.pt\/noticias\/2026\/01\/25\/hoquei-em-patins-transmissao-em-direto-carvalhos-fc-porto\/#article","isPartOf":{"@id":"https:\/\/portaltela.pt\/noticias\/2026\/01\/25\/hoquei-em-patins-transmissao-em-direto-carvalhos-fc-porto\/"},"author":{"name":"Telinha","@id":"https:\/\/portaltela.pt\/#\/schema\/person\/c4278d4a6028830caff9ee44b42d32ed"},"headline":"H\u00f3quei em patins: transmiss\u00e3o em direto Carvalhos-FC Porto","datePublished":"2026-01-25T19:09:00+00:00","mainEntityOfPage":{"@id":"https:\/\/portaltela.pt\/noticias\/2026\/01\/25\/hoquei-em-patins-transmissao-em-direto-carvalhos-fc-porto\/"},"wordCount":98,"image":{"@id":"https:\/\/portaltela.pt\/noticias\/2026\/01\/25\/hoquei-em-patins-transmissao-em-direto-carvalhos-fc-porto\/#primaryimage"},"thumbnailUrl":"https:\/\/portaltela.pt\/s.01k8rhncp4jt1\/2026\/01\/img_1200x721uu2026-01-25-19-10-22-2417313-1.jpg","keywords":["Carvalhos","desporto","FC Porto","h\u00f3quei","Porto","transmiss\u00f5es televisivas"],"articleSection":["Desporto"],"inLanguage":"pt-PT"},{"@type":"WebPage","@id":"https:\/\/portaltela.pt\/noticias\/2026\/01\/25\/hoquei-em-patins-transmissao-em-direto-carvalhos-fc-porto\/","url":"https:\/\/portaltela.pt\/noticias\/2026\/01\/25\/hoquei-em-patins-transmissao-em-direto-carvalhos-fc-porto\/","name":"H\u00f3quei em patins: transmiss\u00e3o em direto Carvalhos-FC Porto - Portal Tela Portugal","isPartOf":{"@id":"https:\/\/portaltela.pt\/#website"},"primaryImageOfPage":{"@id":"https:\/\/portaltela.pt\/noticias\/2026\/01\/25\/hoquei-em-patins-transmissao-em-direto-carvalhos-fc-porto\/#primaryimage"},"image":{"@id":"https:\/\/portaltela.pt\/noticias\/2026\/01\/25\/hoquei-em-patins-transmissao-em-direto-carvalhos-fc-porto\/#primaryimage"},"thumbnailUrl":"https:\/\/portaltela.pt\/s.01k8rhncp4jt1\/2026\/01\/img_1200x721uu2026-01-25-19-10-22-2417313-1.jpg","datePublished":"2026-01-25T19:09:00+00:00","author":{"@id":"https:\/\/portaltela.pt\/#\/schema\/person\/c4278d4a6028830caff9ee44b42d32ed"},"breadcrumb":{"@id":"https:\/\/portaltela.pt\/noticias\/2026\/01\/25\/hoquei-em-patins-transmissao-em-direto-carvalhos-fc-porto\/#breadcrumb"},"inLanguage":"pt-PT","potentialAction":[{"@type":"ReadAction","target":["https:\/\/portaltela.pt\/noticias\/2026\/01\/25\/hoquei-em-patins-transmissao-em-direto-carvalhos-fc-porto\/"]}]},{"@type":"ImageObject","inLanguage":"pt-PT","@id":"https:\/\/portaltela.pt\/noticias\/2026\/01\/25\/hoquei-em-patins-transmissao-em-direto-carvalhos-fc-porto\/#primaryimage","url":"https:\/\/portaltela.pt\/s.01k8rhncp4jt1\/2026\/01\/img_1200x721uu2026-01-25-19-10-22-2417313-1.jpg","contentUrl":"https:\/\/portaltela.pt\/s.01k8rhncp4jt1\/2026\/01\/img_1200x721uu2026-01-25-19-10-22-2417313-1.jpg","width":796,"height":448,"caption":"Photo"},{"@type":"BreadcrumbList","@id":"https:\/\/portaltela.pt\/noticias\/2026\/01\/25\/hoquei-em-patins-transmissao-em-direto-carvalhos-fc-porto\/#breadcrumb","itemListElement":[{"@type":"ListItem","position":1,"name":"In\u00edcio","item":"https:\/\/portaltela.pt\/"},{"@type":"ListItem","position":2,"name":"H\u00f3quei em patins: transmiss\u00e3o em direto Carvalhos-FC Porto"}]},{"@type":"WebSite","@id":"https:\/\/portaltela.pt\/#website","url":"https:\/\/portaltela.pt\/","name":"Portal Tela Portugal","description":"","potentialAction":[{"@type":"SearchAction","target":{"@type":"EntryPoint","urlTemplate":"https:\/\/portaltela.pt\/?s={search_term_string}"},"query-input":{"@type":"PropertyValueSpecification","valueRequired":true,"valueName":"search_term_string"}}],"inLanguage":"pt-PT"},{"@type":"Person","@id":"https:\/\/portaltela.pt\/#\/schema\/person\/c4278d4a6028830caff9ee44b42d32ed","name":"Telinha","image":{"@type":"ImageObject","inLanguage":"pt-PT","@id":"https:\/\/portaltela.pt\/s.01k8rhncp4jt1\/2025\/11\/talking-bot-125x125.png","url":"https:\/\/portaltela.pt\/s.01k8rhncp4jt1\/2025\/11\/talking-bot-125x125.png","contentUrl":"https:\/\/portaltela.pt\/s.01k8rhncp4jt1\/2025\/11\/talking-bot-125x125.png","caption":"Telinha"},"sameAs":["https:\/\/portaltela.pt\/"],"url":"https:\/\/portaltela.pt\/por\/367410592786\/"}]}},"_links":{"self":[{"href":"https:\/\/portaltela.pt\/api\/wp\/v2\/posts\/172716","targetHints":{"allow":["GET"]}}],"collection":[{"href":"https:\/\/portaltela.pt\/api\/wp\/v2\/posts"}],"about":[{"href":"https:\/\/portaltela.pt\/api\/wp\/v2\/types\/post"}],"author":[{"embeddable":true,"href":"https:\/\/portaltela.pt\/api\/wp\/v2\/users\/2"}],"replies":[{"embeddable":true,"href":"https:\/\/portaltela.pt\/api\/wp\/v2\/comments?post=172716"}],"version-history":[{"count":0,"href":"https:\/\/portaltela.pt\/api\/wp\/v2\/posts\/172716\/revisions"}],"wp:featuredmedia":[{"embeddable":true,"href":"https:\/\/portaltela.pt\/api\/wp\/v2\/media\/172726"}],"wp:attachment":[{"href":"https:\/\/portaltela.pt\/api\/wp\/v2\/media?parent=172716"}],"wp:term":[{"taxonomy":"category","embeddable":true,"href":"https:\/\/portaltela.pt\/api\/wp\/v2\/categories?post=172716"},{"taxonomy":"post_tag","embeddable":true,"href":"https:\/\/portaltela.pt\/api\/wp\/v2\/tags?post=172716"}],"curies":[{"name":"wp","href":"https:\/\/api.w.org\/{rel}","templated":true}]}}