{"id":172700,"date":"2026-01-25T16:02:44","date_gmt":"2026-01-25T19:02:44","guid":{"rendered":"https:\/\/portaltela.pt\/noticias\/2026\/01\/25\/ucranianos-passam-frio-sem-eletricidade-ou-aquecimento-apos-ataques-russos\/"},"modified":"2026-01-25T16:02:44","modified_gmt":"2026-01-25T19:02:44","slug":"ucranianos-passam-frio-sem-eletricidade-ou-aquecimento-apos-ataques-russos","status":"publish","type":"post","link":"https:\/\/portaltela.pt\/noticias\/politica\/2026\/01\/25\/ucranianos-passam-frio-sem-eletricidade-ou-aquecimento-apos-ataques-russos\/","title":{"rendered":"Ucranianos passam frio sem eletricidade ou aquecimento ap\u00f3s ataques russos"},"content":{"rendered":"<p>O inverno retorna \u00e0 Ucr\u00e2nia com ataques russos \u00e0 infraestrutura energ\u00e9tica, deixando muitas regi\u00f5es sem aquecimento e eletricidade. Kiev enfrenta cortes de energia ap\u00f3s o mais recente bombardeamento durante a noite.<\/p>\n<p>Segundo a ag\u00eancia AP, mais de 1.500 pr\u00e9dios de apartamentos em Kiev permanecem sem aquecimento, com temperaturas que rondam -10 \u00b0C. A falha no fornecimento agrava a situa\u00e7\u00e3o de fam\u00edlias j\u00e1 vulner\u00e1veis.<\/p>\n<p>Ainda que as autoridades locais trabalhem para restabelecer o servi\u00e7o, a recupera\u00e7\u00e3o tem sido lenta devido aos danos causados pelos ataques. O frio intenso aumenta a press\u00e3o sobre os residentes.<\/p>\n<p>A comunidade internacional tem apoiado a Ucr\u00e2nia com ajuda humanit\u00e1ria e apoio t\u00e9cnico para reconstru\u00e7\u00e3o da energia. Analistas destacam a necessidade de solu\u00e7\u00f5es duradouras para a seguran\u00e7a energ\u00e9tica.<\/p>\n<p>A crise evid\u00eancia a exposi\u00e7\u00e3o do pa\u00eds a um conflito prolongado. O objetivo \u00e9 refor\u00e7ar a resili\u00eancia das redes e assegurar o funcionamento b\u00e1sico de servi\u00e7os durante o inverno. A recupera\u00e7\u00e3o depende de apoio externo.<\/p>\n<h3>Situa\u00e7\u00e3o energ\u00e9tica em Kiev<\/h3>\n<p>A cidade enfrenta v\u00e1rios blocos de energia, com bairros afetados de forma desigual. Autoridades locais indicam que o restabelecimento completo pode levar tempo, dependendo de condi\u00e7\u00f5es de seguran\u00e7a e de fornecimento de combust\u00edvel.<\/p>\n","protected":false},"excerpt":{"rendered":"<ul>\n<li>Durante a \u00faltima noite, ataques russos \u00e0 infraestrutura energ\u00e9tica deixaram Kiev com cortes de energia e temperaturas a menos 10 \u00b0C.<\/li>\n<li>Mais de 1,5 mil pr\u00e9dios de apartamentos em Kiev permanecem sem aquecimento.<\/li>\n<li>O inverno est\u00e1 a revelar-se particularmente duro devido \u00e0s interrup\u00e7\u00f5es no fornecimento de energia e aquecimento.<\/li>\n<li>As autoridades locais trabalham para restabelecer o fornecimento, mas os danos complicam a recupera\u00e7\u00e3o r\u00e1pida.<\/li>\n<li>A comunidade internacional tem apoiado a Ucr\u00e2nia com ajuda humanit\u00e1ria e apoio \u00e0 restaura\u00e7\u00e3o da infraestrutura.<\/li>\n<\/ul>\n","protected":false},"author":2,"featured_media":172702,"comment_status":"closed","ping_status":"closed","sticky":false,"template":"","format":"standard","meta":{"footnotes":""},"categories":[1,5],"tags":[2671,2792,3732,174,1639,2134],"class_list":["post-172700","post","type-post","status-publish","format-standard","has-post-thumbnail","hentry","category-noticias","category-politica","tag-aquecimento","tag-conflito-internacional","tag-eletricidade","tag-energia","tag-kiev","tag-ucrania"],"yoast_head":"<!-- This site is optimized with the Yoast SEO plugin v27.2 - https:\/\/yoast.com\/product\/yoast-seo-wordpress\/ -->\n<title>Ucranianos passam frio sem eletricidade ou aquecimento ap\u00f3s ataques russos - Portal Tela Portugal<\/title>\n<meta name=\"robots\" content=\"index, follow, max-snippet:-1, max-image-preview:large, max-video-preview:-1\" \/>\n<meta property=\"og:locale\" content=\"pt_PT\" \/>\n<meta property=\"og:type\" content=\"article\" \/>\n<meta property=\"og:title\" content=\"Ucranianos passam frio sem eletricidade ou aquecimento ap\u00f3s ataques russos - Portal Tela Portugal\" \/>\n<meta property=\"og:description\" content=\"Durante a \u00faltima noite, ataques russos \u00e0 infraestrutura energ\u00e9tica deixaram Kiev com cortes de energia e temperaturas a menos 10 \u00b0C. Mais de 1,5 mil pr\u00e9dios de apartamentos em Kiev permanecem sem aquecimento. O inverno est\u00e1 a revelar-se particularmente duro devido \u00e0s interrup\u00e7\u00f5es no fornecimento de energia e aquecimento. As autoridades locais trabalham para restabelecer o fornecimento, mas os danos complicam a recupera\u00e7\u00e3o r\u00e1pida. A comunidade internacional tem apoiado a Ucr\u00e2nia com ajuda humanit\u00e1ria e apoio \u00e0 restaura\u00e7\u00e3o da infraestrutura.\" \/>\n<meta property=\"og:url\" content=\"https:\/\/portaltela.pt\/noticias\/2026\/01\/25\/ucranianos-passam-frio-sem-eletricidade-ou-aquecimento-apos-ataques-russos\/\" \/>\n<meta property=\"og:site_name\" content=\"Portal Tela Portugal\" \/>\n<meta property=\"article:published_time\" content=\"2026-01-25T19:02:44+00:00\" \/>\n<meta name=\"author\" content=\"Telinha\" \/>\n<meta name=\"twitter:card\" content=\"summary_large_image\" \/>\n<meta name=\"twitter:label1\" content=\"Escrito por\" \/>\n\t<meta name=\"twitter:data1\" content=\"Telinha\" \/>\n\t<meta name=\"twitter:label2\" content=\"Tempo estimado de leitura\" \/>\n\t<meta name=\"twitter:data2\" content=\"1 minuto\" \/>\n<script type=\"application\/ld+json\" class=\"yoast-schema-graph\">{\"@context\":\"https:\/\/schema.org\",\"@graph\":[{\"@type\":\"Article\",\"@id\":\"https:\/\/portaltela.pt\/noticias\/2026\/01\/25\/ucranianos-passam-frio-sem-eletricidade-ou-aquecimento-apos-ataques-russos\/#article\",\"isPartOf\":{\"@id\":\"https:\/\/portaltela.pt\/noticias\/2026\/01\/25\/ucranianos-passam-frio-sem-eletricidade-ou-aquecimento-apos-ataques-russos\/\"},\"author\":{\"name\":\"Telinha\",\"@id\":\"https:\/\/portaltela.pt\/#\/schema\/person\/c4278d4a6028830caff9ee44b42d32ed\"},\"headline\":\"Ucranianos passam frio sem eletricidade ou aquecimento ap\u00f3s ataques russos\",\"datePublished\":\"2026-01-25T19:02:44+00:00\",\"mainEntityOfPage\":{\"@id\":\"https:\/\/portaltela.pt\/noticias\/2026\/01\/25\/ucranianos-passam-frio-sem-eletricidade-ou-aquecimento-apos-ataques-russos\/\"},\"wordCount\":233,\"image\":{\"@id\":\"https:\/\/portaltela.pt\/noticias\/2026\/01\/25\/ucranianos-passam-frio-sem-eletricidade-ou-aquecimento-apos-ataques-russos\/#primaryimage\"},\"thumbnailUrl\":\"https:\/\/portaltela.pt\/s.01k8rhncp4jt1\/2026\/01\/img_1280x722uu2026-01-25-18-51-14-2262509.jpg\",\"keywords\":[\"aquecimento\",\"conflito internacional\",\"eletricidade\",\"energia\",\"Kiev\",\"Ucr\u00e2nia\"],\"articleSection\":[\"Not\u00edcias\",\"Pol\u00edtica\"],\"inLanguage\":\"pt-PT\"},{\"@type\":\"WebPage\",\"@id\":\"https:\/\/portaltela.pt\/noticias\/2026\/01\/25\/ucranianos-passam-frio-sem-eletricidade-ou-aquecimento-apos-ataques-russos\/\",\"url\":\"https:\/\/portaltela.pt\/noticias\/2026\/01\/25\/ucranianos-passam-frio-sem-eletricidade-ou-aquecimento-apos-ataques-russos\/\",\"name\":\"Ucranianos passam frio sem eletricidade ou aquecimento ap\u00f3s ataques russos - Portal Tela Portugal\",\"isPartOf\":{\"@id\":\"https:\/\/portaltela.pt\/#website\"},\"primaryImageOfPage\":{\"@id\":\"https:\/\/portaltela.pt\/noticias\/2026\/01\/25\/ucranianos-passam-frio-sem-eletricidade-ou-aquecimento-apos-ataques-russos\/#primaryimage\"},\"image\":{\"@id\":\"https:\/\/portaltela.pt\/noticias\/2026\/01\/25\/ucranianos-passam-frio-sem-eletricidade-ou-aquecimento-apos-ataques-russos\/#primaryimage\"},\"thumbnailUrl\":\"https:\/\/portaltela.pt\/s.01k8rhncp4jt1\/2026\/01\/img_1280x722uu2026-01-25-18-51-14-2262509.jpg\",\"datePublished\":\"2026-01-25T19:02:44+00:00\",\"author\":{\"@id\":\"https:\/\/portaltela.pt\/#\/schema\/person\/c4278d4a6028830caff9ee44b42d32ed\"},\"breadcrumb\":{\"@id\":\"https:\/\/portaltela.pt\/noticias\/2026\/01\/25\/ucranianos-passam-frio-sem-eletricidade-ou-aquecimento-apos-ataques-russos\/#breadcrumb\"},\"inLanguage\":\"pt-PT\",\"potentialAction\":[{\"@type\":\"ReadAction\",\"target\":[\"https:\/\/portaltela.pt\/noticias\/2026\/01\/25\/ucranianos-passam-frio-sem-eletricidade-ou-aquecimento-apos-ataques-russos\/\"]}]},{\"@type\":\"ImageObject\",\"inLanguage\":\"pt-PT\",\"@id\":\"https:\/\/portaltela.pt\/noticias\/2026\/01\/25\/ucranianos-passam-frio-sem-eletricidade-ou-aquecimento-apos-ataques-russos\/#primaryimage\",\"url\":\"https:\/\/portaltela.pt\/s.01k8rhncp4jt1\/2026\/01\/img_1280x722uu2026-01-25-18-51-14-2262509.jpg\",\"contentUrl\":\"https:\/\/portaltela.pt\/s.01k8rhncp4jt1\/2026\/01\/img_1280x722uu2026-01-25-18-51-14-2262509.jpg\",\"width\":796,\"height\":448,\"caption\":\"Imagem ilustrativa\"},{\"@type\":\"BreadcrumbList\",\"@id\":\"https:\/\/portaltela.pt\/noticias\/2026\/01\/25\/ucranianos-passam-frio-sem-eletricidade-ou-aquecimento-apos-ataques-russos\/#breadcrumb\",\"itemListElement\":[{\"@type\":\"ListItem\",\"position\":1,\"name\":\"In\u00edcio\",\"item\":\"https:\/\/portaltela.pt\/\"},{\"@type\":\"ListItem\",\"position\":2,\"name\":\"Ucranianos passam frio sem eletricidade ou aquecimento ap\u00f3s ataques russos\"}]},{\"@type\":\"WebSite\",\"@id\":\"https:\/\/portaltela.pt\/#website\",\"url\":\"https:\/\/portaltela.pt\/\",\"name\":\"Portal Tela Portugal\",\"description\":\"\",\"potentialAction\":[{\"@type\":\"SearchAction\",\"target\":{\"@type\":\"EntryPoint\",\"urlTemplate\":\"https:\/\/portaltela.pt\/?s={search_term_string}\"},\"query-input\":{\"@type\":\"PropertyValueSpecification\",\"valueRequired\":true,\"valueName\":\"search_term_string\"}}],\"inLanguage\":\"pt-PT\"},{\"@type\":\"Person\",\"@id\":\"https:\/\/portaltela.pt\/#\/schema\/person\/c4278d4a6028830caff9ee44b42d32ed\",\"name\":\"Telinha\",\"image\":{\"@type\":\"ImageObject\",\"inLanguage\":\"pt-PT\",\"@id\":\"https:\/\/portaltela.pt\/s.01k8rhncp4jt1\/2025\/11\/talking-bot-125x125.png\",\"url\":\"https:\/\/portaltela.pt\/s.01k8rhncp4jt1\/2025\/11\/talking-bot-125x125.png\",\"contentUrl\":\"https:\/\/portaltela.pt\/s.01k8rhncp4jt1\/2025\/11\/talking-bot-125x125.png\",\"caption\":\"Telinha\"},\"sameAs\":[\"https:\/\/portaltela.pt\/\"],\"url\":\"https:\/\/portaltela.pt\/por\/367410592786\/\"}]}<\/script>\n<!-- \/ Yoast SEO plugin. -->","yoast_head_json":{"title":"Ucranianos passam frio sem eletricidade ou aquecimento ap\u00f3s ataques russos - Portal Tela Portugal","robots":{"index":"index","follow":"follow","max-snippet":"max-snippet:-1","max-image-preview":"max-image-preview:large","max-video-preview":"max-video-preview:-1"},"og_locale":"pt_PT","og_type":"article","og_title":"Ucranianos passam frio sem eletricidade ou aquecimento ap\u00f3s ataques russos - Portal Tela Portugal","og_description":"Durante a \u00faltima noite, ataques russos \u00e0 infraestrutura energ\u00e9tica deixaram Kiev com cortes de energia e temperaturas a menos 10 \u00b0C. Mais de 1,5 mil pr\u00e9dios de apartamentos em Kiev permanecem sem aquecimento. O inverno est\u00e1 a revelar-se particularmente duro devido \u00e0s interrup\u00e7\u00f5es no fornecimento de energia e aquecimento. As autoridades locais trabalham para restabelecer o fornecimento, mas os danos complicam a recupera\u00e7\u00e3o r\u00e1pida. A comunidade internacional tem apoiado a Ucr\u00e2nia com ajuda humanit\u00e1ria e apoio \u00e0 restaura\u00e7\u00e3o da infraestrutura.","og_url":"https:\/\/portaltela.pt\/noticias\/2026\/01\/25\/ucranianos-passam-frio-sem-eletricidade-ou-aquecimento-apos-ataques-russos\/","og_site_name":"Portal Tela Portugal","article_published_time":"2026-01-25T19:02:44+00:00","author":"Telinha","twitter_card":"summary_large_image","twitter_misc":{"Escrito por":"Telinha","Tempo estimado de leitura":"1 minuto"},"schema":{"@context":"https:\/\/schema.org","@graph":[{"@type":"Article","@id":"https:\/\/portaltela.pt\/noticias\/2026\/01\/25\/ucranianos-passam-frio-sem-eletricidade-ou-aquecimento-apos-ataques-russos\/#article","isPartOf":{"@id":"https:\/\/portaltela.pt\/noticias\/2026\/01\/25\/ucranianos-passam-frio-sem-eletricidade-ou-aquecimento-apos-ataques-russos\/"},"author":{"name":"Telinha","@id":"https:\/\/portaltela.pt\/#\/schema\/person\/c4278d4a6028830caff9ee44b42d32ed"},"headline":"Ucranianos passam frio sem eletricidade ou aquecimento ap\u00f3s ataques russos","datePublished":"2026-01-25T19:02:44+00:00","mainEntityOfPage":{"@id":"https:\/\/portaltela.pt\/noticias\/2026\/01\/25\/ucranianos-passam-frio-sem-eletricidade-ou-aquecimento-apos-ataques-russos\/"},"wordCount":233,"image":{"@id":"https:\/\/portaltela.pt\/noticias\/2026\/01\/25\/ucranianos-passam-frio-sem-eletricidade-ou-aquecimento-apos-ataques-russos\/#primaryimage"},"thumbnailUrl":"https:\/\/portaltela.pt\/s.01k8rhncp4jt1\/2026\/01\/img_1280x722uu2026-01-25-18-51-14-2262509.jpg","keywords":["aquecimento","conflito internacional","eletricidade","energia","Kiev","Ucr\u00e2nia"],"articleSection":["Not\u00edcias","Pol\u00edtica"],"inLanguage":"pt-PT"},{"@type":"WebPage","@id":"https:\/\/portaltela.pt\/noticias\/2026\/01\/25\/ucranianos-passam-frio-sem-eletricidade-ou-aquecimento-apos-ataques-russos\/","url":"https:\/\/portaltela.pt\/noticias\/2026\/01\/25\/ucranianos-passam-frio-sem-eletricidade-ou-aquecimento-apos-ataques-russos\/","name":"Ucranianos passam frio sem eletricidade ou aquecimento ap\u00f3s ataques russos - Portal Tela Portugal","isPartOf":{"@id":"https:\/\/portaltela.pt\/#website"},"primaryImageOfPage":{"@id":"https:\/\/portaltela.pt\/noticias\/2026\/01\/25\/ucranianos-passam-frio-sem-eletricidade-ou-aquecimento-apos-ataques-russos\/#primaryimage"},"image":{"@id":"https:\/\/portaltela.pt\/noticias\/2026\/01\/25\/ucranianos-passam-frio-sem-eletricidade-ou-aquecimento-apos-ataques-russos\/#primaryimage"},"thumbnailUrl":"https:\/\/portaltela.pt\/s.01k8rhncp4jt1\/2026\/01\/img_1280x722uu2026-01-25-18-51-14-2262509.jpg","datePublished":"2026-01-25T19:02:44+00:00","author":{"@id":"https:\/\/portaltela.pt\/#\/schema\/person\/c4278d4a6028830caff9ee44b42d32ed"},"breadcrumb":{"@id":"https:\/\/portaltela.pt\/noticias\/2026\/01\/25\/ucranianos-passam-frio-sem-eletricidade-ou-aquecimento-apos-ataques-russos\/#breadcrumb"},"inLanguage":"pt-PT","potentialAction":[{"@type":"ReadAction","target":["https:\/\/portaltela.pt\/noticias\/2026\/01\/25\/ucranianos-passam-frio-sem-eletricidade-ou-aquecimento-apos-ataques-russos\/"]}]},{"@type":"ImageObject","inLanguage":"pt-PT","@id":"https:\/\/portaltela.pt\/noticias\/2026\/01\/25\/ucranianos-passam-frio-sem-eletricidade-ou-aquecimento-apos-ataques-russos\/#primaryimage","url":"https:\/\/portaltela.pt\/s.01k8rhncp4jt1\/2026\/01\/img_1280x722uu2026-01-25-18-51-14-2262509.jpg","contentUrl":"https:\/\/portaltela.pt\/s.01k8rhncp4jt1\/2026\/01\/img_1280x722uu2026-01-25-18-51-14-2262509.jpg","width":796,"height":448,"caption":"Imagem ilustrativa"},{"@type":"BreadcrumbList","@id":"https:\/\/portaltela.pt\/noticias\/2026\/01\/25\/ucranianos-passam-frio-sem-eletricidade-ou-aquecimento-apos-ataques-russos\/#breadcrumb","itemListElement":[{"@type":"ListItem","position":1,"name":"In\u00edcio","item":"https:\/\/portaltela.pt\/"},{"@type":"ListItem","position":2,"name":"Ucranianos passam frio sem eletricidade ou aquecimento ap\u00f3s ataques russos"}]},{"@type":"WebSite","@id":"https:\/\/portaltela.pt\/#website","url":"https:\/\/portaltela.pt\/","name":"Portal Tela Portugal","description":"","potentialAction":[{"@type":"SearchAction","target":{"@type":"EntryPoint","urlTemplate":"https:\/\/portaltela.pt\/?s={search_term_string}"},"query-input":{"@type":"PropertyValueSpecification","valueRequired":true,"valueName":"search_term_string"}}],"inLanguage":"pt-PT"},{"@type":"Person","@id":"https:\/\/portaltela.pt\/#\/schema\/person\/c4278d4a6028830caff9ee44b42d32ed","name":"Telinha","image":{"@type":"ImageObject","inLanguage":"pt-PT","@id":"https:\/\/portaltela.pt\/s.01k8rhncp4jt1\/2025\/11\/talking-bot-125x125.png","url":"https:\/\/portaltela.pt\/s.01k8rhncp4jt1\/2025\/11\/talking-bot-125x125.png","contentUrl":"https:\/\/portaltela.pt\/s.01k8rhncp4jt1\/2025\/11\/talking-bot-125x125.png","caption":"Telinha"},"sameAs":["https:\/\/portaltela.pt\/"],"url":"https:\/\/portaltela.pt\/por\/367410592786\/"}]}},"_links":{"self":[{"href":"https:\/\/portaltela.pt\/api\/wp\/v2\/posts\/172700","targetHints":{"allow":["GET"]}}],"collection":[{"href":"https:\/\/portaltela.pt\/api\/wp\/v2\/posts"}],"about":[{"href":"https:\/\/portaltela.pt\/api\/wp\/v2\/types\/post"}],"author":[{"embeddable":true,"href":"https:\/\/portaltela.pt\/api\/wp\/v2\/users\/2"}],"replies":[{"embeddable":true,"href":"https:\/\/portaltela.pt\/api\/wp\/v2\/comments?post=172700"}],"version-history":[{"count":0,"href":"https:\/\/portaltela.pt\/api\/wp\/v2\/posts\/172700\/revisions"}],"wp:featuredmedia":[{"embeddable":true,"href":"https:\/\/portaltela.pt\/api\/wp\/v2\/media\/172702"}],"wp:attachment":[{"href":"https:\/\/portaltela.pt\/api\/wp\/v2\/media?parent=172700"}],"wp:term":[{"taxonomy":"category","embeddable":true,"href":"https:\/\/portaltela.pt\/api\/wp\/v2\/categories?post=172700"},{"taxonomy":"post_tag","embeddable":true,"href":"https:\/\/portaltela.pt\/api\/wp\/v2\/tags?post=172700"}],"curies":[{"name":"wp","href":"https:\/\/api.w.org\/{rel}","templated":true}]}}