{"id":172669,"date":"2026-01-25T15:50:44","date_gmt":"2026-01-25T18:50:44","guid":{"rendered":"https:\/\/portaltela.pt\/noticias\/2026\/01\/25\/homem-desaparecido-em-valpacos-desde-15-de-janeiro\/"},"modified":"2026-01-25T15:50:44","modified_gmt":"2026-01-25T18:50:44","slug":"homem-desaparecido-em-valpacos-desde-15-de-janeiro","status":"publish","type":"post","link":"https:\/\/portaltela.pt\/noticias\/2026\/01\/25\/homem-desaparecido-em-valpacos-desde-15-de-janeiro\/","title":{"rendered":"Homem desaparecido em Valpa\u00e7os desde 15 de janeiro"},"content":{"rendered":"<p>\u00d3scar Cunha, 52 anos, est\u00e1 desaparecido desde o dia 15 de janeiro. A \u00faltima avistamento ocorreu na casa dele, na aldeia de Sanfis, no concelho de Valpa\u00e7os. A ocorr\u00eancia est\u00e1 a ser acompanhada pela GNR. A fam\u00edlia e amigos descrevem o momento como de grande preocupa\u00e7\u00e3o.<\/p>\n<p>Constitui informa\u00e7\u00e3o oficial at\u00e9 ao momento que o caso se enquadra como desaparecimento, sem outras informa\u00e7\u00f5es sobre o paradeiro ou as circunst\u00e2ncias. O destacamento da GNR de Valpa\u00e7os j\u00e1 iniciou dilig\u00eancias de contacto com moradores e verifica\u00e7\u00e3o de poss\u00edveis pistas.<\/p>\n<p>Contactos e apelos p\u00fablicos<\/p>\n<p>Quem tenha informa\u00e7\u00f5es deve contactar a GNR de Valpa\u00e7os ou a fam\u00edlia de \u00d3scar Cunha. N\u00e3o foram indicadas pistas p\u00fablicas at\u00e9 ao momento, mantendo-se a investiga\u00e7\u00e3o em curso. A situa\u00e7\u00e3o \u00e9 acompanhada pela comunica\u00e7\u00e3o social, com divulga\u00e7\u00e3o de dados oficiais pelos representantes locais.<\/p>\n<p>Imagem associada ao caso<\/p>\n<p>O caso tem vindo a ser partilhado pela imprensa local para mobilizar informa\u00e7\u00f5es. A refer\u00eancia ao desaparecimento foi publicada pelo Correio da Manh\u00e3, sem indicar novas informa\u00e7\u00f5es verific\u00e1veis no momento.<\/p>\n","protected":false},"excerpt":{"rendered":"<ul>\n<li>\u00d3scar Cunha, 52 anos, foi visto pela \u00faltima vez na sua casa, na aldeia de Sanfis, concelho de Valpa\u00e7os, por vizinhos.<\/li>\n<li>A GNR assumiu a ocorr\u00eancia e acompanha o desaparecimento.<\/li>\n<li>Fam\u00edlia e amigos encontram-se em total desespero.<\/li>\n<li>Quem tiver informa\u00e7\u00f5es deve contactar a GNR de Valpa\u00e7os ou a fam\u00edlia.<\/li>\n<\/ul>\n","protected":false},"author":2,"featured_media":172682,"comment_status":"closed","ping_status":"closed","sticky":false,"template":"","format":"standard","meta":{"footnotes":""},"categories":[1],"tags":[2337,1380,2146],"class_list":["post-172669","post","type-post","status-publish","format-standard","has-post-thumbnail","hentry","category-noticias","tag-desaparecidos-internos","tag-gnr","tag-valpacos"],"yoast_head":"<!-- This site is optimized with the Yoast SEO plugin v27.2 - https:\/\/yoast.com\/product\/yoast-seo-wordpress\/ -->\n<title>Homem desaparecido em Valpa\u00e7os desde 15 de janeiro - Portal Tela Portugal<\/title>\n<meta name=\"robots\" content=\"index, follow, max-snippet:-1, max-image-preview:large, max-video-preview:-1\" \/>\n<meta property=\"og:locale\" content=\"pt_PT\" \/>\n<meta property=\"og:type\" content=\"article\" \/>\n<meta property=\"og:title\" content=\"Homem desaparecido em Valpa\u00e7os desde 15 de janeiro - Portal Tela Portugal\" \/>\n<meta property=\"og:description\" content=\"\u00d3scar Cunha, 52 anos, foi visto pela \u00faltima vez na sua casa, na aldeia de Sanfis, concelho de Valpa\u00e7os, por vizinhos. A GNR assumiu a ocorr\u00eancia e acompanha o desaparecimento. Fam\u00edlia e amigos encontram-se em total desespero. Quem tiver informa\u00e7\u00f5es deve contactar a GNR de Valpa\u00e7os ou a fam\u00edlia.\" \/>\n<meta property=\"og:url\" content=\"https:\/\/portaltela.pt\/noticias\/2026\/01\/25\/homem-desaparecido-em-valpacos-desde-15-de-janeiro\/\" \/>\n<meta property=\"og:site_name\" content=\"Portal Tela Portugal\" \/>\n<meta property=\"article:published_time\" content=\"2026-01-25T18:50:44+00:00\" \/>\n<meta name=\"author\" content=\"Telinha\" \/>\n<meta name=\"twitter:card\" content=\"summary_large_image\" \/>\n<meta name=\"twitter:label1\" content=\"Escrito por\" \/>\n\t<meta name=\"twitter:data1\" content=\"Telinha\" \/>\n\t<meta name=\"twitter:label2\" content=\"Tempo estimado de leitura\" \/>\n\t<meta name=\"twitter:data2\" content=\"1 minuto\" \/>\n<script type=\"application\/ld+json\" class=\"yoast-schema-graph\">{\"@context\":\"https:\/\/schema.org\",\"@graph\":[{\"@type\":\"Article\",\"@id\":\"https:\/\/portaltela.pt\/noticias\/2026\/01\/25\/homem-desaparecido-em-valpacos-desde-15-de-janeiro\/#article\",\"isPartOf\":{\"@id\":\"https:\/\/portaltela.pt\/noticias\/2026\/01\/25\/homem-desaparecido-em-valpacos-desde-15-de-janeiro\/\"},\"author\":{\"name\":\"Telinha\",\"@id\":\"https:\/\/portaltela.pt\/#\/schema\/person\/c4278d4a6028830caff9ee44b42d32ed\"},\"headline\":\"Homem desaparecido em Valpa\u00e7os desde 15 de janeiro\",\"datePublished\":\"2026-01-25T18:50:44+00:00\",\"mainEntityOfPage\":{\"@id\":\"https:\/\/portaltela.pt\/noticias\/2026\/01\/25\/homem-desaparecido-em-valpacos-desde-15-de-janeiro\/\"},\"wordCount\":197,\"image\":{\"@id\":\"https:\/\/portaltela.pt\/noticias\/2026\/01\/25\/homem-desaparecido-em-valpacos-desde-15-de-janeiro\/#primaryimage\"},\"thumbnailUrl\":\"https:\/\/portaltela.pt\/s.01k8rhncp4jt1\/2026\/01\/img_1280x722uu2026-01-25-18-49-41-2262504.jpg\",\"keywords\":[\"desaparecidos internos\",\"GNR\",\"Valpa\u00e7os\"],\"articleSection\":[\"Not\u00edcias\"],\"inLanguage\":\"pt-PT\"},{\"@type\":\"WebPage\",\"@id\":\"https:\/\/portaltela.pt\/noticias\/2026\/01\/25\/homem-desaparecido-em-valpacos-desde-15-de-janeiro\/\",\"url\":\"https:\/\/portaltela.pt\/noticias\/2026\/01\/25\/homem-desaparecido-em-valpacos-desde-15-de-janeiro\/\",\"name\":\"Homem desaparecido em Valpa\u00e7os desde 15 de janeiro - Portal Tela Portugal\",\"isPartOf\":{\"@id\":\"https:\/\/portaltela.pt\/#website\"},\"primaryImageOfPage\":{\"@id\":\"https:\/\/portaltela.pt\/noticias\/2026\/01\/25\/homem-desaparecido-em-valpacos-desde-15-de-janeiro\/#primaryimage\"},\"image\":{\"@id\":\"https:\/\/portaltela.pt\/noticias\/2026\/01\/25\/homem-desaparecido-em-valpacos-desde-15-de-janeiro\/#primaryimage\"},\"thumbnailUrl\":\"https:\/\/portaltela.pt\/s.01k8rhncp4jt1\/2026\/01\/img_1280x722uu2026-01-25-18-49-41-2262504.jpg\",\"datePublished\":\"2026-01-25T18:50:44+00:00\",\"author\":{\"@id\":\"https:\/\/portaltela.pt\/#\/schema\/person\/c4278d4a6028830caff9ee44b42d32ed\"},\"breadcrumb\":{\"@id\":\"https:\/\/portaltela.pt\/noticias\/2026\/01\/25\/homem-desaparecido-em-valpacos-desde-15-de-janeiro\/#breadcrumb\"},\"inLanguage\":\"pt-PT\",\"potentialAction\":[{\"@type\":\"ReadAction\",\"target\":[\"https:\/\/portaltela.pt\/noticias\/2026\/01\/25\/homem-desaparecido-em-valpacos-desde-15-de-janeiro\/\"]}]},{\"@type\":\"ImageObject\",\"inLanguage\":\"pt-PT\",\"@id\":\"https:\/\/portaltela.pt\/noticias\/2026\/01\/25\/homem-desaparecido-em-valpacos-desde-15-de-janeiro\/#primaryimage\",\"url\":\"https:\/\/portaltela.pt\/s.01k8rhncp4jt1\/2026\/01\/img_1280x722uu2026-01-25-18-49-41-2262504.jpg\",\"contentUrl\":\"https:\/\/portaltela.pt\/s.01k8rhncp4jt1\/2026\/01\/img_1280x722uu2026-01-25-18-49-41-2262504.jpg\",\"width\":796,\"height\":448,\"caption\":\"\u00d3scar Cunha\"},{\"@type\":\"BreadcrumbList\",\"@id\":\"https:\/\/portaltela.pt\/noticias\/2026\/01\/25\/homem-desaparecido-em-valpacos-desde-15-de-janeiro\/#breadcrumb\",\"itemListElement\":[{\"@type\":\"ListItem\",\"position\":1,\"name\":\"In\u00edcio\",\"item\":\"https:\/\/portaltela.pt\/\"},{\"@type\":\"ListItem\",\"position\":2,\"name\":\"Homem desaparecido em Valpa\u00e7os desde 15 de janeiro\"}]},{\"@type\":\"WebSite\",\"@id\":\"https:\/\/portaltela.pt\/#website\",\"url\":\"https:\/\/portaltela.pt\/\",\"name\":\"Portal Tela Portugal\",\"description\":\"\",\"potentialAction\":[{\"@type\":\"SearchAction\",\"target\":{\"@type\":\"EntryPoint\",\"urlTemplate\":\"https:\/\/portaltela.pt\/?s={search_term_string}\"},\"query-input\":{\"@type\":\"PropertyValueSpecification\",\"valueRequired\":true,\"valueName\":\"search_term_string\"}}],\"inLanguage\":\"pt-PT\"},{\"@type\":\"Person\",\"@id\":\"https:\/\/portaltela.pt\/#\/schema\/person\/c4278d4a6028830caff9ee44b42d32ed\",\"name\":\"Telinha\",\"image\":{\"@type\":\"ImageObject\",\"inLanguage\":\"pt-PT\",\"@id\":\"https:\/\/portaltela.pt\/s.01k8rhncp4jt1\/2025\/11\/talking-bot-125x125.png\",\"url\":\"https:\/\/portaltela.pt\/s.01k8rhncp4jt1\/2025\/11\/talking-bot-125x125.png\",\"contentUrl\":\"https:\/\/portaltela.pt\/s.01k8rhncp4jt1\/2025\/11\/talking-bot-125x125.png\",\"caption\":\"Telinha\"},\"sameAs\":[\"https:\/\/portaltela.pt\/\"],\"url\":\"https:\/\/portaltela.pt\/por\/367410592786\/\"}]}<\/script>\n<!-- \/ Yoast SEO plugin. -->","yoast_head_json":{"title":"Homem desaparecido em Valpa\u00e7os desde 15 de janeiro - Portal Tela Portugal","robots":{"index":"index","follow":"follow","max-snippet":"max-snippet:-1","max-image-preview":"max-image-preview:large","max-video-preview":"max-video-preview:-1"},"og_locale":"pt_PT","og_type":"article","og_title":"Homem desaparecido em Valpa\u00e7os desde 15 de janeiro - Portal Tela Portugal","og_description":"\u00d3scar Cunha, 52 anos, foi visto pela \u00faltima vez na sua casa, na aldeia de Sanfis, concelho de Valpa\u00e7os, por vizinhos. A GNR assumiu a ocorr\u00eancia e acompanha o desaparecimento. Fam\u00edlia e amigos encontram-se em total desespero. Quem tiver informa\u00e7\u00f5es deve contactar a GNR de Valpa\u00e7os ou a fam\u00edlia.","og_url":"https:\/\/portaltela.pt\/noticias\/2026\/01\/25\/homem-desaparecido-em-valpacos-desde-15-de-janeiro\/","og_site_name":"Portal Tela Portugal","article_published_time":"2026-01-25T18:50:44+00:00","author":"Telinha","twitter_card":"summary_large_image","twitter_misc":{"Escrito por":"Telinha","Tempo estimado de leitura":"1 minuto"},"schema":{"@context":"https:\/\/schema.org","@graph":[{"@type":"Article","@id":"https:\/\/portaltela.pt\/noticias\/2026\/01\/25\/homem-desaparecido-em-valpacos-desde-15-de-janeiro\/#article","isPartOf":{"@id":"https:\/\/portaltela.pt\/noticias\/2026\/01\/25\/homem-desaparecido-em-valpacos-desde-15-de-janeiro\/"},"author":{"name":"Telinha","@id":"https:\/\/portaltela.pt\/#\/schema\/person\/c4278d4a6028830caff9ee44b42d32ed"},"headline":"Homem desaparecido em Valpa\u00e7os desde 15 de janeiro","datePublished":"2026-01-25T18:50:44+00:00","mainEntityOfPage":{"@id":"https:\/\/portaltela.pt\/noticias\/2026\/01\/25\/homem-desaparecido-em-valpacos-desde-15-de-janeiro\/"},"wordCount":197,"image":{"@id":"https:\/\/portaltela.pt\/noticias\/2026\/01\/25\/homem-desaparecido-em-valpacos-desde-15-de-janeiro\/#primaryimage"},"thumbnailUrl":"https:\/\/portaltela.pt\/s.01k8rhncp4jt1\/2026\/01\/img_1280x722uu2026-01-25-18-49-41-2262504.jpg","keywords":["desaparecidos internos","GNR","Valpa\u00e7os"],"articleSection":["Not\u00edcias"],"inLanguage":"pt-PT"},{"@type":"WebPage","@id":"https:\/\/portaltela.pt\/noticias\/2026\/01\/25\/homem-desaparecido-em-valpacos-desde-15-de-janeiro\/","url":"https:\/\/portaltela.pt\/noticias\/2026\/01\/25\/homem-desaparecido-em-valpacos-desde-15-de-janeiro\/","name":"Homem desaparecido em Valpa\u00e7os desde 15 de janeiro - Portal Tela Portugal","isPartOf":{"@id":"https:\/\/portaltela.pt\/#website"},"primaryImageOfPage":{"@id":"https:\/\/portaltela.pt\/noticias\/2026\/01\/25\/homem-desaparecido-em-valpacos-desde-15-de-janeiro\/#primaryimage"},"image":{"@id":"https:\/\/portaltela.pt\/noticias\/2026\/01\/25\/homem-desaparecido-em-valpacos-desde-15-de-janeiro\/#primaryimage"},"thumbnailUrl":"https:\/\/portaltela.pt\/s.01k8rhncp4jt1\/2026\/01\/img_1280x722uu2026-01-25-18-49-41-2262504.jpg","datePublished":"2026-01-25T18:50:44+00:00","author":{"@id":"https:\/\/portaltela.pt\/#\/schema\/person\/c4278d4a6028830caff9ee44b42d32ed"},"breadcrumb":{"@id":"https:\/\/portaltela.pt\/noticias\/2026\/01\/25\/homem-desaparecido-em-valpacos-desde-15-de-janeiro\/#breadcrumb"},"inLanguage":"pt-PT","potentialAction":[{"@type":"ReadAction","target":["https:\/\/portaltela.pt\/noticias\/2026\/01\/25\/homem-desaparecido-em-valpacos-desde-15-de-janeiro\/"]}]},{"@type":"ImageObject","inLanguage":"pt-PT","@id":"https:\/\/portaltela.pt\/noticias\/2026\/01\/25\/homem-desaparecido-em-valpacos-desde-15-de-janeiro\/#primaryimage","url":"https:\/\/portaltela.pt\/s.01k8rhncp4jt1\/2026\/01\/img_1280x722uu2026-01-25-18-49-41-2262504.jpg","contentUrl":"https:\/\/portaltela.pt\/s.01k8rhncp4jt1\/2026\/01\/img_1280x722uu2026-01-25-18-49-41-2262504.jpg","width":796,"height":448,"caption":"\u00d3scar Cunha"},{"@type":"BreadcrumbList","@id":"https:\/\/portaltela.pt\/noticias\/2026\/01\/25\/homem-desaparecido-em-valpacos-desde-15-de-janeiro\/#breadcrumb","itemListElement":[{"@type":"ListItem","position":1,"name":"In\u00edcio","item":"https:\/\/portaltela.pt\/"},{"@type":"ListItem","position":2,"name":"Homem desaparecido em Valpa\u00e7os desde 15 de janeiro"}]},{"@type":"WebSite","@id":"https:\/\/portaltela.pt\/#website","url":"https:\/\/portaltela.pt\/","name":"Portal Tela Portugal","description":"","potentialAction":[{"@type":"SearchAction","target":{"@type":"EntryPoint","urlTemplate":"https:\/\/portaltela.pt\/?s={search_term_string}"},"query-input":{"@type":"PropertyValueSpecification","valueRequired":true,"valueName":"search_term_string"}}],"inLanguage":"pt-PT"},{"@type":"Person","@id":"https:\/\/portaltela.pt\/#\/schema\/person\/c4278d4a6028830caff9ee44b42d32ed","name":"Telinha","image":{"@type":"ImageObject","inLanguage":"pt-PT","@id":"https:\/\/portaltela.pt\/s.01k8rhncp4jt1\/2025\/11\/talking-bot-125x125.png","url":"https:\/\/portaltela.pt\/s.01k8rhncp4jt1\/2025\/11\/talking-bot-125x125.png","contentUrl":"https:\/\/portaltela.pt\/s.01k8rhncp4jt1\/2025\/11\/talking-bot-125x125.png","caption":"Telinha"},"sameAs":["https:\/\/portaltela.pt\/"],"url":"https:\/\/portaltela.pt\/por\/367410592786\/"}]}},"_links":{"self":[{"href":"https:\/\/portaltela.pt\/api\/wp\/v2\/posts\/172669","targetHints":{"allow":["GET"]}}],"collection":[{"href":"https:\/\/portaltela.pt\/api\/wp\/v2\/posts"}],"about":[{"href":"https:\/\/portaltela.pt\/api\/wp\/v2\/types\/post"}],"author":[{"embeddable":true,"href":"https:\/\/portaltela.pt\/api\/wp\/v2\/users\/2"}],"replies":[{"embeddable":true,"href":"https:\/\/portaltela.pt\/api\/wp\/v2\/comments?post=172669"}],"version-history":[{"count":0,"href":"https:\/\/portaltela.pt\/api\/wp\/v2\/posts\/172669\/revisions"}],"wp:featuredmedia":[{"embeddable":true,"href":"https:\/\/portaltela.pt\/api\/wp\/v2\/media\/172682"}],"wp:attachment":[{"href":"https:\/\/portaltela.pt\/api\/wp\/v2\/media?parent=172669"}],"wp:term":[{"taxonomy":"category","embeddable":true,"href":"https:\/\/portaltela.pt\/api\/wp\/v2\/categories?post=172669"},{"taxonomy":"post_tag","embeddable":true,"href":"https:\/\/portaltela.pt\/api\/wp\/v2\/tags?post=172669"}],"curies":[{"name":"wp","href":"https:\/\/api.w.org\/{rel}","templated":true}]}}