{"id":172638,"date":"2026-01-25T15:32:00","date_gmt":"2026-01-25T18:32:00","guid":{"rendered":"https:\/\/portaltela.pt\/noticias\/2026\/01\/25\/transportes-de-coimbra-reforcam-ligacao-aos-polos-universitarios\/"},"modified":"2026-01-25T15:32:00","modified_gmt":"2026-01-25T18:32:00","slug":"transportes-de-coimbra-reforcam-ligacao-aos-polos-universitarios","status":"publish","type":"post","link":"https:\/\/portaltela.pt\/noticias\/2026\/01\/25\/transportes-de-coimbra-reforcam-ligacao-aos-polos-universitarios\/","title":{"rendered":"Transportes de Coimbra refor\u00e7am liga\u00e7\u00e3o aos polos universit\u00e1rios"},"content":{"rendered":"<p>A partir desta segunda-feira entra em opera\u00e7\u00e3o a primeira fase dos ajustes \u00e0 rede dos SMTUC, com a inten\u00e7\u00e3o de tornar o servi\u00e7o mais eficiente para polos universit\u00e1rios e zonas urbanas populosas. A segunda fase j\u00e1 est\u00e1 preparada e ser\u00e1 apresentada ao Executivo na segunda-feira \u00e0 tarde.<\/p>\n<p>A nova oferta inicia com duas viagens adicionais da linha 18 para a Escola B\u00e1sica Poeta Manuel Silva Gaio, partindo da Portagem \u00e0s 12.35 e 16.35. A melhoria visa responder \u00e0 mobilidade escolar e aos hor\u00e1rios letivos dos alunos.<\/p>\n<p>Al\u00e9m disso, a primeira fase prev\u00ea ajustes nas linhas 19T, 19R, 22 e linha vermelha, com foco na regularidade e na efici\u00eancia do servi\u00e7o para a popula\u00e7\u00e3o de Coimbra.<\/p>\n<h3>Organiza\u00e7\u00e3o de fases e mudan\u00e7as relevantes<\/h3>\n<p>Foi conclu\u00edda a segunda fase de propostas, a ser apresentada ao Executivo, que envolve um conjunto mais alargado de interven\u00e7\u00f5es. Este lote altera linhas 5, 5T, 6, 6F, 31, 34, 38, 38T e 38F, com poss\u00edvel supress\u00e3o de algumas vias.<\/p>\n<p>As linhas 33, 33R e 5F v\u00e3o ser eliminadas por sobreposi\u00e7\u00e3o com outros servi\u00e7os. As liga\u00e7\u00f5es que asseguravam passam a ser garantidas por linhas reformuladas, evitando duplica\u00e7\u00e3o de oferta.<\/p>\n<p>Na 5 e 5T, o servi\u00e7o \u00e9 reorganizado com percursos e hor\u00e1rios ajustados, concentrando-se nos trajetos mais utilizados para diminuir atrasos e ligar melhor \u00e1reas residenciais e polos universit\u00e1rios.<\/p>\n<h3>Nova linha 54: liga\u00e7\u00e3o Portagem-Portela via Polo II<\/h3>\n<p>As linhas 6 e 6F passam a ligar diretamente ao Hospital Pedi\u00e1trico, eliminando transbordos. A linha 31 ter\u00e1 hor\u00e1rios ajustados nos per\u00edodos de maior procura para reduzir tempos de espera.<\/p>\n<p>A linha 34 \u00e9 simplificada, com percurso redefinido e a elimina\u00e7\u00e3o da 34T, passando a funcionar com um trajeto \u00fanico. As linhas 38, 38T e 38F concentram-se no servi\u00e7o noturno sem perder cobertura.<\/p>\n<p>Foi criada a nova linha 54, que liga Portagem a Portela via Polo II, refor\u00e7ando a oferta numa zona de crescimento urbano com forte procura acad\u00e9mica. A linha tamb\u00e9m assegura liga\u00e7\u00e3o ao servi\u00e7o Metro Mondego nas esta\u00e7\u00f5es Portagem e Portela.<\/p>\n","protected":false},"excerpt":{"rendered":"<ul>\n<li>Nesta segunda-feira entra em opera\u00e7\u00e3o a primeira fase dos ajustes na rede dos SMTUC de Coimbra, com uma segunda fase preparada para apresenta\u00e7\u00e3o em aprecia\u00e7\u00e3o do Executivo \u00e0 tarde.<\/li>\n<li>A linha 18 ganha duas viagens adicionais com destino \u00e0 Escola B\u00e1sica de 2\u00ba e 3\u00ba Ciclo Poeta Manuel Silva Gaio, partindo da Portagem \u00e0s 12.35 e \u00e0s 16.35, para acompanhar os hor\u00e1rios letivos.<\/li>\n<li>Reorganizam-se as linhas 19T, 19R, 22 e a linha vermelha para melhorar a regularidade e a efici\u00eancia do servi\u00e7o.<\/li>\n<li>A segunda fase envolve as linhas 5, 5T, 6, 6F, 31, 34, 38, 38T e 38F, com supress\u00e3o de 33, 33R e 5F, e reorganiza\u00e7\u00e3o da linha 5\/5T para reduzir atrasos e ligar melhor zonas residenciais e polos universit\u00e1rios.<\/li>\n<li>Surge a nova linha 54, que liga Portagem a Portela via Polo II, com liga\u00e7\u00e3o ao Metro Mondego nas esta\u00e7\u00f5es Portagem e Portela; as linhas 6 e 6F passam a ligar diretamente ao Hospital Pedi\u00e1trico; a linha 34 simplifica-se para trajeto \u00fanico.<\/li>\n<\/ul>\n","protected":false},"author":2,"featured_media":172649,"comment_status":"closed","ping_status":"closed","sticky":false,"template":"","format":"standard","meta":{"footnotes":""},"categories":[1],"tags":[1309,1070,4246,3912,363,58],"class_list":["post-172638","post","type-post","status-publish","format-standard","has-post-thumbnail","hentry","category-noticias","tag-centro","tag-coimbra","tag-mobilidade-escolar","tag-transporte-escolar","tag-transportes","tag-universidades"],"yoast_head":"<!-- This site is optimized with the Yoast SEO plugin v27.2 - https:\/\/yoast.com\/product\/yoast-seo-wordpress\/ -->\n<title>Transportes de Coimbra refor\u00e7am liga\u00e7\u00e3o aos polos universit\u00e1rios - Portal Tela Portugal<\/title>\n<meta name=\"robots\" content=\"index, follow, max-snippet:-1, max-image-preview:large, max-video-preview:-1\" \/>\n<meta property=\"og:locale\" content=\"pt_PT\" \/>\n<meta property=\"og:type\" content=\"article\" \/>\n<meta property=\"og:title\" content=\"Transportes de Coimbra refor\u00e7am liga\u00e7\u00e3o aos polos universit\u00e1rios - Portal Tela Portugal\" \/>\n<meta property=\"og:description\" content=\"Nesta segunda-feira entra em opera\u00e7\u00e3o a primeira fase dos ajustes na rede dos SMTUC de Coimbra, com uma segunda fase preparada para apresenta\u00e7\u00e3o em aprecia\u00e7\u00e3o do Executivo \u00e0 tarde. A linha 18 ganha duas viagens adicionais com destino \u00e0 Escola B\u00e1sica de 2\u00ba e 3\u00ba Ciclo Poeta Manuel Silva Gaio, partindo da Portagem \u00e0s 12.35 e \u00e0s 16.35, para acompanhar os hor\u00e1rios letivos. Reorganizam-se as linhas 19T, 19R, 22 e a linha vermelha para melhorar a regularidade e a efici\u00eancia do servi\u00e7o. A segunda fase envolve as linhas 5, 5T, 6, 6F, 31, 34, 38, 38T e 38F, com supress\u00e3o de 33, 33R e 5F, e reorganiza\u00e7\u00e3o da linha 5\/5T para reduzir atrasos e ligar melhor zonas residenciais e polos universit\u00e1rios. Surge a nova linha 54, que liga Portagem a Portela via Polo II, com liga\u00e7\u00e3o ao Metro Mondego nas esta\u00e7\u00f5es Portagem e Portela; as linhas 6 e 6F passam a ligar diretamente ao Hospital Pedi\u00e1trico; a linha 34 simplifica-se para trajeto \u00fanico.\" \/>\n<meta property=\"og:url\" content=\"https:\/\/portaltela.pt\/noticias\/2026\/01\/25\/transportes-de-coimbra-reforcam-ligacao-aos-polos-universitarios\/\" \/>\n<meta property=\"og:site_name\" content=\"Portal Tela Portugal\" \/>\n<meta property=\"article:published_time\" content=\"2026-01-25T18:32:00+00:00\" \/>\n<meta name=\"author\" content=\"Telinha\" \/>\n<meta name=\"twitter:card\" content=\"summary_large_image\" \/>\n<meta name=\"twitter:label1\" content=\"Escrito por\" \/>\n\t<meta name=\"twitter:data1\" content=\"Telinha\" \/>\n\t<meta name=\"twitter:label2\" content=\"Tempo estimado de leitura\" \/>\n\t<meta name=\"twitter:data2\" content=\"2 minutos\" \/>\n<script type=\"application\/ld+json\" class=\"yoast-schema-graph\">{\"@context\":\"https:\/\/schema.org\",\"@graph\":[{\"@type\":\"Article\",\"@id\":\"https:\/\/portaltela.pt\/noticias\/2026\/01\/25\/transportes-de-coimbra-reforcam-ligacao-aos-polos-universitarios\/#article\",\"isPartOf\":{\"@id\":\"https:\/\/portaltela.pt\/noticias\/2026\/01\/25\/transportes-de-coimbra-reforcam-ligacao-aos-polos-universitarios\/\"},\"author\":{\"name\":\"Telinha\",\"@id\":\"https:\/\/portaltela.pt\/#\/schema\/person\/c4278d4a6028830caff9ee44b42d32ed\"},\"headline\":\"Transportes de Coimbra refor\u00e7am liga\u00e7\u00e3o aos polos universit\u00e1rios\",\"datePublished\":\"2026-01-25T18:32:00+00:00\",\"mainEntityOfPage\":{\"@id\":\"https:\/\/portaltela.pt\/noticias\/2026\/01\/25\/transportes-de-coimbra-reforcam-ligacao-aos-polos-universitarios\/\"},\"wordCount\":355,\"image\":{\"@id\":\"https:\/\/portaltela.pt\/noticias\/2026\/01\/25\/transportes-de-coimbra-reforcam-ligacao-aos-polos-universitarios\/#primaryimage\"},\"thumbnailUrl\":\"https:\/\/portaltela.pt\/s.01k8rhncp4jt1\/2026\/01\/image-1717.jpg\",\"keywords\":[\"Centro\",\"Coimbra\",\"mobilidade escolar\",\"transporte escolar\",\"transportes\",\"universidades\"],\"articleSection\":[\"Not\u00edcias\"],\"inLanguage\":\"pt-PT\"},{\"@type\":\"WebPage\",\"@id\":\"https:\/\/portaltela.pt\/noticias\/2026\/01\/25\/transportes-de-coimbra-reforcam-ligacao-aos-polos-universitarios\/\",\"url\":\"https:\/\/portaltela.pt\/noticias\/2026\/01\/25\/transportes-de-coimbra-reforcam-ligacao-aos-polos-universitarios\/\",\"name\":\"Transportes de Coimbra refor\u00e7am liga\u00e7\u00e3o aos polos universit\u00e1rios - Portal Tela Portugal\",\"isPartOf\":{\"@id\":\"https:\/\/portaltela.pt\/#website\"},\"primaryImageOfPage\":{\"@id\":\"https:\/\/portaltela.pt\/noticias\/2026\/01\/25\/transportes-de-coimbra-reforcam-ligacao-aos-polos-universitarios\/#primaryimage\"},\"image\":{\"@id\":\"https:\/\/portaltela.pt\/noticias\/2026\/01\/25\/transportes-de-coimbra-reforcam-ligacao-aos-polos-universitarios\/#primaryimage\"},\"thumbnailUrl\":\"https:\/\/portaltela.pt\/s.01k8rhncp4jt1\/2026\/01\/image-1717.jpg\",\"datePublished\":\"2026-01-25T18:32:00+00:00\",\"author\":{\"@id\":\"https:\/\/portaltela.pt\/#\/schema\/person\/c4278d4a6028830caff9ee44b42d32ed\"},\"breadcrumb\":{\"@id\":\"https:\/\/portaltela.pt\/noticias\/2026\/01\/25\/transportes-de-coimbra-reforcam-ligacao-aos-polos-universitarios\/#breadcrumb\"},\"inLanguage\":\"pt-PT\",\"potentialAction\":[{\"@type\":\"ReadAction\",\"target\":[\"https:\/\/portaltela.pt\/noticias\/2026\/01\/25\/transportes-de-coimbra-reforcam-ligacao-aos-polos-universitarios\/\"]}]},{\"@type\":\"ImageObject\",\"inLanguage\":\"pt-PT\",\"@id\":\"https:\/\/portaltela.pt\/noticias\/2026\/01\/25\/transportes-de-coimbra-reforcam-ligacao-aos-polos-universitarios\/#primaryimage\",\"url\":\"https:\/\/portaltela.pt\/s.01k8rhncp4jt1\/2026\/01\/image-1717.jpg\",\"contentUrl\":\"https:\/\/portaltela.pt\/s.01k8rhncp4jt1\/2026\/01\/image-1717.jpg\",\"width\":796,\"height\":448,\"caption\":\"Ser\u00e1 criada uma linha com liga\u00e7\u00e3o ao metro Mondego\"},{\"@type\":\"BreadcrumbList\",\"@id\":\"https:\/\/portaltela.pt\/noticias\/2026\/01\/25\/transportes-de-coimbra-reforcam-ligacao-aos-polos-universitarios\/#breadcrumb\",\"itemListElement\":[{\"@type\":\"ListItem\",\"position\":1,\"name\":\"In\u00edcio\",\"item\":\"https:\/\/portaltela.pt\/\"},{\"@type\":\"ListItem\",\"position\":2,\"name\":\"Transportes de Coimbra refor\u00e7am liga\u00e7\u00e3o aos polos universit\u00e1rios\"}]},{\"@type\":\"WebSite\",\"@id\":\"https:\/\/portaltela.pt\/#website\",\"url\":\"https:\/\/portaltela.pt\/\",\"name\":\"Portal Tela Portugal\",\"description\":\"\",\"potentialAction\":[{\"@type\":\"SearchAction\",\"target\":{\"@type\":\"EntryPoint\",\"urlTemplate\":\"https:\/\/portaltela.pt\/?s={search_term_string}\"},\"query-input\":{\"@type\":\"PropertyValueSpecification\",\"valueRequired\":true,\"valueName\":\"search_term_string\"}}],\"inLanguage\":\"pt-PT\"},{\"@type\":\"Person\",\"@id\":\"https:\/\/portaltela.pt\/#\/schema\/person\/c4278d4a6028830caff9ee44b42d32ed\",\"name\":\"Telinha\",\"image\":{\"@type\":\"ImageObject\",\"inLanguage\":\"pt-PT\",\"@id\":\"https:\/\/portaltela.pt\/s.01k8rhncp4jt1\/2025\/11\/talking-bot-125x125.png\",\"url\":\"https:\/\/portaltela.pt\/s.01k8rhncp4jt1\/2025\/11\/talking-bot-125x125.png\",\"contentUrl\":\"https:\/\/portaltela.pt\/s.01k8rhncp4jt1\/2025\/11\/talking-bot-125x125.png\",\"caption\":\"Telinha\"},\"sameAs\":[\"https:\/\/portaltela.pt\/\"],\"url\":\"https:\/\/portaltela.pt\/por\/367410592786\/\"}]}<\/script>\n<!-- \/ Yoast SEO plugin. -->","yoast_head_json":{"title":"Transportes de Coimbra refor\u00e7am liga\u00e7\u00e3o aos polos universit\u00e1rios - Portal Tela Portugal","robots":{"index":"index","follow":"follow","max-snippet":"max-snippet:-1","max-image-preview":"max-image-preview:large","max-video-preview":"max-video-preview:-1"},"og_locale":"pt_PT","og_type":"article","og_title":"Transportes de Coimbra refor\u00e7am liga\u00e7\u00e3o aos polos universit\u00e1rios - Portal Tela Portugal","og_description":"Nesta segunda-feira entra em opera\u00e7\u00e3o a primeira fase dos ajustes na rede dos SMTUC de Coimbra, com uma segunda fase preparada para apresenta\u00e7\u00e3o em aprecia\u00e7\u00e3o do Executivo \u00e0 tarde. A linha 18 ganha duas viagens adicionais com destino \u00e0 Escola B\u00e1sica de 2\u00ba e 3\u00ba Ciclo Poeta Manuel Silva Gaio, partindo da Portagem \u00e0s 12.35 e \u00e0s 16.35, para acompanhar os hor\u00e1rios letivos. Reorganizam-se as linhas 19T, 19R, 22 e a linha vermelha para melhorar a regularidade e a efici\u00eancia do servi\u00e7o. A segunda fase envolve as linhas 5, 5T, 6, 6F, 31, 34, 38, 38T e 38F, com supress\u00e3o de 33, 33R e 5F, e reorganiza\u00e7\u00e3o da linha 5\/5T para reduzir atrasos e ligar melhor zonas residenciais e polos universit\u00e1rios. Surge a nova linha 54, que liga Portagem a Portela via Polo II, com liga\u00e7\u00e3o ao Metro Mondego nas esta\u00e7\u00f5es Portagem e Portela; as linhas 6 e 6F passam a ligar diretamente ao Hospital Pedi\u00e1trico; a linha 34 simplifica-se para trajeto \u00fanico.","og_url":"https:\/\/portaltela.pt\/noticias\/2026\/01\/25\/transportes-de-coimbra-reforcam-ligacao-aos-polos-universitarios\/","og_site_name":"Portal Tela Portugal","article_published_time":"2026-01-25T18:32:00+00:00","author":"Telinha","twitter_card":"summary_large_image","twitter_misc":{"Escrito por":"Telinha","Tempo estimado de leitura":"2 minutos"},"schema":{"@context":"https:\/\/schema.org","@graph":[{"@type":"Article","@id":"https:\/\/portaltela.pt\/noticias\/2026\/01\/25\/transportes-de-coimbra-reforcam-ligacao-aos-polos-universitarios\/#article","isPartOf":{"@id":"https:\/\/portaltela.pt\/noticias\/2026\/01\/25\/transportes-de-coimbra-reforcam-ligacao-aos-polos-universitarios\/"},"author":{"name":"Telinha","@id":"https:\/\/portaltela.pt\/#\/schema\/person\/c4278d4a6028830caff9ee44b42d32ed"},"headline":"Transportes de Coimbra refor\u00e7am liga\u00e7\u00e3o aos polos universit\u00e1rios","datePublished":"2026-01-25T18:32:00+00:00","mainEntityOfPage":{"@id":"https:\/\/portaltela.pt\/noticias\/2026\/01\/25\/transportes-de-coimbra-reforcam-ligacao-aos-polos-universitarios\/"},"wordCount":355,"image":{"@id":"https:\/\/portaltela.pt\/noticias\/2026\/01\/25\/transportes-de-coimbra-reforcam-ligacao-aos-polos-universitarios\/#primaryimage"},"thumbnailUrl":"https:\/\/portaltela.pt\/s.01k8rhncp4jt1\/2026\/01\/image-1717.jpg","keywords":["Centro","Coimbra","mobilidade escolar","transporte escolar","transportes","universidades"],"articleSection":["Not\u00edcias"],"inLanguage":"pt-PT"},{"@type":"WebPage","@id":"https:\/\/portaltela.pt\/noticias\/2026\/01\/25\/transportes-de-coimbra-reforcam-ligacao-aos-polos-universitarios\/","url":"https:\/\/portaltela.pt\/noticias\/2026\/01\/25\/transportes-de-coimbra-reforcam-ligacao-aos-polos-universitarios\/","name":"Transportes de Coimbra refor\u00e7am liga\u00e7\u00e3o aos polos universit\u00e1rios - Portal Tela Portugal","isPartOf":{"@id":"https:\/\/portaltela.pt\/#website"},"primaryImageOfPage":{"@id":"https:\/\/portaltela.pt\/noticias\/2026\/01\/25\/transportes-de-coimbra-reforcam-ligacao-aos-polos-universitarios\/#primaryimage"},"image":{"@id":"https:\/\/portaltela.pt\/noticias\/2026\/01\/25\/transportes-de-coimbra-reforcam-ligacao-aos-polos-universitarios\/#primaryimage"},"thumbnailUrl":"https:\/\/portaltela.pt\/s.01k8rhncp4jt1\/2026\/01\/image-1717.jpg","datePublished":"2026-01-25T18:32:00+00:00","author":{"@id":"https:\/\/portaltela.pt\/#\/schema\/person\/c4278d4a6028830caff9ee44b42d32ed"},"breadcrumb":{"@id":"https:\/\/portaltela.pt\/noticias\/2026\/01\/25\/transportes-de-coimbra-reforcam-ligacao-aos-polos-universitarios\/#breadcrumb"},"inLanguage":"pt-PT","potentialAction":[{"@type":"ReadAction","target":["https:\/\/portaltela.pt\/noticias\/2026\/01\/25\/transportes-de-coimbra-reforcam-ligacao-aos-polos-universitarios\/"]}]},{"@type":"ImageObject","inLanguage":"pt-PT","@id":"https:\/\/portaltela.pt\/noticias\/2026\/01\/25\/transportes-de-coimbra-reforcam-ligacao-aos-polos-universitarios\/#primaryimage","url":"https:\/\/portaltela.pt\/s.01k8rhncp4jt1\/2026\/01\/image-1717.jpg","contentUrl":"https:\/\/portaltela.pt\/s.01k8rhncp4jt1\/2026\/01\/image-1717.jpg","width":796,"height":448,"caption":"Ser\u00e1 criada uma linha com liga\u00e7\u00e3o ao metro Mondego"},{"@type":"BreadcrumbList","@id":"https:\/\/portaltela.pt\/noticias\/2026\/01\/25\/transportes-de-coimbra-reforcam-ligacao-aos-polos-universitarios\/#breadcrumb","itemListElement":[{"@type":"ListItem","position":1,"name":"In\u00edcio","item":"https:\/\/portaltela.pt\/"},{"@type":"ListItem","position":2,"name":"Transportes de Coimbra refor\u00e7am liga\u00e7\u00e3o aos polos universit\u00e1rios"}]},{"@type":"WebSite","@id":"https:\/\/portaltela.pt\/#website","url":"https:\/\/portaltela.pt\/","name":"Portal Tela Portugal","description":"","potentialAction":[{"@type":"SearchAction","target":{"@type":"EntryPoint","urlTemplate":"https:\/\/portaltela.pt\/?s={search_term_string}"},"query-input":{"@type":"PropertyValueSpecification","valueRequired":true,"valueName":"search_term_string"}}],"inLanguage":"pt-PT"},{"@type":"Person","@id":"https:\/\/portaltela.pt\/#\/schema\/person\/c4278d4a6028830caff9ee44b42d32ed","name":"Telinha","image":{"@type":"ImageObject","inLanguage":"pt-PT","@id":"https:\/\/portaltela.pt\/s.01k8rhncp4jt1\/2025\/11\/talking-bot-125x125.png","url":"https:\/\/portaltela.pt\/s.01k8rhncp4jt1\/2025\/11\/talking-bot-125x125.png","contentUrl":"https:\/\/portaltela.pt\/s.01k8rhncp4jt1\/2025\/11\/talking-bot-125x125.png","caption":"Telinha"},"sameAs":["https:\/\/portaltela.pt\/"],"url":"https:\/\/portaltela.pt\/por\/367410592786\/"}]}},"_links":{"self":[{"href":"https:\/\/portaltela.pt\/api\/wp\/v2\/posts\/172638","targetHints":{"allow":["GET"]}}],"collection":[{"href":"https:\/\/portaltela.pt\/api\/wp\/v2\/posts"}],"about":[{"href":"https:\/\/portaltela.pt\/api\/wp\/v2\/types\/post"}],"author":[{"embeddable":true,"href":"https:\/\/portaltela.pt\/api\/wp\/v2\/users\/2"}],"replies":[{"embeddable":true,"href":"https:\/\/portaltela.pt\/api\/wp\/v2\/comments?post=172638"}],"version-history":[{"count":0,"href":"https:\/\/portaltela.pt\/api\/wp\/v2\/posts\/172638\/revisions"}],"wp:featuredmedia":[{"embeddable":true,"href":"https:\/\/portaltela.pt\/api\/wp\/v2\/media\/172649"}],"wp:attachment":[{"href":"https:\/\/portaltela.pt\/api\/wp\/v2\/media?parent=172638"}],"wp:term":[{"taxonomy":"category","embeddable":true,"href":"https:\/\/portaltela.pt\/api\/wp\/v2\/categories?post=172638"},{"taxonomy":"post_tag","embeddable":true,"href":"https:\/\/portaltela.pt\/api\/wp\/v2\/tags?post=172638"}],"curies":[{"name":"wp","href":"https:\/\/api.w.org\/{rel}","templated":true}]}}