{"id":172582,"date":"2026-01-25T14:48:51","date_gmt":"2026-01-25T17:48:51","guid":{"rendered":"https:\/\/portaltela.pt\/noticias\/2026\/01\/25\/nato-e-afeganistao-criticam-trump-por-declaracoes-inaceitaveis\/"},"modified":"2026-01-25T14:48:51","modified_gmt":"2026-01-25T17:48:51","slug":"nato-e-afeganistao-criticam-trump-por-declaracoes-inaceitaveis","status":"publish","type":"post","link":"https:\/\/portaltela.pt\/noticias\/politica\/2026\/01\/25\/nato-e-afeganistao-criticam-trump-por-declaracoes-inaceitaveis\/","title":{"rendered":"NATO e Afeganist\u00e3o criticam Trump por declara\u00e7\u00f5es inaceit\u00e1veis"},"content":{"rendered":"<p>O presidente dos EUA, Donald Trump, criticou a atua\u00e7\u00e3o das for\u00e7as da NATO no Afeganist\u00e3o, dizendo que ficaram afastadas da linha da frente e que Washington nunca precisou delas. A declara\u00e7\u00e3o ocorreu numa entrevista \u00e0 Fox News, centrada no papel dos aliados na sequ\u00eancia dos atentados de 2001.<\/p>\n<p>Trump referiu-se \u00e0 interven\u00e7\u00e3o liderada pelos EUA para expulsar a Al-Qaeda, destacando uma vis\u00e3o cr\u00edtica sobre o contributo europeu ao conflito. A resposta de aliados europeus n\u00e3o tardou, com rea\u00e7\u00f5es de solidariedade aos militares que serviram no terreno.<\/p>\n<h3>Rea\u00e7\u00f5es internacionais<\/h3>\n<p>O primeiro-ministro brit\u00e2nico, Keir Starmer, sugeriu que Trump pe\u00e7a desculpa pelas declara\u00e7\u00f5es, lembrando o sacrif\u00edcio de milhares de soldados brit\u00e2nicos e norte-americanos no Afeganist\u00e3o. Passou ainda a comunica\u00e7\u00e3o direta entre os dois l\u00edderes para debater a rela\u00e7\u00e3o entre os dois pa\u00edses.<\/p>\n<p>Em Fran\u00e7a, o presidente Emmanuel Macron reiterou a gratid\u00e3o \u00e0s fam\u00edlias dos militares franceses mortos e afirmou que as declara\u00e7\u00f5es n\u00e3o exigem coment\u00e1rio, dirigindo apoio \u00e0s lembran\u00e7as de quem serviu. A It\u00e1lia, por parte, exigiu respeito a Trump, destacando a alian\u00e7a e a solidariedade entre Washington e Roma.<\/p>\n<p>A Dinamarca repudiou as declara\u00e7\u00f5es, com a primeira-ministra Mette Frederiksen a dizer que \u00e9 insuport\u00e1vel questionar o compromisso dos aliados. Ao n\u00edvel alem\u00e3o, o ministro da Defesa recordou o elevado pre\u00e7o humano suportado pela Alemanha, incluindo dezenas de mortos e feridos.<\/p>\n<p>Portugal n\u00e3o se pronunciou publicamente sobre as declara\u00e7\u00f5es de Trump. O pa\u00eds tem hist\u00f3rico de participa\u00e7\u00e3o na miss\u00e3o no Afeganist\u00e3o, com veteranos que serviram ao lado de aliados da NATO. A posi\u00e7\u00e3o portuguesa foi acompanhada por mensagens de solidariedade entre pa\u00edses.<\/p>\n<p>Numa nota associada, um antigo ministro da Defesa nacional reagiu, defendendo o profissionalismo dos militares portugueses e destacando o sacrif\u00edcio de dois mortos no Afeganist\u00e3o. O coment\u00e1rio sublinhou a import\u00e2ncia da coopera\u00e7\u00e3o entre aliados na luta contra o terrorismo.<\/p>\n","protected":false},"excerpt":{"rendered":"<ul>\n<li>O presidente dos EUA, Donald Trump, criticou a atua\u00e7\u00e3o das for\u00e7as da NATO no Afeganist\u00e3o, dizendo que ficaram \u201cum pouco afastadas da linha da frente\u201d e que Washington \u201cnunca precisou delas\u201d.<\/li>\n<li>Pa\u00edses europeus reagiram com espanto e consideram as declara\u00e7\u00f5es inaceit\u00e1veis, destacando o sacrif\u00edcio das suas tropas.<\/li>\n<li>O primeiro-ministro brit\u00e2nico, Keir Starmer, pediu desculpa e elogiou a coragem dos soldados; o presidente franc\u00eas, Emmanuel Macron, reiterou gratid\u00e3o \u00e0s fam\u00edlias dos militares mortos; a It\u00e1lia, atrav\u00e9s de Giorgia Meloni, exigiu respeito.<\/li>\n<li>Foram lembradas as perdas militares de cada pa\u00eds: Reino Unido com mais de 150 mil militares no Afeganist\u00e3o e 457 mortos; Fran\u00e7a com 89 mortos; It\u00e1lia com 53; Dinamarca com 44; Alemanha com 59. Portugal n\u00e3o comentou.<\/li>\n<li>O ex-ministro da Defesa Augusto Santos Silva classificou as declara\u00e7\u00f5es de Trump como aldrabice, elogiando o profissionalismo dos militares portugueses e afirmando que n\u00e3o se pode insultar quem serviu.<\/li>\n<\/ul>\n","protected":false},"author":2,"featured_media":172600,"comment_status":"closed","ping_status":"closed","sticky":false,"template":"","format":"standard","meta":{"footnotes":""},"categories":[1,5],"tags":[4104,3496,1338,1600,62,4222],"class_list":["post-172582","post","type-post","status-publish","format-standard","has-post-thumbnail","hentry","category-noticias","category-politica","tag-afeganistao","tag-aliancas-internacionais","tag-coalizao-internacional","tag-estados-unidos","tag-guerra","tag-seguranca-internacional"],"yoast_head":"<!-- This site is optimized with the Yoast SEO plugin v27.2 - https:\/\/yoast.com\/product\/yoast-seo-wordpress\/ -->\n<title>NATO e Afeganist\u00e3o criticam Trump por declara\u00e7\u00f5es inaceit\u00e1veis - Portal Tela Portugal<\/title>\n<meta name=\"robots\" content=\"index, follow, max-snippet:-1, max-image-preview:large, max-video-preview:-1\" \/>\n<meta property=\"og:locale\" content=\"pt_PT\" \/>\n<meta property=\"og:type\" content=\"article\" \/>\n<meta property=\"og:title\" content=\"NATO e Afeganist\u00e3o criticam Trump por declara\u00e7\u00f5es inaceit\u00e1veis - Portal Tela Portugal\" \/>\n<meta property=\"og:description\" content=\"O presidente dos EUA, Donald Trump, criticou a atua\u00e7\u00e3o das for\u00e7as da NATO no Afeganist\u00e3o, dizendo que ficaram \u201cum pouco afastadas da linha da frente\u201d e que Washington \u201cnunca precisou delas\u201d. Pa\u00edses europeus reagiram com espanto e consideram as declara\u00e7\u00f5es inaceit\u00e1veis, destacando o sacrif\u00edcio das suas tropas. O primeiro-ministro brit\u00e2nico, Keir Starmer, pediu desculpa e elogiou a coragem dos soldados; o presidente franc\u00eas, Emmanuel Macron, reiterou gratid\u00e3o \u00e0s fam\u00edlias dos militares mortos; a It\u00e1lia, atrav\u00e9s de Giorgia Meloni, exigiu respeito. Foram lembradas as perdas militares de cada pa\u00eds: Reino Unido com mais de 150 mil militares no Afeganist\u00e3o e 457 mortos; Fran\u00e7a com 89 mortos; It\u00e1lia com 53; Dinamarca com 44; Alemanha com 59. Portugal n\u00e3o comentou. O ex-ministro da Defesa Augusto Santos Silva classificou as declara\u00e7\u00f5es de Trump como aldrabice, elogiando o profissionalismo dos militares portugueses e afirmando que n\u00e3o se pode insultar quem serviu.\" \/>\n<meta property=\"og:url\" content=\"https:\/\/portaltela.pt\/noticias\/2026\/01\/25\/nato-e-afeganistao-criticam-trump-por-declaracoes-inaceitaveis\/\" \/>\n<meta property=\"og:site_name\" content=\"Portal Tela Portugal\" \/>\n<meta property=\"article:published_time\" content=\"2026-01-25T17:48:51+00:00\" \/>\n<meta name=\"author\" content=\"Telinha\" \/>\n<meta name=\"twitter:card\" content=\"summary_large_image\" \/>\n<meta name=\"twitter:label1\" content=\"Escrito por\" \/>\n\t<meta name=\"twitter:data1\" content=\"Telinha\" \/>\n\t<meta name=\"twitter:label2\" content=\"Tempo estimado de leitura\" \/>\n\t<meta name=\"twitter:data2\" content=\"2 minutos\" \/>\n<script type=\"application\/ld+json\" class=\"yoast-schema-graph\">{\"@context\":\"https:\/\/schema.org\",\"@graph\":[{\"@type\":\"Article\",\"@id\":\"https:\/\/portaltela.pt\/noticias\/2026\/01\/25\/nato-e-afeganistao-criticam-trump-por-declaracoes-inaceitaveis\/#article\",\"isPartOf\":{\"@id\":\"https:\/\/portaltela.pt\/noticias\/2026\/01\/25\/nato-e-afeganistao-criticam-trump-por-declaracoes-inaceitaveis\/\"},\"author\":{\"name\":\"Telinha\",\"@id\":\"https:\/\/portaltela.pt\/#\/schema\/person\/c4278d4a6028830caff9ee44b42d32ed\"},\"headline\":\"NATO e Afeganist\u00e3o criticam Trump por declara\u00e7\u00f5es inaceit\u00e1veis\",\"datePublished\":\"2026-01-25T17:48:51+00:00\",\"mainEntityOfPage\":{\"@id\":\"https:\/\/portaltela.pt\/noticias\/2026\/01\/25\/nato-e-afeganistao-criticam-trump-por-declaracoes-inaceitaveis\/\"},\"wordCount\":354,\"image\":{\"@id\":\"https:\/\/portaltela.pt\/noticias\/2026\/01\/25\/nato-e-afeganistao-criticam-trump-por-declaracoes-inaceitaveis\/#primaryimage\"},\"thumbnailUrl\":\"https:\/\/portaltela.pt\/s.01k8rhncp4jt1\/2026\/01\/unnamed-file-5179.jpg\",\"keywords\":[\"Afeganist\u00e3o\",\"alian\u00e7as internacionais\",\"coaliz\u00e3o internacional\",\"Estados Unidos\",\"guerra\",\"seguran\u00e7a internacional\"],\"articleSection\":[\"Not\u00edcias\",\"Pol\u00edtica\"],\"inLanguage\":\"pt-PT\"},{\"@type\":\"WebPage\",\"@id\":\"https:\/\/portaltela.pt\/noticias\/2026\/01\/25\/nato-e-afeganistao-criticam-trump-por-declaracoes-inaceitaveis\/\",\"url\":\"https:\/\/portaltela.pt\/noticias\/2026\/01\/25\/nato-e-afeganistao-criticam-trump-por-declaracoes-inaceitaveis\/\",\"name\":\"NATO e Afeganist\u00e3o criticam Trump por declara\u00e7\u00f5es inaceit\u00e1veis - Portal Tela Portugal\",\"isPartOf\":{\"@id\":\"https:\/\/portaltela.pt\/#website\"},\"primaryImageOfPage\":{\"@id\":\"https:\/\/portaltela.pt\/noticias\/2026\/01\/25\/nato-e-afeganistao-criticam-trump-por-declaracoes-inaceitaveis\/#primaryimage\"},\"image\":{\"@id\":\"https:\/\/portaltela.pt\/noticias\/2026\/01\/25\/nato-e-afeganistao-criticam-trump-por-declaracoes-inaceitaveis\/#primaryimage\"},\"thumbnailUrl\":\"https:\/\/portaltela.pt\/s.01k8rhncp4jt1\/2026\/01\/unnamed-file-5179.jpg\",\"datePublished\":\"2026-01-25T17:48:51+00:00\",\"author\":{\"@id\":\"https:\/\/portaltela.pt\/#\/schema\/person\/c4278d4a6028830caff9ee44b42d32ed\"},\"breadcrumb\":{\"@id\":\"https:\/\/portaltela.pt\/noticias\/2026\/01\/25\/nato-e-afeganistao-criticam-trump-por-declaracoes-inaceitaveis\/#breadcrumb\"},\"inLanguage\":\"pt-PT\",\"potentialAction\":[{\"@type\":\"ReadAction\",\"target\":[\"https:\/\/portaltela.pt\/noticias\/2026\/01\/25\/nato-e-afeganistao-criticam-trump-por-declaracoes-inaceitaveis\/\"]}]},{\"@type\":\"ImageObject\",\"inLanguage\":\"pt-PT\",\"@id\":\"https:\/\/portaltela.pt\/noticias\/2026\/01\/25\/nato-e-afeganistao-criticam-trump-por-declaracoes-inaceitaveis\/#primaryimage\",\"url\":\"https:\/\/portaltela.pt\/s.01k8rhncp4jt1\/2026\/01\/unnamed-file-5179.jpg\",\"contentUrl\":\"https:\/\/portaltela.pt\/s.01k8rhncp4jt1\/2026\/01\/unnamed-file-5179.jpg\",\"width\":796,\"height\":448,\"caption\":\"Photo\"},{\"@type\":\"BreadcrumbList\",\"@id\":\"https:\/\/portaltela.pt\/noticias\/2026\/01\/25\/nato-e-afeganistao-criticam-trump-por-declaracoes-inaceitaveis\/#breadcrumb\",\"itemListElement\":[{\"@type\":\"ListItem\",\"position\":1,\"name\":\"In\u00edcio\",\"item\":\"https:\/\/portaltela.pt\/\"},{\"@type\":\"ListItem\",\"position\":2,\"name\":\"NATO e Afeganist\u00e3o criticam Trump por declara\u00e7\u00f5es inaceit\u00e1veis\"}]},{\"@type\":\"WebSite\",\"@id\":\"https:\/\/portaltela.pt\/#website\",\"url\":\"https:\/\/portaltela.pt\/\",\"name\":\"Portal Tela Portugal\",\"description\":\"\",\"potentialAction\":[{\"@type\":\"SearchAction\",\"target\":{\"@type\":\"EntryPoint\",\"urlTemplate\":\"https:\/\/portaltela.pt\/?s={search_term_string}\"},\"query-input\":{\"@type\":\"PropertyValueSpecification\",\"valueRequired\":true,\"valueName\":\"search_term_string\"}}],\"inLanguage\":\"pt-PT\"},{\"@type\":\"Person\",\"@id\":\"https:\/\/portaltela.pt\/#\/schema\/person\/c4278d4a6028830caff9ee44b42d32ed\",\"name\":\"Telinha\",\"image\":{\"@type\":\"ImageObject\",\"inLanguage\":\"pt-PT\",\"@id\":\"https:\/\/portaltela.pt\/s.01k8rhncp4jt1\/2025\/11\/talking-bot-125x125.png\",\"url\":\"https:\/\/portaltela.pt\/s.01k8rhncp4jt1\/2025\/11\/talking-bot-125x125.png\",\"contentUrl\":\"https:\/\/portaltela.pt\/s.01k8rhncp4jt1\/2025\/11\/talking-bot-125x125.png\",\"caption\":\"Telinha\"},\"sameAs\":[\"https:\/\/portaltela.pt\/\"],\"url\":\"https:\/\/portaltela.pt\/por\/367410592786\/\"}]}<\/script>\n<!-- \/ Yoast SEO plugin. -->","yoast_head_json":{"title":"NATO e Afeganist\u00e3o criticam Trump por declara\u00e7\u00f5es inaceit\u00e1veis - Portal Tela Portugal","robots":{"index":"index","follow":"follow","max-snippet":"max-snippet:-1","max-image-preview":"max-image-preview:large","max-video-preview":"max-video-preview:-1"},"og_locale":"pt_PT","og_type":"article","og_title":"NATO e Afeganist\u00e3o criticam Trump por declara\u00e7\u00f5es inaceit\u00e1veis - Portal Tela Portugal","og_description":"O presidente dos EUA, Donald Trump, criticou a atua\u00e7\u00e3o das for\u00e7as da NATO no Afeganist\u00e3o, dizendo que ficaram \u201cum pouco afastadas da linha da frente\u201d e que Washington \u201cnunca precisou delas\u201d. Pa\u00edses europeus reagiram com espanto e consideram as declara\u00e7\u00f5es inaceit\u00e1veis, destacando o sacrif\u00edcio das suas tropas. O primeiro-ministro brit\u00e2nico, Keir Starmer, pediu desculpa e elogiou a coragem dos soldados; o presidente franc\u00eas, Emmanuel Macron, reiterou gratid\u00e3o \u00e0s fam\u00edlias dos militares mortos; a It\u00e1lia, atrav\u00e9s de Giorgia Meloni, exigiu respeito. Foram lembradas as perdas militares de cada pa\u00eds: Reino Unido com mais de 150 mil militares no Afeganist\u00e3o e 457 mortos; Fran\u00e7a com 89 mortos; It\u00e1lia com 53; Dinamarca com 44; Alemanha com 59. Portugal n\u00e3o comentou. O ex-ministro da Defesa Augusto Santos Silva classificou as declara\u00e7\u00f5es de Trump como aldrabice, elogiando o profissionalismo dos militares portugueses e afirmando que n\u00e3o se pode insultar quem serviu.","og_url":"https:\/\/portaltela.pt\/noticias\/2026\/01\/25\/nato-e-afeganistao-criticam-trump-por-declaracoes-inaceitaveis\/","og_site_name":"Portal Tela Portugal","article_published_time":"2026-01-25T17:48:51+00:00","author":"Telinha","twitter_card":"summary_large_image","twitter_misc":{"Escrito por":"Telinha","Tempo estimado de leitura":"2 minutos"},"schema":{"@context":"https:\/\/schema.org","@graph":[{"@type":"Article","@id":"https:\/\/portaltela.pt\/noticias\/2026\/01\/25\/nato-e-afeganistao-criticam-trump-por-declaracoes-inaceitaveis\/#article","isPartOf":{"@id":"https:\/\/portaltela.pt\/noticias\/2026\/01\/25\/nato-e-afeganistao-criticam-trump-por-declaracoes-inaceitaveis\/"},"author":{"name":"Telinha","@id":"https:\/\/portaltela.pt\/#\/schema\/person\/c4278d4a6028830caff9ee44b42d32ed"},"headline":"NATO e Afeganist\u00e3o criticam Trump por declara\u00e7\u00f5es inaceit\u00e1veis","datePublished":"2026-01-25T17:48:51+00:00","mainEntityOfPage":{"@id":"https:\/\/portaltela.pt\/noticias\/2026\/01\/25\/nato-e-afeganistao-criticam-trump-por-declaracoes-inaceitaveis\/"},"wordCount":354,"image":{"@id":"https:\/\/portaltela.pt\/noticias\/2026\/01\/25\/nato-e-afeganistao-criticam-trump-por-declaracoes-inaceitaveis\/#primaryimage"},"thumbnailUrl":"https:\/\/portaltela.pt\/s.01k8rhncp4jt1\/2026\/01\/unnamed-file-5179.jpg","keywords":["Afeganist\u00e3o","alian\u00e7as internacionais","coaliz\u00e3o internacional","Estados Unidos","guerra","seguran\u00e7a internacional"],"articleSection":["Not\u00edcias","Pol\u00edtica"],"inLanguage":"pt-PT"},{"@type":"WebPage","@id":"https:\/\/portaltela.pt\/noticias\/2026\/01\/25\/nato-e-afeganistao-criticam-trump-por-declaracoes-inaceitaveis\/","url":"https:\/\/portaltela.pt\/noticias\/2026\/01\/25\/nato-e-afeganistao-criticam-trump-por-declaracoes-inaceitaveis\/","name":"NATO e Afeganist\u00e3o criticam Trump por declara\u00e7\u00f5es inaceit\u00e1veis - Portal Tela Portugal","isPartOf":{"@id":"https:\/\/portaltela.pt\/#website"},"primaryImageOfPage":{"@id":"https:\/\/portaltela.pt\/noticias\/2026\/01\/25\/nato-e-afeganistao-criticam-trump-por-declaracoes-inaceitaveis\/#primaryimage"},"image":{"@id":"https:\/\/portaltela.pt\/noticias\/2026\/01\/25\/nato-e-afeganistao-criticam-trump-por-declaracoes-inaceitaveis\/#primaryimage"},"thumbnailUrl":"https:\/\/portaltela.pt\/s.01k8rhncp4jt1\/2026\/01\/unnamed-file-5179.jpg","datePublished":"2026-01-25T17:48:51+00:00","author":{"@id":"https:\/\/portaltela.pt\/#\/schema\/person\/c4278d4a6028830caff9ee44b42d32ed"},"breadcrumb":{"@id":"https:\/\/portaltela.pt\/noticias\/2026\/01\/25\/nato-e-afeganistao-criticam-trump-por-declaracoes-inaceitaveis\/#breadcrumb"},"inLanguage":"pt-PT","potentialAction":[{"@type":"ReadAction","target":["https:\/\/portaltela.pt\/noticias\/2026\/01\/25\/nato-e-afeganistao-criticam-trump-por-declaracoes-inaceitaveis\/"]}]},{"@type":"ImageObject","inLanguage":"pt-PT","@id":"https:\/\/portaltela.pt\/noticias\/2026\/01\/25\/nato-e-afeganistao-criticam-trump-por-declaracoes-inaceitaveis\/#primaryimage","url":"https:\/\/portaltela.pt\/s.01k8rhncp4jt1\/2026\/01\/unnamed-file-5179.jpg","contentUrl":"https:\/\/portaltela.pt\/s.01k8rhncp4jt1\/2026\/01\/unnamed-file-5179.jpg","width":796,"height":448,"caption":"Photo"},{"@type":"BreadcrumbList","@id":"https:\/\/portaltela.pt\/noticias\/2026\/01\/25\/nato-e-afeganistao-criticam-trump-por-declaracoes-inaceitaveis\/#breadcrumb","itemListElement":[{"@type":"ListItem","position":1,"name":"In\u00edcio","item":"https:\/\/portaltela.pt\/"},{"@type":"ListItem","position":2,"name":"NATO e Afeganist\u00e3o criticam Trump por declara\u00e7\u00f5es inaceit\u00e1veis"}]},{"@type":"WebSite","@id":"https:\/\/portaltela.pt\/#website","url":"https:\/\/portaltela.pt\/","name":"Portal Tela Portugal","description":"","potentialAction":[{"@type":"SearchAction","target":{"@type":"EntryPoint","urlTemplate":"https:\/\/portaltela.pt\/?s={search_term_string}"},"query-input":{"@type":"PropertyValueSpecification","valueRequired":true,"valueName":"search_term_string"}}],"inLanguage":"pt-PT"},{"@type":"Person","@id":"https:\/\/portaltela.pt\/#\/schema\/person\/c4278d4a6028830caff9ee44b42d32ed","name":"Telinha","image":{"@type":"ImageObject","inLanguage":"pt-PT","@id":"https:\/\/portaltela.pt\/s.01k8rhncp4jt1\/2025\/11\/talking-bot-125x125.png","url":"https:\/\/portaltela.pt\/s.01k8rhncp4jt1\/2025\/11\/talking-bot-125x125.png","contentUrl":"https:\/\/portaltela.pt\/s.01k8rhncp4jt1\/2025\/11\/talking-bot-125x125.png","caption":"Telinha"},"sameAs":["https:\/\/portaltela.pt\/"],"url":"https:\/\/portaltela.pt\/por\/367410592786\/"}]}},"_links":{"self":[{"href":"https:\/\/portaltela.pt\/api\/wp\/v2\/posts\/172582","targetHints":{"allow":["GET"]}}],"collection":[{"href":"https:\/\/portaltela.pt\/api\/wp\/v2\/posts"}],"about":[{"href":"https:\/\/portaltela.pt\/api\/wp\/v2\/types\/post"}],"author":[{"embeddable":true,"href":"https:\/\/portaltela.pt\/api\/wp\/v2\/users\/2"}],"replies":[{"embeddable":true,"href":"https:\/\/portaltela.pt\/api\/wp\/v2\/comments?post=172582"}],"version-history":[{"count":0,"href":"https:\/\/portaltela.pt\/api\/wp\/v2\/posts\/172582\/revisions"}],"wp:featuredmedia":[{"embeddable":true,"href":"https:\/\/portaltela.pt\/api\/wp\/v2\/media\/172600"}],"wp:attachment":[{"href":"https:\/\/portaltela.pt\/api\/wp\/v2\/media?parent=172582"}],"wp:term":[{"taxonomy":"category","embeddable":true,"href":"https:\/\/portaltela.pt\/api\/wp\/v2\/categories?post=172582"},{"taxonomy":"post_tag","embeddable":true,"href":"https:\/\/portaltela.pt\/api\/wp\/v2\/tags?post=172582"}],"curies":[{"name":"wp","href":"https:\/\/api.w.org\/{rel}","templated":true}]}}