{"id":172555,"date":"2026-01-25T12:29:00","date_gmt":"2026-01-25T15:29:00","guid":{"rendered":"https:\/\/portaltela.pt\/noticias\/2026\/01\/25\/resink-lesionou-se-no-jogo-groningen-alvo-do-benfica\/"},"modified":"2026-01-25T12:29:00","modified_gmt":"2026-01-25T15:29:00","slug":"resink-lesionou-se-no-jogo-groningen-alvo-do-benfica","status":"publish","type":"post","link":"https:\/\/portaltela.pt\/desporto\/futebol\/2026\/01\/25\/resink-lesionou-se-no-jogo-groningen-alvo-do-benfica\/","title":{"rendered":"Resink lesionou-se no jogo Groningen, alvo do Benfica"},"content":{"rendered":"<p>Stije Resink, m\u00e9dio do Groningen, lesionou-se no tornozelo esquerdo durante o jogo frente ao Fortuna Sittard, esta tarde. A gravidade do problema ainda n\u00e3o foi confirmada, obrigando a substitui\u00e7\u00e3o aos 57 minutos.<\/p>\n<p>O capit\u00e3o da equipa holandesa saiu de campo a coxear, ap\u00f3s j\u00e1 ter visto cart\u00e3o amarelo aos 25 minutos. O encontro decorreu no est\u00e1dio do Groningen, com a equipa a disputar a partida no contexto da luta pela classifica\u00e7\u00e3o.<\/p>\n<p>A derrota ou empate pode ter impacto no pr\u00f3ximo encontro, frente ao Sparta Rotterdam, deixando a equipa sem o jogador neste duelo. Residua ainda a possibilidade de Resink deixar Groningen na reta final do mercado, independentemente do desfecho do jogo.<\/p>\n<h3>Situa\u00e7\u00e3o de Resink e mercado<\/h3>\n<p>O Groningen enfrenta o tema das transfer\u00eancias com especial aten\u00e7\u00e3o ao futuro de Resink, de 22 anos, que tem clubes como Benfica, Ajax e Feyenoord entre os interessados. Mesmo sem les\u00e3o grave confirmada, o clube pode que abrir a porta \u00e0 sa\u00edda no ver\u00e3o, dependendo da evolu\u00e7\u00e3o da situa\u00e7\u00e3o desportiva.<\/p>\n<p>O treinador Dick Lukkien negou informa\u00e7\u00f5es sobre uma suposta conversa por videochamada entre Jos\u00e9 Mourinho e o jogadores, classificando-as como impr\u00f3prias. A equipa pode aproveitar o per\u00edodo de transfer\u00eancias para encaixe financeiro, j\u00e1 que o m\u00e9dio tem uma cl\u00e1usula de sa\u00edda no ver\u00e3o estimada em cerca de 6 milh\u00f5es de euros.<\/p>\n","protected":false},"excerpt":{"rendered":"<ul>\n<li>O m\u00e9dio Stije Resink lesionou-se no tornozelo esquerdo durante Groningen-Fortuna Sittard, aos 57 minutos, o que levou \u00e0 sua substitui\u00e7\u00e3o.<\/li>\n<li>O capit\u00e3o do Groningen saiu a coxear, depois de j\u00e1 ter visto cart\u00e3o amarelo aos 25 minutos.<\/li>\n<li>Mesmo que esteja dispon\u00edvel para o encontro seguinte, o castigo pode ter feito desta a \u00faltima partida de Resink ao servi\u00e7o do Groningen.<\/li>\n<li>O Benfica acompanha o jogador, que tamb\u00e9m desperta interesse de Ajax e Feyenoord.<\/li>\n<li>O treinador do Groningen, Dick Lukkien, rebateu informa\u00e7\u00f5es de que Jos\u00e9 Mourinho teria falado com Resink por videochamada.<\/li>\n<\/ul>\n","protected":false},"author":2,"featured_media":172557,"comment_status":"closed","ping_status":"closed","sticky":false,"template":"","format":"standard","meta":{"footnotes":""},"categories":[21,24],"tags":[1714,1946,152,4233,32,1633],"class_list":["post-172555","post","type-post","status-publish","format-standard","has-post-thumbnail","hentry","category-desporto","category-futebol","tag-ajax","tag-benfica","tag-desporto","tag-feyenoord","tag-futebol","tag-transferencias-internacionais"],"yoast_head":"<!-- This site is optimized with the Yoast SEO plugin v27.2 - https:\/\/yoast.com\/product\/yoast-seo-wordpress\/ -->\n<title>Resink lesionou-se no jogo Groningen, alvo do Benfica - Portal Tela Portugal<\/title>\n<meta name=\"robots\" content=\"index, follow, max-snippet:-1, max-image-preview:large, max-video-preview:-1\" \/>\n<meta property=\"og:locale\" content=\"pt_PT\" \/>\n<meta property=\"og:type\" content=\"article\" \/>\n<meta property=\"og:title\" content=\"Resink lesionou-se no jogo Groningen, alvo do Benfica - Portal Tela Portugal\" \/>\n<meta property=\"og:description\" content=\"O m\u00e9dio Stije Resink lesionou-se no tornozelo esquerdo durante Groningen-Fortuna Sittard, aos 57 minutos, o que levou \u00e0 sua substitui\u00e7\u00e3o. O capit\u00e3o do Groningen saiu a coxear, depois de j\u00e1 ter visto cart\u00e3o amarelo aos 25 minutos. Mesmo que esteja dispon\u00edvel para o encontro seguinte, o castigo pode ter feito desta a \u00faltima partida de Resink ao servi\u00e7o do Groningen. O Benfica acompanha o jogador, que tamb\u00e9m desperta interesse de Ajax e Feyenoord. O treinador do Groningen, Dick Lukkien, rebateu informa\u00e7\u00f5es de que Jos\u00e9 Mourinho teria falado com Resink por videochamada.\" \/>\n<meta property=\"og:url\" content=\"https:\/\/portaltela.pt\/noticias\/2026\/01\/25\/resink-lesionou-se-no-jogo-groningen-alvo-do-benfica\/\" \/>\n<meta property=\"og:site_name\" content=\"Portal Tela Portugal\" \/>\n<meta property=\"article:published_time\" content=\"2026-01-25T15:29:00+00:00\" \/>\n<meta name=\"author\" content=\"Telinha\" \/>\n<meta name=\"twitter:card\" content=\"summary_large_image\" \/>\n<meta name=\"twitter:label1\" content=\"Escrito por\" \/>\n\t<meta name=\"twitter:data1\" content=\"Telinha\" \/>\n\t<meta name=\"twitter:label2\" content=\"Tempo estimado de leitura\" \/>\n\t<meta name=\"twitter:data2\" content=\"1 minuto\" \/>\n<script type=\"application\/ld+json\" class=\"yoast-schema-graph\">{\"@context\":\"https:\/\/schema.org\",\"@graph\":[{\"@type\":\"Article\",\"@id\":\"https:\/\/portaltela.pt\/noticias\/2026\/01\/25\/resink-lesionou-se-no-jogo-groningen-alvo-do-benfica\/#article\",\"isPartOf\":{\"@id\":\"https:\/\/portaltela.pt\/noticias\/2026\/01\/25\/resink-lesionou-se-no-jogo-groningen-alvo-do-benfica\/\"},\"author\":{\"name\":\"Telinha\",\"@id\":\"https:\/\/portaltela.pt\/#\/schema\/person\/c4278d4a6028830caff9ee44b42d32ed\"},\"headline\":\"Resink lesionou-se no jogo Groningen, alvo do Benfica\",\"datePublished\":\"2026-01-25T15:29:00+00:00\",\"mainEntityOfPage\":{\"@id\":\"https:\/\/portaltela.pt\/noticias\/2026\/01\/25\/resink-lesionou-se-no-jogo-groningen-alvo-do-benfica\/\"},\"wordCount\":246,\"image\":{\"@id\":\"https:\/\/portaltela.pt\/noticias\/2026\/01\/25\/resink-lesionou-se-no-jogo-groningen-alvo-do-benfica\/#primaryimage\"},\"thumbnailUrl\":\"https:\/\/portaltela.pt\/s.01k8rhncp4jt1\/2026\/01\/img_1200x721uu2026-01-25-15-44-03-2417244-2.jpg\",\"keywords\":[\"Ajax\",\"Benfica\",\"desporto\",\"Feyenoord\",\"futebol\",\"transfer\u00eancias internacionais\"],\"articleSection\":[\"Desporto\",\"Futebol\"],\"inLanguage\":\"pt-PT\"},{\"@type\":\"WebPage\",\"@id\":\"https:\/\/portaltela.pt\/noticias\/2026\/01\/25\/resink-lesionou-se-no-jogo-groningen-alvo-do-benfica\/\",\"url\":\"https:\/\/portaltela.pt\/noticias\/2026\/01\/25\/resink-lesionou-se-no-jogo-groningen-alvo-do-benfica\/\",\"name\":\"Resink lesionou-se no jogo Groningen, alvo do Benfica - Portal Tela Portugal\",\"isPartOf\":{\"@id\":\"https:\/\/portaltela.pt\/#website\"},\"primaryImageOfPage\":{\"@id\":\"https:\/\/portaltela.pt\/noticias\/2026\/01\/25\/resink-lesionou-se-no-jogo-groningen-alvo-do-benfica\/#primaryimage\"},\"image\":{\"@id\":\"https:\/\/portaltela.pt\/noticias\/2026\/01\/25\/resink-lesionou-se-no-jogo-groningen-alvo-do-benfica\/#primaryimage\"},\"thumbnailUrl\":\"https:\/\/portaltela.pt\/s.01k8rhncp4jt1\/2026\/01\/img_1200x721uu2026-01-25-15-44-03-2417244-2.jpg\",\"datePublished\":\"2026-01-25T15:29:00+00:00\",\"author\":{\"@id\":\"https:\/\/portaltela.pt\/#\/schema\/person\/c4278d4a6028830caff9ee44b42d32ed\"},\"breadcrumb\":{\"@id\":\"https:\/\/portaltela.pt\/noticias\/2026\/01\/25\/resink-lesionou-se-no-jogo-groningen-alvo-do-benfica\/#breadcrumb\"},\"inLanguage\":\"pt-PT\",\"potentialAction\":[{\"@type\":\"ReadAction\",\"target\":[\"https:\/\/portaltela.pt\/noticias\/2026\/01\/25\/resink-lesionou-se-no-jogo-groningen-alvo-do-benfica\/\"]}]},{\"@type\":\"ImageObject\",\"inLanguage\":\"pt-PT\",\"@id\":\"https:\/\/portaltela.pt\/noticias\/2026\/01\/25\/resink-lesionou-se-no-jogo-groningen-alvo-do-benfica\/#primaryimage\",\"url\":\"https:\/\/portaltela.pt\/s.01k8rhncp4jt1\/2026\/01\/img_1200x721uu2026-01-25-15-44-03-2417244-2.jpg\",\"contentUrl\":\"https:\/\/portaltela.pt\/s.01k8rhncp4jt1\/2026\/01\/img_1200x721uu2026-01-25-15-44-03-2417244-2.jpg\",\"width\":796,\"height\":448,\"caption\":\"Resink deitado no relvado ap\u00f3s lesionar-se\"},{\"@type\":\"BreadcrumbList\",\"@id\":\"https:\/\/portaltela.pt\/noticias\/2026\/01\/25\/resink-lesionou-se-no-jogo-groningen-alvo-do-benfica\/#breadcrumb\",\"itemListElement\":[{\"@type\":\"ListItem\",\"position\":1,\"name\":\"In\u00edcio\",\"item\":\"https:\/\/portaltela.pt\/\"},{\"@type\":\"ListItem\",\"position\":2,\"name\":\"Resink lesionou-se no jogo Groningen, alvo do Benfica\"}]},{\"@type\":\"WebSite\",\"@id\":\"https:\/\/portaltela.pt\/#website\",\"url\":\"https:\/\/portaltela.pt\/\",\"name\":\"Portal Tela Portugal\",\"description\":\"\",\"potentialAction\":[{\"@type\":\"SearchAction\",\"target\":{\"@type\":\"EntryPoint\",\"urlTemplate\":\"https:\/\/portaltela.pt\/?s={search_term_string}\"},\"query-input\":{\"@type\":\"PropertyValueSpecification\",\"valueRequired\":true,\"valueName\":\"search_term_string\"}}],\"inLanguage\":\"pt-PT\"},{\"@type\":\"Person\",\"@id\":\"https:\/\/portaltela.pt\/#\/schema\/person\/c4278d4a6028830caff9ee44b42d32ed\",\"name\":\"Telinha\",\"image\":{\"@type\":\"ImageObject\",\"inLanguage\":\"pt-PT\",\"@id\":\"https:\/\/portaltela.pt\/s.01k8rhncp4jt1\/2025\/11\/talking-bot-125x125.png\",\"url\":\"https:\/\/portaltela.pt\/s.01k8rhncp4jt1\/2025\/11\/talking-bot-125x125.png\",\"contentUrl\":\"https:\/\/portaltela.pt\/s.01k8rhncp4jt1\/2025\/11\/talking-bot-125x125.png\",\"caption\":\"Telinha\"},\"sameAs\":[\"https:\/\/portaltela.pt\/\"],\"url\":\"https:\/\/portaltela.pt\/por\/367410592786\/\"}]}<\/script>\n<!-- \/ Yoast SEO plugin. -->","yoast_head_json":{"title":"Resink lesionou-se no jogo Groningen, alvo do Benfica - Portal Tela Portugal","robots":{"index":"index","follow":"follow","max-snippet":"max-snippet:-1","max-image-preview":"max-image-preview:large","max-video-preview":"max-video-preview:-1"},"og_locale":"pt_PT","og_type":"article","og_title":"Resink lesionou-se no jogo Groningen, alvo do Benfica - Portal Tela Portugal","og_description":"O m\u00e9dio Stije Resink lesionou-se no tornozelo esquerdo durante Groningen-Fortuna Sittard, aos 57 minutos, o que levou \u00e0 sua substitui\u00e7\u00e3o. O capit\u00e3o do Groningen saiu a coxear, depois de j\u00e1 ter visto cart\u00e3o amarelo aos 25 minutos. Mesmo que esteja dispon\u00edvel para o encontro seguinte, o castigo pode ter feito desta a \u00faltima partida de Resink ao servi\u00e7o do Groningen. O Benfica acompanha o jogador, que tamb\u00e9m desperta interesse de Ajax e Feyenoord. O treinador do Groningen, Dick Lukkien, rebateu informa\u00e7\u00f5es de que Jos\u00e9 Mourinho teria falado com Resink por videochamada.","og_url":"https:\/\/portaltela.pt\/noticias\/2026\/01\/25\/resink-lesionou-se-no-jogo-groningen-alvo-do-benfica\/","og_site_name":"Portal Tela Portugal","article_published_time":"2026-01-25T15:29:00+00:00","author":"Telinha","twitter_card":"summary_large_image","twitter_misc":{"Escrito por":"Telinha","Tempo estimado de leitura":"1 minuto"},"schema":{"@context":"https:\/\/schema.org","@graph":[{"@type":"Article","@id":"https:\/\/portaltela.pt\/noticias\/2026\/01\/25\/resink-lesionou-se-no-jogo-groningen-alvo-do-benfica\/#article","isPartOf":{"@id":"https:\/\/portaltela.pt\/noticias\/2026\/01\/25\/resink-lesionou-se-no-jogo-groningen-alvo-do-benfica\/"},"author":{"name":"Telinha","@id":"https:\/\/portaltela.pt\/#\/schema\/person\/c4278d4a6028830caff9ee44b42d32ed"},"headline":"Resink lesionou-se no jogo Groningen, alvo do Benfica","datePublished":"2026-01-25T15:29:00+00:00","mainEntityOfPage":{"@id":"https:\/\/portaltela.pt\/noticias\/2026\/01\/25\/resink-lesionou-se-no-jogo-groningen-alvo-do-benfica\/"},"wordCount":246,"image":{"@id":"https:\/\/portaltela.pt\/noticias\/2026\/01\/25\/resink-lesionou-se-no-jogo-groningen-alvo-do-benfica\/#primaryimage"},"thumbnailUrl":"https:\/\/portaltela.pt\/s.01k8rhncp4jt1\/2026\/01\/img_1200x721uu2026-01-25-15-44-03-2417244-2.jpg","keywords":["Ajax","Benfica","desporto","Feyenoord","futebol","transfer\u00eancias internacionais"],"articleSection":["Desporto","Futebol"],"inLanguage":"pt-PT"},{"@type":"WebPage","@id":"https:\/\/portaltela.pt\/noticias\/2026\/01\/25\/resink-lesionou-se-no-jogo-groningen-alvo-do-benfica\/","url":"https:\/\/portaltela.pt\/noticias\/2026\/01\/25\/resink-lesionou-se-no-jogo-groningen-alvo-do-benfica\/","name":"Resink lesionou-se no jogo Groningen, alvo do Benfica - Portal Tela Portugal","isPartOf":{"@id":"https:\/\/portaltela.pt\/#website"},"primaryImageOfPage":{"@id":"https:\/\/portaltela.pt\/noticias\/2026\/01\/25\/resink-lesionou-se-no-jogo-groningen-alvo-do-benfica\/#primaryimage"},"image":{"@id":"https:\/\/portaltela.pt\/noticias\/2026\/01\/25\/resink-lesionou-se-no-jogo-groningen-alvo-do-benfica\/#primaryimage"},"thumbnailUrl":"https:\/\/portaltela.pt\/s.01k8rhncp4jt1\/2026\/01\/img_1200x721uu2026-01-25-15-44-03-2417244-2.jpg","datePublished":"2026-01-25T15:29:00+00:00","author":{"@id":"https:\/\/portaltela.pt\/#\/schema\/person\/c4278d4a6028830caff9ee44b42d32ed"},"breadcrumb":{"@id":"https:\/\/portaltela.pt\/noticias\/2026\/01\/25\/resink-lesionou-se-no-jogo-groningen-alvo-do-benfica\/#breadcrumb"},"inLanguage":"pt-PT","potentialAction":[{"@type":"ReadAction","target":["https:\/\/portaltela.pt\/noticias\/2026\/01\/25\/resink-lesionou-se-no-jogo-groningen-alvo-do-benfica\/"]}]},{"@type":"ImageObject","inLanguage":"pt-PT","@id":"https:\/\/portaltela.pt\/noticias\/2026\/01\/25\/resink-lesionou-se-no-jogo-groningen-alvo-do-benfica\/#primaryimage","url":"https:\/\/portaltela.pt\/s.01k8rhncp4jt1\/2026\/01\/img_1200x721uu2026-01-25-15-44-03-2417244-2.jpg","contentUrl":"https:\/\/portaltela.pt\/s.01k8rhncp4jt1\/2026\/01\/img_1200x721uu2026-01-25-15-44-03-2417244-2.jpg","width":796,"height":448,"caption":"Resink deitado no relvado ap\u00f3s lesionar-se"},{"@type":"BreadcrumbList","@id":"https:\/\/portaltela.pt\/noticias\/2026\/01\/25\/resink-lesionou-se-no-jogo-groningen-alvo-do-benfica\/#breadcrumb","itemListElement":[{"@type":"ListItem","position":1,"name":"In\u00edcio","item":"https:\/\/portaltela.pt\/"},{"@type":"ListItem","position":2,"name":"Resink lesionou-se no jogo Groningen, alvo do Benfica"}]},{"@type":"WebSite","@id":"https:\/\/portaltela.pt\/#website","url":"https:\/\/portaltela.pt\/","name":"Portal Tela Portugal","description":"","potentialAction":[{"@type":"SearchAction","target":{"@type":"EntryPoint","urlTemplate":"https:\/\/portaltela.pt\/?s={search_term_string}"},"query-input":{"@type":"PropertyValueSpecification","valueRequired":true,"valueName":"search_term_string"}}],"inLanguage":"pt-PT"},{"@type":"Person","@id":"https:\/\/portaltela.pt\/#\/schema\/person\/c4278d4a6028830caff9ee44b42d32ed","name":"Telinha","image":{"@type":"ImageObject","inLanguage":"pt-PT","@id":"https:\/\/portaltela.pt\/s.01k8rhncp4jt1\/2025\/11\/talking-bot-125x125.png","url":"https:\/\/portaltela.pt\/s.01k8rhncp4jt1\/2025\/11\/talking-bot-125x125.png","contentUrl":"https:\/\/portaltela.pt\/s.01k8rhncp4jt1\/2025\/11\/talking-bot-125x125.png","caption":"Telinha"},"sameAs":["https:\/\/portaltela.pt\/"],"url":"https:\/\/portaltela.pt\/por\/367410592786\/"}]}},"_links":{"self":[{"href":"https:\/\/portaltela.pt\/api\/wp\/v2\/posts\/172555","targetHints":{"allow":["GET"]}}],"collection":[{"href":"https:\/\/portaltela.pt\/api\/wp\/v2\/posts"}],"about":[{"href":"https:\/\/portaltela.pt\/api\/wp\/v2\/types\/post"}],"author":[{"embeddable":true,"href":"https:\/\/portaltela.pt\/api\/wp\/v2\/users\/2"}],"replies":[{"embeddable":true,"href":"https:\/\/portaltela.pt\/api\/wp\/v2\/comments?post=172555"}],"version-history":[{"count":0,"href":"https:\/\/portaltela.pt\/api\/wp\/v2\/posts\/172555\/revisions"}],"wp:featuredmedia":[{"embeddable":true,"href":"https:\/\/portaltela.pt\/api\/wp\/v2\/media\/172557"}],"wp:attachment":[{"href":"https:\/\/portaltela.pt\/api\/wp\/v2\/media?parent=172555"}],"wp:term":[{"taxonomy":"category","embeddable":true,"href":"https:\/\/portaltela.pt\/api\/wp\/v2\/categories?post=172555"},{"taxonomy":"post_tag","embeddable":true,"href":"https:\/\/portaltela.pt\/api\/wp\/v2\/tags?post=172555"}],"curies":[{"name":"wp","href":"https:\/\/api.w.org\/{rel}","templated":true}]}}