{"id":172526,"date":"2026-01-25T14:41:00","date_gmt":"2026-01-25T17:41:00","guid":{"rendered":"https:\/\/portaltela.pt\/noticias\/2026\/01\/25\/mariana-leitao-ve-movimento-civico-de-cotrim-figueiredo-como-necessario\/"},"modified":"2026-01-25T14:41:00","modified_gmt":"2026-01-25T17:41:00","slug":"mariana-leitao-ve-movimento-civico-de-cotrim-figueiredo-como-necessario","status":"publish","type":"post","link":"https:\/\/portaltela.pt\/noticias\/politica\/2026\/01\/25\/mariana-leitao-ve-movimento-civico-de-cotrim-figueiredo-como-necessario\/","title":{"rendered":"Mariana Leit\u00e3o v\u00ea movimento c\u00edvico de Cotrim Figueiredo como necess\u00e1rio"},"content":{"rendered":"<p>Mariana Leit\u00e3o, presidente da Iniciativa Liberal (IL), elogiou neste domingo o novo movimento c\u00edvico de Cotrim Figueiredo. A dirigente considerou a iniciativa necess\u00e1ria para dar voz a eleitores da primeira volta das presidenciais, com foco numa vis\u00e3o reformista para o pa\u00eds.<\/p>\n<p>A l\u00edder do partido sublinhou que o Movimento 2031 pode reunir pessoas que desejam mudan\u00e7as concretas, sobretudo em \u00e1reas como sa\u00fade e habita\u00e7\u00e3o. Participou numa marcha pac\u00edfica em Lisboa, de apoio ao povo iraniano, onde comentou o tema durante o evento.<\/p>\n<p>Cotrim Figueiredo anunciou na sexta-feira a cria\u00e7\u00e3o do Movimento 2031, destinado a acolher cerca de 900 mil votos obtidos nas \u00faltimas elei\u00e7\u00f5es presidenciais. O movimento \u00e9 descrito como c\u00edvico e apartid\u00e1rio, mas n\u00e3o apol\u00edtico, com o objetivo de congregar vontades reformistas.<\/p>\n<p>A Iniciativa Liberal mant\u00e9m-se atenta ao papel de Cotrim Figueiredo dentro do partido, reiterando que ele continua como eurodeputado eleito pela IL. Leit\u00e3o frisou ainda que o movimento n\u00e3o exclui a participa\u00e7\u00e3o de quem partilha valores com a IL, sem desconsiderar a rela\u00e7\u00e3o institucional entre as v\u00e1rias vozes.<\/p>\n","protected":false},"excerpt":{"rendered":"<ul>\n<li>A presidente da Iniciativa Liberal (IL), Mariana Leit\u00e3o, disse que o Movimento 2031 de Cotrim Figueiredo \u00e9 necess\u00e1rio para agregar eleitores com uma vis\u00e3o reformista.<\/li>\n<li>Leit\u00e3o afirmou, \u00e0 sa\u00edda de uma marcha pac\u00edfica em Lisboa, que h\u00e1 um conjunto de pessoas que quer mudan\u00e7a e reformas.<\/li>\n<li>A l\u00edder do partido afirmou ainda que a IL continua a representar a vis\u00e3o de mudan\u00e7a reformista para melhorar a vida das pessoas e acolhe bem o novo movimento.<\/li>\n<li>Cotrim Figueiredo anunciou o lan\u00e7amento do Movimento 2031 para dar voz aos cerca de 900 mil votos que conseguiu nas presidenciais, com inscri\u00e7\u00f5es j\u00e1 abertas.<\/li>\n<li>O movimento \u00e9 descrito como c\u00edvico e apartid\u00e1rio, n\u00e3o apol\u00edtico, e Cotrim Figueiredo mant\u00e9m-se como eurodeputado eleito pela IL, mantendo o trabalho no sentido de congregar vontades.<\/li>\n<\/ul>\n","protected":false},"author":2,"featured_media":172528,"comment_status":"closed","ping_status":"closed","sticky":false,"template":"","format":"standard","meta":{"footnotes":""},"categories":[1,5],"tags":[2678,68,150,1482,981,172],"class_list":["post-172526","post","type-post","status-publish","format-standard","has-post-thumbnail","hentry","category-noticias","category-politica","tag-cotrim-de-figueiredo","tag-eleicoes","tag-habitacao","tag-iniciativa-liberal","tag-lisboa","tag-saude"],"yoast_head":"<!-- This site is optimized with the Yoast SEO plugin v27.2 - https:\/\/yoast.com\/product\/yoast-seo-wordpress\/ -->\n<title>Mariana Leit\u00e3o v\u00ea movimento c\u00edvico de Cotrim Figueiredo como necess\u00e1rio - Portal Tela Portugal<\/title>\n<meta name=\"robots\" content=\"index, follow, max-snippet:-1, max-image-preview:large, max-video-preview:-1\" \/>\n<meta property=\"og:locale\" content=\"pt_PT\" \/>\n<meta property=\"og:type\" content=\"article\" \/>\n<meta property=\"og:title\" content=\"Mariana Leit\u00e3o v\u00ea movimento c\u00edvico de Cotrim Figueiredo como necess\u00e1rio - Portal Tela Portugal\" \/>\n<meta property=\"og:description\" content=\"A presidente da Iniciativa Liberal (IL), Mariana Leit\u00e3o, disse que o Movimento 2031 de Cotrim Figueiredo \u00e9 necess\u00e1rio para agregar eleitores com uma vis\u00e3o reformista. Leit\u00e3o afirmou, \u00e0 sa\u00edda de uma marcha pac\u00edfica em Lisboa, que h\u00e1 um conjunto de pessoas que quer mudan\u00e7a e reformas. A l\u00edder do partido afirmou ainda que a IL continua a representar a vis\u00e3o de mudan\u00e7a reformista para melhorar a vida das pessoas e acolhe bem o novo movimento. Cotrim Figueiredo anunciou o lan\u00e7amento do Movimento 2031 para dar voz aos cerca de 900 mil votos que conseguiu nas presidenciais, com inscri\u00e7\u00f5es j\u00e1 abertas. O movimento \u00e9 descrito como c\u00edvico e apartid\u00e1rio, n\u00e3o apol\u00edtico, e Cotrim Figueiredo mant\u00e9m-se como eurodeputado eleito pela IL, mantendo o trabalho no sentido de congregar vontades.\" \/>\n<meta property=\"og:url\" content=\"https:\/\/portaltela.pt\/noticias\/2026\/01\/25\/mariana-leitao-ve-movimento-civico-de-cotrim-figueiredo-como-necessario\/\" \/>\n<meta property=\"og:site_name\" content=\"Portal Tela Portugal\" \/>\n<meta property=\"article:published_time\" content=\"2026-01-25T17:41:00+00:00\" \/>\n<meta name=\"author\" content=\"Telinha\" \/>\n<meta name=\"twitter:card\" content=\"summary_large_image\" \/>\n<meta name=\"twitter:label1\" content=\"Escrito por\" \/>\n\t<meta name=\"twitter:data1\" content=\"Telinha\" \/>\n\t<meta name=\"twitter:label2\" content=\"Tempo estimado de leitura\" \/>\n\t<meta name=\"twitter:data2\" content=\"1 minuto\" \/>\n<script type=\"application\/ld+json\" class=\"yoast-schema-graph\">{\"@context\":\"https:\/\/schema.org\",\"@graph\":[{\"@type\":\"Article\",\"@id\":\"https:\/\/portaltela.pt\/noticias\/2026\/01\/25\/mariana-leitao-ve-movimento-civico-de-cotrim-figueiredo-como-necessario\/#article\",\"isPartOf\":{\"@id\":\"https:\/\/portaltela.pt\/noticias\/2026\/01\/25\/mariana-leitao-ve-movimento-civico-de-cotrim-figueiredo-como-necessario\/\"},\"author\":{\"name\":\"Telinha\",\"@id\":\"https:\/\/portaltela.pt\/#\/schema\/person\/c4278d4a6028830caff9ee44b42d32ed\"},\"headline\":\"Mariana Leit\u00e3o v\u00ea movimento c\u00edvico de Cotrim Figueiredo como necess\u00e1rio\",\"datePublished\":\"2026-01-25T17:41:00+00:00\",\"mainEntityOfPage\":{\"@id\":\"https:\/\/portaltela.pt\/noticias\/2026\/01\/25\/mariana-leitao-ve-movimento-civico-de-cotrim-figueiredo-como-necessario\/\"},\"wordCount\":202,\"image\":{\"@id\":\"https:\/\/portaltela.pt\/noticias\/2026\/01\/25\/mariana-leitao-ve-movimento-civico-de-cotrim-figueiredo-como-necessario\/#primaryimage\"},\"thumbnailUrl\":\"https:\/\/portaltela.pt\/s.01k8rhncp4jt1\/2026\/01\/image-1713.jpg\",\"keywords\":[\"Cotrim de Figueiredo\",\"elei\u00e7\u00f5es\",\"habita\u00e7\u00e3o\",\"Iniciativa Liberal\",\"Lisboa\",\"sa\u00fade\"],\"articleSection\":[\"Not\u00edcias\",\"Pol\u00edtica\"],\"inLanguage\":\"pt-PT\"},{\"@type\":\"WebPage\",\"@id\":\"https:\/\/portaltela.pt\/noticias\/2026\/01\/25\/mariana-leitao-ve-movimento-civico-de-cotrim-figueiredo-como-necessario\/\",\"url\":\"https:\/\/portaltela.pt\/noticias\/2026\/01\/25\/mariana-leitao-ve-movimento-civico-de-cotrim-figueiredo-como-necessario\/\",\"name\":\"Mariana Leit\u00e3o v\u00ea movimento c\u00edvico de Cotrim Figueiredo como necess\u00e1rio - Portal Tela Portugal\",\"isPartOf\":{\"@id\":\"https:\/\/portaltela.pt\/#website\"},\"primaryImageOfPage\":{\"@id\":\"https:\/\/portaltela.pt\/noticias\/2026\/01\/25\/mariana-leitao-ve-movimento-civico-de-cotrim-figueiredo-como-necessario\/#primaryimage\"},\"image\":{\"@id\":\"https:\/\/portaltela.pt\/noticias\/2026\/01\/25\/mariana-leitao-ve-movimento-civico-de-cotrim-figueiredo-como-necessario\/#primaryimage\"},\"thumbnailUrl\":\"https:\/\/portaltela.pt\/s.01k8rhncp4jt1\/2026\/01\/image-1713.jpg\",\"datePublished\":\"2026-01-25T17:41:00+00:00\",\"author\":{\"@id\":\"https:\/\/portaltela.pt\/#\/schema\/person\/c4278d4a6028830caff9ee44b42d32ed\"},\"breadcrumb\":{\"@id\":\"https:\/\/portaltela.pt\/noticias\/2026\/01\/25\/mariana-leitao-ve-movimento-civico-de-cotrim-figueiredo-como-necessario\/#breadcrumb\"},\"inLanguage\":\"pt-PT\",\"potentialAction\":[{\"@type\":\"ReadAction\",\"target\":[\"https:\/\/portaltela.pt\/noticias\/2026\/01\/25\/mariana-leitao-ve-movimento-civico-de-cotrim-figueiredo-como-necessario\/\"]}]},{\"@type\":\"ImageObject\",\"inLanguage\":\"pt-PT\",\"@id\":\"https:\/\/portaltela.pt\/noticias\/2026\/01\/25\/mariana-leitao-ve-movimento-civico-de-cotrim-figueiredo-como-necessario\/#primaryimage\",\"url\":\"https:\/\/portaltela.pt\/s.01k8rhncp4jt1\/2026\/01\/image-1713.jpg\",\"contentUrl\":\"https:\/\/portaltela.pt\/s.01k8rhncp4jt1\/2026\/01\/image-1713.jpg\",\"width\":796,\"height\":448,\"caption\":\"Jo\u00e3o Cotrim Figueiredo a cumprimentar a presidente do partido Iniciativa Liberal, em janeiro\"},{\"@type\":\"BreadcrumbList\",\"@id\":\"https:\/\/portaltela.pt\/noticias\/2026\/01\/25\/mariana-leitao-ve-movimento-civico-de-cotrim-figueiredo-como-necessario\/#breadcrumb\",\"itemListElement\":[{\"@type\":\"ListItem\",\"position\":1,\"name\":\"In\u00edcio\",\"item\":\"https:\/\/portaltela.pt\/\"},{\"@type\":\"ListItem\",\"position\":2,\"name\":\"Mariana Leit\u00e3o v\u00ea movimento c\u00edvico de Cotrim Figueiredo como necess\u00e1rio\"}]},{\"@type\":\"WebSite\",\"@id\":\"https:\/\/portaltela.pt\/#website\",\"url\":\"https:\/\/portaltela.pt\/\",\"name\":\"Portal Tela Portugal\",\"description\":\"\",\"potentialAction\":[{\"@type\":\"SearchAction\",\"target\":{\"@type\":\"EntryPoint\",\"urlTemplate\":\"https:\/\/portaltela.pt\/?s={search_term_string}\"},\"query-input\":{\"@type\":\"PropertyValueSpecification\",\"valueRequired\":true,\"valueName\":\"search_term_string\"}}],\"inLanguage\":\"pt-PT\"},{\"@type\":\"Person\",\"@id\":\"https:\/\/portaltela.pt\/#\/schema\/person\/c4278d4a6028830caff9ee44b42d32ed\",\"name\":\"Telinha\",\"image\":{\"@type\":\"ImageObject\",\"inLanguage\":\"pt-PT\",\"@id\":\"https:\/\/portaltela.pt\/s.01k8rhncp4jt1\/2025\/11\/talking-bot-125x125.png\",\"url\":\"https:\/\/portaltela.pt\/s.01k8rhncp4jt1\/2025\/11\/talking-bot-125x125.png\",\"contentUrl\":\"https:\/\/portaltela.pt\/s.01k8rhncp4jt1\/2025\/11\/talking-bot-125x125.png\",\"caption\":\"Telinha\"},\"sameAs\":[\"https:\/\/portaltela.pt\/\"],\"url\":\"https:\/\/portaltela.pt\/por\/367410592786\/\"}]}<\/script>\n<!-- \/ Yoast SEO plugin. -->","yoast_head_json":{"title":"Mariana Leit\u00e3o v\u00ea movimento c\u00edvico de Cotrim Figueiredo como necess\u00e1rio - Portal Tela Portugal","robots":{"index":"index","follow":"follow","max-snippet":"max-snippet:-1","max-image-preview":"max-image-preview:large","max-video-preview":"max-video-preview:-1"},"og_locale":"pt_PT","og_type":"article","og_title":"Mariana Leit\u00e3o v\u00ea movimento c\u00edvico de Cotrim Figueiredo como necess\u00e1rio - Portal Tela Portugal","og_description":"A presidente da Iniciativa Liberal (IL), Mariana Leit\u00e3o, disse que o Movimento 2031 de Cotrim Figueiredo \u00e9 necess\u00e1rio para agregar eleitores com uma vis\u00e3o reformista. Leit\u00e3o afirmou, \u00e0 sa\u00edda de uma marcha pac\u00edfica em Lisboa, que h\u00e1 um conjunto de pessoas que quer mudan\u00e7a e reformas. A l\u00edder do partido afirmou ainda que a IL continua a representar a vis\u00e3o de mudan\u00e7a reformista para melhorar a vida das pessoas e acolhe bem o novo movimento. Cotrim Figueiredo anunciou o lan\u00e7amento do Movimento 2031 para dar voz aos cerca de 900 mil votos que conseguiu nas presidenciais, com inscri\u00e7\u00f5es j\u00e1 abertas. O movimento \u00e9 descrito como c\u00edvico e apartid\u00e1rio, n\u00e3o apol\u00edtico, e Cotrim Figueiredo mant\u00e9m-se como eurodeputado eleito pela IL, mantendo o trabalho no sentido de congregar vontades.","og_url":"https:\/\/portaltela.pt\/noticias\/2026\/01\/25\/mariana-leitao-ve-movimento-civico-de-cotrim-figueiredo-como-necessario\/","og_site_name":"Portal Tela Portugal","article_published_time":"2026-01-25T17:41:00+00:00","author":"Telinha","twitter_card":"summary_large_image","twitter_misc":{"Escrito por":"Telinha","Tempo estimado de leitura":"1 minuto"},"schema":{"@context":"https:\/\/schema.org","@graph":[{"@type":"Article","@id":"https:\/\/portaltela.pt\/noticias\/2026\/01\/25\/mariana-leitao-ve-movimento-civico-de-cotrim-figueiredo-como-necessario\/#article","isPartOf":{"@id":"https:\/\/portaltela.pt\/noticias\/2026\/01\/25\/mariana-leitao-ve-movimento-civico-de-cotrim-figueiredo-como-necessario\/"},"author":{"name":"Telinha","@id":"https:\/\/portaltela.pt\/#\/schema\/person\/c4278d4a6028830caff9ee44b42d32ed"},"headline":"Mariana Leit\u00e3o v\u00ea movimento c\u00edvico de Cotrim Figueiredo como necess\u00e1rio","datePublished":"2026-01-25T17:41:00+00:00","mainEntityOfPage":{"@id":"https:\/\/portaltela.pt\/noticias\/2026\/01\/25\/mariana-leitao-ve-movimento-civico-de-cotrim-figueiredo-como-necessario\/"},"wordCount":202,"image":{"@id":"https:\/\/portaltela.pt\/noticias\/2026\/01\/25\/mariana-leitao-ve-movimento-civico-de-cotrim-figueiredo-como-necessario\/#primaryimage"},"thumbnailUrl":"https:\/\/portaltela.pt\/s.01k8rhncp4jt1\/2026\/01\/image-1713.jpg","keywords":["Cotrim de Figueiredo","elei\u00e7\u00f5es","habita\u00e7\u00e3o","Iniciativa Liberal","Lisboa","sa\u00fade"],"articleSection":["Not\u00edcias","Pol\u00edtica"],"inLanguage":"pt-PT"},{"@type":"WebPage","@id":"https:\/\/portaltela.pt\/noticias\/2026\/01\/25\/mariana-leitao-ve-movimento-civico-de-cotrim-figueiredo-como-necessario\/","url":"https:\/\/portaltela.pt\/noticias\/2026\/01\/25\/mariana-leitao-ve-movimento-civico-de-cotrim-figueiredo-como-necessario\/","name":"Mariana Leit\u00e3o v\u00ea movimento c\u00edvico de Cotrim Figueiredo como necess\u00e1rio - Portal Tela Portugal","isPartOf":{"@id":"https:\/\/portaltela.pt\/#website"},"primaryImageOfPage":{"@id":"https:\/\/portaltela.pt\/noticias\/2026\/01\/25\/mariana-leitao-ve-movimento-civico-de-cotrim-figueiredo-como-necessario\/#primaryimage"},"image":{"@id":"https:\/\/portaltela.pt\/noticias\/2026\/01\/25\/mariana-leitao-ve-movimento-civico-de-cotrim-figueiredo-como-necessario\/#primaryimage"},"thumbnailUrl":"https:\/\/portaltela.pt\/s.01k8rhncp4jt1\/2026\/01\/image-1713.jpg","datePublished":"2026-01-25T17:41:00+00:00","author":{"@id":"https:\/\/portaltela.pt\/#\/schema\/person\/c4278d4a6028830caff9ee44b42d32ed"},"breadcrumb":{"@id":"https:\/\/portaltela.pt\/noticias\/2026\/01\/25\/mariana-leitao-ve-movimento-civico-de-cotrim-figueiredo-como-necessario\/#breadcrumb"},"inLanguage":"pt-PT","potentialAction":[{"@type":"ReadAction","target":["https:\/\/portaltela.pt\/noticias\/2026\/01\/25\/mariana-leitao-ve-movimento-civico-de-cotrim-figueiredo-como-necessario\/"]}]},{"@type":"ImageObject","inLanguage":"pt-PT","@id":"https:\/\/portaltela.pt\/noticias\/2026\/01\/25\/mariana-leitao-ve-movimento-civico-de-cotrim-figueiredo-como-necessario\/#primaryimage","url":"https:\/\/portaltela.pt\/s.01k8rhncp4jt1\/2026\/01\/image-1713.jpg","contentUrl":"https:\/\/portaltela.pt\/s.01k8rhncp4jt1\/2026\/01\/image-1713.jpg","width":796,"height":448,"caption":"Jo\u00e3o Cotrim Figueiredo a cumprimentar a presidente do partido Iniciativa Liberal, em janeiro"},{"@type":"BreadcrumbList","@id":"https:\/\/portaltela.pt\/noticias\/2026\/01\/25\/mariana-leitao-ve-movimento-civico-de-cotrim-figueiredo-como-necessario\/#breadcrumb","itemListElement":[{"@type":"ListItem","position":1,"name":"In\u00edcio","item":"https:\/\/portaltela.pt\/"},{"@type":"ListItem","position":2,"name":"Mariana Leit\u00e3o v\u00ea movimento c\u00edvico de Cotrim Figueiredo como necess\u00e1rio"}]},{"@type":"WebSite","@id":"https:\/\/portaltela.pt\/#website","url":"https:\/\/portaltela.pt\/","name":"Portal Tela Portugal","description":"","potentialAction":[{"@type":"SearchAction","target":{"@type":"EntryPoint","urlTemplate":"https:\/\/portaltela.pt\/?s={search_term_string}"},"query-input":{"@type":"PropertyValueSpecification","valueRequired":true,"valueName":"search_term_string"}}],"inLanguage":"pt-PT"},{"@type":"Person","@id":"https:\/\/portaltela.pt\/#\/schema\/person\/c4278d4a6028830caff9ee44b42d32ed","name":"Telinha","image":{"@type":"ImageObject","inLanguage":"pt-PT","@id":"https:\/\/portaltela.pt\/s.01k8rhncp4jt1\/2025\/11\/talking-bot-125x125.png","url":"https:\/\/portaltela.pt\/s.01k8rhncp4jt1\/2025\/11\/talking-bot-125x125.png","contentUrl":"https:\/\/portaltela.pt\/s.01k8rhncp4jt1\/2025\/11\/talking-bot-125x125.png","caption":"Telinha"},"sameAs":["https:\/\/portaltela.pt\/"],"url":"https:\/\/portaltela.pt\/por\/367410592786\/"}]}},"_links":{"self":[{"href":"https:\/\/portaltela.pt\/api\/wp\/v2\/posts\/172526","targetHints":{"allow":["GET"]}}],"collection":[{"href":"https:\/\/portaltela.pt\/api\/wp\/v2\/posts"}],"about":[{"href":"https:\/\/portaltela.pt\/api\/wp\/v2\/types\/post"}],"author":[{"embeddable":true,"href":"https:\/\/portaltela.pt\/api\/wp\/v2\/users\/2"}],"replies":[{"embeddable":true,"href":"https:\/\/portaltela.pt\/api\/wp\/v2\/comments?post=172526"}],"version-history":[{"count":0,"href":"https:\/\/portaltela.pt\/api\/wp\/v2\/posts\/172526\/revisions"}],"wp:featuredmedia":[{"embeddable":true,"href":"https:\/\/portaltela.pt\/api\/wp\/v2\/media\/172528"}],"wp:attachment":[{"href":"https:\/\/portaltela.pt\/api\/wp\/v2\/media?parent=172526"}],"wp:term":[{"taxonomy":"category","embeddable":true,"href":"https:\/\/portaltela.pt\/api\/wp\/v2\/categories?post=172526"},{"taxonomy":"post_tag","embeddable":true,"href":"https:\/\/portaltela.pt\/api\/wp\/v2\/tags?post=172526"}],"curies":[{"name":"wp","href":"https:\/\/api.w.org\/{rel}","templated":true}]}}