{"id":172449,"date":"2026-01-25T12:29:00","date_gmt":"2026-01-25T15:29:00","guid":{"rendered":"https:\/\/portaltela.pt\/noticias\/2026\/01\/25\/alvo-resink-lesiona-se-no-jogo-com-groningen\/"},"modified":"2026-01-25T12:29:00","modified_gmt":"2026-01-25T15:29:00","slug":"alvo-resink-lesiona-se-no-jogo-com-groningen","status":"publish","type":"post","link":"https:\/\/portaltela.pt\/desporto\/futebol\/2026\/01\/25\/alvo-resink-lesiona-se-no-jogo-com-groningen\/","title":{"rendered":"Alvo Resink lesiona-se no jogo com Groningen"},"content":{"rendered":"<p>O Groningen- Fortunas Sittard ficou marcado pela les\u00e3o de Stije Resink, o m\u00e9dio que o Benfica tem acompanhado. O incidente ocorreu esta tarde, aos 57 minutos, quando o capit\u00e3o holand\u00eas se lesionou o tornozelo esquerdo e foi substitu\u00eddo. Ficou ainda visivelmente a coxear, depois de ter recebido cart\u00e3o amarelo aos 25 minutos.<\/p>\n<p>O estado do lesionado e a gravidade do problema n\u00e3o estavam esclarecidos no momento. O \u00e1rbitro marcou a sa\u00edda de Resink, que pode falhar o pr\u00f3ximo jogo do Groningen frente ao Sparta de Roterd\u00e3o. O jogador, de 22 anos, \u00e9 alvo de cobi\u00e7a de v\u00e1rios clubes.<\/p>\n<h3>Mercado de transfer\u00eancias<\/h3>\n<p>Na imprensa dos Pa\u00edses Baixos surge a hip\u00f3tese de Resink poder deixar o Groningen na janela de transfer\u00eancias. Al\u00e9m do Benfica, clubes como Ajax e Feyenoord teriam interesse, apontando para uma poss\u00edvel sa\u00edda com valor abaixo de 6 milh\u00f5es de euros, devido a uma cl\u00e1usula contratual.<\/p>\n<p>O treinador do Groningen, Dick Lukkien, desmentiu de forma firme rumores sobre uma conversa por videochamada entre Jos\u00e9 Mourinho e Resink. A imprensa j\u00e1 aborda a possibilidade de uma sa\u00edda na reta final do mercado, com impacto financeiro para o clube caso se confirme.<\/p>\n","protected":false},"excerpt":{"rendered":"<ul>\n<li>O m\u00e9dio Stije Resink lesionou o tornozelo esquerdo durante Groningen-Fortuna Sittard, sendo substitu\u00eddo aos 57 minutos, e a gravidade ainda n\u00e3o \u00e9 conhecida.<\/li>\n<li>O capit\u00e3o do Groningen j\u00e1 tinha visto cart\u00e3o amarelo aos 25 minutos, o que o afasta do encontro seguinte diante do Sparta de Roterd\u00e3o.<\/li>\n<li>Em Portugal e na Holanda fala-se numa poss\u00edvel sa\u00edda de Resink, com o Benfica entre os interessados, num contexto de cobi\u00e7a de clubes como Ajax e Feyenoord.<\/li>\n<li>O Groningen pode transferir o jogador na reta final do mercado, j\u00e1 que tem uma cl\u00e1usula de sa\u00edda no ver\u00e3o por cerca de 6 milh\u00f5es de euros.<\/li>\n<li>O treinador do Groningen rejeitou as not\u00edcias de uma suposta conversa por videochamada com Jos\u00e9 Mourinho, qualificando-as de disparate.<\/li>\n<\/ul>\n","protected":false},"author":2,"featured_media":172478,"comment_status":"closed","ping_status":"closed","sticky":false,"template":"","format":"standard","meta":{"footnotes":""},"categories":[21,24],"tags":[1714,1946,4233,32,50,1633],"class_list":["post-172449","post","type-post","status-publish","format-standard","has-post-thumbnail","hentry","category-desporto","category-futebol","tag-ajax","tag-benfica","tag-feyenoord","tag-futebol","tag-mercado-da-bola","tag-transferencias-internacionais"],"yoast_head":"<!-- This site is optimized with the Yoast SEO plugin v27.2 - https:\/\/yoast.com\/product\/yoast-seo-wordpress\/ -->\n<title>Alvo Resink lesiona-se no jogo com Groningen - Portal Tela Portugal<\/title>\n<meta name=\"robots\" content=\"index, follow, max-snippet:-1, max-image-preview:large, max-video-preview:-1\" \/>\n<meta property=\"og:locale\" content=\"pt_PT\" \/>\n<meta property=\"og:type\" content=\"article\" \/>\n<meta property=\"og:title\" content=\"Alvo Resink lesiona-se no jogo com Groningen - Portal Tela Portugal\" \/>\n<meta property=\"og:description\" content=\"O m\u00e9dio Stije Resink lesionou o tornozelo esquerdo durante Groningen-Fortuna Sittard, sendo substitu\u00eddo aos 57 minutos, e a gravidade ainda n\u00e3o \u00e9 conhecida. O capit\u00e3o do Groningen j\u00e1 tinha visto cart\u00e3o amarelo aos 25 minutos, o que o afasta do encontro seguinte diante do Sparta de Roterd\u00e3o. Em Portugal e na Holanda fala-se numa poss\u00edvel sa\u00edda de Resink, com o Benfica entre os interessados, num contexto de cobi\u00e7a de clubes como Ajax e Feyenoord. O Groningen pode transferir o jogador na reta final do mercado, j\u00e1 que tem uma cl\u00e1usula de sa\u00edda no ver\u00e3o por cerca de 6 milh\u00f5es de euros. O treinador do Groningen rejeitou as not\u00edcias de uma suposta conversa por videochamada com Jos\u00e9 Mourinho, qualificando-as de disparate.\" \/>\n<meta property=\"og:url\" content=\"https:\/\/portaltela.pt\/noticias\/2026\/01\/25\/alvo-resink-lesiona-se-no-jogo-com-groningen\/\" \/>\n<meta property=\"og:site_name\" content=\"Portal Tela Portugal\" \/>\n<meta property=\"article:published_time\" content=\"2026-01-25T15:29:00+00:00\" \/>\n<meta name=\"author\" content=\"Telinha\" \/>\n<meta name=\"twitter:card\" content=\"summary_large_image\" \/>\n<meta name=\"twitter:label1\" content=\"Escrito por\" \/>\n\t<meta name=\"twitter:data1\" content=\"Telinha\" \/>\n\t<meta name=\"twitter:label2\" content=\"Tempo estimado de leitura\" \/>\n\t<meta name=\"twitter:data2\" content=\"1 minuto\" \/>\n<script type=\"application\/ld+json\" class=\"yoast-schema-graph\">{\"@context\":\"https:\/\/schema.org\",\"@graph\":[{\"@type\":\"Article\",\"@id\":\"https:\/\/portaltela.pt\/noticias\/2026\/01\/25\/alvo-resink-lesiona-se-no-jogo-com-groningen\/#article\",\"isPartOf\":{\"@id\":\"https:\/\/portaltela.pt\/noticias\/2026\/01\/25\/alvo-resink-lesiona-se-no-jogo-com-groningen\/\"},\"author\":{\"name\":\"Telinha\",\"@id\":\"https:\/\/portaltela.pt\/#\/schema\/person\/c4278d4a6028830caff9ee44b42d32ed\"},\"headline\":\"Alvo Resink lesiona-se no jogo com Groningen\",\"datePublished\":\"2026-01-25T15:29:00+00:00\",\"mainEntityOfPage\":{\"@id\":\"https:\/\/portaltela.pt\/noticias\/2026\/01\/25\/alvo-resink-lesiona-se-no-jogo-com-groningen\/\"},\"wordCount\":215,\"image\":{\"@id\":\"https:\/\/portaltela.pt\/noticias\/2026\/01\/25\/alvo-resink-lesiona-se-no-jogo-com-groningen\/#primaryimage\"},\"thumbnailUrl\":\"https:\/\/portaltela.pt\/s.01k8rhncp4jt1\/2026\/01\/img_1200x721uu2026-01-25-15-44-03-2417244-1.jpg\",\"keywords\":[\"Ajax\",\"Benfica\",\"Feyenoord\",\"futebol\",\"mercado da bola\",\"transfer\u00eancias internacionais\"],\"articleSection\":[\"Desporto\",\"Futebol\"],\"inLanguage\":\"pt-PT\"},{\"@type\":\"WebPage\",\"@id\":\"https:\/\/portaltela.pt\/noticias\/2026\/01\/25\/alvo-resink-lesiona-se-no-jogo-com-groningen\/\",\"url\":\"https:\/\/portaltela.pt\/noticias\/2026\/01\/25\/alvo-resink-lesiona-se-no-jogo-com-groningen\/\",\"name\":\"Alvo Resink lesiona-se no jogo com Groningen - Portal Tela Portugal\",\"isPartOf\":{\"@id\":\"https:\/\/portaltela.pt\/#website\"},\"primaryImageOfPage\":{\"@id\":\"https:\/\/portaltela.pt\/noticias\/2026\/01\/25\/alvo-resink-lesiona-se-no-jogo-com-groningen\/#primaryimage\"},\"image\":{\"@id\":\"https:\/\/portaltela.pt\/noticias\/2026\/01\/25\/alvo-resink-lesiona-se-no-jogo-com-groningen\/#primaryimage\"},\"thumbnailUrl\":\"https:\/\/portaltela.pt\/s.01k8rhncp4jt1\/2026\/01\/img_1200x721uu2026-01-25-15-44-03-2417244-1.jpg\",\"datePublished\":\"2026-01-25T15:29:00+00:00\",\"author\":{\"@id\":\"https:\/\/portaltela.pt\/#\/schema\/person\/c4278d4a6028830caff9ee44b42d32ed\"},\"breadcrumb\":{\"@id\":\"https:\/\/portaltela.pt\/noticias\/2026\/01\/25\/alvo-resink-lesiona-se-no-jogo-com-groningen\/#breadcrumb\"},\"inLanguage\":\"pt-PT\",\"potentialAction\":[{\"@type\":\"ReadAction\",\"target\":[\"https:\/\/portaltela.pt\/noticias\/2026\/01\/25\/alvo-resink-lesiona-se-no-jogo-com-groningen\/\"]}]},{\"@type\":\"ImageObject\",\"inLanguage\":\"pt-PT\",\"@id\":\"https:\/\/portaltela.pt\/noticias\/2026\/01\/25\/alvo-resink-lesiona-se-no-jogo-com-groningen\/#primaryimage\",\"url\":\"https:\/\/portaltela.pt\/s.01k8rhncp4jt1\/2026\/01\/img_1200x721uu2026-01-25-15-44-03-2417244-1.jpg\",\"contentUrl\":\"https:\/\/portaltela.pt\/s.01k8rhncp4jt1\/2026\/01\/img_1200x721uu2026-01-25-15-44-03-2417244-1.jpg\",\"width\":796,\"height\":448,\"caption\":\"Resink deitado no relvado ap\u00f3s lesionar-se\"},{\"@type\":\"BreadcrumbList\",\"@id\":\"https:\/\/portaltela.pt\/noticias\/2026\/01\/25\/alvo-resink-lesiona-se-no-jogo-com-groningen\/#breadcrumb\",\"itemListElement\":[{\"@type\":\"ListItem\",\"position\":1,\"name\":\"In\u00edcio\",\"item\":\"https:\/\/portaltela.pt\/\"},{\"@type\":\"ListItem\",\"position\":2,\"name\":\"Alvo Resink lesiona-se no jogo com Groningen\"}]},{\"@type\":\"WebSite\",\"@id\":\"https:\/\/portaltela.pt\/#website\",\"url\":\"https:\/\/portaltela.pt\/\",\"name\":\"Portal Tela Portugal\",\"description\":\"\",\"potentialAction\":[{\"@type\":\"SearchAction\",\"target\":{\"@type\":\"EntryPoint\",\"urlTemplate\":\"https:\/\/portaltela.pt\/?s={search_term_string}\"},\"query-input\":{\"@type\":\"PropertyValueSpecification\",\"valueRequired\":true,\"valueName\":\"search_term_string\"}}],\"inLanguage\":\"pt-PT\"},{\"@type\":\"Person\",\"@id\":\"https:\/\/portaltela.pt\/#\/schema\/person\/c4278d4a6028830caff9ee44b42d32ed\",\"name\":\"Telinha\",\"image\":{\"@type\":\"ImageObject\",\"inLanguage\":\"pt-PT\",\"@id\":\"https:\/\/portaltela.pt\/s.01k8rhncp4jt1\/2025\/11\/talking-bot-125x125.png\",\"url\":\"https:\/\/portaltela.pt\/s.01k8rhncp4jt1\/2025\/11\/talking-bot-125x125.png\",\"contentUrl\":\"https:\/\/portaltela.pt\/s.01k8rhncp4jt1\/2025\/11\/talking-bot-125x125.png\",\"caption\":\"Telinha\"},\"sameAs\":[\"https:\/\/portaltela.pt\/\"],\"url\":\"https:\/\/portaltela.pt\/por\/367410592786\/\"}]}<\/script>\n<!-- \/ Yoast SEO plugin. -->","yoast_head_json":{"title":"Alvo Resink lesiona-se no jogo com Groningen - Portal Tela Portugal","robots":{"index":"index","follow":"follow","max-snippet":"max-snippet:-1","max-image-preview":"max-image-preview:large","max-video-preview":"max-video-preview:-1"},"og_locale":"pt_PT","og_type":"article","og_title":"Alvo Resink lesiona-se no jogo com Groningen - Portal Tela Portugal","og_description":"O m\u00e9dio Stije Resink lesionou o tornozelo esquerdo durante Groningen-Fortuna Sittard, sendo substitu\u00eddo aos 57 minutos, e a gravidade ainda n\u00e3o \u00e9 conhecida. O capit\u00e3o do Groningen j\u00e1 tinha visto cart\u00e3o amarelo aos 25 minutos, o que o afasta do encontro seguinte diante do Sparta de Roterd\u00e3o. Em Portugal e na Holanda fala-se numa poss\u00edvel sa\u00edda de Resink, com o Benfica entre os interessados, num contexto de cobi\u00e7a de clubes como Ajax e Feyenoord. O Groningen pode transferir o jogador na reta final do mercado, j\u00e1 que tem uma cl\u00e1usula de sa\u00edda no ver\u00e3o por cerca de 6 milh\u00f5es de euros. O treinador do Groningen rejeitou as not\u00edcias de uma suposta conversa por videochamada com Jos\u00e9 Mourinho, qualificando-as de disparate.","og_url":"https:\/\/portaltela.pt\/noticias\/2026\/01\/25\/alvo-resink-lesiona-se-no-jogo-com-groningen\/","og_site_name":"Portal Tela Portugal","article_published_time":"2026-01-25T15:29:00+00:00","author":"Telinha","twitter_card":"summary_large_image","twitter_misc":{"Escrito por":"Telinha","Tempo estimado de leitura":"1 minuto"},"schema":{"@context":"https:\/\/schema.org","@graph":[{"@type":"Article","@id":"https:\/\/portaltela.pt\/noticias\/2026\/01\/25\/alvo-resink-lesiona-se-no-jogo-com-groningen\/#article","isPartOf":{"@id":"https:\/\/portaltela.pt\/noticias\/2026\/01\/25\/alvo-resink-lesiona-se-no-jogo-com-groningen\/"},"author":{"name":"Telinha","@id":"https:\/\/portaltela.pt\/#\/schema\/person\/c4278d4a6028830caff9ee44b42d32ed"},"headline":"Alvo Resink lesiona-se no jogo com Groningen","datePublished":"2026-01-25T15:29:00+00:00","mainEntityOfPage":{"@id":"https:\/\/portaltela.pt\/noticias\/2026\/01\/25\/alvo-resink-lesiona-se-no-jogo-com-groningen\/"},"wordCount":215,"image":{"@id":"https:\/\/portaltela.pt\/noticias\/2026\/01\/25\/alvo-resink-lesiona-se-no-jogo-com-groningen\/#primaryimage"},"thumbnailUrl":"https:\/\/portaltela.pt\/s.01k8rhncp4jt1\/2026\/01\/img_1200x721uu2026-01-25-15-44-03-2417244-1.jpg","keywords":["Ajax","Benfica","Feyenoord","futebol","mercado da bola","transfer\u00eancias internacionais"],"articleSection":["Desporto","Futebol"],"inLanguage":"pt-PT"},{"@type":"WebPage","@id":"https:\/\/portaltela.pt\/noticias\/2026\/01\/25\/alvo-resink-lesiona-se-no-jogo-com-groningen\/","url":"https:\/\/portaltela.pt\/noticias\/2026\/01\/25\/alvo-resink-lesiona-se-no-jogo-com-groningen\/","name":"Alvo Resink lesiona-se no jogo com Groningen - Portal Tela Portugal","isPartOf":{"@id":"https:\/\/portaltela.pt\/#website"},"primaryImageOfPage":{"@id":"https:\/\/portaltela.pt\/noticias\/2026\/01\/25\/alvo-resink-lesiona-se-no-jogo-com-groningen\/#primaryimage"},"image":{"@id":"https:\/\/portaltela.pt\/noticias\/2026\/01\/25\/alvo-resink-lesiona-se-no-jogo-com-groningen\/#primaryimage"},"thumbnailUrl":"https:\/\/portaltela.pt\/s.01k8rhncp4jt1\/2026\/01\/img_1200x721uu2026-01-25-15-44-03-2417244-1.jpg","datePublished":"2026-01-25T15:29:00+00:00","author":{"@id":"https:\/\/portaltela.pt\/#\/schema\/person\/c4278d4a6028830caff9ee44b42d32ed"},"breadcrumb":{"@id":"https:\/\/portaltela.pt\/noticias\/2026\/01\/25\/alvo-resink-lesiona-se-no-jogo-com-groningen\/#breadcrumb"},"inLanguage":"pt-PT","potentialAction":[{"@type":"ReadAction","target":["https:\/\/portaltela.pt\/noticias\/2026\/01\/25\/alvo-resink-lesiona-se-no-jogo-com-groningen\/"]}]},{"@type":"ImageObject","inLanguage":"pt-PT","@id":"https:\/\/portaltela.pt\/noticias\/2026\/01\/25\/alvo-resink-lesiona-se-no-jogo-com-groningen\/#primaryimage","url":"https:\/\/portaltela.pt\/s.01k8rhncp4jt1\/2026\/01\/img_1200x721uu2026-01-25-15-44-03-2417244-1.jpg","contentUrl":"https:\/\/portaltela.pt\/s.01k8rhncp4jt1\/2026\/01\/img_1200x721uu2026-01-25-15-44-03-2417244-1.jpg","width":796,"height":448,"caption":"Resink deitado no relvado ap\u00f3s lesionar-se"},{"@type":"BreadcrumbList","@id":"https:\/\/portaltela.pt\/noticias\/2026\/01\/25\/alvo-resink-lesiona-se-no-jogo-com-groningen\/#breadcrumb","itemListElement":[{"@type":"ListItem","position":1,"name":"In\u00edcio","item":"https:\/\/portaltela.pt\/"},{"@type":"ListItem","position":2,"name":"Alvo Resink lesiona-se no jogo com Groningen"}]},{"@type":"WebSite","@id":"https:\/\/portaltela.pt\/#website","url":"https:\/\/portaltela.pt\/","name":"Portal Tela Portugal","description":"","potentialAction":[{"@type":"SearchAction","target":{"@type":"EntryPoint","urlTemplate":"https:\/\/portaltela.pt\/?s={search_term_string}"},"query-input":{"@type":"PropertyValueSpecification","valueRequired":true,"valueName":"search_term_string"}}],"inLanguage":"pt-PT"},{"@type":"Person","@id":"https:\/\/portaltela.pt\/#\/schema\/person\/c4278d4a6028830caff9ee44b42d32ed","name":"Telinha","image":{"@type":"ImageObject","inLanguage":"pt-PT","@id":"https:\/\/portaltela.pt\/s.01k8rhncp4jt1\/2025\/11\/talking-bot-125x125.png","url":"https:\/\/portaltela.pt\/s.01k8rhncp4jt1\/2025\/11\/talking-bot-125x125.png","contentUrl":"https:\/\/portaltela.pt\/s.01k8rhncp4jt1\/2025\/11\/talking-bot-125x125.png","caption":"Telinha"},"sameAs":["https:\/\/portaltela.pt\/"],"url":"https:\/\/portaltela.pt\/por\/367410592786\/"}]}},"_links":{"self":[{"href":"https:\/\/portaltela.pt\/api\/wp\/v2\/posts\/172449","targetHints":{"allow":["GET"]}}],"collection":[{"href":"https:\/\/portaltela.pt\/api\/wp\/v2\/posts"}],"about":[{"href":"https:\/\/portaltela.pt\/api\/wp\/v2\/types\/post"}],"author":[{"embeddable":true,"href":"https:\/\/portaltela.pt\/api\/wp\/v2\/users\/2"}],"replies":[{"embeddable":true,"href":"https:\/\/portaltela.pt\/api\/wp\/v2\/comments?post=172449"}],"version-history":[{"count":0,"href":"https:\/\/portaltela.pt\/api\/wp\/v2\/posts\/172449\/revisions"}],"wp:featuredmedia":[{"embeddable":true,"href":"https:\/\/portaltela.pt\/api\/wp\/v2\/media\/172478"}],"wp:attachment":[{"href":"https:\/\/portaltela.pt\/api\/wp\/v2\/media?parent=172449"}],"wp:term":[{"taxonomy":"category","embeddable":true,"href":"https:\/\/portaltela.pt\/api\/wp\/v2\/categories?post=172449"},{"taxonomy":"post_tag","embeddable":true,"href":"https:\/\/portaltela.pt\/api\/wp\/v2\/tags?post=172449"}],"curies":[{"name":"wp","href":"https:\/\/api.w.org\/{rel}","templated":true}]}}