{"id":172443,"date":"2026-01-25T13:00:02","date_gmt":"2026-01-25T16:00:02","guid":{"rendered":"https:\/\/portaltela.pt\/noticias\/2026\/01\/25\/eua-e-israel-firmam-posicao-sobre-proximos-passos-em-gaza\/"},"modified":"2026-01-25T13:00:02","modified_gmt":"2026-01-25T16:00:02","slug":"eua-e-israel-firmam-posicao-sobre-proximos-passos-em-gaza","status":"publish","type":"post","link":"https:\/\/portaltela.pt\/noticias\/politica\/2026\/01\/25\/eua-e-israel-firmam-posicao-sobre-proximos-passos-em-gaza\/","title":{"rendered":"EUA e Israel firmam posi\u00e7\u00e3o sobre pr\u00f3ximos passos em Gaza"},"content":{"rendered":"<p>Os Estados Unidos e Israel mant\u00eam uma rela\u00e7\u00e3o s\u00f3lida e coordena\u00e7\u00e3o pr\u00f3xima, com prioridades partilhadas. O enviado especial estadounidense para o M\u00e9dio Oriente, Steve Witkoff, descreveu a coopera\u00e7\u00e3o como construtiva e positiva.<\/p>\n<p>Ap\u00f3s a reuni\u00e3o com o primeiro-ministro Benjamin Netanyahu, foi acordada a continua\u00e7\u00e3o da segunda fase do cessar-fogo em Gaza, prevista num plano de 20 pontos. O objetivo \u00e9 avan\u00e7ar com o processo de paz na regi\u00e3o.<\/p>\n<p>No encontro, participou uma delega\u00e7\u00e3o norte-americana que incluiu Jared Kushner, Ari Lightstone e Josh Gruenbaum, entre outros. O grupo discutiu o progresso do plano de paz para Gaza proposto pela Administra\u00e7\u00e3o Trump.<\/p>\n<h3>Participa\u00e7\u00e3o e pr\u00f3ximos passos<\/h3>\n<p>Witkoff afirmou que ambos os pa\u00edses impulsionam conjuntamente o desenvolvimento da segunda fase do plano para Gaza, com foco na implementa\u00e7\u00e3o de medidas acordadas. A agenda de Witkoff e Kushner em Telavive decorreu na tarde de s\u00e1bado, sem detalhes oficiais sobre atos seguintes.<\/p>\n<h3>Desmilitariza\u00e7\u00e3o, governo e reconstru\u00e7\u00e3o<\/h3>\n<p>O plano de paz prev\u00ea a cria\u00e7\u00e3o de um governo tecnocrata de transi\u00e7\u00e3o para Gaza, designado Comit\u00e9 Nacional para a Administra\u00e7\u00e3o de Gaza. Al\u00e9m disso, aponta a desmilitariza\u00e7\u00e3o, a reconstru\u00e7\u00e3o total do enclave e o desarmamento de elementos n\u00e3o autorizados.<\/p>\n<h3>Davos e controv\u00e9rsia<\/h3>\n<p>Kushner discutiu a desmilitariza\u00e7\u00e3o em Davos, Su\u00ed\u00e7a, gerando desagrado em Israel. Segundo ele, o Hamas deveria entregar armas pesadas antes de facilitar progressivamente armas mais leves, sem prazos anunciados.<\/p>\n<h3>Contexto<\/h3>\n<p>A Administra\u00e7\u00e3o Trump apresentou tamb\u00e9m um plano de reconstru\u00e7\u00e3o para a chamada Nova Gaza, com vis\u00e3o urban\u00edstica para um territ\u00f3rio de dois milh\u00f5es de habitantes, num cen\u00e1rio de d\u00e9cadas de conflito. As declara\u00e7\u00f5es p\u00fablicas ocorreram em contexto de reuni\u00f5es entre militares e assessores.<\/p>\n<h3>Observa\u00e7\u00e3o final<\/h3>\n<p>O an\u00fancio coincide com a\u00e7\u00f5es diplom\u00e1ticas no terreno, incluindo um encontro entre o chefe do Comando Central dos EUA, o almirante Brad Cooper, e o Chefe do Estado-Mior de Israel, tenente-general Eyal Zamir, conforme comunicado das for\u00e7as israelitas.<\/p>\n","protected":false},"excerpt":{"rendered":"<ul>\n<li>Os EUA e Israel mant\u00eam rela\u00e7\u00e3o s\u00f3lida e coordena\u00e7\u00e3o estreita, com prioridades partilhadas, segundo o enviado especial Steve Witkoff.<\/li>\n<li>Ap\u00f3s reuni\u00e3o com o primeiro-ministro Benjamin Netanyahu, foi acordada a segunda fase do cessar-fogo em Gaza, num plano de vinte pontos.<\/li>\n<li>O plano prev\u00ea um governo tecnocrata de transi\u00e7\u00e3o para Gaza, a desmilitariza\u00e7\u00e3o do enclave e a reconstru\u00e7\u00e3o total, incluindo o desarmamentar de pessoal n\u00e3o autorizado.<\/li>\n<li>Jared Kushner discutiu a desmilitariza\u00e7\u00e3o em Davos, o que gerou desagrado em Israel, com a sugest\u00e3o de entregar armas pesadas antes de progress\u00f5es graduais.<\/li>\n<li>Foi anunciada uma s\u00e9rie de reuni\u00f5es entre o Comando Central dos EUA e o chefe do Estado-Maior de Israel, no contexto do avan\u00e7o da segunda fase do plano de paz para Gaza.<\/li>\n<\/ul>\n","protected":false},"author":2,"featured_media":172483,"comment_status":"closed","ping_status":"closed","sticky":false,"template":"","format":"standard","meta":{"footnotes":""},"categories":[1,5],"tags":[272,1650,4049,1600,3708,2030],"class_list":["post-172443","post","type-post","status-publish","format-standard","has-post-thumbnail","hentry","category-noticias","category-politica","tag-acordos-internacionais","tag-conferencia","tag-desmilitarizacao","tag-estados-unidos","tag-israel","tag-palestina"],"yoast_head":"<!-- This site is optimized with the Yoast SEO plugin v27.2 - https:\/\/yoast.com\/product\/yoast-seo-wordpress\/ -->\n<title>EUA e Israel firmam posi\u00e7\u00e3o sobre pr\u00f3ximos passos em Gaza - Portal Tela Portugal<\/title>\n<meta name=\"robots\" content=\"index, follow, max-snippet:-1, max-image-preview:large, max-video-preview:-1\" \/>\n<meta property=\"og:locale\" content=\"pt_PT\" \/>\n<meta property=\"og:type\" content=\"article\" \/>\n<meta property=\"og:title\" content=\"EUA e Israel firmam posi\u00e7\u00e3o sobre pr\u00f3ximos passos em Gaza - Portal Tela Portugal\" \/>\n<meta property=\"og:description\" content=\"Os EUA e Israel mant\u00eam rela\u00e7\u00e3o s\u00f3lida e coordena\u00e7\u00e3o estreita, com prioridades partilhadas, segundo o enviado especial Steve Witkoff. Ap\u00f3s reuni\u00e3o com o primeiro-ministro Benjamin Netanyahu, foi acordada a segunda fase do cessar-fogo em Gaza, num plano de vinte pontos. O plano prev\u00ea um governo tecnocrata de transi\u00e7\u00e3o para Gaza, a desmilitariza\u00e7\u00e3o do enclave e a reconstru\u00e7\u00e3o total, incluindo o desarmamentar de pessoal n\u00e3o autorizado. Jared Kushner discutiu a desmilitariza\u00e7\u00e3o em Davos, o que gerou desagrado em Israel, com a sugest\u00e3o de entregar armas pesadas antes de progress\u00f5es graduais. Foi anunciada uma s\u00e9rie de reuni\u00f5es entre o Comando Central dos EUA e o chefe do Estado-Maior de Israel, no contexto do avan\u00e7o da segunda fase do plano de paz para Gaza.\" \/>\n<meta property=\"og:url\" content=\"https:\/\/portaltela.pt\/noticias\/2026\/01\/25\/eua-e-israel-firmam-posicao-sobre-proximos-passos-em-gaza\/\" \/>\n<meta property=\"og:site_name\" content=\"Portal Tela Portugal\" \/>\n<meta property=\"article:published_time\" content=\"2026-01-25T16:00:02+00:00\" \/>\n<meta name=\"author\" content=\"Telinha\" \/>\n<meta name=\"twitter:card\" content=\"summary_large_image\" \/>\n<meta name=\"twitter:label1\" content=\"Escrito por\" \/>\n\t<meta name=\"twitter:data1\" content=\"Telinha\" \/>\n\t<meta name=\"twitter:label2\" content=\"Tempo estimado de leitura\" \/>\n\t<meta name=\"twitter:data2\" content=\"2 minutos\" \/>\n<script type=\"application\/ld+json\" class=\"yoast-schema-graph\">{\"@context\":\"https:\/\/schema.org\",\"@graph\":[{\"@type\":\"Article\",\"@id\":\"https:\/\/portaltela.pt\/noticias\/2026\/01\/25\/eua-e-israel-firmam-posicao-sobre-proximos-passos-em-gaza\/#article\",\"isPartOf\":{\"@id\":\"https:\/\/portaltela.pt\/noticias\/2026\/01\/25\/eua-e-israel-firmam-posicao-sobre-proximos-passos-em-gaza\/\"},\"author\":{\"name\":\"Telinha\",\"@id\":\"https:\/\/portaltela.pt\/#\/schema\/person\/c4278d4a6028830caff9ee44b42d32ed\"},\"headline\":\"EUA e Israel firmam posi\u00e7\u00e3o sobre pr\u00f3ximos passos em Gaza\",\"datePublished\":\"2026-01-25T16:00:02+00:00\",\"mainEntityOfPage\":{\"@id\":\"https:\/\/portaltela.pt\/noticias\/2026\/01\/25\/eua-e-israel-firmam-posicao-sobre-proximos-passos-em-gaza\/\"},\"wordCount\":365,\"image\":{\"@id\":\"https:\/\/portaltela.pt\/noticias\/2026\/01\/25\/eua-e-israel-firmam-posicao-sobre-proximos-passos-em-gaza\/#primaryimage\"},\"thumbnailUrl\":\"https:\/\/portaltela.pt\/s.01k8rhncp4jt1\/2026\/01\/unnamed-file-5169.jpg\",\"keywords\":[\"acordos internacionais\",\"confer\u00eancia\",\"desmilitariza\u00e7\u00e3o\",\"Estados Unidos\",\"Israel\",\"Palestina\"],\"articleSection\":[\"Not\u00edcias\",\"Pol\u00edtica\"],\"inLanguage\":\"pt-PT\"},{\"@type\":\"WebPage\",\"@id\":\"https:\/\/portaltela.pt\/noticias\/2026\/01\/25\/eua-e-israel-firmam-posicao-sobre-proximos-passos-em-gaza\/\",\"url\":\"https:\/\/portaltela.pt\/noticias\/2026\/01\/25\/eua-e-israel-firmam-posicao-sobre-proximos-passos-em-gaza\/\",\"name\":\"EUA e Israel firmam posi\u00e7\u00e3o sobre pr\u00f3ximos passos em Gaza - Portal Tela Portugal\",\"isPartOf\":{\"@id\":\"https:\/\/portaltela.pt\/#website\"},\"primaryImageOfPage\":{\"@id\":\"https:\/\/portaltela.pt\/noticias\/2026\/01\/25\/eua-e-israel-firmam-posicao-sobre-proximos-passos-em-gaza\/#primaryimage\"},\"image\":{\"@id\":\"https:\/\/portaltela.pt\/noticias\/2026\/01\/25\/eua-e-israel-firmam-posicao-sobre-proximos-passos-em-gaza\/#primaryimage\"},\"thumbnailUrl\":\"https:\/\/portaltela.pt\/s.01k8rhncp4jt1\/2026\/01\/unnamed-file-5169.jpg\",\"datePublished\":\"2026-01-25T16:00:02+00:00\",\"author\":{\"@id\":\"https:\/\/portaltela.pt\/#\/schema\/person\/c4278d4a6028830caff9ee44b42d32ed\"},\"breadcrumb\":{\"@id\":\"https:\/\/portaltela.pt\/noticias\/2026\/01\/25\/eua-e-israel-firmam-posicao-sobre-proximos-passos-em-gaza\/#breadcrumb\"},\"inLanguage\":\"pt-PT\",\"potentialAction\":[{\"@type\":\"ReadAction\",\"target\":[\"https:\/\/portaltela.pt\/noticias\/2026\/01\/25\/eua-e-israel-firmam-posicao-sobre-proximos-passos-em-gaza\/\"]}]},{\"@type\":\"ImageObject\",\"inLanguage\":\"pt-PT\",\"@id\":\"https:\/\/portaltela.pt\/noticias\/2026\/01\/25\/eua-e-israel-firmam-posicao-sobre-proximos-passos-em-gaza\/#primaryimage\",\"url\":\"https:\/\/portaltela.pt\/s.01k8rhncp4jt1\/2026\/01\/unnamed-file-5169.jpg\",\"contentUrl\":\"https:\/\/portaltela.pt\/s.01k8rhncp4jt1\/2026\/01\/unnamed-file-5169.jpg\",\"width\":796,\"height\":448,\"caption\":\"EUA e Israel alinhados sobre os pr\u00f3ximos passos em Gaza\"},{\"@type\":\"BreadcrumbList\",\"@id\":\"https:\/\/portaltela.pt\/noticias\/2026\/01\/25\/eua-e-israel-firmam-posicao-sobre-proximos-passos-em-gaza\/#breadcrumb\",\"itemListElement\":[{\"@type\":\"ListItem\",\"position\":1,\"name\":\"In\u00edcio\",\"item\":\"https:\/\/portaltela.pt\/\"},{\"@type\":\"ListItem\",\"position\":2,\"name\":\"EUA e Israel firmam posi\u00e7\u00e3o sobre pr\u00f3ximos passos em Gaza\"}]},{\"@type\":\"WebSite\",\"@id\":\"https:\/\/portaltela.pt\/#website\",\"url\":\"https:\/\/portaltela.pt\/\",\"name\":\"Portal Tela Portugal\",\"description\":\"\",\"potentialAction\":[{\"@type\":\"SearchAction\",\"target\":{\"@type\":\"EntryPoint\",\"urlTemplate\":\"https:\/\/portaltela.pt\/?s={search_term_string}\"},\"query-input\":{\"@type\":\"PropertyValueSpecification\",\"valueRequired\":true,\"valueName\":\"search_term_string\"}}],\"inLanguage\":\"pt-PT\"},{\"@type\":\"Person\",\"@id\":\"https:\/\/portaltela.pt\/#\/schema\/person\/c4278d4a6028830caff9ee44b42d32ed\",\"name\":\"Telinha\",\"image\":{\"@type\":\"ImageObject\",\"inLanguage\":\"pt-PT\",\"@id\":\"https:\/\/portaltela.pt\/s.01k8rhncp4jt1\/2025\/11\/talking-bot-125x125.png\",\"url\":\"https:\/\/portaltela.pt\/s.01k8rhncp4jt1\/2025\/11\/talking-bot-125x125.png\",\"contentUrl\":\"https:\/\/portaltela.pt\/s.01k8rhncp4jt1\/2025\/11\/talking-bot-125x125.png\",\"caption\":\"Telinha\"},\"sameAs\":[\"https:\/\/portaltela.pt\/\"],\"url\":\"https:\/\/portaltela.pt\/por\/367410592786\/\"}]}<\/script>\n<!-- \/ Yoast SEO plugin. -->","yoast_head_json":{"title":"EUA e Israel firmam posi\u00e7\u00e3o sobre pr\u00f3ximos passos em Gaza - Portal Tela Portugal","robots":{"index":"index","follow":"follow","max-snippet":"max-snippet:-1","max-image-preview":"max-image-preview:large","max-video-preview":"max-video-preview:-1"},"og_locale":"pt_PT","og_type":"article","og_title":"EUA e Israel firmam posi\u00e7\u00e3o sobre pr\u00f3ximos passos em Gaza - Portal Tela Portugal","og_description":"Os EUA e Israel mant\u00eam rela\u00e7\u00e3o s\u00f3lida e coordena\u00e7\u00e3o estreita, com prioridades partilhadas, segundo o enviado especial Steve Witkoff. Ap\u00f3s reuni\u00e3o com o primeiro-ministro Benjamin Netanyahu, foi acordada a segunda fase do cessar-fogo em Gaza, num plano de vinte pontos. O plano prev\u00ea um governo tecnocrata de transi\u00e7\u00e3o para Gaza, a desmilitariza\u00e7\u00e3o do enclave e a reconstru\u00e7\u00e3o total, incluindo o desarmamentar de pessoal n\u00e3o autorizado. Jared Kushner discutiu a desmilitariza\u00e7\u00e3o em Davos, o que gerou desagrado em Israel, com a sugest\u00e3o de entregar armas pesadas antes de progress\u00f5es graduais. Foi anunciada uma s\u00e9rie de reuni\u00f5es entre o Comando Central dos EUA e o chefe do Estado-Maior de Israel, no contexto do avan\u00e7o da segunda fase do plano de paz para Gaza.","og_url":"https:\/\/portaltela.pt\/noticias\/2026\/01\/25\/eua-e-israel-firmam-posicao-sobre-proximos-passos-em-gaza\/","og_site_name":"Portal Tela Portugal","article_published_time":"2026-01-25T16:00:02+00:00","author":"Telinha","twitter_card":"summary_large_image","twitter_misc":{"Escrito por":"Telinha","Tempo estimado de leitura":"2 minutos"},"schema":{"@context":"https:\/\/schema.org","@graph":[{"@type":"Article","@id":"https:\/\/portaltela.pt\/noticias\/2026\/01\/25\/eua-e-israel-firmam-posicao-sobre-proximos-passos-em-gaza\/#article","isPartOf":{"@id":"https:\/\/portaltela.pt\/noticias\/2026\/01\/25\/eua-e-israel-firmam-posicao-sobre-proximos-passos-em-gaza\/"},"author":{"name":"Telinha","@id":"https:\/\/portaltela.pt\/#\/schema\/person\/c4278d4a6028830caff9ee44b42d32ed"},"headline":"EUA e Israel firmam posi\u00e7\u00e3o sobre pr\u00f3ximos passos em Gaza","datePublished":"2026-01-25T16:00:02+00:00","mainEntityOfPage":{"@id":"https:\/\/portaltela.pt\/noticias\/2026\/01\/25\/eua-e-israel-firmam-posicao-sobre-proximos-passos-em-gaza\/"},"wordCount":365,"image":{"@id":"https:\/\/portaltela.pt\/noticias\/2026\/01\/25\/eua-e-israel-firmam-posicao-sobre-proximos-passos-em-gaza\/#primaryimage"},"thumbnailUrl":"https:\/\/portaltela.pt\/s.01k8rhncp4jt1\/2026\/01\/unnamed-file-5169.jpg","keywords":["acordos internacionais","confer\u00eancia","desmilitariza\u00e7\u00e3o","Estados Unidos","Israel","Palestina"],"articleSection":["Not\u00edcias","Pol\u00edtica"],"inLanguage":"pt-PT"},{"@type":"WebPage","@id":"https:\/\/portaltela.pt\/noticias\/2026\/01\/25\/eua-e-israel-firmam-posicao-sobre-proximos-passos-em-gaza\/","url":"https:\/\/portaltela.pt\/noticias\/2026\/01\/25\/eua-e-israel-firmam-posicao-sobre-proximos-passos-em-gaza\/","name":"EUA e Israel firmam posi\u00e7\u00e3o sobre pr\u00f3ximos passos em Gaza - Portal Tela Portugal","isPartOf":{"@id":"https:\/\/portaltela.pt\/#website"},"primaryImageOfPage":{"@id":"https:\/\/portaltela.pt\/noticias\/2026\/01\/25\/eua-e-israel-firmam-posicao-sobre-proximos-passos-em-gaza\/#primaryimage"},"image":{"@id":"https:\/\/portaltela.pt\/noticias\/2026\/01\/25\/eua-e-israel-firmam-posicao-sobre-proximos-passos-em-gaza\/#primaryimage"},"thumbnailUrl":"https:\/\/portaltela.pt\/s.01k8rhncp4jt1\/2026\/01\/unnamed-file-5169.jpg","datePublished":"2026-01-25T16:00:02+00:00","author":{"@id":"https:\/\/portaltela.pt\/#\/schema\/person\/c4278d4a6028830caff9ee44b42d32ed"},"breadcrumb":{"@id":"https:\/\/portaltela.pt\/noticias\/2026\/01\/25\/eua-e-israel-firmam-posicao-sobre-proximos-passos-em-gaza\/#breadcrumb"},"inLanguage":"pt-PT","potentialAction":[{"@type":"ReadAction","target":["https:\/\/portaltela.pt\/noticias\/2026\/01\/25\/eua-e-israel-firmam-posicao-sobre-proximos-passos-em-gaza\/"]}]},{"@type":"ImageObject","inLanguage":"pt-PT","@id":"https:\/\/portaltela.pt\/noticias\/2026\/01\/25\/eua-e-israel-firmam-posicao-sobre-proximos-passos-em-gaza\/#primaryimage","url":"https:\/\/portaltela.pt\/s.01k8rhncp4jt1\/2026\/01\/unnamed-file-5169.jpg","contentUrl":"https:\/\/portaltela.pt\/s.01k8rhncp4jt1\/2026\/01\/unnamed-file-5169.jpg","width":796,"height":448,"caption":"EUA e Israel alinhados sobre os pr\u00f3ximos passos em Gaza"},{"@type":"BreadcrumbList","@id":"https:\/\/portaltela.pt\/noticias\/2026\/01\/25\/eua-e-israel-firmam-posicao-sobre-proximos-passos-em-gaza\/#breadcrumb","itemListElement":[{"@type":"ListItem","position":1,"name":"In\u00edcio","item":"https:\/\/portaltela.pt\/"},{"@type":"ListItem","position":2,"name":"EUA e Israel firmam posi\u00e7\u00e3o sobre pr\u00f3ximos passos em Gaza"}]},{"@type":"WebSite","@id":"https:\/\/portaltela.pt\/#website","url":"https:\/\/portaltela.pt\/","name":"Portal Tela Portugal","description":"","potentialAction":[{"@type":"SearchAction","target":{"@type":"EntryPoint","urlTemplate":"https:\/\/portaltela.pt\/?s={search_term_string}"},"query-input":{"@type":"PropertyValueSpecification","valueRequired":true,"valueName":"search_term_string"}}],"inLanguage":"pt-PT"},{"@type":"Person","@id":"https:\/\/portaltela.pt\/#\/schema\/person\/c4278d4a6028830caff9ee44b42d32ed","name":"Telinha","image":{"@type":"ImageObject","inLanguage":"pt-PT","@id":"https:\/\/portaltela.pt\/s.01k8rhncp4jt1\/2025\/11\/talking-bot-125x125.png","url":"https:\/\/portaltela.pt\/s.01k8rhncp4jt1\/2025\/11\/talking-bot-125x125.png","contentUrl":"https:\/\/portaltela.pt\/s.01k8rhncp4jt1\/2025\/11\/talking-bot-125x125.png","caption":"Telinha"},"sameAs":["https:\/\/portaltela.pt\/"],"url":"https:\/\/portaltela.pt\/por\/367410592786\/"}]}},"_links":{"self":[{"href":"https:\/\/portaltela.pt\/api\/wp\/v2\/posts\/172443","targetHints":{"allow":["GET"]}}],"collection":[{"href":"https:\/\/portaltela.pt\/api\/wp\/v2\/posts"}],"about":[{"href":"https:\/\/portaltela.pt\/api\/wp\/v2\/types\/post"}],"author":[{"embeddable":true,"href":"https:\/\/portaltela.pt\/api\/wp\/v2\/users\/2"}],"replies":[{"embeddable":true,"href":"https:\/\/portaltela.pt\/api\/wp\/v2\/comments?post=172443"}],"version-history":[{"count":0,"href":"https:\/\/portaltela.pt\/api\/wp\/v2\/posts\/172443\/revisions"}],"wp:featuredmedia":[{"embeddable":true,"href":"https:\/\/portaltela.pt\/api\/wp\/v2\/media\/172483"}],"wp:attachment":[{"href":"https:\/\/portaltela.pt\/api\/wp\/v2\/media?parent=172443"}],"wp:term":[{"taxonomy":"category","embeddable":true,"href":"https:\/\/portaltela.pt\/api\/wp\/v2\/categories?post=172443"},{"taxonomy":"post_tag","embeddable":true,"href":"https:\/\/portaltela.pt\/api\/wp\/v2\/tags?post=172443"}],"curies":[{"name":"wp","href":"https:\/\/api.w.org\/{rel}","templated":true}]}}