{"id":172391,"date":"2026-01-25T13:31:00","date_gmt":"2026-01-25T16:31:00","guid":{"rendered":"https:\/\/portaltela.pt\/noticias\/2026\/01\/25\/oliver-solberg-conquista-segunda-vitoria-no-wrc-em-monte-carlo\/"},"modified":"2026-01-25T13:31:00","modified_gmt":"2026-01-25T16:31:00","slug":"oliver-solberg-conquista-segunda-vitoria-no-wrc-em-monte-carlo","status":"publish","type":"post","link":"https:\/\/portaltela.pt\/desporto\/2026\/01\/25\/oliver-solberg-conquista-segunda-vitoria-no-wrc-em-monte-carlo\/","title":{"rendered":"Oliver Solberg conquista segunda vit\u00f3ria no WRC em Monte Carlo"},"content":{"rendered":"<p>Oliver Solberg tornou-se no mais novo vencedor do Rali de Monte Carlo, abrindo o campeonato do WRC com uma vit\u00f3ria hist\u00f3rica aos 24 anos. O piloto da Toyota Yaris chegou ao fim com 51,8 segundos de vantagem sobre Elfyn Evans e 2,02 minutos sobre S\u00e9bastien Ogier. A prova decorreu em Monte Carlo, com Solberg a partir de uma lideran\u00e7a sustentada no \u00faltimo dia.<\/p>\n<p>O jovem piloto sueco entrou no \u00faltimo dia na lideran\u00e7a, evitando riscos e garantindo a segunda vit\u00f3ria da carreira, depois da vit\u00f3ria na Est\u00f3nia no ano anterior. Filho de Petter Solberg, campe\u00e3o mundial em 2003, ele superou um susto matinal com uma ligeira sa\u00edda de pista. A equipa Toyota celebrou a fa\u00e7anha, destacando a confian\u00e7a e o trabalho de equipa.<\/p>\n<h3>Resultados e marcas hist\u00f3ricas<\/h3>\n<p>Evans consolidou o segundo lugar na geral, resistindo \u00e0 press\u00e3o de Ogier e somando pontos no Super Domingo, o evento que premiou os cinco mais r\u00e1pidos do dia. Ogier, campe\u00e3o em t\u00edtulo, terminou a 1,10 minutos do l\u00edder, admitindo dificuldades para responder ao ritmo dos seus companheiros em condi\u00e7\u00f5es vari\u00e1veis.<\/p>\n<p>Pelo lado da competi\u00e7\u00e3o, o dia ficou marcado pela estreia de uma vit\u00f3ria geral de um carro da WRC3, com Matteo Fontana (Ford Fiesta) a vencer duas das quatro tiradas, situando-se \u00e0 frente de Yohan Rossell e do regresso do Lancia Delta. Evans venceu a power stage final, conquistando cinco pontos extra, com Rossell a ser o segundo mais r\u00e1pido do dia.<\/p>\n<p>No campeonato, Solberg soma 30 pontos (25 pela vit\u00f3ria, 1 pelo quinto lugar no Super Domingo e 4 pela segunda posi\u00e7\u00e3o na power stage). Evans segue com 26 e Ogier soma 18 pontos. A pr\u00f3xima prova ser\u00e1 o Rali da Su\u00e9cia, de 12 a 15 de fevereiro.<\/p>\n","protected":false},"excerpt":{"rendered":"<ul>\n<li>Oliver Solberg, de 24 anos, conquistou a segunda vit\u00f3ria no Rali de Monte Carlo, prova inaugural do WRC, tornando-se o mais novo vencedor da hist\u00f3ria da prova.<\/li>\n<li>O sueco terminou com 51,8 segundos de vantagem sobre Elfyn Evans (Toyota Yaris) e 2,02 minutos sobre S\u00e9bastien Ogier (Toyota Yaris), campe\u00e3o em t\u00edtulo.<\/li>\n<li>Solberg voltou a vencer ap\u00f3s a vit\u00f3ria na Est\u00f3nia no ano passado, tornou-se o mais jovem a vencer Monte Carlo e ultrapassou Bj\u00f6rn Waldeg\u00e5rd nesse aspeto.<\/li>\n<li>Evans ficou em segundo lugar e venceu a Power Stage final, recebendo os pontos extra, enquanto Ogier terminou em terceiro, sem acompanhar o ritmo dos colegas.<\/li>\n<li>Na WRC3, Matteo Fontana (Ford Fiesta) venceu uma especial \u00e0 geral pela primeira vez na hist\u00f3ria da categoria; a pr\u00f3xima prova \u00e9 o Rali da Su\u00e9cia, de 12 a 15 de fevereiro.<\/li>\n<\/ul>\n","protected":false},"author":2,"featured_media":172396,"comment_status":"closed","ping_status":"closed","sticky":false,"template":"","format":"standard","meta":{"footnotes":""},"categories":[21],"tags":[2371,152,2681,2467,2517],"class_list":["post-172391","post","type-post","status-publish","format-standard","has-post-thumbnail","hentry","category-desporto","tag-automoveis","tag-desporto","tag-desporto-internacional","tag-desportos-motorizados","tag-toyota"],"yoast_head":"<!-- This site is optimized with the Yoast SEO plugin v27.2 - https:\/\/yoast.com\/product\/yoast-seo-wordpress\/ -->\n<title>Oliver Solberg conquista segunda vit\u00f3ria no WRC em Monte Carlo - Portal Tela Portugal<\/title>\n<meta name=\"robots\" content=\"index, follow, max-snippet:-1, max-image-preview:large, max-video-preview:-1\" \/>\n<meta property=\"og:locale\" content=\"pt_PT\" \/>\n<meta property=\"og:type\" content=\"article\" \/>\n<meta property=\"og:title\" content=\"Oliver Solberg conquista segunda vit\u00f3ria no WRC em Monte Carlo - Portal Tela Portugal\" \/>\n<meta property=\"og:description\" content=\"Oliver Solberg, de 24 anos, conquistou a segunda vit\u00f3ria no Rali de Monte Carlo, prova inaugural do WRC, tornando-se o mais novo vencedor da hist\u00f3ria da prova. O sueco terminou com 51,8 segundos de vantagem sobre Elfyn Evans (Toyota Yaris) e 2,02 minutos sobre S\u00e9bastien Ogier (Toyota Yaris), campe\u00e3o em t\u00edtulo. Solberg voltou a vencer ap\u00f3s a vit\u00f3ria na Est\u00f3nia no ano passado, tornou-se o mais jovem a vencer Monte Carlo e ultrapassou Bj\u00f6rn Waldeg\u00e5rd nesse aspeto. Evans ficou em segundo lugar e venceu a Power Stage final, recebendo os pontos extra, enquanto Ogier terminou em terceiro, sem acompanhar o ritmo dos colegas. Na WRC3, Matteo Fontana (Ford Fiesta) venceu uma especial \u00e0 geral pela primeira vez na hist\u00f3ria da categoria; a pr\u00f3xima prova \u00e9 o Rali da Su\u00e9cia, de 12 a 15 de fevereiro.\" \/>\n<meta property=\"og:url\" content=\"https:\/\/portaltela.pt\/noticias\/2026\/01\/25\/oliver-solberg-conquista-segunda-vitoria-no-wrc-em-monte-carlo\/\" \/>\n<meta property=\"og:site_name\" content=\"Portal Tela Portugal\" \/>\n<meta property=\"article:published_time\" content=\"2026-01-25T16:31:00+00:00\" \/>\n<meta name=\"author\" content=\"Telinha\" \/>\n<meta name=\"twitter:card\" content=\"summary_large_image\" \/>\n<meta name=\"twitter:label1\" content=\"Escrito por\" \/>\n\t<meta name=\"twitter:data1\" content=\"Telinha\" \/>\n\t<meta name=\"twitter:label2\" content=\"Tempo estimado de leitura\" \/>\n\t<meta name=\"twitter:data2\" content=\"1 minuto\" \/>\n<script type=\"application\/ld+json\" class=\"yoast-schema-graph\">{\"@context\":\"https:\/\/schema.org\",\"@graph\":[{\"@type\":\"Article\",\"@id\":\"https:\/\/portaltela.pt\/noticias\/2026\/01\/25\/oliver-solberg-conquista-segunda-vitoria-no-wrc-em-monte-carlo\/#article\",\"isPartOf\":{\"@id\":\"https:\/\/portaltela.pt\/noticias\/2026\/01\/25\/oliver-solberg-conquista-segunda-vitoria-no-wrc-em-monte-carlo\/\"},\"author\":{\"name\":\"Telinha\",\"@id\":\"https:\/\/portaltela.pt\/#\/schema\/person\/c4278d4a6028830caff9ee44b42d32ed\"},\"headline\":\"Oliver Solberg conquista segunda vit\u00f3ria no WRC em Monte Carlo\",\"datePublished\":\"2026-01-25T16:31:00+00:00\",\"mainEntityOfPage\":{\"@id\":\"https:\/\/portaltela.pt\/noticias\/2026\/01\/25\/oliver-solberg-conquista-segunda-vitoria-no-wrc-em-monte-carlo\/\"},\"wordCount\":309,\"image\":{\"@id\":\"https:\/\/portaltela.pt\/noticias\/2026\/01\/25\/oliver-solberg-conquista-segunda-vitoria-no-wrc-em-monte-carlo\/#primaryimage\"},\"thumbnailUrl\":\"https:\/\/portaltela.pt\/s.01k8rhncp4jt1\/2026\/01\/image-1706.jpg\",\"keywords\":[\"Autom\u00f3veis\",\"desporto\",\"desporto internacional\",\"Desportos Motorizados\",\"Toyota\"],\"articleSection\":[\"Desporto\"],\"inLanguage\":\"pt-PT\"},{\"@type\":\"WebPage\",\"@id\":\"https:\/\/portaltela.pt\/noticias\/2026\/01\/25\/oliver-solberg-conquista-segunda-vitoria-no-wrc-em-monte-carlo\/\",\"url\":\"https:\/\/portaltela.pt\/noticias\/2026\/01\/25\/oliver-solberg-conquista-segunda-vitoria-no-wrc-em-monte-carlo\/\",\"name\":\"Oliver Solberg conquista segunda vit\u00f3ria no WRC em Monte Carlo - Portal Tela Portugal\",\"isPartOf\":{\"@id\":\"https:\/\/portaltela.pt\/#website\"},\"primaryImageOfPage\":{\"@id\":\"https:\/\/portaltela.pt\/noticias\/2026\/01\/25\/oliver-solberg-conquista-segunda-vitoria-no-wrc-em-monte-carlo\/#primaryimage\"},\"image\":{\"@id\":\"https:\/\/portaltela.pt\/noticias\/2026\/01\/25\/oliver-solberg-conquista-segunda-vitoria-no-wrc-em-monte-carlo\/#primaryimage\"},\"thumbnailUrl\":\"https:\/\/portaltela.pt\/s.01k8rhncp4jt1\/2026\/01\/image-1706.jpg\",\"datePublished\":\"2026-01-25T16:31:00+00:00\",\"author\":{\"@id\":\"https:\/\/portaltela.pt\/#\/schema\/person\/c4278d4a6028830caff9ee44b42d32ed\"},\"breadcrumb\":{\"@id\":\"https:\/\/portaltela.pt\/noticias\/2026\/01\/25\/oliver-solberg-conquista-segunda-vitoria-no-wrc-em-monte-carlo\/#breadcrumb\"},\"inLanguage\":\"pt-PT\",\"potentialAction\":[{\"@type\":\"ReadAction\",\"target\":[\"https:\/\/portaltela.pt\/noticias\/2026\/01\/25\/oliver-solberg-conquista-segunda-vitoria-no-wrc-em-monte-carlo\/\"]}]},{\"@type\":\"ImageObject\",\"inLanguage\":\"pt-PT\",\"@id\":\"https:\/\/portaltela.pt\/noticias\/2026\/01\/25\/oliver-solberg-conquista-segunda-vitoria-no-wrc-em-monte-carlo\/#primaryimage\",\"url\":\"https:\/\/portaltela.pt\/s.01k8rhncp4jt1\/2026\/01\/image-1706.jpg\",\"contentUrl\":\"https:\/\/portaltela.pt\/s.01k8rhncp4jt1\/2026\/01\/image-1706.jpg\",\"width\":796,\"height\":448,\"caption\":\"Solberg em Monte Carlo\"},{\"@type\":\"BreadcrumbList\",\"@id\":\"https:\/\/portaltela.pt\/noticias\/2026\/01\/25\/oliver-solberg-conquista-segunda-vitoria-no-wrc-em-monte-carlo\/#breadcrumb\",\"itemListElement\":[{\"@type\":\"ListItem\",\"position\":1,\"name\":\"In\u00edcio\",\"item\":\"https:\/\/portaltela.pt\/\"},{\"@type\":\"ListItem\",\"position\":2,\"name\":\"Oliver Solberg conquista segunda vit\u00f3ria no WRC em Monte Carlo\"}]},{\"@type\":\"WebSite\",\"@id\":\"https:\/\/portaltela.pt\/#website\",\"url\":\"https:\/\/portaltela.pt\/\",\"name\":\"Portal Tela Portugal\",\"description\":\"\",\"potentialAction\":[{\"@type\":\"SearchAction\",\"target\":{\"@type\":\"EntryPoint\",\"urlTemplate\":\"https:\/\/portaltela.pt\/?s={search_term_string}\"},\"query-input\":{\"@type\":\"PropertyValueSpecification\",\"valueRequired\":true,\"valueName\":\"search_term_string\"}}],\"inLanguage\":\"pt-PT\"},{\"@type\":\"Person\",\"@id\":\"https:\/\/portaltela.pt\/#\/schema\/person\/c4278d4a6028830caff9ee44b42d32ed\",\"name\":\"Telinha\",\"image\":{\"@type\":\"ImageObject\",\"inLanguage\":\"pt-PT\",\"@id\":\"https:\/\/portaltela.pt\/s.01k8rhncp4jt1\/2025\/11\/talking-bot-125x125.png\",\"url\":\"https:\/\/portaltela.pt\/s.01k8rhncp4jt1\/2025\/11\/talking-bot-125x125.png\",\"contentUrl\":\"https:\/\/portaltela.pt\/s.01k8rhncp4jt1\/2025\/11\/talking-bot-125x125.png\",\"caption\":\"Telinha\"},\"sameAs\":[\"https:\/\/portaltela.pt\/\"],\"url\":\"https:\/\/portaltela.pt\/por\/367410592786\/\"}]}<\/script>\n<!-- \/ Yoast SEO plugin. -->","yoast_head_json":{"title":"Oliver Solberg conquista segunda vit\u00f3ria no WRC em Monte Carlo - Portal Tela Portugal","robots":{"index":"index","follow":"follow","max-snippet":"max-snippet:-1","max-image-preview":"max-image-preview:large","max-video-preview":"max-video-preview:-1"},"og_locale":"pt_PT","og_type":"article","og_title":"Oliver Solberg conquista segunda vit\u00f3ria no WRC em Monte Carlo - Portal Tela Portugal","og_description":"Oliver Solberg, de 24 anos, conquistou a segunda vit\u00f3ria no Rali de Monte Carlo, prova inaugural do WRC, tornando-se o mais novo vencedor da hist\u00f3ria da prova. O sueco terminou com 51,8 segundos de vantagem sobre Elfyn Evans (Toyota Yaris) e 2,02 minutos sobre S\u00e9bastien Ogier (Toyota Yaris), campe\u00e3o em t\u00edtulo. Solberg voltou a vencer ap\u00f3s a vit\u00f3ria na Est\u00f3nia no ano passado, tornou-se o mais jovem a vencer Monte Carlo e ultrapassou Bj\u00f6rn Waldeg\u00e5rd nesse aspeto. Evans ficou em segundo lugar e venceu a Power Stage final, recebendo os pontos extra, enquanto Ogier terminou em terceiro, sem acompanhar o ritmo dos colegas. Na WRC3, Matteo Fontana (Ford Fiesta) venceu uma especial \u00e0 geral pela primeira vez na hist\u00f3ria da categoria; a pr\u00f3xima prova \u00e9 o Rali da Su\u00e9cia, de 12 a 15 de fevereiro.","og_url":"https:\/\/portaltela.pt\/noticias\/2026\/01\/25\/oliver-solberg-conquista-segunda-vitoria-no-wrc-em-monte-carlo\/","og_site_name":"Portal Tela Portugal","article_published_time":"2026-01-25T16:31:00+00:00","author":"Telinha","twitter_card":"summary_large_image","twitter_misc":{"Escrito por":"Telinha","Tempo estimado de leitura":"1 minuto"},"schema":{"@context":"https:\/\/schema.org","@graph":[{"@type":"Article","@id":"https:\/\/portaltela.pt\/noticias\/2026\/01\/25\/oliver-solberg-conquista-segunda-vitoria-no-wrc-em-monte-carlo\/#article","isPartOf":{"@id":"https:\/\/portaltela.pt\/noticias\/2026\/01\/25\/oliver-solberg-conquista-segunda-vitoria-no-wrc-em-monte-carlo\/"},"author":{"name":"Telinha","@id":"https:\/\/portaltela.pt\/#\/schema\/person\/c4278d4a6028830caff9ee44b42d32ed"},"headline":"Oliver Solberg conquista segunda vit\u00f3ria no WRC em Monte Carlo","datePublished":"2026-01-25T16:31:00+00:00","mainEntityOfPage":{"@id":"https:\/\/portaltela.pt\/noticias\/2026\/01\/25\/oliver-solberg-conquista-segunda-vitoria-no-wrc-em-monte-carlo\/"},"wordCount":309,"image":{"@id":"https:\/\/portaltela.pt\/noticias\/2026\/01\/25\/oliver-solberg-conquista-segunda-vitoria-no-wrc-em-monte-carlo\/#primaryimage"},"thumbnailUrl":"https:\/\/portaltela.pt\/s.01k8rhncp4jt1\/2026\/01\/image-1706.jpg","keywords":["Autom\u00f3veis","desporto","desporto internacional","Desportos Motorizados","Toyota"],"articleSection":["Desporto"],"inLanguage":"pt-PT"},{"@type":"WebPage","@id":"https:\/\/portaltela.pt\/noticias\/2026\/01\/25\/oliver-solberg-conquista-segunda-vitoria-no-wrc-em-monte-carlo\/","url":"https:\/\/portaltela.pt\/noticias\/2026\/01\/25\/oliver-solberg-conquista-segunda-vitoria-no-wrc-em-monte-carlo\/","name":"Oliver Solberg conquista segunda vit\u00f3ria no WRC em Monte Carlo - Portal Tela Portugal","isPartOf":{"@id":"https:\/\/portaltela.pt\/#website"},"primaryImageOfPage":{"@id":"https:\/\/portaltela.pt\/noticias\/2026\/01\/25\/oliver-solberg-conquista-segunda-vitoria-no-wrc-em-monte-carlo\/#primaryimage"},"image":{"@id":"https:\/\/portaltela.pt\/noticias\/2026\/01\/25\/oliver-solberg-conquista-segunda-vitoria-no-wrc-em-monte-carlo\/#primaryimage"},"thumbnailUrl":"https:\/\/portaltela.pt\/s.01k8rhncp4jt1\/2026\/01\/image-1706.jpg","datePublished":"2026-01-25T16:31:00+00:00","author":{"@id":"https:\/\/portaltela.pt\/#\/schema\/person\/c4278d4a6028830caff9ee44b42d32ed"},"breadcrumb":{"@id":"https:\/\/portaltela.pt\/noticias\/2026\/01\/25\/oliver-solberg-conquista-segunda-vitoria-no-wrc-em-monte-carlo\/#breadcrumb"},"inLanguage":"pt-PT","potentialAction":[{"@type":"ReadAction","target":["https:\/\/portaltela.pt\/noticias\/2026\/01\/25\/oliver-solberg-conquista-segunda-vitoria-no-wrc-em-monte-carlo\/"]}]},{"@type":"ImageObject","inLanguage":"pt-PT","@id":"https:\/\/portaltela.pt\/noticias\/2026\/01\/25\/oliver-solberg-conquista-segunda-vitoria-no-wrc-em-monte-carlo\/#primaryimage","url":"https:\/\/portaltela.pt\/s.01k8rhncp4jt1\/2026\/01\/image-1706.jpg","contentUrl":"https:\/\/portaltela.pt\/s.01k8rhncp4jt1\/2026\/01\/image-1706.jpg","width":796,"height":448,"caption":"Solberg em Monte Carlo"},{"@type":"BreadcrumbList","@id":"https:\/\/portaltela.pt\/noticias\/2026\/01\/25\/oliver-solberg-conquista-segunda-vitoria-no-wrc-em-monte-carlo\/#breadcrumb","itemListElement":[{"@type":"ListItem","position":1,"name":"In\u00edcio","item":"https:\/\/portaltela.pt\/"},{"@type":"ListItem","position":2,"name":"Oliver Solberg conquista segunda vit\u00f3ria no WRC em Monte Carlo"}]},{"@type":"WebSite","@id":"https:\/\/portaltela.pt\/#website","url":"https:\/\/portaltela.pt\/","name":"Portal Tela Portugal","description":"","potentialAction":[{"@type":"SearchAction","target":{"@type":"EntryPoint","urlTemplate":"https:\/\/portaltela.pt\/?s={search_term_string}"},"query-input":{"@type":"PropertyValueSpecification","valueRequired":true,"valueName":"search_term_string"}}],"inLanguage":"pt-PT"},{"@type":"Person","@id":"https:\/\/portaltela.pt\/#\/schema\/person\/c4278d4a6028830caff9ee44b42d32ed","name":"Telinha","image":{"@type":"ImageObject","inLanguage":"pt-PT","@id":"https:\/\/portaltela.pt\/s.01k8rhncp4jt1\/2025\/11\/talking-bot-125x125.png","url":"https:\/\/portaltela.pt\/s.01k8rhncp4jt1\/2025\/11\/talking-bot-125x125.png","contentUrl":"https:\/\/portaltela.pt\/s.01k8rhncp4jt1\/2025\/11\/talking-bot-125x125.png","caption":"Telinha"},"sameAs":["https:\/\/portaltela.pt\/"],"url":"https:\/\/portaltela.pt\/por\/367410592786\/"}]}},"_links":{"self":[{"href":"https:\/\/portaltela.pt\/api\/wp\/v2\/posts\/172391","targetHints":{"allow":["GET"]}}],"collection":[{"href":"https:\/\/portaltela.pt\/api\/wp\/v2\/posts"}],"about":[{"href":"https:\/\/portaltela.pt\/api\/wp\/v2\/types\/post"}],"author":[{"embeddable":true,"href":"https:\/\/portaltela.pt\/api\/wp\/v2\/users\/2"}],"replies":[{"embeddable":true,"href":"https:\/\/portaltela.pt\/api\/wp\/v2\/comments?post=172391"}],"version-history":[{"count":0,"href":"https:\/\/portaltela.pt\/api\/wp\/v2\/posts\/172391\/revisions"}],"wp:featuredmedia":[{"embeddable":true,"href":"https:\/\/portaltela.pt\/api\/wp\/v2\/media\/172396"}],"wp:attachment":[{"href":"https:\/\/portaltela.pt\/api\/wp\/v2\/media?parent=172391"}],"wp:term":[{"taxonomy":"category","embeddable":true,"href":"https:\/\/portaltela.pt\/api\/wp\/v2\/categories?post=172391"},{"taxonomy":"post_tag","embeddable":true,"href":"https:\/\/portaltela.pt\/api\/wp\/v2\/tags?post=172391"}],"curies":[{"name":"wp","href":"https:\/\/api.w.org\/{rel}","templated":true}]}}