{"id":172384,"date":"2026-01-25T13:40:00","date_gmt":"2026-01-25T16:40:00","guid":{"rendered":"https:\/\/portaltela.pt\/noticias\/2026\/01\/25\/il-confia-no-movimento-de-cotrim-psd-ridiculariza\/"},"modified":"2026-01-25T13:40:00","modified_gmt":"2026-01-25T16:40:00","slug":"il-confia-no-movimento-de-cotrim-psd-ridiculariza","status":"publish","type":"post","link":"https:\/\/portaltela.pt\/noticias\/politica\/2026\/01\/25\/il-confia-no-movimento-de-cotrim-psd-ridiculariza\/","title":{"rendered":"IL confia no movimento de Cotrim, PSD ridiculariza"},"content":{"rendered":"<p>O movimento 2031 foi lan\u00e7ado por Jo\u00e3o Cotrim Figueiredo pouco depois de a Iniciativa Liberal (IL) apresentar os resultados das presidenciais, em que o liberal obteve mais de 900 mil votos. A ideia foi anunciada apenas cinco dias ap\u00f3s a primeira volta, sem confirma\u00e7\u00e3o de recandidatura a Bel\u00e9m.<\/p>\n<p>O an\u00fancio gerou d\u00favidas entre os liberais, sobretudo pela pouca informa\u00e7\u00e3o dispon\u00edvel no site associado e pela aus\u00eancia de confirma\u00e7\u00e3o sobre quem dar\u00e1 a cara no arranque. Est\u00e3o j\u00e1 inscritas mais de 11 mil pessoas, mas permanece inc\u00f3gnita sobre o papel de Cotrim no futuro da iniciativa.<\/p>\n<p>Entre os liberais persiste a ambi\u00e7\u00e3o de que o movimento possa refor\u00e7ar a IL, aumentando o peso do partido. Por\u00e9m, surgem preocupa\u00e7\u00f5es de que a iniciativa seja apenas a express\u00e3o do l\u00edder, sem abertura a outras vozes, o que poderia limitar o envolvimento interno.<\/p>\n<p>O panorama na IL indica que o movimento pode abrir caminho a uma reconfigura\u00e7\u00e3o do espa\u00e7o liberal, com a possibilidade de colmatar rupturas internas perante o desempenho eleitoral recente. Ainda assim, h\u00e1 quem pe\u00e7a regras claras de funcionamento e participa\u00e7\u00e3o efetiva de outras figuras do partido.<\/p>\n<p>No PSD, a rea\u00e7\u00e3o inicial surge sob tom de cautela e cr\u00edtica velada. Alguns dirigentes social-democratas dizem que o movimento pode n\u00e3o ter corpo suficiente para transformar cen\u00e1rios, insinuando que o efeito pode ficar limitado a uma est\u00e9tica medi\u00e1tica.<\/p>\n<p>Observadores do PSD questionam a real capacidade de expandir o espa\u00e7o pol\u00edtico de forma sustent\u00e1vel. Refere-se que movimentos anteriores de caracter\u00edsticas semelhantes n\u00e3o garantiram mudan\u00e7as duradouras, destacando a necessidade de propostas concretas e governabilidade.<\/p>\n","protected":false},"excerpt":{"rendered":"<ul>\n<li>Jo\u00e3o Cotrim Figueiredo anunciou um movimento denominado \u201cMovimento 2031\u201d, ap\u00f3s obter mais de 900 mil votos nas presidenciais e n\u00e3o poder disputar a segunda volta.<\/li>\n<li>O movimento ainda n\u00e3o tem estrutura definida, com d\u00favidas sobre funcionamento e visibilidade, mas j\u00e1 re\u00fane mais de 11 mil inscritos; o site asociado ficou indispon\u00edvel devido ao caudal de acessos.<\/li>\n<li>A dire\u00e7\u00e3o da Iniciativa Liberal (IL) n\u00e3o confirmou o tema na reuni\u00e3o p\u00f3s-presidenciais, embora alguns membros j\u00e1 soubessem do an\u00fancio e venham a ver o movimento como forma de fortalecer o partido.<\/li>\n<li>Dentro da IL, surgem avisos de que o movimento n\u00e3o seja apenas uma express\u00e3o de persona de Cotrim, alertando para evitar um movimento egoc\u00eantrico que n\u00e3o envolva outros atores.<\/li>\n<li>No PSD, a novidade \u00e9 recebida com ceticismo: h\u00e1 receio de que o movimento possa minear o partido, enquanto alguns apontam que o objetivo pode incluir condicionar a lideran\u00e7a da IL, incluindo a possibilidade de mudan\u00e7a de lideran\u00e7a.<\/li>\n<\/ul>\n","protected":false},"author":2,"featured_media":172385,"comment_status":"closed","ping_status":"closed","sticky":false,"template":"","format":"standard","meta":{"footnotes":""},"categories":[1,5],"tags":[3423,68,1482,1732,2832,3695],"class_list":["post-172384","post","type-post","status-publish","format-standard","has-post-thumbnail","hentry","category-noticias","category-politica","tag-a-iniciativa-liberal","tag-eleicoes","tag-iniciativa-liberal","tag-partidos","tag-politica","tag-psd"],"yoast_head":"<!-- This site is optimized with the Yoast SEO plugin v27.2 - https:\/\/yoast.com\/product\/yoast-seo-wordpress\/ -->\n<title>IL confia no movimento de Cotrim, PSD ridiculariza - Portal Tela Portugal<\/title>\n<meta name=\"robots\" content=\"index, follow, max-snippet:-1, max-image-preview:large, max-video-preview:-1\" \/>\n<meta property=\"og:locale\" content=\"pt_PT\" \/>\n<meta property=\"og:type\" content=\"article\" \/>\n<meta property=\"og:title\" content=\"IL confia no movimento de Cotrim, PSD ridiculariza - Portal Tela Portugal\" \/>\n<meta property=\"og:description\" content=\"Jo\u00e3o Cotrim Figueiredo anunciou um movimento denominado \u201cMovimento 2031\u201d, ap\u00f3s obter mais de 900 mil votos nas presidenciais e n\u00e3o poder disputar a segunda volta. O movimento ainda n\u00e3o tem estrutura definida, com d\u00favidas sobre funcionamento e visibilidade, mas j\u00e1 re\u00fane mais de 11 mil inscritos; o site asociado ficou indispon\u00edvel devido ao caudal de acessos. A dire\u00e7\u00e3o da Iniciativa Liberal (IL) n\u00e3o confirmou o tema na reuni\u00e3o p\u00f3s-presidenciais, embora alguns membros j\u00e1 soubessem do an\u00fancio e venham a ver o movimento como forma de fortalecer o partido. Dentro da IL, surgem avisos de que o movimento n\u00e3o seja apenas uma express\u00e3o de persona de Cotrim, alertando para evitar um movimento egoc\u00eantrico que n\u00e3o envolva outros atores. No PSD, a novidade \u00e9 recebida com ceticismo: h\u00e1 receio de que o movimento possa minear o partido, enquanto alguns apontam que o objetivo pode incluir condicionar a lideran\u00e7a da IL, incluindo a possibilidade de mudan\u00e7a de lideran\u00e7a.\" \/>\n<meta property=\"og:url\" content=\"https:\/\/portaltela.pt\/noticias\/2026\/01\/25\/il-confia-no-movimento-de-cotrim-psd-ridiculariza\/\" \/>\n<meta property=\"og:site_name\" content=\"Portal Tela Portugal\" \/>\n<meta property=\"article:published_time\" content=\"2026-01-25T16:40:00+00:00\" \/>\n<meta name=\"author\" content=\"Telinha\" \/>\n<meta name=\"twitter:card\" content=\"summary_large_image\" \/>\n<meta name=\"twitter:label1\" content=\"Escrito por\" \/>\n\t<meta name=\"twitter:data1\" content=\"Telinha\" \/>\n\t<meta name=\"twitter:label2\" content=\"Tempo estimado de leitura\" \/>\n\t<meta name=\"twitter:data2\" content=\"1 minuto\" \/>\n<script type=\"application\/ld+json\" class=\"yoast-schema-graph\">{\"@context\":\"https:\/\/schema.org\",\"@graph\":[{\"@type\":\"Article\",\"@id\":\"https:\/\/portaltela.pt\/noticias\/2026\/01\/25\/il-confia-no-movimento-de-cotrim-psd-ridiculariza\/#article\",\"isPartOf\":{\"@id\":\"https:\/\/portaltela.pt\/noticias\/2026\/01\/25\/il-confia-no-movimento-de-cotrim-psd-ridiculariza\/\"},\"author\":{\"name\":\"Telinha\",\"@id\":\"https:\/\/portaltela.pt\/#\/schema\/person\/c4278d4a6028830caff9ee44b42d32ed\"},\"headline\":\"IL confia no movimento de Cotrim, PSD ridiculariza\",\"datePublished\":\"2026-01-25T16:40:00+00:00\",\"mainEntityOfPage\":{\"@id\":\"https:\/\/portaltela.pt\/noticias\/2026\/01\/25\/il-confia-no-movimento-de-cotrim-psd-ridiculariza\/\"},\"wordCount\":298,\"image\":{\"@id\":\"https:\/\/portaltela.pt\/noticias\/2026\/01\/25\/il-confia-no-movimento-de-cotrim-psd-ridiculariza\/#primaryimage\"},\"thumbnailUrl\":\"https:\/\/portaltela.pt\/s.01k8rhncp4jt1\/2026\/01\/237a1645.jpg\",\"keywords\":[\"A Iniciativa Liberal\",\"elei\u00e7\u00f5es\",\"Iniciativa Liberal\",\"partidos\",\"pol\u00edtica\",\"PSD\"],\"articleSection\":[\"Not\u00edcias\",\"Pol\u00edtica\"],\"inLanguage\":\"pt-PT\"},{\"@type\":\"WebPage\",\"@id\":\"https:\/\/portaltela.pt\/noticias\/2026\/01\/25\/il-confia-no-movimento-de-cotrim-psd-ridiculariza\/\",\"url\":\"https:\/\/portaltela.pt\/noticias\/2026\/01\/25\/il-confia-no-movimento-de-cotrim-psd-ridiculariza\/\",\"name\":\"IL confia no movimento de Cotrim, PSD ridiculariza - Portal Tela Portugal\",\"isPartOf\":{\"@id\":\"https:\/\/portaltela.pt\/#website\"},\"primaryImageOfPage\":{\"@id\":\"https:\/\/portaltela.pt\/noticias\/2026\/01\/25\/il-confia-no-movimento-de-cotrim-psd-ridiculariza\/#primaryimage\"},\"image\":{\"@id\":\"https:\/\/portaltela.pt\/noticias\/2026\/01\/25\/il-confia-no-movimento-de-cotrim-psd-ridiculariza\/#primaryimage\"},\"thumbnailUrl\":\"https:\/\/portaltela.pt\/s.01k8rhncp4jt1\/2026\/01\/237a1645.jpg\",\"datePublished\":\"2026-01-25T16:40:00+00:00\",\"author\":{\"@id\":\"https:\/\/portaltela.pt\/#\/schema\/person\/c4278d4a6028830caff9ee44b42d32ed\"},\"breadcrumb\":{\"@id\":\"https:\/\/portaltela.pt\/noticias\/2026\/01\/25\/il-confia-no-movimento-de-cotrim-psd-ridiculariza\/#breadcrumb\"},\"inLanguage\":\"pt-PT\",\"potentialAction\":[{\"@type\":\"ReadAction\",\"target\":[\"https:\/\/portaltela.pt\/noticias\/2026\/01\/25\/il-confia-no-movimento-de-cotrim-psd-ridiculariza\/\"]}]},{\"@type\":\"ImageObject\",\"inLanguage\":\"pt-PT\",\"@id\":\"https:\/\/portaltela.pt\/noticias\/2026\/01\/25\/il-confia-no-movimento-de-cotrim-psd-ridiculariza\/#primaryimage\",\"url\":\"https:\/\/portaltela.pt\/s.01k8rhncp4jt1\/2026\/01\/237a1645.jpg\",\"contentUrl\":\"https:\/\/portaltela.pt\/s.01k8rhncp4jt1\/2026\/01\/237a1645.jpg\",\"width\":796,\"height\":448,\"caption\":\"Photo\"},{\"@type\":\"BreadcrumbList\",\"@id\":\"https:\/\/portaltela.pt\/noticias\/2026\/01\/25\/il-confia-no-movimento-de-cotrim-psd-ridiculariza\/#breadcrumb\",\"itemListElement\":[{\"@type\":\"ListItem\",\"position\":1,\"name\":\"In\u00edcio\",\"item\":\"https:\/\/portaltela.pt\/\"},{\"@type\":\"ListItem\",\"position\":2,\"name\":\"IL confia no movimento de Cotrim, PSD ridiculariza\"}]},{\"@type\":\"WebSite\",\"@id\":\"https:\/\/portaltela.pt\/#website\",\"url\":\"https:\/\/portaltela.pt\/\",\"name\":\"Portal Tela Portugal\",\"description\":\"\",\"potentialAction\":[{\"@type\":\"SearchAction\",\"target\":{\"@type\":\"EntryPoint\",\"urlTemplate\":\"https:\/\/portaltela.pt\/?s={search_term_string}\"},\"query-input\":{\"@type\":\"PropertyValueSpecification\",\"valueRequired\":true,\"valueName\":\"search_term_string\"}}],\"inLanguage\":\"pt-PT\"},{\"@type\":\"Person\",\"@id\":\"https:\/\/portaltela.pt\/#\/schema\/person\/c4278d4a6028830caff9ee44b42d32ed\",\"name\":\"Telinha\",\"image\":{\"@type\":\"ImageObject\",\"inLanguage\":\"pt-PT\",\"@id\":\"https:\/\/portaltela.pt\/s.01k8rhncp4jt1\/2025\/11\/talking-bot-125x125.png\",\"url\":\"https:\/\/portaltela.pt\/s.01k8rhncp4jt1\/2025\/11\/talking-bot-125x125.png\",\"contentUrl\":\"https:\/\/portaltela.pt\/s.01k8rhncp4jt1\/2025\/11\/talking-bot-125x125.png\",\"caption\":\"Telinha\"},\"sameAs\":[\"https:\/\/portaltela.pt\/\"],\"url\":\"https:\/\/portaltela.pt\/por\/367410592786\/\"}]}<\/script>\n<!-- \/ Yoast SEO plugin. -->","yoast_head_json":{"title":"IL confia no movimento de Cotrim, PSD ridiculariza - Portal Tela Portugal","robots":{"index":"index","follow":"follow","max-snippet":"max-snippet:-1","max-image-preview":"max-image-preview:large","max-video-preview":"max-video-preview:-1"},"og_locale":"pt_PT","og_type":"article","og_title":"IL confia no movimento de Cotrim, PSD ridiculariza - Portal Tela Portugal","og_description":"Jo\u00e3o Cotrim Figueiredo anunciou um movimento denominado \u201cMovimento 2031\u201d, ap\u00f3s obter mais de 900 mil votos nas presidenciais e n\u00e3o poder disputar a segunda volta. O movimento ainda n\u00e3o tem estrutura definida, com d\u00favidas sobre funcionamento e visibilidade, mas j\u00e1 re\u00fane mais de 11 mil inscritos; o site asociado ficou indispon\u00edvel devido ao caudal de acessos. A dire\u00e7\u00e3o da Iniciativa Liberal (IL) n\u00e3o confirmou o tema na reuni\u00e3o p\u00f3s-presidenciais, embora alguns membros j\u00e1 soubessem do an\u00fancio e venham a ver o movimento como forma de fortalecer o partido. Dentro da IL, surgem avisos de que o movimento n\u00e3o seja apenas uma express\u00e3o de persona de Cotrim, alertando para evitar um movimento egoc\u00eantrico que n\u00e3o envolva outros atores. No PSD, a novidade \u00e9 recebida com ceticismo: h\u00e1 receio de que o movimento possa minear o partido, enquanto alguns apontam que o objetivo pode incluir condicionar a lideran\u00e7a da IL, incluindo a possibilidade de mudan\u00e7a de lideran\u00e7a.","og_url":"https:\/\/portaltela.pt\/noticias\/2026\/01\/25\/il-confia-no-movimento-de-cotrim-psd-ridiculariza\/","og_site_name":"Portal Tela Portugal","article_published_time":"2026-01-25T16:40:00+00:00","author":"Telinha","twitter_card":"summary_large_image","twitter_misc":{"Escrito por":"Telinha","Tempo estimado de leitura":"1 minuto"},"schema":{"@context":"https:\/\/schema.org","@graph":[{"@type":"Article","@id":"https:\/\/portaltela.pt\/noticias\/2026\/01\/25\/il-confia-no-movimento-de-cotrim-psd-ridiculariza\/#article","isPartOf":{"@id":"https:\/\/portaltela.pt\/noticias\/2026\/01\/25\/il-confia-no-movimento-de-cotrim-psd-ridiculariza\/"},"author":{"name":"Telinha","@id":"https:\/\/portaltela.pt\/#\/schema\/person\/c4278d4a6028830caff9ee44b42d32ed"},"headline":"IL confia no movimento de Cotrim, PSD ridiculariza","datePublished":"2026-01-25T16:40:00+00:00","mainEntityOfPage":{"@id":"https:\/\/portaltela.pt\/noticias\/2026\/01\/25\/il-confia-no-movimento-de-cotrim-psd-ridiculariza\/"},"wordCount":298,"image":{"@id":"https:\/\/portaltela.pt\/noticias\/2026\/01\/25\/il-confia-no-movimento-de-cotrim-psd-ridiculariza\/#primaryimage"},"thumbnailUrl":"https:\/\/portaltela.pt\/s.01k8rhncp4jt1\/2026\/01\/237a1645.jpg","keywords":["A Iniciativa Liberal","elei\u00e7\u00f5es","Iniciativa Liberal","partidos","pol\u00edtica","PSD"],"articleSection":["Not\u00edcias","Pol\u00edtica"],"inLanguage":"pt-PT"},{"@type":"WebPage","@id":"https:\/\/portaltela.pt\/noticias\/2026\/01\/25\/il-confia-no-movimento-de-cotrim-psd-ridiculariza\/","url":"https:\/\/portaltela.pt\/noticias\/2026\/01\/25\/il-confia-no-movimento-de-cotrim-psd-ridiculariza\/","name":"IL confia no movimento de Cotrim, PSD ridiculariza - Portal Tela Portugal","isPartOf":{"@id":"https:\/\/portaltela.pt\/#website"},"primaryImageOfPage":{"@id":"https:\/\/portaltela.pt\/noticias\/2026\/01\/25\/il-confia-no-movimento-de-cotrim-psd-ridiculariza\/#primaryimage"},"image":{"@id":"https:\/\/portaltela.pt\/noticias\/2026\/01\/25\/il-confia-no-movimento-de-cotrim-psd-ridiculariza\/#primaryimage"},"thumbnailUrl":"https:\/\/portaltela.pt\/s.01k8rhncp4jt1\/2026\/01\/237a1645.jpg","datePublished":"2026-01-25T16:40:00+00:00","author":{"@id":"https:\/\/portaltela.pt\/#\/schema\/person\/c4278d4a6028830caff9ee44b42d32ed"},"breadcrumb":{"@id":"https:\/\/portaltela.pt\/noticias\/2026\/01\/25\/il-confia-no-movimento-de-cotrim-psd-ridiculariza\/#breadcrumb"},"inLanguage":"pt-PT","potentialAction":[{"@type":"ReadAction","target":["https:\/\/portaltela.pt\/noticias\/2026\/01\/25\/il-confia-no-movimento-de-cotrim-psd-ridiculariza\/"]}]},{"@type":"ImageObject","inLanguage":"pt-PT","@id":"https:\/\/portaltela.pt\/noticias\/2026\/01\/25\/il-confia-no-movimento-de-cotrim-psd-ridiculariza\/#primaryimage","url":"https:\/\/portaltela.pt\/s.01k8rhncp4jt1\/2026\/01\/237a1645.jpg","contentUrl":"https:\/\/portaltela.pt\/s.01k8rhncp4jt1\/2026\/01\/237a1645.jpg","width":796,"height":448,"caption":"Photo"},{"@type":"BreadcrumbList","@id":"https:\/\/portaltela.pt\/noticias\/2026\/01\/25\/il-confia-no-movimento-de-cotrim-psd-ridiculariza\/#breadcrumb","itemListElement":[{"@type":"ListItem","position":1,"name":"In\u00edcio","item":"https:\/\/portaltela.pt\/"},{"@type":"ListItem","position":2,"name":"IL confia no movimento de Cotrim, PSD ridiculariza"}]},{"@type":"WebSite","@id":"https:\/\/portaltela.pt\/#website","url":"https:\/\/portaltela.pt\/","name":"Portal Tela Portugal","description":"","potentialAction":[{"@type":"SearchAction","target":{"@type":"EntryPoint","urlTemplate":"https:\/\/portaltela.pt\/?s={search_term_string}"},"query-input":{"@type":"PropertyValueSpecification","valueRequired":true,"valueName":"search_term_string"}}],"inLanguage":"pt-PT"},{"@type":"Person","@id":"https:\/\/portaltela.pt\/#\/schema\/person\/c4278d4a6028830caff9ee44b42d32ed","name":"Telinha","image":{"@type":"ImageObject","inLanguage":"pt-PT","@id":"https:\/\/portaltela.pt\/s.01k8rhncp4jt1\/2025\/11\/talking-bot-125x125.png","url":"https:\/\/portaltela.pt\/s.01k8rhncp4jt1\/2025\/11\/talking-bot-125x125.png","contentUrl":"https:\/\/portaltela.pt\/s.01k8rhncp4jt1\/2025\/11\/talking-bot-125x125.png","caption":"Telinha"},"sameAs":["https:\/\/portaltela.pt\/"],"url":"https:\/\/portaltela.pt\/por\/367410592786\/"}]}},"_links":{"self":[{"href":"https:\/\/portaltela.pt\/api\/wp\/v2\/posts\/172384","targetHints":{"allow":["GET"]}}],"collection":[{"href":"https:\/\/portaltela.pt\/api\/wp\/v2\/posts"}],"about":[{"href":"https:\/\/portaltela.pt\/api\/wp\/v2\/types\/post"}],"author":[{"embeddable":true,"href":"https:\/\/portaltela.pt\/api\/wp\/v2\/users\/2"}],"replies":[{"embeddable":true,"href":"https:\/\/portaltela.pt\/api\/wp\/v2\/comments?post=172384"}],"version-history":[{"count":0,"href":"https:\/\/portaltela.pt\/api\/wp\/v2\/posts\/172384\/revisions"}],"wp:featuredmedia":[{"embeddable":true,"href":"https:\/\/portaltela.pt\/api\/wp\/v2\/media\/172385"}],"wp:attachment":[{"href":"https:\/\/portaltela.pt\/api\/wp\/v2\/media?parent=172384"}],"wp:term":[{"taxonomy":"category","embeddable":true,"href":"https:\/\/portaltela.pt\/api\/wp\/v2\/categories?post=172384"},{"taxonomy":"post_tag","embeddable":true,"href":"https:\/\/portaltela.pt\/api\/wp\/v2\/tags?post=172384"}],"curies":[{"name":"wp","href":"https:\/\/api.w.org\/{rel}","templated":true}]}}