{"id":172383,"date":"2026-01-25T13:36:26","date_gmt":"2026-01-25T16:36:26","guid":{"rendered":"https:\/\/portaltela.pt\/noticias\/2026\/01\/25\/pedro-miguel-ja-teve-alta-hospitalar\/"},"modified":"2026-01-25T13:36:26","modified_gmt":"2026-01-25T16:36:26","slug":"pedro-miguel-ja-teve-alta-hospitalar","status":"publish","type":"post","link":"https:\/\/portaltela.pt\/desporto\/futebol\/2026\/01\/25\/pedro-miguel-ja-teve-alta-hospitalar\/","title":{"rendered":"Pedro Miguel j\u00e1 teve alta hospitalar"},"content":{"rendered":"<p>Pedro Miguel recebeu alta hospitalar e j\u00e1 regressou a casa. O treinador do Lusit\u00e2nia de Lourosa, de 58 anos, ter\u00e1 de repousar nos pr\u00f3ximos dias, segundo confirmou o clube.<\/p>\n<p>O t\u00e9cnico foi transportado de ambul\u00e2ncia para o Hospital de Chaves ao fim do encontro com o Chaves, que terminou empatado a 2-2. O epis\u00f3dio ocorreu durante o jogo entre as duas equipas.<\/p>\n<p>De acordo com informa\u00e7\u00f5es recolhidas pelo Record, Pedro Miguel fez exames durante a noite e na manh\u00e3 de domingo, recebendo alta ap\u00f3s o almo\u00e7o.<\/p>\n<p>O departamento m\u00e9dico indica repouso por alguns dias e alerta para monitoriza\u00e7\u00e3o regular da equipa cl\u00ednica, devido a uma crise hipertensiva vivida pelo treinador.<\/p>\n<p>O Lusit\u00e2nia de Lourosa ainda n\u00e3o divulgou novos detalhes sobre o estado de sa\u00fade do t\u00e9cnico, mas afirmou que ele continuar\u00e1 sob observa\u00e7\u00e3o m\u00e9dica.<\/p>\n","protected":false},"excerpt":{"rendered":"<ul>\n<li>O treinador Pedro Miguel, de cinquenta e oito anos, do Lusit\u00e2nia de Lourosa, sentiu-se mal no final do jogo com o Chaves, que terminou 2-2.<\/li>\n<li>Foi transportado de ambul\u00e2ncia para o Hospital de Chaves para avalia\u00e7\u00e3o m\u00e9dica.<\/li>\n<li>O clube informou que j\u00e1 teve alta hospitalar e vai passar a noite em casa.<\/li>\n<li>Segundo a Record, o t\u00e9cnico fez exames na noite de s\u00e1bado e na manh\u00e3 de domingo e recebeu alta ao meio-dia, com repouso recomendado por alguns dias.<\/li>\n<li>O departamento m\u00e9dico indicou que sofreu uma crise hipertensiva e ficar\u00e1 sob observa\u00e7\u00e3o regular.<\/li>\n<\/ul>\n","protected":false},"author":2,"featured_media":172386,"comment_status":"closed","ping_status":"closed","sticky":false,"template":"","format":"standard","meta":{"footnotes":""},"categories":[21,24],"tags":[152,32,2803,633,172],"class_list":["post-172383","post","type-post","status-publish","format-standard","has-post-thumbnail","hentry","category-desporto","category-futebol","tag-desporto","tag-futebol","tag-hipertensao","tag-hospital","tag-saude"],"yoast_head":"<!-- This site is optimized with the Yoast SEO plugin v27.2 - https:\/\/yoast.com\/product\/yoast-seo-wordpress\/ -->\n<title>Pedro Miguel j\u00e1 teve alta hospitalar - Portal Tela Portugal<\/title>\n<meta name=\"robots\" content=\"index, follow, max-snippet:-1, max-image-preview:large, max-video-preview:-1\" \/>\n<meta property=\"og:locale\" content=\"pt_PT\" \/>\n<meta property=\"og:type\" content=\"article\" \/>\n<meta property=\"og:title\" content=\"Pedro Miguel j\u00e1 teve alta hospitalar - Portal Tela Portugal\" \/>\n<meta property=\"og:description\" content=\"O treinador Pedro Miguel, de cinquenta e oito anos, do Lusit\u00e2nia de Lourosa, sentiu-se mal no final do jogo com o Chaves, que terminou 2-2. Foi transportado de ambul\u00e2ncia para o Hospital de Chaves para avalia\u00e7\u00e3o m\u00e9dica. O clube informou que j\u00e1 teve alta hospitalar e vai passar a noite em casa. Segundo a Record, o t\u00e9cnico fez exames na noite de s\u00e1bado e na manh\u00e3 de domingo e recebeu alta ao meio-dia, com repouso recomendado por alguns dias. O departamento m\u00e9dico indicou que sofreu uma crise hipertensiva e ficar\u00e1 sob observa\u00e7\u00e3o regular.\" \/>\n<meta property=\"og:url\" content=\"https:\/\/portaltela.pt\/noticias\/2026\/01\/25\/pedro-miguel-ja-teve-alta-hospitalar\/\" \/>\n<meta property=\"og:site_name\" content=\"Portal Tela Portugal\" \/>\n<meta property=\"article:published_time\" content=\"2026-01-25T16:36:26+00:00\" \/>\n<meta name=\"author\" content=\"Telinha\" \/>\n<meta name=\"twitter:card\" content=\"summary_large_image\" \/>\n<meta name=\"twitter:label1\" content=\"Escrito por\" \/>\n\t<meta name=\"twitter:data1\" content=\"Telinha\" \/>\n\t<meta name=\"twitter:label2\" content=\"Tempo estimado de leitura\" \/>\n\t<meta name=\"twitter:data2\" content=\"1 minuto\" \/>\n<script type=\"application\/ld+json\" class=\"yoast-schema-graph\">{\"@context\":\"https:\/\/schema.org\",\"@graph\":[{\"@type\":\"Article\",\"@id\":\"https:\/\/portaltela.pt\/noticias\/2026\/01\/25\/pedro-miguel-ja-teve-alta-hospitalar\/#article\",\"isPartOf\":{\"@id\":\"https:\/\/portaltela.pt\/noticias\/2026\/01\/25\/pedro-miguel-ja-teve-alta-hospitalar\/\"},\"author\":{\"name\":\"Telinha\",\"@id\":\"https:\/\/portaltela.pt\/#\/schema\/person\/c4278d4a6028830caff9ee44b42d32ed\"},\"headline\":\"Pedro Miguel j\u00e1 teve alta hospitalar\",\"datePublished\":\"2026-01-25T16:36:26+00:00\",\"mainEntityOfPage\":{\"@id\":\"https:\/\/portaltela.pt\/noticias\/2026\/01\/25\/pedro-miguel-ja-teve-alta-hospitalar\/\"},\"wordCount\":156,\"image\":{\"@id\":\"https:\/\/portaltela.pt\/noticias\/2026\/01\/25\/pedro-miguel-ja-teve-alta-hospitalar\/#primaryimage\"},\"thumbnailUrl\":\"https:\/\/portaltela.pt\/s.01k8rhncp4jt1\/2026\/01\/img_920x518uu2025-10-13-12-52-55-2395905-im-639049556440696178.jpg\",\"keywords\":[\"desporto\",\"futebol\",\"hipertens\u00e3o\",\"hospital\",\"sa\u00fade\"],\"articleSection\":[\"Desporto\",\"Futebol\"],\"inLanguage\":\"pt-PT\"},{\"@type\":\"WebPage\",\"@id\":\"https:\/\/portaltela.pt\/noticias\/2026\/01\/25\/pedro-miguel-ja-teve-alta-hospitalar\/\",\"url\":\"https:\/\/portaltela.pt\/noticias\/2026\/01\/25\/pedro-miguel-ja-teve-alta-hospitalar\/\",\"name\":\"Pedro Miguel j\u00e1 teve alta hospitalar - Portal Tela Portugal\",\"isPartOf\":{\"@id\":\"https:\/\/portaltela.pt\/#website\"},\"primaryImageOfPage\":{\"@id\":\"https:\/\/portaltela.pt\/noticias\/2026\/01\/25\/pedro-miguel-ja-teve-alta-hospitalar\/#primaryimage\"},\"image\":{\"@id\":\"https:\/\/portaltela.pt\/noticias\/2026\/01\/25\/pedro-miguel-ja-teve-alta-hospitalar\/#primaryimage\"},\"thumbnailUrl\":\"https:\/\/portaltela.pt\/s.01k8rhncp4jt1\/2026\/01\/img_920x518uu2025-10-13-12-52-55-2395905-im-639049556440696178.jpg\",\"datePublished\":\"2026-01-25T16:36:26+00:00\",\"author\":{\"@id\":\"https:\/\/portaltela.pt\/#\/schema\/person\/c4278d4a6028830caff9ee44b42d32ed\"},\"breadcrumb\":{\"@id\":\"https:\/\/portaltela.pt\/noticias\/2026\/01\/25\/pedro-miguel-ja-teve-alta-hospitalar\/#breadcrumb\"},\"inLanguage\":\"pt-PT\",\"potentialAction\":[{\"@type\":\"ReadAction\",\"target\":[\"https:\/\/portaltela.pt\/noticias\/2026\/01\/25\/pedro-miguel-ja-teve-alta-hospitalar\/\"]}]},{\"@type\":\"ImageObject\",\"inLanguage\":\"pt-PT\",\"@id\":\"https:\/\/portaltela.pt\/noticias\/2026\/01\/25\/pedro-miguel-ja-teve-alta-hospitalar\/#primaryimage\",\"url\":\"https:\/\/portaltela.pt\/s.01k8rhncp4jt1\/2026\/01\/img_920x518uu2025-10-13-12-52-55-2395905-im-639049556440696178.jpg\",\"contentUrl\":\"https:\/\/portaltela.pt\/s.01k8rhncp4jt1\/2026\/01\/img_920x518uu2025-10-13-12-52-55-2395905-im-639049556440696178.jpg\",\"width\":796,\"height\":448,\"caption\":\"Pedro Miguel, treinador do Lus. Lourosa\"},{\"@type\":\"BreadcrumbList\",\"@id\":\"https:\/\/portaltela.pt\/noticias\/2026\/01\/25\/pedro-miguel-ja-teve-alta-hospitalar\/#breadcrumb\",\"itemListElement\":[{\"@type\":\"ListItem\",\"position\":1,\"name\":\"In\u00edcio\",\"item\":\"https:\/\/portaltela.pt\/\"},{\"@type\":\"ListItem\",\"position\":2,\"name\":\"Pedro Miguel j\u00e1 teve alta hospitalar\"}]},{\"@type\":\"WebSite\",\"@id\":\"https:\/\/portaltela.pt\/#website\",\"url\":\"https:\/\/portaltela.pt\/\",\"name\":\"Portal Tela Portugal\",\"description\":\"\",\"potentialAction\":[{\"@type\":\"SearchAction\",\"target\":{\"@type\":\"EntryPoint\",\"urlTemplate\":\"https:\/\/portaltela.pt\/?s={search_term_string}\"},\"query-input\":{\"@type\":\"PropertyValueSpecification\",\"valueRequired\":true,\"valueName\":\"search_term_string\"}}],\"inLanguage\":\"pt-PT\"},{\"@type\":\"Person\",\"@id\":\"https:\/\/portaltela.pt\/#\/schema\/person\/c4278d4a6028830caff9ee44b42d32ed\",\"name\":\"Telinha\",\"image\":{\"@type\":\"ImageObject\",\"inLanguage\":\"pt-PT\",\"@id\":\"https:\/\/portaltela.pt\/s.01k8rhncp4jt1\/2025\/11\/talking-bot-125x125.png\",\"url\":\"https:\/\/portaltela.pt\/s.01k8rhncp4jt1\/2025\/11\/talking-bot-125x125.png\",\"contentUrl\":\"https:\/\/portaltela.pt\/s.01k8rhncp4jt1\/2025\/11\/talking-bot-125x125.png\",\"caption\":\"Telinha\"},\"sameAs\":[\"https:\/\/portaltela.pt\/\"],\"url\":\"https:\/\/portaltela.pt\/por\/367410592786\/\"}]}<\/script>\n<!-- \/ Yoast SEO plugin. -->","yoast_head_json":{"title":"Pedro Miguel j\u00e1 teve alta hospitalar - Portal Tela Portugal","robots":{"index":"index","follow":"follow","max-snippet":"max-snippet:-1","max-image-preview":"max-image-preview:large","max-video-preview":"max-video-preview:-1"},"og_locale":"pt_PT","og_type":"article","og_title":"Pedro Miguel j\u00e1 teve alta hospitalar - Portal Tela Portugal","og_description":"O treinador Pedro Miguel, de cinquenta e oito anos, do Lusit\u00e2nia de Lourosa, sentiu-se mal no final do jogo com o Chaves, que terminou 2-2. Foi transportado de ambul\u00e2ncia para o Hospital de Chaves para avalia\u00e7\u00e3o m\u00e9dica. O clube informou que j\u00e1 teve alta hospitalar e vai passar a noite em casa. Segundo a Record, o t\u00e9cnico fez exames na noite de s\u00e1bado e na manh\u00e3 de domingo e recebeu alta ao meio-dia, com repouso recomendado por alguns dias. O departamento m\u00e9dico indicou que sofreu uma crise hipertensiva e ficar\u00e1 sob observa\u00e7\u00e3o regular.","og_url":"https:\/\/portaltela.pt\/noticias\/2026\/01\/25\/pedro-miguel-ja-teve-alta-hospitalar\/","og_site_name":"Portal Tela Portugal","article_published_time":"2026-01-25T16:36:26+00:00","author":"Telinha","twitter_card":"summary_large_image","twitter_misc":{"Escrito por":"Telinha","Tempo estimado de leitura":"1 minuto"},"schema":{"@context":"https:\/\/schema.org","@graph":[{"@type":"Article","@id":"https:\/\/portaltela.pt\/noticias\/2026\/01\/25\/pedro-miguel-ja-teve-alta-hospitalar\/#article","isPartOf":{"@id":"https:\/\/portaltela.pt\/noticias\/2026\/01\/25\/pedro-miguel-ja-teve-alta-hospitalar\/"},"author":{"name":"Telinha","@id":"https:\/\/portaltela.pt\/#\/schema\/person\/c4278d4a6028830caff9ee44b42d32ed"},"headline":"Pedro Miguel j\u00e1 teve alta hospitalar","datePublished":"2026-01-25T16:36:26+00:00","mainEntityOfPage":{"@id":"https:\/\/portaltela.pt\/noticias\/2026\/01\/25\/pedro-miguel-ja-teve-alta-hospitalar\/"},"wordCount":156,"image":{"@id":"https:\/\/portaltela.pt\/noticias\/2026\/01\/25\/pedro-miguel-ja-teve-alta-hospitalar\/#primaryimage"},"thumbnailUrl":"https:\/\/portaltela.pt\/s.01k8rhncp4jt1\/2026\/01\/img_920x518uu2025-10-13-12-52-55-2395905-im-639049556440696178.jpg","keywords":["desporto","futebol","hipertens\u00e3o","hospital","sa\u00fade"],"articleSection":["Desporto","Futebol"],"inLanguage":"pt-PT"},{"@type":"WebPage","@id":"https:\/\/portaltela.pt\/noticias\/2026\/01\/25\/pedro-miguel-ja-teve-alta-hospitalar\/","url":"https:\/\/portaltela.pt\/noticias\/2026\/01\/25\/pedro-miguel-ja-teve-alta-hospitalar\/","name":"Pedro Miguel j\u00e1 teve alta hospitalar - Portal Tela Portugal","isPartOf":{"@id":"https:\/\/portaltela.pt\/#website"},"primaryImageOfPage":{"@id":"https:\/\/portaltela.pt\/noticias\/2026\/01\/25\/pedro-miguel-ja-teve-alta-hospitalar\/#primaryimage"},"image":{"@id":"https:\/\/portaltela.pt\/noticias\/2026\/01\/25\/pedro-miguel-ja-teve-alta-hospitalar\/#primaryimage"},"thumbnailUrl":"https:\/\/portaltela.pt\/s.01k8rhncp4jt1\/2026\/01\/img_920x518uu2025-10-13-12-52-55-2395905-im-639049556440696178.jpg","datePublished":"2026-01-25T16:36:26+00:00","author":{"@id":"https:\/\/portaltela.pt\/#\/schema\/person\/c4278d4a6028830caff9ee44b42d32ed"},"breadcrumb":{"@id":"https:\/\/portaltela.pt\/noticias\/2026\/01\/25\/pedro-miguel-ja-teve-alta-hospitalar\/#breadcrumb"},"inLanguage":"pt-PT","potentialAction":[{"@type":"ReadAction","target":["https:\/\/portaltela.pt\/noticias\/2026\/01\/25\/pedro-miguel-ja-teve-alta-hospitalar\/"]}]},{"@type":"ImageObject","inLanguage":"pt-PT","@id":"https:\/\/portaltela.pt\/noticias\/2026\/01\/25\/pedro-miguel-ja-teve-alta-hospitalar\/#primaryimage","url":"https:\/\/portaltela.pt\/s.01k8rhncp4jt1\/2026\/01\/img_920x518uu2025-10-13-12-52-55-2395905-im-639049556440696178.jpg","contentUrl":"https:\/\/portaltela.pt\/s.01k8rhncp4jt1\/2026\/01\/img_920x518uu2025-10-13-12-52-55-2395905-im-639049556440696178.jpg","width":796,"height":448,"caption":"Pedro Miguel, treinador do Lus. Lourosa"},{"@type":"BreadcrumbList","@id":"https:\/\/portaltela.pt\/noticias\/2026\/01\/25\/pedro-miguel-ja-teve-alta-hospitalar\/#breadcrumb","itemListElement":[{"@type":"ListItem","position":1,"name":"In\u00edcio","item":"https:\/\/portaltela.pt\/"},{"@type":"ListItem","position":2,"name":"Pedro Miguel j\u00e1 teve alta hospitalar"}]},{"@type":"WebSite","@id":"https:\/\/portaltela.pt\/#website","url":"https:\/\/portaltela.pt\/","name":"Portal Tela Portugal","description":"","potentialAction":[{"@type":"SearchAction","target":{"@type":"EntryPoint","urlTemplate":"https:\/\/portaltela.pt\/?s={search_term_string}"},"query-input":{"@type":"PropertyValueSpecification","valueRequired":true,"valueName":"search_term_string"}}],"inLanguage":"pt-PT"},{"@type":"Person","@id":"https:\/\/portaltela.pt\/#\/schema\/person\/c4278d4a6028830caff9ee44b42d32ed","name":"Telinha","image":{"@type":"ImageObject","inLanguage":"pt-PT","@id":"https:\/\/portaltela.pt\/s.01k8rhncp4jt1\/2025\/11\/talking-bot-125x125.png","url":"https:\/\/portaltela.pt\/s.01k8rhncp4jt1\/2025\/11\/talking-bot-125x125.png","contentUrl":"https:\/\/portaltela.pt\/s.01k8rhncp4jt1\/2025\/11\/talking-bot-125x125.png","caption":"Telinha"},"sameAs":["https:\/\/portaltela.pt\/"],"url":"https:\/\/portaltela.pt\/por\/367410592786\/"}]}},"_links":{"self":[{"href":"https:\/\/portaltela.pt\/api\/wp\/v2\/posts\/172383","targetHints":{"allow":["GET"]}}],"collection":[{"href":"https:\/\/portaltela.pt\/api\/wp\/v2\/posts"}],"about":[{"href":"https:\/\/portaltela.pt\/api\/wp\/v2\/types\/post"}],"author":[{"embeddable":true,"href":"https:\/\/portaltela.pt\/api\/wp\/v2\/users\/2"}],"replies":[{"embeddable":true,"href":"https:\/\/portaltela.pt\/api\/wp\/v2\/comments?post=172383"}],"version-history":[{"count":0,"href":"https:\/\/portaltela.pt\/api\/wp\/v2\/posts\/172383\/revisions"}],"wp:featuredmedia":[{"embeddable":true,"href":"https:\/\/portaltela.pt\/api\/wp\/v2\/media\/172386"}],"wp:attachment":[{"href":"https:\/\/portaltela.pt\/api\/wp\/v2\/media?parent=172383"}],"wp:term":[{"taxonomy":"category","embeddable":true,"href":"https:\/\/portaltela.pt\/api\/wp\/v2\/categories?post=172383"},{"taxonomy":"post_tag","embeddable":true,"href":"https:\/\/portaltela.pt\/api\/wp\/v2\/tags?post=172383"}],"curies":[{"name":"wp","href":"https:\/\/api.w.org\/{rel}","templated":true}]}}