{"id":172341,"date":"2026-01-25T12:53:16","date_gmt":"2026-01-25T15:53:16","guid":{"rendered":"https:\/\/portaltela.pt\/noticias\/2026\/01\/25\/methieu-van-der-poel-soma-mais-uma-vitoria-no-ciclocrosse\/"},"modified":"2026-01-25T12:53:16","modified_gmt":"2026-01-25T15:53:16","slug":"methieu-van-der-poel-soma-mais-uma-vitoria-no-ciclocrosse","status":"publish","type":"post","link":"https:\/\/portaltela.pt\/desporto\/2026\/01\/25\/methieu-van-der-poel-soma-mais-uma-vitoria-no-ciclocrosse\/","title":{"rendered":"Methieu van der Poel soma mais uma vit\u00f3ria no ciclocrosse"},"content":{"rendered":"<p>Mathieu van der Poel assegurou mais uma vit\u00f3ria na sua temporada de ciclocrosse, repetindo o dom\u00ednio j\u00e1 visto este ano.<\/p>\n<p>O holand\u00eas da Alpecin venceu numa etapa da Ta\u00e7a do Mundo disputada em Hoogerheide, nos Pa\u00edses Baixos, marcando a 12\u00aa vit\u00f3ria em 12 corridas desde 14 de dezembro.<\/p>\n<p>Com o triunfo, Van der Poel tornou\u2011se no recordista de vit\u00f3rias na competi\u00e7\u00e3o, somando 51 triunfos.<\/p>\n<p>O pelot\u00e3o terminou com Tibor del Grosso, do mesmo pa\u00eds, a 1,20 minutos, enquanto Niels Vandeputte, da B\u00e9lgica, completou o p\u00f3dio na mesma dist\u00e2ncia.<\/p>\n<p>A confirma\u00e7\u00e3o foi publicada pela organiza\u00e7\u00e3o da prova, que refor\u00e7a o dom\u00ednio do campe\u00e3o mundial na especialidade e o ritmo impressionante da temporada.<\/p>\n","protected":false},"excerpt":{"rendered":"<ul>\n<li>Mathieu van der Poel venceu numa etapa da Ta\u00e7a do Mundo de ciclocrosse em Hoogerheide, alcan\u00e7ando a 12.\u00aa vit\u00f3ria da temporada desde 14 de dezembro.<\/li>\n<li>Com o triunfo, tornou-se recordista de vit\u00f3rias na competi\u00e7\u00e3o, somando j\u00e1 51 triunfos.<\/li>\n<li>O holand\u00eas da Alpecin deixou Tibor del Grosso a 1,20 minutos.<\/li>\n<li>O p\u00f3dio ficou completo com o belga Niels Vandeputte, a 1,20 minutos do l\u00edder.<\/li>\n<li>A \u00e9poca j\u00e1 acumulou 12 vit\u00f3rias em 12 provas at\u00e9 ao momento.<\/li>\n<\/ul>\n","protected":false},"author":2,"featured_media":172342,"comment_status":"closed","ping_status":"closed","sticky":false,"template":"","format":"standard","meta":{"footnotes":""},"categories":[21],"tags":[3504,152,1898,2227,1809],"class_list":["post-172341","post","type-post","status-publish","format-standard","has-post-thumbnail","hentry","category-desporto","tag-corridas","tag-desporto","tag-federacao-portuguesa-de-ciclismo","tag-holanda","tag-paises-baixos"],"yoast_head":"<!-- This site is optimized with the Yoast SEO plugin v27.2 - https:\/\/yoast.com\/product\/yoast-seo-wordpress\/ -->\n<title>Methieu van der Poel soma mais uma vit\u00f3ria no ciclocrosse - Portal Tela Portugal<\/title>\n<meta name=\"robots\" content=\"index, follow, max-snippet:-1, max-image-preview:large, max-video-preview:-1\" \/>\n<meta property=\"og:locale\" content=\"pt_PT\" \/>\n<meta property=\"og:type\" content=\"article\" \/>\n<meta property=\"og:title\" content=\"Methieu van der Poel soma mais uma vit\u00f3ria no ciclocrosse - Portal Tela Portugal\" \/>\n<meta property=\"og:description\" content=\"Mathieu van der Poel venceu numa etapa da Ta\u00e7a do Mundo de ciclocrosse em Hoogerheide, alcan\u00e7ando a 12.\u00aa vit\u00f3ria da temporada desde 14 de dezembro. Com o triunfo, tornou-se recordista de vit\u00f3rias na competi\u00e7\u00e3o, somando j\u00e1 51 triunfos. O holand\u00eas da Alpecin deixou Tibor del Grosso a 1,20 minutos. O p\u00f3dio ficou completo com o belga Niels Vandeputte, a 1,20 minutos do l\u00edder. A \u00e9poca j\u00e1 acumulou 12 vit\u00f3rias em 12 provas at\u00e9 ao momento.\" \/>\n<meta property=\"og:url\" content=\"https:\/\/portaltela.pt\/noticias\/2026\/01\/25\/methieu-van-der-poel-soma-mais-uma-vitoria-no-ciclocrosse\/\" \/>\n<meta property=\"og:site_name\" content=\"Portal Tela Portugal\" \/>\n<meta property=\"article:published_time\" content=\"2026-01-25T15:53:16+00:00\" \/>\n<meta name=\"author\" content=\"Telinha\" \/>\n<meta name=\"twitter:card\" content=\"summary_large_image\" \/>\n<meta name=\"twitter:label1\" content=\"Escrito por\" \/>\n\t<meta name=\"twitter:data1\" content=\"Telinha\" \/>\n\t<meta name=\"twitter:label2\" content=\"Tempo estimado de leitura\" \/>\n\t<meta name=\"twitter:data2\" content=\"1 minuto\" \/>\n<script type=\"application\/ld+json\" class=\"yoast-schema-graph\">{\"@context\":\"https:\/\/schema.org\",\"@graph\":[{\"@type\":\"Article\",\"@id\":\"https:\/\/portaltela.pt\/noticias\/2026\/01\/25\/methieu-van-der-poel-soma-mais-uma-vitoria-no-ciclocrosse\/#article\",\"isPartOf\":{\"@id\":\"https:\/\/portaltela.pt\/noticias\/2026\/01\/25\/methieu-van-der-poel-soma-mais-uma-vitoria-no-ciclocrosse\/\"},\"author\":{\"name\":\"Telinha\",\"@id\":\"https:\/\/portaltela.pt\/#\/schema\/person\/c4278d4a6028830caff9ee44b42d32ed\"},\"headline\":\"Methieu van der Poel soma mais uma vit\u00f3ria no ciclocrosse\",\"datePublished\":\"2026-01-25T15:53:16+00:00\",\"mainEntityOfPage\":{\"@id\":\"https:\/\/portaltela.pt\/noticias\/2026\/01\/25\/methieu-van-der-poel-soma-mais-uma-vitoria-no-ciclocrosse\/\"},\"wordCount\":136,\"image\":{\"@id\":\"https:\/\/portaltela.pt\/noticias\/2026\/01\/25\/methieu-van-der-poel-soma-mais-uma-vitoria-no-ciclocrosse\/#primaryimage\"},\"thumbnailUrl\":\"https:\/\/portaltela.pt\/s.01k8rhncp4jt1\/2026\/01\/img_920x518uu2026-01-25-15-42-58-2417243.jpg\",\"keywords\":[\"corridas\",\"desporto\",\"Federa\u00e7\u00e3o Portuguesa de Ciclismo\",\"Holanda\",\"Pa\u00edses Baixos\"],\"articleSection\":[\"Desporto\"],\"inLanguage\":\"pt-PT\"},{\"@type\":\"WebPage\",\"@id\":\"https:\/\/portaltela.pt\/noticias\/2026\/01\/25\/methieu-van-der-poel-soma-mais-uma-vitoria-no-ciclocrosse\/\",\"url\":\"https:\/\/portaltela.pt\/noticias\/2026\/01\/25\/methieu-van-der-poel-soma-mais-uma-vitoria-no-ciclocrosse\/\",\"name\":\"Methieu van der Poel soma mais uma vit\u00f3ria no ciclocrosse - Portal Tela Portugal\",\"isPartOf\":{\"@id\":\"https:\/\/portaltela.pt\/#website\"},\"primaryImageOfPage\":{\"@id\":\"https:\/\/portaltela.pt\/noticias\/2026\/01\/25\/methieu-van-der-poel-soma-mais-uma-vitoria-no-ciclocrosse\/#primaryimage\"},\"image\":{\"@id\":\"https:\/\/portaltela.pt\/noticias\/2026\/01\/25\/methieu-van-der-poel-soma-mais-uma-vitoria-no-ciclocrosse\/#primaryimage\"},\"thumbnailUrl\":\"https:\/\/portaltela.pt\/s.01k8rhncp4jt1\/2026\/01\/img_920x518uu2026-01-25-15-42-58-2417243.jpg\",\"datePublished\":\"2026-01-25T15:53:16+00:00\",\"author\":{\"@id\":\"https:\/\/portaltela.pt\/#\/schema\/person\/c4278d4a6028830caff9ee44b42d32ed\"},\"breadcrumb\":{\"@id\":\"https:\/\/portaltela.pt\/noticias\/2026\/01\/25\/methieu-van-der-poel-soma-mais-uma-vitoria-no-ciclocrosse\/#breadcrumb\"},\"inLanguage\":\"pt-PT\",\"potentialAction\":[{\"@type\":\"ReadAction\",\"target\":[\"https:\/\/portaltela.pt\/noticias\/2026\/01\/25\/methieu-van-der-poel-soma-mais-uma-vitoria-no-ciclocrosse\/\"]}]},{\"@type\":\"ImageObject\",\"inLanguage\":\"pt-PT\",\"@id\":\"https:\/\/portaltela.pt\/noticias\/2026\/01\/25\/methieu-van-der-poel-soma-mais-uma-vitoria-no-ciclocrosse\/#primaryimage\",\"url\":\"https:\/\/portaltela.pt\/s.01k8rhncp4jt1\/2026\/01\/img_920x518uu2026-01-25-15-42-58-2417243.jpg\",\"contentUrl\":\"https:\/\/portaltela.pt\/s.01k8rhncp4jt1\/2026\/01\/img_920x518uu2026-01-25-15-42-58-2417243.jpg\",\"width\":796,\"height\":448,\"caption\":\"Van der Poel festeja\"},{\"@type\":\"BreadcrumbList\",\"@id\":\"https:\/\/portaltela.pt\/noticias\/2026\/01\/25\/methieu-van-der-poel-soma-mais-uma-vitoria-no-ciclocrosse\/#breadcrumb\",\"itemListElement\":[{\"@type\":\"ListItem\",\"position\":1,\"name\":\"In\u00edcio\",\"item\":\"https:\/\/portaltela.pt\/\"},{\"@type\":\"ListItem\",\"position\":2,\"name\":\"Methieu van der Poel soma mais uma vit\u00f3ria no ciclocrosse\"}]},{\"@type\":\"WebSite\",\"@id\":\"https:\/\/portaltela.pt\/#website\",\"url\":\"https:\/\/portaltela.pt\/\",\"name\":\"Portal Tela Portugal\",\"description\":\"\",\"potentialAction\":[{\"@type\":\"SearchAction\",\"target\":{\"@type\":\"EntryPoint\",\"urlTemplate\":\"https:\/\/portaltela.pt\/?s={search_term_string}\"},\"query-input\":{\"@type\":\"PropertyValueSpecification\",\"valueRequired\":true,\"valueName\":\"search_term_string\"}}],\"inLanguage\":\"pt-PT\"},{\"@type\":\"Person\",\"@id\":\"https:\/\/portaltela.pt\/#\/schema\/person\/c4278d4a6028830caff9ee44b42d32ed\",\"name\":\"Telinha\",\"image\":{\"@type\":\"ImageObject\",\"inLanguage\":\"pt-PT\",\"@id\":\"https:\/\/portaltela.pt\/s.01k8rhncp4jt1\/2025\/11\/talking-bot-125x125.png\",\"url\":\"https:\/\/portaltela.pt\/s.01k8rhncp4jt1\/2025\/11\/talking-bot-125x125.png\",\"contentUrl\":\"https:\/\/portaltela.pt\/s.01k8rhncp4jt1\/2025\/11\/talking-bot-125x125.png\",\"caption\":\"Telinha\"},\"sameAs\":[\"https:\/\/portaltela.pt\/\"],\"url\":\"https:\/\/portaltela.pt\/por\/367410592786\/\"}]}<\/script>\n<!-- \/ Yoast SEO plugin. -->","yoast_head_json":{"title":"Methieu van der Poel soma mais uma vit\u00f3ria no ciclocrosse - Portal Tela Portugal","robots":{"index":"index","follow":"follow","max-snippet":"max-snippet:-1","max-image-preview":"max-image-preview:large","max-video-preview":"max-video-preview:-1"},"og_locale":"pt_PT","og_type":"article","og_title":"Methieu van der Poel soma mais uma vit\u00f3ria no ciclocrosse - Portal Tela Portugal","og_description":"Mathieu van der Poel venceu numa etapa da Ta\u00e7a do Mundo de ciclocrosse em Hoogerheide, alcan\u00e7ando a 12.\u00aa vit\u00f3ria da temporada desde 14 de dezembro. Com o triunfo, tornou-se recordista de vit\u00f3rias na competi\u00e7\u00e3o, somando j\u00e1 51 triunfos. O holand\u00eas da Alpecin deixou Tibor del Grosso a 1,20 minutos. O p\u00f3dio ficou completo com o belga Niels Vandeputte, a 1,20 minutos do l\u00edder. A \u00e9poca j\u00e1 acumulou 12 vit\u00f3rias em 12 provas at\u00e9 ao momento.","og_url":"https:\/\/portaltela.pt\/noticias\/2026\/01\/25\/methieu-van-der-poel-soma-mais-uma-vitoria-no-ciclocrosse\/","og_site_name":"Portal Tela Portugal","article_published_time":"2026-01-25T15:53:16+00:00","author":"Telinha","twitter_card":"summary_large_image","twitter_misc":{"Escrito por":"Telinha","Tempo estimado de leitura":"1 minuto"},"schema":{"@context":"https:\/\/schema.org","@graph":[{"@type":"Article","@id":"https:\/\/portaltela.pt\/noticias\/2026\/01\/25\/methieu-van-der-poel-soma-mais-uma-vitoria-no-ciclocrosse\/#article","isPartOf":{"@id":"https:\/\/portaltela.pt\/noticias\/2026\/01\/25\/methieu-van-der-poel-soma-mais-uma-vitoria-no-ciclocrosse\/"},"author":{"name":"Telinha","@id":"https:\/\/portaltela.pt\/#\/schema\/person\/c4278d4a6028830caff9ee44b42d32ed"},"headline":"Methieu van der Poel soma mais uma vit\u00f3ria no ciclocrosse","datePublished":"2026-01-25T15:53:16+00:00","mainEntityOfPage":{"@id":"https:\/\/portaltela.pt\/noticias\/2026\/01\/25\/methieu-van-der-poel-soma-mais-uma-vitoria-no-ciclocrosse\/"},"wordCount":136,"image":{"@id":"https:\/\/portaltela.pt\/noticias\/2026\/01\/25\/methieu-van-der-poel-soma-mais-uma-vitoria-no-ciclocrosse\/#primaryimage"},"thumbnailUrl":"https:\/\/portaltela.pt\/s.01k8rhncp4jt1\/2026\/01\/img_920x518uu2026-01-25-15-42-58-2417243.jpg","keywords":["corridas","desporto","Federa\u00e7\u00e3o Portuguesa de Ciclismo","Holanda","Pa\u00edses Baixos"],"articleSection":["Desporto"],"inLanguage":"pt-PT"},{"@type":"WebPage","@id":"https:\/\/portaltela.pt\/noticias\/2026\/01\/25\/methieu-van-der-poel-soma-mais-uma-vitoria-no-ciclocrosse\/","url":"https:\/\/portaltela.pt\/noticias\/2026\/01\/25\/methieu-van-der-poel-soma-mais-uma-vitoria-no-ciclocrosse\/","name":"Methieu van der Poel soma mais uma vit\u00f3ria no ciclocrosse - Portal Tela Portugal","isPartOf":{"@id":"https:\/\/portaltela.pt\/#website"},"primaryImageOfPage":{"@id":"https:\/\/portaltela.pt\/noticias\/2026\/01\/25\/methieu-van-der-poel-soma-mais-uma-vitoria-no-ciclocrosse\/#primaryimage"},"image":{"@id":"https:\/\/portaltela.pt\/noticias\/2026\/01\/25\/methieu-van-der-poel-soma-mais-uma-vitoria-no-ciclocrosse\/#primaryimage"},"thumbnailUrl":"https:\/\/portaltela.pt\/s.01k8rhncp4jt1\/2026\/01\/img_920x518uu2026-01-25-15-42-58-2417243.jpg","datePublished":"2026-01-25T15:53:16+00:00","author":{"@id":"https:\/\/portaltela.pt\/#\/schema\/person\/c4278d4a6028830caff9ee44b42d32ed"},"breadcrumb":{"@id":"https:\/\/portaltela.pt\/noticias\/2026\/01\/25\/methieu-van-der-poel-soma-mais-uma-vitoria-no-ciclocrosse\/#breadcrumb"},"inLanguage":"pt-PT","potentialAction":[{"@type":"ReadAction","target":["https:\/\/portaltela.pt\/noticias\/2026\/01\/25\/methieu-van-der-poel-soma-mais-uma-vitoria-no-ciclocrosse\/"]}]},{"@type":"ImageObject","inLanguage":"pt-PT","@id":"https:\/\/portaltela.pt\/noticias\/2026\/01\/25\/methieu-van-der-poel-soma-mais-uma-vitoria-no-ciclocrosse\/#primaryimage","url":"https:\/\/portaltela.pt\/s.01k8rhncp4jt1\/2026\/01\/img_920x518uu2026-01-25-15-42-58-2417243.jpg","contentUrl":"https:\/\/portaltela.pt\/s.01k8rhncp4jt1\/2026\/01\/img_920x518uu2026-01-25-15-42-58-2417243.jpg","width":796,"height":448,"caption":"Van der Poel festeja"},{"@type":"BreadcrumbList","@id":"https:\/\/portaltela.pt\/noticias\/2026\/01\/25\/methieu-van-der-poel-soma-mais-uma-vitoria-no-ciclocrosse\/#breadcrumb","itemListElement":[{"@type":"ListItem","position":1,"name":"In\u00edcio","item":"https:\/\/portaltela.pt\/"},{"@type":"ListItem","position":2,"name":"Methieu van der Poel soma mais uma vit\u00f3ria no ciclocrosse"}]},{"@type":"WebSite","@id":"https:\/\/portaltela.pt\/#website","url":"https:\/\/portaltela.pt\/","name":"Portal Tela Portugal","description":"","potentialAction":[{"@type":"SearchAction","target":{"@type":"EntryPoint","urlTemplate":"https:\/\/portaltela.pt\/?s={search_term_string}"},"query-input":{"@type":"PropertyValueSpecification","valueRequired":true,"valueName":"search_term_string"}}],"inLanguage":"pt-PT"},{"@type":"Person","@id":"https:\/\/portaltela.pt\/#\/schema\/person\/c4278d4a6028830caff9ee44b42d32ed","name":"Telinha","image":{"@type":"ImageObject","inLanguage":"pt-PT","@id":"https:\/\/portaltela.pt\/s.01k8rhncp4jt1\/2025\/11\/talking-bot-125x125.png","url":"https:\/\/portaltela.pt\/s.01k8rhncp4jt1\/2025\/11\/talking-bot-125x125.png","contentUrl":"https:\/\/portaltela.pt\/s.01k8rhncp4jt1\/2025\/11\/talking-bot-125x125.png","caption":"Telinha"},"sameAs":["https:\/\/portaltela.pt\/"],"url":"https:\/\/portaltela.pt\/por\/367410592786\/"}]}},"_links":{"self":[{"href":"https:\/\/portaltela.pt\/api\/wp\/v2\/posts\/172341","targetHints":{"allow":["GET"]}}],"collection":[{"href":"https:\/\/portaltela.pt\/api\/wp\/v2\/posts"}],"about":[{"href":"https:\/\/portaltela.pt\/api\/wp\/v2\/types\/post"}],"author":[{"embeddable":true,"href":"https:\/\/portaltela.pt\/api\/wp\/v2\/users\/2"}],"replies":[{"embeddable":true,"href":"https:\/\/portaltela.pt\/api\/wp\/v2\/comments?post=172341"}],"version-history":[{"count":0,"href":"https:\/\/portaltela.pt\/api\/wp\/v2\/posts\/172341\/revisions"}],"wp:featuredmedia":[{"embeddable":true,"href":"https:\/\/portaltela.pt\/api\/wp\/v2\/media\/172342"}],"wp:attachment":[{"href":"https:\/\/portaltela.pt\/api\/wp\/v2\/media?parent=172341"}],"wp:term":[{"taxonomy":"category","embeddable":true,"href":"https:\/\/portaltela.pt\/api\/wp\/v2\/categories?post=172341"},{"taxonomy":"post_tag","embeddable":true,"href":"https:\/\/portaltela.pt\/api\/wp\/v2\/tags?post=172341"}],"curies":[{"name":"wp","href":"https:\/\/api.w.org\/{rel}","templated":true}]}}