{"id":172316,"date":"2026-01-25T12:58:59","date_gmt":"2026-01-25T15:58:59","guid":{"rendered":"https:\/\/portaltela.pt\/noticias\/2026\/01\/25\/politicos-acumulam-duas-pensoes-vitalicias-2\/"},"modified":"2026-01-25T12:58:59","modified_gmt":"2026-01-25T15:58:59","slug":"politicos-acumulam-duas-pensoes-vitalicias-2","status":"publish","type":"post","link":"https:\/\/portaltela.pt\/noticias\/politica\/2026\/01\/25\/politicos-acumulam-duas-pensoes-vitalicias-2\/","title":{"rendered":"Pol\u00edticos acumulam duas pens\u00f5es vital\u00edcias"},"content":{"rendered":"<p>Pol\u00edticos acumulam duas pens\u00f5es vital\u00edcias, segundo o relat\u00f3rio divulgado. O ex-deputado Armando Vara recebe duas subven\u00e7\u00f5es mensais vital\u00edcias, totalizando 5729 euros por m\u00eas. A not\u00edcia explica que o exerc\u00edcio simult\u00e2neo de fun\u00e7\u00f5es de deputado e de governante confere o direito a ambas as pens\u00f5es. A situa\u00e7\u00e3o \u00e9 apresentada de forma factual, sem ju\u00edzos de valor.<\/p>\n<p>As informa\u00e7\u00f5es indicam que o acumulado resulta do conjunto de servi\u00e7os p\u00fablicos desempenhados ao longo da carreira. Vara \u00e9 referenciado como benefici\u00e1rio destas duas pens\u00f5es, cuja soma mensal \u00e9 de 5729 euros. N\u00e3o s\u00e3o avan\u00e7ados outros nomes ou detalhes adicionais no texto base.<\/p>\n<h3>Magistrados denunciam falhas nos tribunais<\/h3>\n<p>Os magistrados do Minist\u00e9rio P\u00fablico denunciam condi\u00e7\u00f5es aqu\u00e9m do desej\u00e1vel nos tribunais, segundo o relat\u00f3rio. Falhas de infraestrutura e recursos s\u00e3o apontadas como preocupa\u00e7\u00f5es centrais. A den\u00fancia foca a necessidade de melhorias para assegurar o funcionamento adequado do servi\u00e7o.<\/p>\n<h3>Barragens do Algarve acima da capacidade<\/h3>\n<p>O munic\u00edpio do Algarve reporta que algumas barragens est\u00e3o acima da capacidade devido \u00e0s chuvas recentes. Autoridades locais alertam para o risco de transbordo em determinadas fases. A situa\u00e7\u00e3o exige monitoriza\u00e7\u00e3o cont\u00ednua e medidas de mitiga\u00e7\u00e3o.<\/p>\n<h3>Neve, mas chuva persiste no pa\u00eds<\/h3>\n<p>Apesar da queda de neve, o tempo mant\u00e9m-se inst\u00e1vel com precipita\u00e7\u00e3o em v\u00e1rias regi\u00f5es. Meteorologistas est sinalizam que ainda h\u00e1 precipita\u00e7\u00e3o prevista em territ\u00f3rio nacional. As autoridades recomendam precau\u00e7\u00e3o aos viajantes.<\/p>\n<h3>Homem baleado durante a madrugada na Amadora<\/h3>\n<p>Durante a madrugada, um homem foi baleado na Amadora. N\u00e3o foram indicadas as motiva\u00e7\u00f5es nem o estado de sa\u00fade do ferido. As autoridades est\u00e3o a investigar as circunst\u00e2ncias do incidente.<\/p>\n","protected":false},"excerpt":{"rendered":"<ul>\n<li>Pol\u00edticos acumulam duas pens\u00f5es vital\u00edcias, correspondente ao exerc\u00edcio das fun\u00e7\u00f5es de deputado e de governante. Armando Vara recebe as duas pens\u00f5es, totalizando 5729 euros por m\u00eas.<\/li>\n<li>Magistrados do Minist\u00e9rio P\u00fablico denunciam falta de condi\u00e7\u00f5es nos tribunais.<\/li>\n<li>Barragens do Algarve est\u00e3o acima da capacidade devido \u00e0s chuvas.<\/li>\n<li>Neve d\u00e1 tr\u00e9guas, mas persiste chuva por todo o pa\u00eds.<\/li>\n<li>Homem baleado durante a madrugada na Amadora.<\/li>\n<\/ul>\n","protected":false},"author":2,"featured_media":172321,"comment_status":"closed","ping_status":"closed","sticky":false,"template":"","format":"standard","meta":{"footnotes":""},"categories":[1,5],"tags":[147,1615,2832,250,2185,939],"class_list":["post-172316","post","type-post","status-publish","format-standard","has-post-thumbnail","hentry","category-noticias","category-politica","tag-crime","tag-infraestrutura","tag-politica","tag-seguranca-publica","tag-subsidio-mensal-vitalicio","tag-violencia"],"yoast_head":"<!-- This site is optimized with the Yoast SEO plugin v27.2 - https:\/\/yoast.com\/product\/yoast-seo-wordpress\/ -->\n<title>Pol\u00edticos acumulam duas pens\u00f5es vital\u00edcias - Portal Tela Portugal<\/title>\n<meta name=\"robots\" content=\"index, follow, max-snippet:-1, max-image-preview:large, max-video-preview:-1\" \/>\n<meta property=\"og:locale\" content=\"pt_PT\" \/>\n<meta property=\"og:type\" content=\"article\" \/>\n<meta property=\"og:title\" content=\"Pol\u00edticos acumulam duas pens\u00f5es vital\u00edcias - Portal Tela Portugal\" \/>\n<meta property=\"og:description\" content=\"Pol\u00edticos acumulam duas pens\u00f5es vital\u00edcias, correspondente ao exerc\u00edcio das fun\u00e7\u00f5es de deputado e de governante. Armando Vara recebe as duas pens\u00f5es, totalizando 5729 euros por m\u00eas. Magistrados do Minist\u00e9rio P\u00fablico denunciam falta de condi\u00e7\u00f5es nos tribunais. Barragens do Algarve est\u00e3o acima da capacidade devido \u00e0s chuvas. Neve d\u00e1 tr\u00e9guas, mas persiste chuva por todo o pa\u00eds. Homem baleado durante a madrugada na Amadora.\" \/>\n<meta property=\"og:url\" content=\"https:\/\/portaltela.pt\/noticias\/2026\/01\/25\/politicos-acumulam-duas-pensoes-vitalicias-2\/\" \/>\n<meta property=\"og:site_name\" content=\"Portal Tela Portugal\" \/>\n<meta property=\"article:published_time\" content=\"2026-01-25T15:58:59+00:00\" \/>\n<meta name=\"author\" content=\"Telinha\" \/>\n<meta name=\"twitter:card\" content=\"summary_large_image\" \/>\n<meta name=\"twitter:label1\" content=\"Escrito por\" \/>\n\t<meta name=\"twitter:data1\" content=\"Telinha\" \/>\n\t<meta name=\"twitter:label2\" content=\"Tempo estimado de leitura\" \/>\n\t<meta name=\"twitter:data2\" content=\"2 minutos\" \/>\n<script type=\"application\/ld+json\" class=\"yoast-schema-graph\">{\"@context\":\"https:\/\/schema.org\",\"@graph\":[{\"@type\":\"Article\",\"@id\":\"https:\/\/portaltela.pt\/noticias\/2026\/01\/25\/politicos-acumulam-duas-pensoes-vitalicias-2\/#article\",\"isPartOf\":{\"@id\":\"https:\/\/portaltela.pt\/noticias\/2026\/01\/25\/politicos-acumulam-duas-pensoes-vitalicias-2\/\"},\"author\":{\"name\":\"Telinha\",\"@id\":\"https:\/\/portaltela.pt\/#\/schema\/person\/c4278d4a6028830caff9ee44b42d32ed\"},\"headline\":\"Pol\u00edticos acumulam duas pens\u00f5es vital\u00edcias\",\"datePublished\":\"2026-01-25T15:58:59+00:00\",\"mainEntityOfPage\":{\"@id\":\"https:\/\/portaltela.pt\/noticias\/2026\/01\/25\/politicos-acumulam-duas-pensoes-vitalicias-2\/\"},\"wordCount\":313,\"image\":{\"@id\":\"https:\/\/portaltela.pt\/noticias\/2026\/01\/25\/politicos-acumulam-duas-pensoes-vitalicias-2\/#primaryimage\"},\"thumbnailUrl\":\"https:\/\/portaltela.pt\/s.01k8rhncp4jt1\/2026\/01\/img_1280x722uu2023-02-04-18-46-32-1271772.jpg\",\"keywords\":[\"crime\",\"infraestrutura\",\"pol\u00edtica\",\"seguran\u00e7a p\u00fablica\",\"subs\u00eddio mensal vital\u00edcio\",\"viol\u00eancia\"],\"articleSection\":[\"Not\u00edcias\",\"Pol\u00edtica\"],\"inLanguage\":\"pt-PT\"},{\"@type\":\"WebPage\",\"@id\":\"https:\/\/portaltela.pt\/noticias\/2026\/01\/25\/politicos-acumulam-duas-pensoes-vitalicias-2\/\",\"url\":\"https:\/\/portaltela.pt\/noticias\/2026\/01\/25\/politicos-acumulam-duas-pensoes-vitalicias-2\/\",\"name\":\"Pol\u00edticos acumulam duas pens\u00f5es vital\u00edcias - Portal Tela Portugal\",\"isPartOf\":{\"@id\":\"https:\/\/portaltela.pt\/#website\"},\"primaryImageOfPage\":{\"@id\":\"https:\/\/portaltela.pt\/noticias\/2026\/01\/25\/politicos-acumulam-duas-pensoes-vitalicias-2\/#primaryimage\"},\"image\":{\"@id\":\"https:\/\/portaltela.pt\/noticias\/2026\/01\/25\/politicos-acumulam-duas-pensoes-vitalicias-2\/#primaryimage\"},\"thumbnailUrl\":\"https:\/\/portaltela.pt\/s.01k8rhncp4jt1\/2026\/01\/img_1280x722uu2023-02-04-18-46-32-1271772.jpg\",\"datePublished\":\"2026-01-25T15:58:59+00:00\",\"author\":{\"@id\":\"https:\/\/portaltela.pt\/#\/schema\/person\/c4278d4a6028830caff9ee44b42d32ed\"},\"breadcrumb\":{\"@id\":\"https:\/\/portaltela.pt\/noticias\/2026\/01\/25\/politicos-acumulam-duas-pensoes-vitalicias-2\/#breadcrumb\"},\"inLanguage\":\"pt-PT\",\"potentialAction\":[{\"@type\":\"ReadAction\",\"target\":[\"https:\/\/portaltela.pt\/noticias\/2026\/01\/25\/politicos-acumulam-duas-pensoes-vitalicias-2\/\"]}]},{\"@type\":\"ImageObject\",\"inLanguage\":\"pt-PT\",\"@id\":\"https:\/\/portaltela.pt\/noticias\/2026\/01\/25\/politicos-acumulam-duas-pensoes-vitalicias-2\/#primaryimage\",\"url\":\"https:\/\/portaltela.pt\/s.01k8rhncp4jt1\/2026\/01\/img_1280x722uu2023-02-04-18-46-32-1271772.jpg\",\"contentUrl\":\"https:\/\/portaltela.pt\/s.01k8rhncp4jt1\/2026\/01\/img_1280x722uu2023-02-04-18-46-32-1271772.jpg\",\"width\":796,\"height\":448,\"caption\":\"Pol\u00edticos acumulam duas pens\u00f5es vital\u00edcias\"},{\"@type\":\"BreadcrumbList\",\"@id\":\"https:\/\/portaltela.pt\/noticias\/2026\/01\/25\/politicos-acumulam-duas-pensoes-vitalicias-2\/#breadcrumb\",\"itemListElement\":[{\"@type\":\"ListItem\",\"position\":1,\"name\":\"In\u00edcio\",\"item\":\"https:\/\/portaltela.pt\/\"},{\"@type\":\"ListItem\",\"position\":2,\"name\":\"Pol\u00edticos acumulam duas pens\u00f5es vital\u00edcias\"}]},{\"@type\":\"WebSite\",\"@id\":\"https:\/\/portaltela.pt\/#website\",\"url\":\"https:\/\/portaltela.pt\/\",\"name\":\"Portal Tela Portugal\",\"description\":\"\",\"potentialAction\":[{\"@type\":\"SearchAction\",\"target\":{\"@type\":\"EntryPoint\",\"urlTemplate\":\"https:\/\/portaltela.pt\/?s={search_term_string}\"},\"query-input\":{\"@type\":\"PropertyValueSpecification\",\"valueRequired\":true,\"valueName\":\"search_term_string\"}}],\"inLanguage\":\"pt-PT\"},{\"@type\":\"Person\",\"@id\":\"https:\/\/portaltela.pt\/#\/schema\/person\/c4278d4a6028830caff9ee44b42d32ed\",\"name\":\"Telinha\",\"image\":{\"@type\":\"ImageObject\",\"inLanguage\":\"pt-PT\",\"@id\":\"https:\/\/portaltela.pt\/s.01k8rhncp4jt1\/2025\/11\/talking-bot-125x125.png\",\"url\":\"https:\/\/portaltela.pt\/s.01k8rhncp4jt1\/2025\/11\/talking-bot-125x125.png\",\"contentUrl\":\"https:\/\/portaltela.pt\/s.01k8rhncp4jt1\/2025\/11\/talking-bot-125x125.png\",\"caption\":\"Telinha\"},\"sameAs\":[\"https:\/\/portaltela.pt\/\"],\"url\":\"https:\/\/portaltela.pt\/por\/367410592786\/\"}]}<\/script>\n<!-- \/ Yoast SEO plugin. -->","yoast_head_json":{"title":"Pol\u00edticos acumulam duas pens\u00f5es vital\u00edcias - Portal Tela Portugal","robots":{"index":"index","follow":"follow","max-snippet":"max-snippet:-1","max-image-preview":"max-image-preview:large","max-video-preview":"max-video-preview:-1"},"og_locale":"pt_PT","og_type":"article","og_title":"Pol\u00edticos acumulam duas pens\u00f5es vital\u00edcias - Portal Tela Portugal","og_description":"Pol\u00edticos acumulam duas pens\u00f5es vital\u00edcias, correspondente ao exerc\u00edcio das fun\u00e7\u00f5es de deputado e de governante. Armando Vara recebe as duas pens\u00f5es, totalizando 5729 euros por m\u00eas. Magistrados do Minist\u00e9rio P\u00fablico denunciam falta de condi\u00e7\u00f5es nos tribunais. Barragens do Algarve est\u00e3o acima da capacidade devido \u00e0s chuvas. Neve d\u00e1 tr\u00e9guas, mas persiste chuva por todo o pa\u00eds. Homem baleado durante a madrugada na Amadora.","og_url":"https:\/\/portaltela.pt\/noticias\/2026\/01\/25\/politicos-acumulam-duas-pensoes-vitalicias-2\/","og_site_name":"Portal Tela Portugal","article_published_time":"2026-01-25T15:58:59+00:00","author":"Telinha","twitter_card":"summary_large_image","twitter_misc":{"Escrito por":"Telinha","Tempo estimado de leitura":"2 minutos"},"schema":{"@context":"https:\/\/schema.org","@graph":[{"@type":"Article","@id":"https:\/\/portaltela.pt\/noticias\/2026\/01\/25\/politicos-acumulam-duas-pensoes-vitalicias-2\/#article","isPartOf":{"@id":"https:\/\/portaltela.pt\/noticias\/2026\/01\/25\/politicos-acumulam-duas-pensoes-vitalicias-2\/"},"author":{"name":"Telinha","@id":"https:\/\/portaltela.pt\/#\/schema\/person\/c4278d4a6028830caff9ee44b42d32ed"},"headline":"Pol\u00edticos acumulam duas pens\u00f5es vital\u00edcias","datePublished":"2026-01-25T15:58:59+00:00","mainEntityOfPage":{"@id":"https:\/\/portaltela.pt\/noticias\/2026\/01\/25\/politicos-acumulam-duas-pensoes-vitalicias-2\/"},"wordCount":313,"image":{"@id":"https:\/\/portaltela.pt\/noticias\/2026\/01\/25\/politicos-acumulam-duas-pensoes-vitalicias-2\/#primaryimage"},"thumbnailUrl":"https:\/\/portaltela.pt\/s.01k8rhncp4jt1\/2026\/01\/img_1280x722uu2023-02-04-18-46-32-1271772.jpg","keywords":["crime","infraestrutura","pol\u00edtica","seguran\u00e7a p\u00fablica","subs\u00eddio mensal vital\u00edcio","viol\u00eancia"],"articleSection":["Not\u00edcias","Pol\u00edtica"],"inLanguage":"pt-PT"},{"@type":"WebPage","@id":"https:\/\/portaltela.pt\/noticias\/2026\/01\/25\/politicos-acumulam-duas-pensoes-vitalicias-2\/","url":"https:\/\/portaltela.pt\/noticias\/2026\/01\/25\/politicos-acumulam-duas-pensoes-vitalicias-2\/","name":"Pol\u00edticos acumulam duas pens\u00f5es vital\u00edcias - Portal Tela Portugal","isPartOf":{"@id":"https:\/\/portaltela.pt\/#website"},"primaryImageOfPage":{"@id":"https:\/\/portaltela.pt\/noticias\/2026\/01\/25\/politicos-acumulam-duas-pensoes-vitalicias-2\/#primaryimage"},"image":{"@id":"https:\/\/portaltela.pt\/noticias\/2026\/01\/25\/politicos-acumulam-duas-pensoes-vitalicias-2\/#primaryimage"},"thumbnailUrl":"https:\/\/portaltela.pt\/s.01k8rhncp4jt1\/2026\/01\/img_1280x722uu2023-02-04-18-46-32-1271772.jpg","datePublished":"2026-01-25T15:58:59+00:00","author":{"@id":"https:\/\/portaltela.pt\/#\/schema\/person\/c4278d4a6028830caff9ee44b42d32ed"},"breadcrumb":{"@id":"https:\/\/portaltela.pt\/noticias\/2026\/01\/25\/politicos-acumulam-duas-pensoes-vitalicias-2\/#breadcrumb"},"inLanguage":"pt-PT","potentialAction":[{"@type":"ReadAction","target":["https:\/\/portaltela.pt\/noticias\/2026\/01\/25\/politicos-acumulam-duas-pensoes-vitalicias-2\/"]}]},{"@type":"ImageObject","inLanguage":"pt-PT","@id":"https:\/\/portaltela.pt\/noticias\/2026\/01\/25\/politicos-acumulam-duas-pensoes-vitalicias-2\/#primaryimage","url":"https:\/\/portaltela.pt\/s.01k8rhncp4jt1\/2026\/01\/img_1280x722uu2023-02-04-18-46-32-1271772.jpg","contentUrl":"https:\/\/portaltela.pt\/s.01k8rhncp4jt1\/2026\/01\/img_1280x722uu2023-02-04-18-46-32-1271772.jpg","width":796,"height":448,"caption":"Pol\u00edticos acumulam duas pens\u00f5es vital\u00edcias"},{"@type":"BreadcrumbList","@id":"https:\/\/portaltela.pt\/noticias\/2026\/01\/25\/politicos-acumulam-duas-pensoes-vitalicias-2\/#breadcrumb","itemListElement":[{"@type":"ListItem","position":1,"name":"In\u00edcio","item":"https:\/\/portaltela.pt\/"},{"@type":"ListItem","position":2,"name":"Pol\u00edticos acumulam duas pens\u00f5es vital\u00edcias"}]},{"@type":"WebSite","@id":"https:\/\/portaltela.pt\/#website","url":"https:\/\/portaltela.pt\/","name":"Portal Tela Portugal","description":"","potentialAction":[{"@type":"SearchAction","target":{"@type":"EntryPoint","urlTemplate":"https:\/\/portaltela.pt\/?s={search_term_string}"},"query-input":{"@type":"PropertyValueSpecification","valueRequired":true,"valueName":"search_term_string"}}],"inLanguage":"pt-PT"},{"@type":"Person","@id":"https:\/\/portaltela.pt\/#\/schema\/person\/c4278d4a6028830caff9ee44b42d32ed","name":"Telinha","image":{"@type":"ImageObject","inLanguage":"pt-PT","@id":"https:\/\/portaltela.pt\/s.01k8rhncp4jt1\/2025\/11\/talking-bot-125x125.png","url":"https:\/\/portaltela.pt\/s.01k8rhncp4jt1\/2025\/11\/talking-bot-125x125.png","contentUrl":"https:\/\/portaltela.pt\/s.01k8rhncp4jt1\/2025\/11\/talking-bot-125x125.png","caption":"Telinha"},"sameAs":["https:\/\/portaltela.pt\/"],"url":"https:\/\/portaltela.pt\/por\/367410592786\/"}]}},"_links":{"self":[{"href":"https:\/\/portaltela.pt\/api\/wp\/v2\/posts\/172316","targetHints":{"allow":["GET"]}}],"collection":[{"href":"https:\/\/portaltela.pt\/api\/wp\/v2\/posts"}],"about":[{"href":"https:\/\/portaltela.pt\/api\/wp\/v2\/types\/post"}],"author":[{"embeddable":true,"href":"https:\/\/portaltela.pt\/api\/wp\/v2\/users\/2"}],"replies":[{"embeddable":true,"href":"https:\/\/portaltela.pt\/api\/wp\/v2\/comments?post=172316"}],"version-history":[{"count":0,"href":"https:\/\/portaltela.pt\/api\/wp\/v2\/posts\/172316\/revisions"}],"wp:featuredmedia":[{"embeddable":true,"href":"https:\/\/portaltela.pt\/api\/wp\/v2\/media\/172321"}],"wp:attachment":[{"href":"https:\/\/portaltela.pt\/api\/wp\/v2\/media?parent=172316"}],"wp:term":[{"taxonomy":"category","embeddable":true,"href":"https:\/\/portaltela.pt\/api\/wp\/v2\/categories?post=172316"},{"taxonomy":"post_tag","embeddable":true,"href":"https:\/\/portaltela.pt\/api\/wp\/v2\/tags?post=172316"}],"curies":[{"name":"wp","href":"https:\/\/api.w.org\/{rel}","templated":true}]}}