{"id":172281,"date":"2026-01-25T12:29:00","date_gmt":"2026-01-25T15:29:00","guid":{"rendered":"https:\/\/portaltela.pt\/noticias\/2026\/01\/25\/alvo-resink-lesionou-se-no-jogo-groningen-benfica\/"},"modified":"2026-01-25T12:29:00","modified_gmt":"2026-01-25T15:29:00","slug":"alvo-resink-lesionou-se-no-jogo-groningen-benfica","status":"publish","type":"post","link":"https:\/\/portaltela.pt\/desporto\/futebol\/2026\/01\/25\/alvo-resink-lesionou-se-no-jogo-groningen-benfica\/","title":{"rendered":"Alvo Resink lesionou-se no jogo Groningen-Benfica"},"content":{"rendered":"<p>O Groningen empatou com o Fortuna Sittard, mas a not\u00edcia ficou marcada pela les\u00e3o de Stije Resink. O m\u00e9dio direito lesionou o tornozelo esquerdo durante o encontro e teve de ser substitu\u00eddo aos 57 minutos. O capit\u00e3o saiu a coxear, ap\u00f3s ter visto cart\u00e3o amarelo aos 25 minutos.<\/p>\n<p>A gravidade do problema ainda n\u00e3o foi confirmada. Mesmo assim, o t\u00e9cnico do Groningen, Dick Lukkien, deixou claro que a situa\u00e7\u00e3o pode impactar o pr\u00f3ximo jogo contra o Sparta de Roterd\u00e3o. Resink tem 22 anos e n\u00e3o dever\u00e1 sombrio de manter-se dispon\u00edvel.<\/p>\n<p>Na Holanda circulam rumores de uma poss\u00edvel despedida. Mesmo que recupere a tempo, a dire\u00e7\u00e3o pode optar por transferir o jogador nesta janela. O contrato prev\u00ea uma cl\u00e1usula de sa\u00edda no ver\u00e3o por cerca de 6 milh\u00f5es de euros, tornando o neg\u00f3cio atrativo para v\u00e1rios clubes.<\/p>\n<p>Al\u00e9m do Benfica, que segue o seu percurso de empr\u00e9stimo, Resink \u00e9 alvo de equipas como Ajax e Feyenoord, segundo informa\u00e7\u00f5es de mercado. O treinador negou qualquer conversa direta entre Jos\u00e9 Mourinho e o jogador, classificando as not\u00edcias como falsas.<\/p>\n<p>O Groningen, quinto classificado, pode ainda lucrar com uma venda. O clube reconhece a possibilidade de encaixe financeiro com a sa\u00edda do jogador, que tem contrato com cl\u00e1usula de resid\u00eancia de mercado. A dire\u00e7\u00e3o mant\u00e9m a posi\u00e7\u00e3o de avaliar propostas vindas da imprensa e do mercado.<\/p>\n","protected":false},"excerpt":{"rendered":"<ul>\n<li>O m\u00e9dio Stije Resink lesionou o tornozelo esquerdo durante Groningen-Fortuna Sittard, com a substitution aos 57 minutos.<\/li>\n<li>O capit\u00e3o do Groningen saiu a coxear ap\u00f3s ver o cart\u00e3o amarelo aos 25 minutos e pode falhar o pr\u00f3ximo jogo com o Sparta de Roterd\u00e3o.<\/li>\n<li>Mesmo dispon\u00edvel, o duelo de hoje pode ter sido o \u00faltimo ao servi\u00e7o do Groningen, face a um poss\u00edvel castigo e a uma poss\u00edvel transfer\u00eancia.<\/li>\n<li>Resink, de 22 anos, \u00e9 cobi\u00e7ado por clubes como o Benfica, Ajax e Feyenoord, o que pode representar encaixe financeiro para o Groningen.<\/li>\n<li>O treinador Dick Lukkien negou qualquer conversa por videochamado entre Jos\u00e9 Mourinho e Resink; o clube pode avan\u00e7ar com a transfer\u00eancia na reta final de mercado por uma cl\u00e1usula de sa\u00edda por cerca de 6 milh\u00f5es de euros.<\/li>\n<\/ul>\n","protected":false},"author":2,"featured_media":172289,"comment_status":"closed","ping_status":"closed","sticky":false,"template":"","format":"standard","meta":{"footnotes":""},"categories":[21,24],"tags":[1714,1946,4233,2538,50,2050],"class_list":["post-172281","post","type-post","status-publish","format-standard","has-post-thumbnail","hentry","category-desporto","category-futebol","tag-ajax","tag-benfica","tag-feyenoord","tag-lesoes","tag-mercado-da-bola","tag-transferencias"],"yoast_head":"<!-- This site is optimized with the Yoast SEO plugin v27.2 - https:\/\/yoast.com\/product\/yoast-seo-wordpress\/ -->\n<title>Alvo Resink lesionou-se no jogo Groningen-Benfica - Portal Tela Portugal<\/title>\n<meta name=\"robots\" content=\"index, follow, max-snippet:-1, max-image-preview:large, max-video-preview:-1\" \/>\n<meta property=\"og:locale\" content=\"pt_PT\" \/>\n<meta property=\"og:type\" content=\"article\" \/>\n<meta property=\"og:title\" content=\"Alvo Resink lesionou-se no jogo Groningen-Benfica - Portal Tela Portugal\" \/>\n<meta property=\"og:description\" content=\"O m\u00e9dio Stije Resink lesionou o tornozelo esquerdo durante Groningen-Fortuna Sittard, com a substitution aos 57 minutos. O capit\u00e3o do Groningen saiu a coxear ap\u00f3s ver o cart\u00e3o amarelo aos 25 minutos e pode falhar o pr\u00f3ximo jogo com o Sparta de Roterd\u00e3o. Mesmo dispon\u00edvel, o duelo de hoje pode ter sido o \u00faltimo ao servi\u00e7o do Groningen, face a um poss\u00edvel castigo e a uma poss\u00edvel transfer\u00eancia. Resink, de 22 anos, \u00e9 cobi\u00e7ado por clubes como o Benfica, Ajax e Feyenoord, o que pode representar encaixe financeiro para o Groningen. O treinador Dick Lukkien negou qualquer conversa por videochamado entre Jos\u00e9 Mourinho e Resink; o clube pode avan\u00e7ar com a transfer\u00eancia na reta final de mercado por uma cl\u00e1usula de sa\u00edda por cerca de 6 milh\u00f5es de euros.\" \/>\n<meta property=\"og:url\" content=\"https:\/\/portaltela.pt\/noticias\/2026\/01\/25\/alvo-resink-lesionou-se-no-jogo-groningen-benfica\/\" \/>\n<meta property=\"og:site_name\" content=\"Portal Tela Portugal\" \/>\n<meta property=\"article:published_time\" content=\"2026-01-25T15:29:00+00:00\" \/>\n<meta name=\"author\" content=\"Telinha\" \/>\n<meta name=\"twitter:card\" content=\"summary_large_image\" \/>\n<meta name=\"twitter:label1\" content=\"Escrito por\" \/>\n\t<meta name=\"twitter:data1\" content=\"Telinha\" \/>\n\t<meta name=\"twitter:label2\" content=\"Tempo estimado de leitura\" \/>\n\t<meta name=\"twitter:data2\" content=\"1 minuto\" \/>\n<script type=\"application\/ld+json\" class=\"yoast-schema-graph\">{\"@context\":\"https:\/\/schema.org\",\"@graph\":[{\"@type\":\"Article\",\"@id\":\"https:\/\/portaltela.pt\/noticias\/2026\/01\/25\/alvo-resink-lesionou-se-no-jogo-groningen-benfica\/#article\",\"isPartOf\":{\"@id\":\"https:\/\/portaltela.pt\/noticias\/2026\/01\/25\/alvo-resink-lesionou-se-no-jogo-groningen-benfica\/\"},\"author\":{\"name\":\"Telinha\",\"@id\":\"https:\/\/portaltela.pt\/#\/schema\/person\/c4278d4a6028830caff9ee44b42d32ed\"},\"headline\":\"Alvo Resink lesionou-se no jogo Groningen-Benfica\",\"datePublished\":\"2026-01-25T15:29:00+00:00\",\"mainEntityOfPage\":{\"@id\":\"https:\/\/portaltela.pt\/noticias\/2026\/01\/25\/alvo-resink-lesionou-se-no-jogo-groningen-benfica\/\"},\"wordCount\":255,\"image\":{\"@id\":\"https:\/\/portaltela.pt\/noticias\/2026\/01\/25\/alvo-resink-lesionou-se-no-jogo-groningen-benfica\/#primaryimage\"},\"thumbnailUrl\":\"https:\/\/portaltela.pt\/s.01k8rhncp4jt1\/2026\/01\/img_1200x721uu2026-01-25-15-44-03-2417244.jpg\",\"keywords\":[\"Ajax\",\"Benfica\",\"Feyenoord\",\"les\u00f5es\",\"mercado da bola\",\"transfer\u00eancias\"],\"articleSection\":[\"Desporto\",\"Futebol\"],\"inLanguage\":\"pt-PT\"},{\"@type\":\"WebPage\",\"@id\":\"https:\/\/portaltela.pt\/noticias\/2026\/01\/25\/alvo-resink-lesionou-se-no-jogo-groningen-benfica\/\",\"url\":\"https:\/\/portaltela.pt\/noticias\/2026\/01\/25\/alvo-resink-lesionou-se-no-jogo-groningen-benfica\/\",\"name\":\"Alvo Resink lesionou-se no jogo Groningen-Benfica - Portal Tela Portugal\",\"isPartOf\":{\"@id\":\"https:\/\/portaltela.pt\/#website\"},\"primaryImageOfPage\":{\"@id\":\"https:\/\/portaltela.pt\/noticias\/2026\/01\/25\/alvo-resink-lesionou-se-no-jogo-groningen-benfica\/#primaryimage\"},\"image\":{\"@id\":\"https:\/\/portaltela.pt\/noticias\/2026\/01\/25\/alvo-resink-lesionou-se-no-jogo-groningen-benfica\/#primaryimage\"},\"thumbnailUrl\":\"https:\/\/portaltela.pt\/s.01k8rhncp4jt1\/2026\/01\/img_1200x721uu2026-01-25-15-44-03-2417244.jpg\",\"datePublished\":\"2026-01-25T15:29:00+00:00\",\"author\":{\"@id\":\"https:\/\/portaltela.pt\/#\/schema\/person\/c4278d4a6028830caff9ee44b42d32ed\"},\"breadcrumb\":{\"@id\":\"https:\/\/portaltela.pt\/noticias\/2026\/01\/25\/alvo-resink-lesionou-se-no-jogo-groningen-benfica\/#breadcrumb\"},\"inLanguage\":\"pt-PT\",\"potentialAction\":[{\"@type\":\"ReadAction\",\"target\":[\"https:\/\/portaltela.pt\/noticias\/2026\/01\/25\/alvo-resink-lesionou-se-no-jogo-groningen-benfica\/\"]}]},{\"@type\":\"ImageObject\",\"inLanguage\":\"pt-PT\",\"@id\":\"https:\/\/portaltela.pt\/noticias\/2026\/01\/25\/alvo-resink-lesionou-se-no-jogo-groningen-benfica\/#primaryimage\",\"url\":\"https:\/\/portaltela.pt\/s.01k8rhncp4jt1\/2026\/01\/img_1200x721uu2026-01-25-15-44-03-2417244.jpg\",\"contentUrl\":\"https:\/\/portaltela.pt\/s.01k8rhncp4jt1\/2026\/01\/img_1200x721uu2026-01-25-15-44-03-2417244.jpg\",\"width\":796,\"height\":448,\"caption\":\"Resink deitado no relvado ap\u00f3s lesionar-se\"},{\"@type\":\"BreadcrumbList\",\"@id\":\"https:\/\/portaltela.pt\/noticias\/2026\/01\/25\/alvo-resink-lesionou-se-no-jogo-groningen-benfica\/#breadcrumb\",\"itemListElement\":[{\"@type\":\"ListItem\",\"position\":1,\"name\":\"In\u00edcio\",\"item\":\"https:\/\/portaltela.pt\/\"},{\"@type\":\"ListItem\",\"position\":2,\"name\":\"Alvo Resink lesionou-se no jogo Groningen-Benfica\"}]},{\"@type\":\"WebSite\",\"@id\":\"https:\/\/portaltela.pt\/#website\",\"url\":\"https:\/\/portaltela.pt\/\",\"name\":\"Portal Tela Portugal\",\"description\":\"\",\"potentialAction\":[{\"@type\":\"SearchAction\",\"target\":{\"@type\":\"EntryPoint\",\"urlTemplate\":\"https:\/\/portaltela.pt\/?s={search_term_string}\"},\"query-input\":{\"@type\":\"PropertyValueSpecification\",\"valueRequired\":true,\"valueName\":\"search_term_string\"}}],\"inLanguage\":\"pt-PT\"},{\"@type\":\"Person\",\"@id\":\"https:\/\/portaltela.pt\/#\/schema\/person\/c4278d4a6028830caff9ee44b42d32ed\",\"name\":\"Telinha\",\"image\":{\"@type\":\"ImageObject\",\"inLanguage\":\"pt-PT\",\"@id\":\"https:\/\/portaltela.pt\/s.01k8rhncp4jt1\/2025\/11\/talking-bot-125x125.png\",\"url\":\"https:\/\/portaltela.pt\/s.01k8rhncp4jt1\/2025\/11\/talking-bot-125x125.png\",\"contentUrl\":\"https:\/\/portaltela.pt\/s.01k8rhncp4jt1\/2025\/11\/talking-bot-125x125.png\",\"caption\":\"Telinha\"},\"sameAs\":[\"https:\/\/portaltela.pt\/\"],\"url\":\"https:\/\/portaltela.pt\/por\/367410592786\/\"}]}<\/script>\n<!-- \/ Yoast SEO plugin. -->","yoast_head_json":{"title":"Alvo Resink lesionou-se no jogo Groningen-Benfica - Portal Tela Portugal","robots":{"index":"index","follow":"follow","max-snippet":"max-snippet:-1","max-image-preview":"max-image-preview:large","max-video-preview":"max-video-preview:-1"},"og_locale":"pt_PT","og_type":"article","og_title":"Alvo Resink lesionou-se no jogo Groningen-Benfica - Portal Tela Portugal","og_description":"O m\u00e9dio Stije Resink lesionou o tornozelo esquerdo durante Groningen-Fortuna Sittard, com a substitution aos 57 minutos. O capit\u00e3o do Groningen saiu a coxear ap\u00f3s ver o cart\u00e3o amarelo aos 25 minutos e pode falhar o pr\u00f3ximo jogo com o Sparta de Roterd\u00e3o. Mesmo dispon\u00edvel, o duelo de hoje pode ter sido o \u00faltimo ao servi\u00e7o do Groningen, face a um poss\u00edvel castigo e a uma poss\u00edvel transfer\u00eancia. Resink, de 22 anos, \u00e9 cobi\u00e7ado por clubes como o Benfica, Ajax e Feyenoord, o que pode representar encaixe financeiro para o Groningen. O treinador Dick Lukkien negou qualquer conversa por videochamado entre Jos\u00e9 Mourinho e Resink; o clube pode avan\u00e7ar com a transfer\u00eancia na reta final de mercado por uma cl\u00e1usula de sa\u00edda por cerca de 6 milh\u00f5es de euros.","og_url":"https:\/\/portaltela.pt\/noticias\/2026\/01\/25\/alvo-resink-lesionou-se-no-jogo-groningen-benfica\/","og_site_name":"Portal Tela Portugal","article_published_time":"2026-01-25T15:29:00+00:00","author":"Telinha","twitter_card":"summary_large_image","twitter_misc":{"Escrito por":"Telinha","Tempo estimado de leitura":"1 minuto"},"schema":{"@context":"https:\/\/schema.org","@graph":[{"@type":"Article","@id":"https:\/\/portaltela.pt\/noticias\/2026\/01\/25\/alvo-resink-lesionou-se-no-jogo-groningen-benfica\/#article","isPartOf":{"@id":"https:\/\/portaltela.pt\/noticias\/2026\/01\/25\/alvo-resink-lesionou-se-no-jogo-groningen-benfica\/"},"author":{"name":"Telinha","@id":"https:\/\/portaltela.pt\/#\/schema\/person\/c4278d4a6028830caff9ee44b42d32ed"},"headline":"Alvo Resink lesionou-se no jogo Groningen-Benfica","datePublished":"2026-01-25T15:29:00+00:00","mainEntityOfPage":{"@id":"https:\/\/portaltela.pt\/noticias\/2026\/01\/25\/alvo-resink-lesionou-se-no-jogo-groningen-benfica\/"},"wordCount":255,"image":{"@id":"https:\/\/portaltela.pt\/noticias\/2026\/01\/25\/alvo-resink-lesionou-se-no-jogo-groningen-benfica\/#primaryimage"},"thumbnailUrl":"https:\/\/portaltela.pt\/s.01k8rhncp4jt1\/2026\/01\/img_1200x721uu2026-01-25-15-44-03-2417244.jpg","keywords":["Ajax","Benfica","Feyenoord","les\u00f5es","mercado da bola","transfer\u00eancias"],"articleSection":["Desporto","Futebol"],"inLanguage":"pt-PT"},{"@type":"WebPage","@id":"https:\/\/portaltela.pt\/noticias\/2026\/01\/25\/alvo-resink-lesionou-se-no-jogo-groningen-benfica\/","url":"https:\/\/portaltela.pt\/noticias\/2026\/01\/25\/alvo-resink-lesionou-se-no-jogo-groningen-benfica\/","name":"Alvo Resink lesionou-se no jogo Groningen-Benfica - Portal Tela Portugal","isPartOf":{"@id":"https:\/\/portaltela.pt\/#website"},"primaryImageOfPage":{"@id":"https:\/\/portaltela.pt\/noticias\/2026\/01\/25\/alvo-resink-lesionou-se-no-jogo-groningen-benfica\/#primaryimage"},"image":{"@id":"https:\/\/portaltela.pt\/noticias\/2026\/01\/25\/alvo-resink-lesionou-se-no-jogo-groningen-benfica\/#primaryimage"},"thumbnailUrl":"https:\/\/portaltela.pt\/s.01k8rhncp4jt1\/2026\/01\/img_1200x721uu2026-01-25-15-44-03-2417244.jpg","datePublished":"2026-01-25T15:29:00+00:00","author":{"@id":"https:\/\/portaltela.pt\/#\/schema\/person\/c4278d4a6028830caff9ee44b42d32ed"},"breadcrumb":{"@id":"https:\/\/portaltela.pt\/noticias\/2026\/01\/25\/alvo-resink-lesionou-se-no-jogo-groningen-benfica\/#breadcrumb"},"inLanguage":"pt-PT","potentialAction":[{"@type":"ReadAction","target":["https:\/\/portaltela.pt\/noticias\/2026\/01\/25\/alvo-resink-lesionou-se-no-jogo-groningen-benfica\/"]}]},{"@type":"ImageObject","inLanguage":"pt-PT","@id":"https:\/\/portaltela.pt\/noticias\/2026\/01\/25\/alvo-resink-lesionou-se-no-jogo-groningen-benfica\/#primaryimage","url":"https:\/\/portaltela.pt\/s.01k8rhncp4jt1\/2026\/01\/img_1200x721uu2026-01-25-15-44-03-2417244.jpg","contentUrl":"https:\/\/portaltela.pt\/s.01k8rhncp4jt1\/2026\/01\/img_1200x721uu2026-01-25-15-44-03-2417244.jpg","width":796,"height":448,"caption":"Resink deitado no relvado ap\u00f3s lesionar-se"},{"@type":"BreadcrumbList","@id":"https:\/\/portaltela.pt\/noticias\/2026\/01\/25\/alvo-resink-lesionou-se-no-jogo-groningen-benfica\/#breadcrumb","itemListElement":[{"@type":"ListItem","position":1,"name":"In\u00edcio","item":"https:\/\/portaltela.pt\/"},{"@type":"ListItem","position":2,"name":"Alvo Resink lesionou-se no jogo Groningen-Benfica"}]},{"@type":"WebSite","@id":"https:\/\/portaltela.pt\/#website","url":"https:\/\/portaltela.pt\/","name":"Portal Tela Portugal","description":"","potentialAction":[{"@type":"SearchAction","target":{"@type":"EntryPoint","urlTemplate":"https:\/\/portaltela.pt\/?s={search_term_string}"},"query-input":{"@type":"PropertyValueSpecification","valueRequired":true,"valueName":"search_term_string"}}],"inLanguage":"pt-PT"},{"@type":"Person","@id":"https:\/\/portaltela.pt\/#\/schema\/person\/c4278d4a6028830caff9ee44b42d32ed","name":"Telinha","image":{"@type":"ImageObject","inLanguage":"pt-PT","@id":"https:\/\/portaltela.pt\/s.01k8rhncp4jt1\/2025\/11\/talking-bot-125x125.png","url":"https:\/\/portaltela.pt\/s.01k8rhncp4jt1\/2025\/11\/talking-bot-125x125.png","contentUrl":"https:\/\/portaltela.pt\/s.01k8rhncp4jt1\/2025\/11\/talking-bot-125x125.png","caption":"Telinha"},"sameAs":["https:\/\/portaltela.pt\/"],"url":"https:\/\/portaltela.pt\/por\/367410592786\/"}]}},"_links":{"self":[{"href":"https:\/\/portaltela.pt\/api\/wp\/v2\/posts\/172281","targetHints":{"allow":["GET"]}}],"collection":[{"href":"https:\/\/portaltela.pt\/api\/wp\/v2\/posts"}],"about":[{"href":"https:\/\/portaltela.pt\/api\/wp\/v2\/types\/post"}],"author":[{"embeddable":true,"href":"https:\/\/portaltela.pt\/api\/wp\/v2\/users\/2"}],"replies":[{"embeddable":true,"href":"https:\/\/portaltela.pt\/api\/wp\/v2\/comments?post=172281"}],"version-history":[{"count":0,"href":"https:\/\/portaltela.pt\/api\/wp\/v2\/posts\/172281\/revisions"}],"wp:featuredmedia":[{"embeddable":true,"href":"https:\/\/portaltela.pt\/api\/wp\/v2\/media\/172289"}],"wp:attachment":[{"href":"https:\/\/portaltela.pt\/api\/wp\/v2\/media?parent=172281"}],"wp:term":[{"taxonomy":"category","embeddable":true,"href":"https:\/\/portaltela.pt\/api\/wp\/v2\/categories?post=172281"},{"taxonomy":"post_tag","embeddable":true,"href":"https:\/\/portaltela.pt\/api\/wp\/v2\/tags?post=172281"}],"curies":[{"name":"wp","href":"https:\/\/api.w.org\/{rel}","templated":true}]}}