{"id":172241,"date":"2026-01-25T12:05:00","date_gmt":"2026-01-25T15:05:00","guid":{"rendered":"https:\/\/portaltela.pt\/noticias\/2026\/01\/25\/nao-dizer-nao-chores-a-uma-crianca-com-dor-efeitos-emocionais\/"},"modified":"2026-01-25T12:05:00","modified_gmt":"2026-01-25T15:05:00","slug":"nao-dizer-nao-chores-a-uma-crianca-com-dor-efeitos-emocionais","status":"publish","type":"post","link":"https:\/\/portaltela.pt\/noticias\/2026\/01\/25\/nao-dizer-nao-chores-a-uma-crianca-com-dor-efeitos-emocionais\/","title":{"rendered":"N\u00e3o dizer &#8220;n\u00e3o chores&#8221; a uma crian\u00e7a com dor: efeitos emocionais"},"content":{"rendered":"<p>Pediatra com forma\u00e7\u00e3o em cuidados intensivos, Clara Abadesso dedica-se a prevenir e tratar a dor infantil, uma \u00e1rea ainda pouco valorizada, segundo a profissional. O foco \u00e9 reduzir o sofrimento de beb\u00e9s, crian\u00e7as e adolescentes em contextos cl\u00ednicos.<\/p>\n<p>A entrevistada trabalha na Unidade de Cuidados Intensivos Pedi\u00e1tricos do Hospital Professor Doutor Fernando Fonseca, na Amadora. O objetivo \u00e9 alinhar pr\u00e1tica cl\u00ednica com evid\u00eancia e vencer o fosso entre o que sabemos e o que \u00e9 aplicado.<\/p>\n<p>Abadesso destaca que a dor infantil n\u00e3o \u00e9 mera exce\u00e7\u00e3o, mas direito b\u00e1sico dos pacientes. A medicina tem evolu\u00eddo, mas a implementa\u00e7\u00e3o pr\u00e1tica varia entre servi\u00e7os de sa\u00fade e regi\u00f5es, afetando o cuidado de crian\u00e7as com dor.<\/p>\n<h3>Kit sem dor<\/h3>\n<p>No hospital existe o chamado \u201cKit sem dor\u201d, composto por livros, bolas de sab\u00e3o, jogos e brinquedos, usados para distrair a crian\u00e7a antes de procedimentos. \u00d3culos de realidade virtual tamb\u00e9m integram a lista, com planos para ampliar o equipamento.<\/p>\n<p>O material \u00e9 adquirido sem financiamento espec\u00edfico; a equipa angaria fundos ou paga com recursos pr\u00f3prios. A pr\u00e1tica visa reduzir a ansiedade associada a procedimentos como colheita de sangue ou vacina\u00e7\u00e3o.<\/p>\n<p>A avalia\u00e7\u00e3o da dor \u00e9 fundamental. Em crian\u00e7as que comunicam, utiliza-se uma escala de express\u00e3o facial; em quem n\u00e3o comunica, profissionais observam sinais como express\u00e3o, posi\u00e7\u00e3o corporal, batimentos e respira\u00e7\u00e3o para medir o desconforto.<\/p>\n<h3>Dor e sofrimento dos pais<\/h3>\n<p>Abadesso sublinha que cada caso de dor infantil envolve tamb\u00e9m os pais, que sofrem junto com a crian\u00e7a. A estrat\u00e9gia passa por tranquilizar e explicar que toda a interven\u00e7\u00e3o procurar\u00e1 controlar a dor do filho com rigor.<\/p>\n<p>A pediatra descreve a motiva\u00e7\u00e3o de forma pr\u00e1tica: distrair a crian\u00e7a e manter o colo dos pais durante procedimentos pode reduzir a dor e o trauma, al\u00e9m de melhorar a coopera\u00e7\u00e3o da crian\u00e7a.<\/p>\n<h3>Experi\u00eancias e mudan\u00e7as<\/h3>\n<p>A m\u00e9dica recorda momentos de forma\u00e7\u00e3o e viv\u00eancias internacionais que influenciaram a pr\u00e1tica. Conta ter criado, em 2010, um n\u00facleo contra a dor no departamento de Pediatria para promover a gest\u00e3o da dor na pr\u00e1tica cl\u00ednica.<\/p>\n<p>Abadesso assinala que a dor n\u00e3o se resume a um sintoma isolado. Medidas n\u00e3o farmacol\u00f3gicas, como respira\u00e7\u00e3o orientada, apoio dos pais e uso de distra\u00e7\u00e3o, devem acompanhar a analgesia quando necess\u00e1ria.<\/p>\n<p>A publica\u00e7\u00e3o tamb\u00e9m aborda casos graves, como a drepanocitose, que requerem uso de analg\u00e9sicos potentes, incluindo opioides, sob protocolos que garantam seguran\u00e7a. O objetivo \u00e9 evitar subutiliza\u00e7\u00e3o de recursos existentes.<\/p>\n<h3>Conclus\u00f5es e perspetivas<\/h3>\n<p>A especialista defende que as interven\u00e7\u00f5es para prevenir e tratar a dor devem ser padr\u00e3o em sa\u00fade pedi\u00e1trica, n\u00e3o exce\u00e7\u00e3o. O desafio \u00e9 ultrapassar resist\u00eancias culturais e organizacionais que atrasam a pr\u00e1tica recomendada.<\/p>\n","protected":false},"excerpt":{"rendered":"<ul>\n<li>A pediatra Clara Abadesso trabalha na Unidade de Cuidados Intensivos Pedi\u00e1tricos do Hospital Fernando Fonseca e defende tratar a dor infantil, que considera ainda negligenciada.<\/li>\n<li>No hospital existe o \u201cKit sem dor\u201d, com distrac\u00e7\u00e3o, livros, jogos, bolhas de sab\u00e3o e realidade virtual, para reduzir o desconforto durante procedimentos; o material \u00e9 adquirido com apoio institucional ou privado.<\/li>\n<li>A dor infantil deve ser avaliada de forma sistem\u00e1tica, usando escalas apropriadas e observando sinais n\u00e3o verbais; t\u00e9cnicas de distra\u00e7\u00e3o e apoio dos pais ajudam a minimizar o sofrimento.<\/li>\n<li>A dor em crian\u00e7as pode gerar mem\u00f3rias traum\u00e1ticas; \u00e9 fundamental uma abordagem multidisciplinar e o uso adequado de analgesia, incluindo opioides quando necess\u00e1rios, seguindo protocolos.<\/li>\n<li>\u00c9 necess\u00e1rio mudar a cultura e as pr\u00e1ticas em servi\u00e7os de sa\u00fade para aplicar de forma sistem\u00e1tica as estrat\u00e9gias de preven\u00e7\u00e3o e controlo da dor, em urg\u00eancia, enfermaria e unidades de grande fragilidade.<\/li>\n<\/ul>\n","protected":false},"author":2,"featured_media":172242,"comment_status":"closed","ping_status":"closed","sticky":false,"template":"","format":"standard","meta":{"footnotes":""},"categories":[1],"tags":[1439,3140,64,633,210,1403],"class_list":["post-172241","post","type-post","status-publish","format-standard","has-post-thumbnail","hentry","category-noticias","tag-amadora","tag-cuidados-intensivos","tag-familia","tag-hospital","tag-pais","tag-pediatria"],"yoast_head":"<!-- This site is optimized with the Yoast SEO plugin v27.2 - https:\/\/yoast.com\/product\/yoast-seo-wordpress\/ -->\n<title>N\u00e3o dizer &quot;n\u00e3o chores&quot; a uma crian\u00e7a com dor: efeitos emocionais - Portal Tela Portugal<\/title>\n<meta name=\"robots\" content=\"index, follow, max-snippet:-1, max-image-preview:large, max-video-preview:-1\" \/>\n<meta property=\"og:locale\" content=\"pt_PT\" \/>\n<meta property=\"og:type\" content=\"article\" \/>\n<meta property=\"og:title\" content=\"N\u00e3o dizer &quot;n\u00e3o chores&quot; a uma crian\u00e7a com dor: efeitos emocionais - Portal Tela Portugal\" \/>\n<meta property=\"og:description\" content=\"A pediatra Clara Abadesso trabalha na Unidade de Cuidados Intensivos Pedi\u00e1tricos do Hospital Fernando Fonseca e defende tratar a dor infantil, que considera ainda negligenciada. No hospital existe o \u201cKit sem dor\u201d, com distrac\u00e7\u00e3o, livros, jogos, bolhas de sab\u00e3o e realidade virtual, para reduzir o desconforto durante procedimentos; o material \u00e9 adquirido com apoio institucional ou privado. A dor infantil deve ser avaliada de forma sistem\u00e1tica, usando escalas apropriadas e observando sinais n\u00e3o verbais; t\u00e9cnicas de distra\u00e7\u00e3o e apoio dos pais ajudam a minimizar o sofrimento. A dor em crian\u00e7as pode gerar mem\u00f3rias traum\u00e1ticas; \u00e9 fundamental uma abordagem multidisciplinar e o uso adequado de analgesia, incluindo opioides quando necess\u00e1rios, seguindo protocolos. \u00c9 necess\u00e1rio mudar a cultura e as pr\u00e1ticas em servi\u00e7os de sa\u00fade para aplicar de forma sistem\u00e1tica as estrat\u00e9gias de preven\u00e7\u00e3o e controlo da dor, em urg\u00eancia, enfermaria e unidades de grande fragilidade.\" \/>\n<meta property=\"og:url\" content=\"https:\/\/portaltela.pt\/noticias\/2026\/01\/25\/nao-dizer-nao-chores-a-uma-crianca-com-dor-efeitos-emocionais\/\" \/>\n<meta property=\"og:site_name\" content=\"Portal Tela Portugal\" \/>\n<meta property=\"article:published_time\" content=\"2026-01-25T15:05:00+00:00\" \/>\n<meta name=\"author\" content=\"Telinha\" \/>\n<meta name=\"twitter:card\" content=\"summary_large_image\" \/>\n<meta name=\"twitter:label1\" content=\"Escrito por\" \/>\n\t<meta name=\"twitter:data1\" content=\"Telinha\" \/>\n\t<meta name=\"twitter:label2\" content=\"Tempo estimado de leitura\" \/>\n\t<meta name=\"twitter:data2\" content=\"2 minutos\" \/>\n<script type=\"application\/ld+json\" class=\"yoast-schema-graph\">{\"@context\":\"https:\/\/schema.org\",\"@graph\":[{\"@type\":\"Article\",\"@id\":\"https:\/\/portaltela.pt\/noticias\/2026\/01\/25\/nao-dizer-nao-chores-a-uma-crianca-com-dor-efeitos-emocionais\/#article\",\"isPartOf\":{\"@id\":\"https:\/\/portaltela.pt\/noticias\/2026\/01\/25\/nao-dizer-nao-chores-a-uma-crianca-com-dor-efeitos-emocionais\/\"},\"author\":{\"name\":\"Telinha\",\"@id\":\"https:\/\/portaltela.pt\/#\/schema\/person\/c4278d4a6028830caff9ee44b42d32ed\"},\"headline\":\"N\u00e3o dizer &#8220;n\u00e3o chores&#8221; a uma crian\u00e7a com dor: efeitos emocionais\",\"datePublished\":\"2026-01-25T15:05:00+00:00\",\"mainEntityOfPage\":{\"@id\":\"https:\/\/portaltela.pt\/noticias\/2026\/01\/25\/nao-dizer-nao-chores-a-uma-crianca-com-dor-efeitos-emocionais\/\"},\"wordCount\":508,\"image\":{\"@id\":\"https:\/\/portaltela.pt\/noticias\/2026\/01\/25\/nao-dizer-nao-chores-a-uma-crianca-com-dor-efeitos-emocionais\/#primaryimage\"},\"thumbnailUrl\":\"https:\/\/portaltela.pt\/s.01k8rhncp4jt1\/2026\/01\/ts154a3017.jpg\",\"keywords\":[\"Amadora\",\"cuidados intensivos\",\"fam\u00edlia\",\"hospital\",\"pais\",\"Pediatria\"],\"articleSection\":[\"Not\u00edcias\"],\"inLanguage\":\"pt-PT\"},{\"@type\":\"WebPage\",\"@id\":\"https:\/\/portaltela.pt\/noticias\/2026\/01\/25\/nao-dizer-nao-chores-a-uma-crianca-com-dor-efeitos-emocionais\/\",\"url\":\"https:\/\/portaltela.pt\/noticias\/2026\/01\/25\/nao-dizer-nao-chores-a-uma-crianca-com-dor-efeitos-emocionais\/\",\"name\":\"N\u00e3o dizer \\\"n\u00e3o chores\\\" a uma crian\u00e7a com dor: efeitos emocionais - Portal Tela Portugal\",\"isPartOf\":{\"@id\":\"https:\/\/portaltela.pt\/#website\"},\"primaryImageOfPage\":{\"@id\":\"https:\/\/portaltela.pt\/noticias\/2026\/01\/25\/nao-dizer-nao-chores-a-uma-crianca-com-dor-efeitos-emocionais\/#primaryimage\"},\"image\":{\"@id\":\"https:\/\/portaltela.pt\/noticias\/2026\/01\/25\/nao-dizer-nao-chores-a-uma-crianca-com-dor-efeitos-emocionais\/#primaryimage\"},\"thumbnailUrl\":\"https:\/\/portaltela.pt\/s.01k8rhncp4jt1\/2026\/01\/ts154a3017.jpg\",\"datePublished\":\"2026-01-25T15:05:00+00:00\",\"author\":{\"@id\":\"https:\/\/portaltela.pt\/#\/schema\/person\/c4278d4a6028830caff9ee44b42d32ed\"},\"breadcrumb\":{\"@id\":\"https:\/\/portaltela.pt\/noticias\/2026\/01\/25\/nao-dizer-nao-chores-a-uma-crianca-com-dor-efeitos-emocionais\/#breadcrumb\"},\"inLanguage\":\"pt-PT\",\"potentialAction\":[{\"@type\":\"ReadAction\",\"target\":[\"https:\/\/portaltela.pt\/noticias\/2026\/01\/25\/nao-dizer-nao-chores-a-uma-crianca-com-dor-efeitos-emocionais\/\"]}]},{\"@type\":\"ImageObject\",\"inLanguage\":\"pt-PT\",\"@id\":\"https:\/\/portaltela.pt\/noticias\/2026\/01\/25\/nao-dizer-nao-chores-a-uma-crianca-com-dor-efeitos-emocionais\/#primaryimage\",\"url\":\"https:\/\/portaltela.pt\/s.01k8rhncp4jt1\/2026\/01\/ts154a3017.jpg\",\"contentUrl\":\"https:\/\/portaltela.pt\/s.01k8rhncp4jt1\/2026\/01\/ts154a3017.jpg\",\"width\":796,\"height\":448,\"caption\":\"Ainda n\u00e3o \u00e9 considerado priorit\u00e1rio ter materiais que permitam distrair uma crian\u00e7a da dor e ansiedade dos procedimentos. Eu entendo que \u00e9 t\u00e3o priorit\u00e1rio como ter paracetamol\"},{\"@type\":\"BreadcrumbList\",\"@id\":\"https:\/\/portaltela.pt\/noticias\/2026\/01\/25\/nao-dizer-nao-chores-a-uma-crianca-com-dor-efeitos-emocionais\/#breadcrumb\",\"itemListElement\":[{\"@type\":\"ListItem\",\"position\":1,\"name\":\"In\u00edcio\",\"item\":\"https:\/\/portaltela.pt\/\"},{\"@type\":\"ListItem\",\"position\":2,\"name\":\"N\u00e3o dizer &#8220;n\u00e3o chores&#8221; a uma crian\u00e7a com dor: efeitos emocionais\"}]},{\"@type\":\"WebSite\",\"@id\":\"https:\/\/portaltela.pt\/#website\",\"url\":\"https:\/\/portaltela.pt\/\",\"name\":\"Portal Tela Portugal\",\"description\":\"\",\"potentialAction\":[{\"@type\":\"SearchAction\",\"target\":{\"@type\":\"EntryPoint\",\"urlTemplate\":\"https:\/\/portaltela.pt\/?s={search_term_string}\"},\"query-input\":{\"@type\":\"PropertyValueSpecification\",\"valueRequired\":true,\"valueName\":\"search_term_string\"}}],\"inLanguage\":\"pt-PT\"},{\"@type\":\"Person\",\"@id\":\"https:\/\/portaltela.pt\/#\/schema\/person\/c4278d4a6028830caff9ee44b42d32ed\",\"name\":\"Telinha\",\"image\":{\"@type\":\"ImageObject\",\"inLanguage\":\"pt-PT\",\"@id\":\"https:\/\/portaltela.pt\/s.01k8rhncp4jt1\/2025\/11\/talking-bot-125x125.png\",\"url\":\"https:\/\/portaltela.pt\/s.01k8rhncp4jt1\/2025\/11\/talking-bot-125x125.png\",\"contentUrl\":\"https:\/\/portaltela.pt\/s.01k8rhncp4jt1\/2025\/11\/talking-bot-125x125.png\",\"caption\":\"Telinha\"},\"sameAs\":[\"https:\/\/portaltela.pt\/\"],\"url\":\"https:\/\/portaltela.pt\/por\/367410592786\/\"}]}<\/script>\n<!-- \/ Yoast SEO plugin. -->","yoast_head_json":{"title":"N\u00e3o dizer \"n\u00e3o chores\" a uma crian\u00e7a com dor: efeitos emocionais - Portal Tela Portugal","robots":{"index":"index","follow":"follow","max-snippet":"max-snippet:-1","max-image-preview":"max-image-preview:large","max-video-preview":"max-video-preview:-1"},"og_locale":"pt_PT","og_type":"article","og_title":"N\u00e3o dizer \"n\u00e3o chores\" a uma crian\u00e7a com dor: efeitos emocionais - Portal Tela Portugal","og_description":"A pediatra Clara Abadesso trabalha na Unidade de Cuidados Intensivos Pedi\u00e1tricos do Hospital Fernando Fonseca e defende tratar a dor infantil, que considera ainda negligenciada. No hospital existe o \u201cKit sem dor\u201d, com distrac\u00e7\u00e3o, livros, jogos, bolhas de sab\u00e3o e realidade virtual, para reduzir o desconforto durante procedimentos; o material \u00e9 adquirido com apoio institucional ou privado. A dor infantil deve ser avaliada de forma sistem\u00e1tica, usando escalas apropriadas e observando sinais n\u00e3o verbais; t\u00e9cnicas de distra\u00e7\u00e3o e apoio dos pais ajudam a minimizar o sofrimento. A dor em crian\u00e7as pode gerar mem\u00f3rias traum\u00e1ticas; \u00e9 fundamental uma abordagem multidisciplinar e o uso adequado de analgesia, incluindo opioides quando necess\u00e1rios, seguindo protocolos. \u00c9 necess\u00e1rio mudar a cultura e as pr\u00e1ticas em servi\u00e7os de sa\u00fade para aplicar de forma sistem\u00e1tica as estrat\u00e9gias de preven\u00e7\u00e3o e controlo da dor, em urg\u00eancia, enfermaria e unidades de grande fragilidade.","og_url":"https:\/\/portaltela.pt\/noticias\/2026\/01\/25\/nao-dizer-nao-chores-a-uma-crianca-com-dor-efeitos-emocionais\/","og_site_name":"Portal Tela Portugal","article_published_time":"2026-01-25T15:05:00+00:00","author":"Telinha","twitter_card":"summary_large_image","twitter_misc":{"Escrito por":"Telinha","Tempo estimado de leitura":"2 minutos"},"schema":{"@context":"https:\/\/schema.org","@graph":[{"@type":"Article","@id":"https:\/\/portaltela.pt\/noticias\/2026\/01\/25\/nao-dizer-nao-chores-a-uma-crianca-com-dor-efeitos-emocionais\/#article","isPartOf":{"@id":"https:\/\/portaltela.pt\/noticias\/2026\/01\/25\/nao-dizer-nao-chores-a-uma-crianca-com-dor-efeitos-emocionais\/"},"author":{"name":"Telinha","@id":"https:\/\/portaltela.pt\/#\/schema\/person\/c4278d4a6028830caff9ee44b42d32ed"},"headline":"N\u00e3o dizer &#8220;n\u00e3o chores&#8221; a uma crian\u00e7a com dor: efeitos emocionais","datePublished":"2026-01-25T15:05:00+00:00","mainEntityOfPage":{"@id":"https:\/\/portaltela.pt\/noticias\/2026\/01\/25\/nao-dizer-nao-chores-a-uma-crianca-com-dor-efeitos-emocionais\/"},"wordCount":508,"image":{"@id":"https:\/\/portaltela.pt\/noticias\/2026\/01\/25\/nao-dizer-nao-chores-a-uma-crianca-com-dor-efeitos-emocionais\/#primaryimage"},"thumbnailUrl":"https:\/\/portaltela.pt\/s.01k8rhncp4jt1\/2026\/01\/ts154a3017.jpg","keywords":["Amadora","cuidados intensivos","fam\u00edlia","hospital","pais","Pediatria"],"articleSection":["Not\u00edcias"],"inLanguage":"pt-PT"},{"@type":"WebPage","@id":"https:\/\/portaltela.pt\/noticias\/2026\/01\/25\/nao-dizer-nao-chores-a-uma-crianca-com-dor-efeitos-emocionais\/","url":"https:\/\/portaltela.pt\/noticias\/2026\/01\/25\/nao-dizer-nao-chores-a-uma-crianca-com-dor-efeitos-emocionais\/","name":"N\u00e3o dizer \"n\u00e3o chores\" a uma crian\u00e7a com dor: efeitos emocionais - Portal Tela Portugal","isPartOf":{"@id":"https:\/\/portaltela.pt\/#website"},"primaryImageOfPage":{"@id":"https:\/\/portaltela.pt\/noticias\/2026\/01\/25\/nao-dizer-nao-chores-a-uma-crianca-com-dor-efeitos-emocionais\/#primaryimage"},"image":{"@id":"https:\/\/portaltela.pt\/noticias\/2026\/01\/25\/nao-dizer-nao-chores-a-uma-crianca-com-dor-efeitos-emocionais\/#primaryimage"},"thumbnailUrl":"https:\/\/portaltela.pt\/s.01k8rhncp4jt1\/2026\/01\/ts154a3017.jpg","datePublished":"2026-01-25T15:05:00+00:00","author":{"@id":"https:\/\/portaltela.pt\/#\/schema\/person\/c4278d4a6028830caff9ee44b42d32ed"},"breadcrumb":{"@id":"https:\/\/portaltela.pt\/noticias\/2026\/01\/25\/nao-dizer-nao-chores-a-uma-crianca-com-dor-efeitos-emocionais\/#breadcrumb"},"inLanguage":"pt-PT","potentialAction":[{"@type":"ReadAction","target":["https:\/\/portaltela.pt\/noticias\/2026\/01\/25\/nao-dizer-nao-chores-a-uma-crianca-com-dor-efeitos-emocionais\/"]}]},{"@type":"ImageObject","inLanguage":"pt-PT","@id":"https:\/\/portaltela.pt\/noticias\/2026\/01\/25\/nao-dizer-nao-chores-a-uma-crianca-com-dor-efeitos-emocionais\/#primaryimage","url":"https:\/\/portaltela.pt\/s.01k8rhncp4jt1\/2026\/01\/ts154a3017.jpg","contentUrl":"https:\/\/portaltela.pt\/s.01k8rhncp4jt1\/2026\/01\/ts154a3017.jpg","width":796,"height":448,"caption":"Ainda n\u00e3o \u00e9 considerado priorit\u00e1rio ter materiais que permitam distrair uma crian\u00e7a da dor e ansiedade dos procedimentos. Eu entendo que \u00e9 t\u00e3o priorit\u00e1rio como ter paracetamol"},{"@type":"BreadcrumbList","@id":"https:\/\/portaltela.pt\/noticias\/2026\/01\/25\/nao-dizer-nao-chores-a-uma-crianca-com-dor-efeitos-emocionais\/#breadcrumb","itemListElement":[{"@type":"ListItem","position":1,"name":"In\u00edcio","item":"https:\/\/portaltela.pt\/"},{"@type":"ListItem","position":2,"name":"N\u00e3o dizer &#8220;n\u00e3o chores&#8221; a uma crian\u00e7a com dor: efeitos emocionais"}]},{"@type":"WebSite","@id":"https:\/\/portaltela.pt\/#website","url":"https:\/\/portaltela.pt\/","name":"Portal Tela Portugal","description":"","potentialAction":[{"@type":"SearchAction","target":{"@type":"EntryPoint","urlTemplate":"https:\/\/portaltela.pt\/?s={search_term_string}"},"query-input":{"@type":"PropertyValueSpecification","valueRequired":true,"valueName":"search_term_string"}}],"inLanguage":"pt-PT"},{"@type":"Person","@id":"https:\/\/portaltela.pt\/#\/schema\/person\/c4278d4a6028830caff9ee44b42d32ed","name":"Telinha","image":{"@type":"ImageObject","inLanguage":"pt-PT","@id":"https:\/\/portaltela.pt\/s.01k8rhncp4jt1\/2025\/11\/talking-bot-125x125.png","url":"https:\/\/portaltela.pt\/s.01k8rhncp4jt1\/2025\/11\/talking-bot-125x125.png","contentUrl":"https:\/\/portaltela.pt\/s.01k8rhncp4jt1\/2025\/11\/talking-bot-125x125.png","caption":"Telinha"},"sameAs":["https:\/\/portaltela.pt\/"],"url":"https:\/\/portaltela.pt\/por\/367410592786\/"}]}},"_links":{"self":[{"href":"https:\/\/portaltela.pt\/api\/wp\/v2\/posts\/172241","targetHints":{"allow":["GET"]}}],"collection":[{"href":"https:\/\/portaltela.pt\/api\/wp\/v2\/posts"}],"about":[{"href":"https:\/\/portaltela.pt\/api\/wp\/v2\/types\/post"}],"author":[{"embeddable":true,"href":"https:\/\/portaltela.pt\/api\/wp\/v2\/users\/2"}],"replies":[{"embeddable":true,"href":"https:\/\/portaltela.pt\/api\/wp\/v2\/comments?post=172241"}],"version-history":[{"count":0,"href":"https:\/\/portaltela.pt\/api\/wp\/v2\/posts\/172241\/revisions"}],"wp:featuredmedia":[{"embeddable":true,"href":"https:\/\/portaltela.pt\/api\/wp\/v2\/media\/172242"}],"wp:attachment":[{"href":"https:\/\/portaltela.pt\/api\/wp\/v2\/media?parent=172241"}],"wp:term":[{"taxonomy":"category","embeddable":true,"href":"https:\/\/portaltela.pt\/api\/wp\/v2\/categories?post=172241"},{"taxonomy":"post_tag","embeddable":true,"href":"https:\/\/portaltela.pt\/api\/wp\/v2\/tags?post=172241"}],"curies":[{"name":"wp","href":"https:\/\/api.w.org\/{rel}","templated":true}]}}