{"id":172231,"date":"2026-01-25T11:46:00","date_gmt":"2026-01-25T14:46:00","guid":{"rendered":"https:\/\/portaltela.pt\/noticias\/2026\/01\/25\/al-hilal-quer-pavlidis-contactou-representantes-do-avancado-do-benfica\/"},"modified":"2026-01-25T11:46:00","modified_gmt":"2026-01-25T14:46:00","slug":"al-hilal-quer-pavlidis-contactou-representantes-do-avancado-do-benfica","status":"publish","type":"post","link":"https:\/\/portaltela.pt\/desporto\/futebol\/2026\/01\/25\/al-hilal-quer-pavlidis-contactou-representantes-do-avancado-do-benfica\/","title":{"rendered":"Al Hilal quer Pavlidis; contactou representantes do avan\u00e7ado do Benfica"},"content":{"rendered":"<p>O Al Hilal est\u00e1 interessado em Pavlidis e j\u00e1 contactou os representantes do avan\u00e7ado do Benfica. A informa\u00e7\u00e3o foi veiculada neste domingo pelo jornalista belga Sacha Tavolieri. O objetivo \u00e9 perceber o interesse do jogador em rumar \u00e0 Ar\u00e1bia Saudita.<\/p>\n<p>Segundo Tavolieri, o Al Hilal ainda n\u00e3o contactou o Benfica, mas procurou saber junto dos representantes se o internacional grego pretende mudar de ares. Pavlidis n\u00e3o se op\u00f5e \u00e0 hip\u00f3tese, mas existe uma dist\u00e2ncia entre a oferta e as exig\u00eancias.<\/p>\n<p>Nesta temporada, Pavlidis soma 24 golos e 3 assist\u00eancias em 35 jogos. O grego transferiu-se para o Benfica no ver\u00e3o de 2023\/24, vindo do AZ Alkmaar, por 17 milh\u00f5es de euros, e tem contrato com os encarnados at\u00e9 2029.<\/p>\n<h3>Situa\u00e7\u00e3o em curso<\/h3>\n<p>At\u00e9 ao momento n\u00e3o houve confirma\u00e7\u00e3o oficial por parte do Benfica nem de Pavlidis sobre o interesse do Al Hilal. O tema mant\u00e9m-se em an\u00e1lise, sem novos desenvolvimentos p\u00fablicos sobre valores ou prazos de decis\u00e3o.<\/p>\n","protected":false},"excerpt":{"rendered":"<ul>\n<li>O Al Hilal est\u00e1 interessado em Pavlidis e j\u00e1 contactou os representantes do avan\u00e7ado do Benfica.<\/li>\n<li>O clube saudita ainda n\u00e3o falou diretamente com o Benfica, apenas sondou se o internacional grego tem interesse numa mudan\u00e7a para a Ar\u00e1bia Saudita.<\/li>\n<li>Pavlidis n\u00e3o se op\u00f5e \u00e0 possibilidade, mas existe ainda uma dist\u00e2ncia entre a proposta e as exig\u00eancias do jogador.<\/li>\n<li>Nesta \u00e9poca, o grego soma 24 golos e 3 assist\u00eancias em 35 jogos; foi contratado ao AZ Alkmaar por 17 milh\u00f5es de euros e tem contrato com o Benfica at\u00e9 2029.<\/li>\n<\/ul>\n","protected":false},"author":2,"featured_media":172234,"comment_status":"closed","ping_status":"closed","sticky":false,"template":"","format":"standard","meta":{"footnotes":""},"categories":[21,24],"tags":[1231,1946,32,3338,50,2050],"class_list":["post-172231","post","type-post","status-publish","format-standard","has-post-thumbnail","hentry","category-desporto","category-futebol","tag-az-alkmaar","tag-benfica","tag-futebol","tag-futebol-internacional","tag-mercado-da-bola","tag-transferencias"],"yoast_head":"<!-- This site is optimized with the Yoast SEO plugin v27.2 - https:\/\/yoast.com\/product\/yoast-seo-wordpress\/ -->\n<title>Al Hilal quer Pavlidis; contactou representantes do avan\u00e7ado do Benfica - Portal Tela Portugal<\/title>\n<meta name=\"robots\" content=\"index, follow, max-snippet:-1, max-image-preview:large, max-video-preview:-1\" \/>\n<meta property=\"og:locale\" content=\"pt_PT\" \/>\n<meta property=\"og:type\" content=\"article\" \/>\n<meta property=\"og:title\" content=\"Al Hilal quer Pavlidis; contactou representantes do avan\u00e7ado do Benfica - Portal Tela Portugal\" \/>\n<meta property=\"og:description\" content=\"O Al Hilal est\u00e1 interessado em Pavlidis e j\u00e1 contactou os representantes do avan\u00e7ado do Benfica. O clube saudita ainda n\u00e3o falou diretamente com o Benfica, apenas sondou se o internacional grego tem interesse numa mudan\u00e7a para a Ar\u00e1bia Saudita. Pavlidis n\u00e3o se op\u00f5e \u00e0 possibilidade, mas existe ainda uma dist\u00e2ncia entre a proposta e as exig\u00eancias do jogador. Nesta \u00e9poca, o grego soma 24 golos e 3 assist\u00eancias em 35 jogos; foi contratado ao AZ Alkmaar por 17 milh\u00f5es de euros e tem contrato com o Benfica at\u00e9 2029.\" \/>\n<meta property=\"og:url\" content=\"https:\/\/portaltela.pt\/noticias\/2026\/01\/25\/al-hilal-quer-pavlidis-contactou-representantes-do-avancado-do-benfica\/\" \/>\n<meta property=\"og:site_name\" content=\"Portal Tela Portugal\" \/>\n<meta property=\"article:published_time\" content=\"2026-01-25T14:46:00+00:00\" \/>\n<meta name=\"author\" content=\"Telinha\" \/>\n<meta name=\"twitter:card\" content=\"summary_large_image\" \/>\n<meta name=\"twitter:label1\" content=\"Escrito por\" \/>\n\t<meta name=\"twitter:data1\" content=\"Telinha\" \/>\n\t<meta name=\"twitter:label2\" content=\"Tempo estimado de leitura\" \/>\n\t<meta name=\"twitter:data2\" content=\"1 minuto\" \/>\n<script type=\"application\/ld+json\" class=\"yoast-schema-graph\">{\"@context\":\"https:\/\/schema.org\",\"@graph\":[{\"@type\":\"Article\",\"@id\":\"https:\/\/portaltela.pt\/noticias\/2026\/01\/25\/al-hilal-quer-pavlidis-contactou-representantes-do-avancado-do-benfica\/#article\",\"isPartOf\":{\"@id\":\"https:\/\/portaltela.pt\/noticias\/2026\/01\/25\/al-hilal-quer-pavlidis-contactou-representantes-do-avancado-do-benfica\/\"},\"author\":{\"name\":\"Telinha\",\"@id\":\"https:\/\/portaltela.pt\/#\/schema\/person\/c4278d4a6028830caff9ee44b42d32ed\"},\"headline\":\"Al Hilal quer Pavlidis; contactou representantes do avan\u00e7ado do Benfica\",\"datePublished\":\"2026-01-25T14:46:00+00:00\",\"mainEntityOfPage\":{\"@id\":\"https:\/\/portaltela.pt\/noticias\/2026\/01\/25\/al-hilal-quer-pavlidis-contactou-representantes-do-avancado-do-benfica\/\"},\"wordCount\":178,\"image\":{\"@id\":\"https:\/\/portaltela.pt\/noticias\/2026\/01\/25\/al-hilal-quer-pavlidis-contactou-representantes-do-avancado-do-benfica\/#primaryimage\"},\"thumbnailUrl\":\"https:\/\/portaltela.pt\/s.01k8rhncp4jt1\/2026\/01\/img_920x518uu2026-01-07-22-26-53-2413439-im-639049493311725601-1.jpg\",\"keywords\":[\"AZ Alkmaar\",\"Benfica\",\"futebol\",\"futebol internacional\",\"mercado da bola\",\"transfer\u00eancias\"],\"articleSection\":[\"Desporto\",\"Futebol\"],\"inLanguage\":\"pt-PT\"},{\"@type\":\"WebPage\",\"@id\":\"https:\/\/portaltela.pt\/noticias\/2026\/01\/25\/al-hilal-quer-pavlidis-contactou-representantes-do-avancado-do-benfica\/\",\"url\":\"https:\/\/portaltela.pt\/noticias\/2026\/01\/25\/al-hilal-quer-pavlidis-contactou-representantes-do-avancado-do-benfica\/\",\"name\":\"Al Hilal quer Pavlidis; contactou representantes do avan\u00e7ado do Benfica - Portal Tela Portugal\",\"isPartOf\":{\"@id\":\"https:\/\/portaltela.pt\/#website\"},\"primaryImageOfPage\":{\"@id\":\"https:\/\/portaltela.pt\/noticias\/2026\/01\/25\/al-hilal-quer-pavlidis-contactou-representantes-do-avancado-do-benfica\/#primaryimage\"},\"image\":{\"@id\":\"https:\/\/portaltela.pt\/noticias\/2026\/01\/25\/al-hilal-quer-pavlidis-contactou-representantes-do-avancado-do-benfica\/#primaryimage\"},\"thumbnailUrl\":\"https:\/\/portaltela.pt\/s.01k8rhncp4jt1\/2026\/01\/img_920x518uu2026-01-07-22-26-53-2413439-im-639049493311725601-1.jpg\",\"datePublished\":\"2026-01-25T14:46:00+00:00\",\"author\":{\"@id\":\"https:\/\/portaltela.pt\/#\/schema\/person\/c4278d4a6028830caff9ee44b42d32ed\"},\"breadcrumb\":{\"@id\":\"https:\/\/portaltela.pt\/noticias\/2026\/01\/25\/al-hilal-quer-pavlidis-contactou-representantes-do-avancado-do-benfica\/#breadcrumb\"},\"inLanguage\":\"pt-PT\",\"potentialAction\":[{\"@type\":\"ReadAction\",\"target\":[\"https:\/\/portaltela.pt\/noticias\/2026\/01\/25\/al-hilal-quer-pavlidis-contactou-representantes-do-avancado-do-benfica\/\"]}]},{\"@type\":\"ImageObject\",\"inLanguage\":\"pt-PT\",\"@id\":\"https:\/\/portaltela.pt\/noticias\/2026\/01\/25\/al-hilal-quer-pavlidis-contactou-representantes-do-avancado-do-benfica\/#primaryimage\",\"url\":\"https:\/\/portaltela.pt\/s.01k8rhncp4jt1\/2026\/01\/img_920x518uu2026-01-07-22-26-53-2413439-im-639049493311725601-1.jpg\",\"contentUrl\":\"https:\/\/portaltela.pt\/s.01k8rhncp4jt1\/2026\/01\/img_920x518uu2026-01-07-22-26-53-2413439-im-639049493311725601-1.jpg\",\"width\":796,\"height\":448,\"caption\":\"Pavlidis\"},{\"@type\":\"BreadcrumbList\",\"@id\":\"https:\/\/portaltela.pt\/noticias\/2026\/01\/25\/al-hilal-quer-pavlidis-contactou-representantes-do-avancado-do-benfica\/#breadcrumb\",\"itemListElement\":[{\"@type\":\"ListItem\",\"position\":1,\"name\":\"In\u00edcio\",\"item\":\"https:\/\/portaltela.pt\/\"},{\"@type\":\"ListItem\",\"position\":2,\"name\":\"Al Hilal quer Pavlidis; contactou representantes do avan\u00e7ado do Benfica\"}]},{\"@type\":\"WebSite\",\"@id\":\"https:\/\/portaltela.pt\/#website\",\"url\":\"https:\/\/portaltela.pt\/\",\"name\":\"Portal Tela Portugal\",\"description\":\"\",\"potentialAction\":[{\"@type\":\"SearchAction\",\"target\":{\"@type\":\"EntryPoint\",\"urlTemplate\":\"https:\/\/portaltela.pt\/?s={search_term_string}\"},\"query-input\":{\"@type\":\"PropertyValueSpecification\",\"valueRequired\":true,\"valueName\":\"search_term_string\"}}],\"inLanguage\":\"pt-PT\"},{\"@type\":\"Person\",\"@id\":\"https:\/\/portaltela.pt\/#\/schema\/person\/c4278d4a6028830caff9ee44b42d32ed\",\"name\":\"Telinha\",\"image\":{\"@type\":\"ImageObject\",\"inLanguage\":\"pt-PT\",\"@id\":\"https:\/\/portaltela.pt\/s.01k8rhncp4jt1\/2025\/11\/talking-bot-125x125.png\",\"url\":\"https:\/\/portaltela.pt\/s.01k8rhncp4jt1\/2025\/11\/talking-bot-125x125.png\",\"contentUrl\":\"https:\/\/portaltela.pt\/s.01k8rhncp4jt1\/2025\/11\/talking-bot-125x125.png\",\"caption\":\"Telinha\"},\"sameAs\":[\"https:\/\/portaltela.pt\/\"],\"url\":\"https:\/\/portaltela.pt\/por\/367410592786\/\"}]}<\/script>\n<!-- \/ Yoast SEO plugin. -->","yoast_head_json":{"title":"Al Hilal quer Pavlidis; contactou representantes do avan\u00e7ado do Benfica - Portal Tela Portugal","robots":{"index":"index","follow":"follow","max-snippet":"max-snippet:-1","max-image-preview":"max-image-preview:large","max-video-preview":"max-video-preview:-1"},"og_locale":"pt_PT","og_type":"article","og_title":"Al Hilal quer Pavlidis; contactou representantes do avan\u00e7ado do Benfica - Portal Tela Portugal","og_description":"O Al Hilal est\u00e1 interessado em Pavlidis e j\u00e1 contactou os representantes do avan\u00e7ado do Benfica. O clube saudita ainda n\u00e3o falou diretamente com o Benfica, apenas sondou se o internacional grego tem interesse numa mudan\u00e7a para a Ar\u00e1bia Saudita. Pavlidis n\u00e3o se op\u00f5e \u00e0 possibilidade, mas existe ainda uma dist\u00e2ncia entre a proposta e as exig\u00eancias do jogador. Nesta \u00e9poca, o grego soma 24 golos e 3 assist\u00eancias em 35 jogos; foi contratado ao AZ Alkmaar por 17 milh\u00f5es de euros e tem contrato com o Benfica at\u00e9 2029.","og_url":"https:\/\/portaltela.pt\/noticias\/2026\/01\/25\/al-hilal-quer-pavlidis-contactou-representantes-do-avancado-do-benfica\/","og_site_name":"Portal Tela Portugal","article_published_time":"2026-01-25T14:46:00+00:00","author":"Telinha","twitter_card":"summary_large_image","twitter_misc":{"Escrito por":"Telinha","Tempo estimado de leitura":"1 minuto"},"schema":{"@context":"https:\/\/schema.org","@graph":[{"@type":"Article","@id":"https:\/\/portaltela.pt\/noticias\/2026\/01\/25\/al-hilal-quer-pavlidis-contactou-representantes-do-avancado-do-benfica\/#article","isPartOf":{"@id":"https:\/\/portaltela.pt\/noticias\/2026\/01\/25\/al-hilal-quer-pavlidis-contactou-representantes-do-avancado-do-benfica\/"},"author":{"name":"Telinha","@id":"https:\/\/portaltela.pt\/#\/schema\/person\/c4278d4a6028830caff9ee44b42d32ed"},"headline":"Al Hilal quer Pavlidis; contactou representantes do avan\u00e7ado do Benfica","datePublished":"2026-01-25T14:46:00+00:00","mainEntityOfPage":{"@id":"https:\/\/portaltela.pt\/noticias\/2026\/01\/25\/al-hilal-quer-pavlidis-contactou-representantes-do-avancado-do-benfica\/"},"wordCount":178,"image":{"@id":"https:\/\/portaltela.pt\/noticias\/2026\/01\/25\/al-hilal-quer-pavlidis-contactou-representantes-do-avancado-do-benfica\/#primaryimage"},"thumbnailUrl":"https:\/\/portaltela.pt\/s.01k8rhncp4jt1\/2026\/01\/img_920x518uu2026-01-07-22-26-53-2413439-im-639049493311725601-1.jpg","keywords":["AZ Alkmaar","Benfica","futebol","futebol internacional","mercado da bola","transfer\u00eancias"],"articleSection":["Desporto","Futebol"],"inLanguage":"pt-PT"},{"@type":"WebPage","@id":"https:\/\/portaltela.pt\/noticias\/2026\/01\/25\/al-hilal-quer-pavlidis-contactou-representantes-do-avancado-do-benfica\/","url":"https:\/\/portaltela.pt\/noticias\/2026\/01\/25\/al-hilal-quer-pavlidis-contactou-representantes-do-avancado-do-benfica\/","name":"Al Hilal quer Pavlidis; contactou representantes do avan\u00e7ado do Benfica - Portal Tela Portugal","isPartOf":{"@id":"https:\/\/portaltela.pt\/#website"},"primaryImageOfPage":{"@id":"https:\/\/portaltela.pt\/noticias\/2026\/01\/25\/al-hilal-quer-pavlidis-contactou-representantes-do-avancado-do-benfica\/#primaryimage"},"image":{"@id":"https:\/\/portaltela.pt\/noticias\/2026\/01\/25\/al-hilal-quer-pavlidis-contactou-representantes-do-avancado-do-benfica\/#primaryimage"},"thumbnailUrl":"https:\/\/portaltela.pt\/s.01k8rhncp4jt1\/2026\/01\/img_920x518uu2026-01-07-22-26-53-2413439-im-639049493311725601-1.jpg","datePublished":"2026-01-25T14:46:00+00:00","author":{"@id":"https:\/\/portaltela.pt\/#\/schema\/person\/c4278d4a6028830caff9ee44b42d32ed"},"breadcrumb":{"@id":"https:\/\/portaltela.pt\/noticias\/2026\/01\/25\/al-hilal-quer-pavlidis-contactou-representantes-do-avancado-do-benfica\/#breadcrumb"},"inLanguage":"pt-PT","potentialAction":[{"@type":"ReadAction","target":["https:\/\/portaltela.pt\/noticias\/2026\/01\/25\/al-hilal-quer-pavlidis-contactou-representantes-do-avancado-do-benfica\/"]}]},{"@type":"ImageObject","inLanguage":"pt-PT","@id":"https:\/\/portaltela.pt\/noticias\/2026\/01\/25\/al-hilal-quer-pavlidis-contactou-representantes-do-avancado-do-benfica\/#primaryimage","url":"https:\/\/portaltela.pt\/s.01k8rhncp4jt1\/2026\/01\/img_920x518uu2026-01-07-22-26-53-2413439-im-639049493311725601-1.jpg","contentUrl":"https:\/\/portaltela.pt\/s.01k8rhncp4jt1\/2026\/01\/img_920x518uu2026-01-07-22-26-53-2413439-im-639049493311725601-1.jpg","width":796,"height":448,"caption":"Pavlidis"},{"@type":"BreadcrumbList","@id":"https:\/\/portaltela.pt\/noticias\/2026\/01\/25\/al-hilal-quer-pavlidis-contactou-representantes-do-avancado-do-benfica\/#breadcrumb","itemListElement":[{"@type":"ListItem","position":1,"name":"In\u00edcio","item":"https:\/\/portaltela.pt\/"},{"@type":"ListItem","position":2,"name":"Al Hilal quer Pavlidis; contactou representantes do avan\u00e7ado do Benfica"}]},{"@type":"WebSite","@id":"https:\/\/portaltela.pt\/#website","url":"https:\/\/portaltela.pt\/","name":"Portal Tela Portugal","description":"","potentialAction":[{"@type":"SearchAction","target":{"@type":"EntryPoint","urlTemplate":"https:\/\/portaltela.pt\/?s={search_term_string}"},"query-input":{"@type":"PropertyValueSpecification","valueRequired":true,"valueName":"search_term_string"}}],"inLanguage":"pt-PT"},{"@type":"Person","@id":"https:\/\/portaltela.pt\/#\/schema\/person\/c4278d4a6028830caff9ee44b42d32ed","name":"Telinha","image":{"@type":"ImageObject","inLanguage":"pt-PT","@id":"https:\/\/portaltela.pt\/s.01k8rhncp4jt1\/2025\/11\/talking-bot-125x125.png","url":"https:\/\/portaltela.pt\/s.01k8rhncp4jt1\/2025\/11\/talking-bot-125x125.png","contentUrl":"https:\/\/portaltela.pt\/s.01k8rhncp4jt1\/2025\/11\/talking-bot-125x125.png","caption":"Telinha"},"sameAs":["https:\/\/portaltela.pt\/"],"url":"https:\/\/portaltela.pt\/por\/367410592786\/"}]}},"_links":{"self":[{"href":"https:\/\/portaltela.pt\/api\/wp\/v2\/posts\/172231","targetHints":{"allow":["GET"]}}],"collection":[{"href":"https:\/\/portaltela.pt\/api\/wp\/v2\/posts"}],"about":[{"href":"https:\/\/portaltela.pt\/api\/wp\/v2\/types\/post"}],"author":[{"embeddable":true,"href":"https:\/\/portaltela.pt\/api\/wp\/v2\/users\/2"}],"replies":[{"embeddable":true,"href":"https:\/\/portaltela.pt\/api\/wp\/v2\/comments?post=172231"}],"version-history":[{"count":0,"href":"https:\/\/portaltela.pt\/api\/wp\/v2\/posts\/172231\/revisions"}],"wp:featuredmedia":[{"embeddable":true,"href":"https:\/\/portaltela.pt\/api\/wp\/v2\/media\/172234"}],"wp:attachment":[{"href":"https:\/\/portaltela.pt\/api\/wp\/v2\/media?parent=172231"}],"wp:term":[{"taxonomy":"category","embeddable":true,"href":"https:\/\/portaltela.pt\/api\/wp\/v2\/categories?post=172231"},{"taxonomy":"post_tag","embeddable":true,"href":"https:\/\/portaltela.pt\/api\/wp\/v2\/tags?post=172231"}],"curies":[{"name":"wp","href":"https:\/\/api.w.org\/{rel}","templated":true}]}}