{"id":172187,"date":"2026-01-25T11:00:00","date_gmt":"2026-01-25T14:00:00","guid":{"rendered":"https:\/\/portaltela.pt\/noticias\/2026\/01\/25\/fifi-milho-apresenta-todo-tiene-su-tiempo-apos-ano-com-mais-de-30-espetaculos\/"},"modified":"2026-01-25T11:00:00","modified_gmt":"2026-01-25T14:00:00","slug":"fifi-milho-apresenta-todo-tiene-su-tiempo-apos-ano-com-mais-de-30-espetaculos","status":"publish","type":"post","link":"https:\/\/portaltela.pt\/noticias\/2026\/01\/25\/fifi-milho-apresenta-todo-tiene-su-tiempo-apos-ano-com-mais-de-30-espetaculos\/","title":{"rendered":"Fifi Milho apresenta Todo Tiene Su Tiempo ap\u00f3s ano com mais de 30 espet\u00e1culos"},"content":{"rendered":"<p>Fifi Milho, cantora de Redondo, lan\u00e7ou o single Todo Tiene Su Tiempo. A faixa marca o regresso da artista ao espanhol e ao flamenco, sinalizando uma nova fase na sua carreira. O lan\u00e7amento celebra o amor, o tempo e a maturidade art\u00edstica, com foco no cuidado do sentimento ao longo do tempo.<\/p>\n<p>O tema foi produzido por Johnny Barbosa. O videoclipe foi realizado pelos Snippet, refor\u00e7ando a componente visual do projeto. Todo Tiene Su Tiempo abre 2026 com a promessa de nova m\u00fasica e uma tourn\u00e9e in\u00e9dita.<\/p>\n<p>A artista iniciou o ano anterior com mais de 30 espet\u00e1culos pelo pa\u00eds, de Norte a Sul. Este regresso coincide com a afirma\u00e7\u00e3o de presen\u00e7a cont\u00ednua no panorama musical portugu\u00eas e espanhol.<\/p>\n<h3>Percurso musical e lan\u00e7amentos anteriores<\/h3>\n<p>Filipa Milho Carri\u00e7o, conhecida artisticamente como Fifi Milho, revelou interesse pela m\u00fasica na inf\u00e2ncia. Subiu a palco pela primeira vez em 2018 e come\u00e7ou a atuar a solo em 2020, com convites no Alentejo.<\/p>\n<p>Desde 2022, a cantora tem atuado em diferentes locais do pa\u00eds, cruzando refer\u00eancias da m\u00fasica espanhola e portuguesa. Em mar\u00e7o de 2024 lan\u00e7ou o primeiro single em espanhol, Yo contigo, com mais de 1 milh\u00e3o de streams.<\/p>\n<p>O single tamb\u00e9m gerou 150 mil visualiza\u00e7\u00f5es no YouTube. Em 2024 seguiu-se Eres Tu, tema associado \u00e0 parceria com a Sharish Gin. Em 2025 surgiu Sem Ti, o primeiro tema em portugu\u00eas.<\/p>\n","protected":false},"excerpt":{"rendered":"<ul>\n<li>Fifi Milho apresenta o single Todo Tiene Su Tiempo, marcando o regresso ao espanhol e ao flamenco.<\/li>\n<li>A can\u00e7\u00e3o celebra o amor, o tempo e a maturidade art\u00edstica, enfatizando que o sentimento deve ser vivido ao longo do tempo.<\/li>\n<li>O tema foi produzido por Johnny Barbosa e tem videoclipe desenhado pelos Snippet.<\/li>\n<li>Em 2026, a artista avan\u00e7a com nova m\u00fasica e uma tour in\u00e9dita, ap\u00f3s um ano com mais de 30 espet\u00e1culos entre Norte e Sul.<\/li>\n<li>Filipa Milho Carri\u00e7o, natural de Redondo, iniciou a carreira a solo em 2020, destacando lan\u00e7amentos como Yo contigo (2024) e Sem Ti (2025).<\/li>\n<\/ul>\n","protected":false},"author":2,"featured_media":172194,"comment_status":"closed","ping_status":"closed","sticky":false,"template":"","format":"standard","meta":{"footnotes":""},"categories":[12,1],"tags":[762,2189,122,3039,1014,1813],"class_list":["post-172187","post","type-post","status-publish","format-standard","has-post-thumbnail","hentry","category-entretenimento","category-noticias","tag-artistas","tag-espana","tag-musica","tag-musica-teatro-concertos","tag-portugal","tag-turnes-internacionais"],"yoast_head":"<!-- This site is optimized with the Yoast SEO plugin v27.2 - https:\/\/yoast.com\/product\/yoast-seo-wordpress\/ -->\n<title>Fifi Milho apresenta Todo Tiene Su Tiempo ap\u00f3s ano com mais de 30 espet\u00e1culos - Portal Tela Portugal<\/title>\n<meta name=\"robots\" content=\"index, follow, max-snippet:-1, max-image-preview:large, max-video-preview:-1\" \/>\n<meta property=\"og:locale\" content=\"pt_PT\" \/>\n<meta property=\"og:type\" content=\"article\" \/>\n<meta property=\"og:title\" content=\"Fifi Milho apresenta Todo Tiene Su Tiempo ap\u00f3s ano com mais de 30 espet\u00e1culos - Portal Tela Portugal\" \/>\n<meta property=\"og:description\" content=\"Fifi Milho apresenta o single Todo Tiene Su Tiempo, marcando o regresso ao espanhol e ao flamenco. A can\u00e7\u00e3o celebra o amor, o tempo e a maturidade art\u00edstica, enfatizando que o sentimento deve ser vivido ao longo do tempo. O tema foi produzido por Johnny Barbosa e tem videoclipe desenhado pelos Snippet. Em 2026, a artista avan\u00e7a com nova m\u00fasica e uma tour in\u00e9dita, ap\u00f3s um ano com mais de 30 espet\u00e1culos entre Norte e Sul. Filipa Milho Carri\u00e7o, natural de Redondo, iniciou a carreira a solo em 2020, destacando lan\u00e7amentos como Yo contigo (2024) e Sem Ti (2025).\" \/>\n<meta property=\"og:url\" content=\"https:\/\/portaltela.pt\/noticias\/2026\/01\/25\/fifi-milho-apresenta-todo-tiene-su-tiempo-apos-ano-com-mais-de-30-espetaculos\/\" \/>\n<meta property=\"og:site_name\" content=\"Portal Tela Portugal\" \/>\n<meta property=\"article:published_time\" content=\"2026-01-25T14:00:00+00:00\" \/>\n<meta name=\"author\" content=\"Telinha\" \/>\n<meta name=\"twitter:card\" content=\"summary_large_image\" \/>\n<meta name=\"twitter:label1\" content=\"Escrito por\" \/>\n\t<meta name=\"twitter:data1\" content=\"Telinha\" \/>\n\t<meta name=\"twitter:label2\" content=\"Tempo estimado de leitura\" \/>\n\t<meta name=\"twitter:data2\" content=\"1 minuto\" \/>\n<script type=\"application\/ld+json\" class=\"yoast-schema-graph\">{\"@context\":\"https:\/\/schema.org\",\"@graph\":[{\"@type\":\"Article\",\"@id\":\"https:\/\/portaltela.pt\/noticias\/2026\/01\/25\/fifi-milho-apresenta-todo-tiene-su-tiempo-apos-ano-com-mais-de-30-espetaculos\/#article\",\"isPartOf\":{\"@id\":\"https:\/\/portaltela.pt\/noticias\/2026\/01\/25\/fifi-milho-apresenta-todo-tiene-su-tiempo-apos-ano-com-mais-de-30-espetaculos\/\"},\"author\":{\"name\":\"Telinha\",\"@id\":\"https:\/\/portaltela.pt\/#\/schema\/person\/c4278d4a6028830caff9ee44b42d32ed\"},\"headline\":\"Fifi Milho apresenta Todo Tiene Su Tiempo ap\u00f3s ano com mais de 30 espet\u00e1culos\",\"datePublished\":\"2026-01-25T14:00:00+00:00\",\"mainEntityOfPage\":{\"@id\":\"https:\/\/portaltela.pt\/noticias\/2026\/01\/25\/fifi-milho-apresenta-todo-tiene-su-tiempo-apos-ano-com-mais-de-30-espetaculos\/\"},\"wordCount\":258,\"image\":{\"@id\":\"https:\/\/portaltela.pt\/noticias\/2026\/01\/25\/fifi-milho-apresenta-todo-tiene-su-tiempo-apos-ano-com-mais-de-30-espetaculos\/#primaryimage\"},\"thumbnailUrl\":\"https:\/\/portaltela.pt\/s.01k8rhncp4jt1\/2026\/01\/unnamed-file-5153.jpg\",\"keywords\":[\"artistas\",\"Espa\u00f1a\",\"m\u00fasica\",\"m\u00fasica\/teatro\/concertos\",\"Portugal\",\"turn\u00eas internacionais\"],\"articleSection\":[\"Entretenimento\",\"Not\u00edcias\"],\"inLanguage\":\"pt-PT\"},{\"@type\":\"WebPage\",\"@id\":\"https:\/\/portaltela.pt\/noticias\/2026\/01\/25\/fifi-milho-apresenta-todo-tiene-su-tiempo-apos-ano-com-mais-de-30-espetaculos\/\",\"url\":\"https:\/\/portaltela.pt\/noticias\/2026\/01\/25\/fifi-milho-apresenta-todo-tiene-su-tiempo-apos-ano-com-mais-de-30-espetaculos\/\",\"name\":\"Fifi Milho apresenta Todo Tiene Su Tiempo ap\u00f3s ano com mais de 30 espet\u00e1culos - Portal Tela Portugal\",\"isPartOf\":{\"@id\":\"https:\/\/portaltela.pt\/#website\"},\"primaryImageOfPage\":{\"@id\":\"https:\/\/portaltela.pt\/noticias\/2026\/01\/25\/fifi-milho-apresenta-todo-tiene-su-tiempo-apos-ano-com-mais-de-30-espetaculos\/#primaryimage\"},\"image\":{\"@id\":\"https:\/\/portaltela.pt\/noticias\/2026\/01\/25\/fifi-milho-apresenta-todo-tiene-su-tiempo-apos-ano-com-mais-de-30-espetaculos\/#primaryimage\"},\"thumbnailUrl\":\"https:\/\/portaltela.pt\/s.01k8rhncp4jt1\/2026\/01\/unnamed-file-5153.jpg\",\"datePublished\":\"2026-01-25T14:00:00+00:00\",\"author\":{\"@id\":\"https:\/\/portaltela.pt\/#\/schema\/person\/c4278d4a6028830caff9ee44b42d32ed\"},\"breadcrumb\":{\"@id\":\"https:\/\/portaltela.pt\/noticias\/2026\/01\/25\/fifi-milho-apresenta-todo-tiene-su-tiempo-apos-ano-com-mais-de-30-espetaculos\/#breadcrumb\"},\"inLanguage\":\"pt-PT\",\"potentialAction\":[{\"@type\":\"ReadAction\",\"target\":[\"https:\/\/portaltela.pt\/noticias\/2026\/01\/25\/fifi-milho-apresenta-todo-tiene-su-tiempo-apos-ano-com-mais-de-30-espetaculos\/\"]}]},{\"@type\":\"ImageObject\",\"inLanguage\":\"pt-PT\",\"@id\":\"https:\/\/portaltela.pt\/noticias\/2026\/01\/25\/fifi-milho-apresenta-todo-tiene-su-tiempo-apos-ano-com-mais-de-30-espetaculos\/#primaryimage\",\"url\":\"https:\/\/portaltela.pt\/s.01k8rhncp4jt1\/2026\/01\/unnamed-file-5153.jpg\",\"contentUrl\":\"https:\/\/portaltela.pt\/s.01k8rhncp4jt1\/2026\/01\/unnamed-file-5153.jpg\",\"width\":796,\"height\":448,\"caption\":\"Fifi Milho apresenta \u201cTodo Tiene Su Tiempo\u201d ap\u00f3s ano com mais de 30 espet\u00e1culos\"},{\"@type\":\"BreadcrumbList\",\"@id\":\"https:\/\/portaltela.pt\/noticias\/2026\/01\/25\/fifi-milho-apresenta-todo-tiene-su-tiempo-apos-ano-com-mais-de-30-espetaculos\/#breadcrumb\",\"itemListElement\":[{\"@type\":\"ListItem\",\"position\":1,\"name\":\"In\u00edcio\",\"item\":\"https:\/\/portaltela.pt\/\"},{\"@type\":\"ListItem\",\"position\":2,\"name\":\"Fifi Milho apresenta Todo Tiene Su Tiempo ap\u00f3s ano com mais de 30 espet\u00e1culos\"}]},{\"@type\":\"WebSite\",\"@id\":\"https:\/\/portaltela.pt\/#website\",\"url\":\"https:\/\/portaltela.pt\/\",\"name\":\"Portal Tela Portugal\",\"description\":\"\",\"potentialAction\":[{\"@type\":\"SearchAction\",\"target\":{\"@type\":\"EntryPoint\",\"urlTemplate\":\"https:\/\/portaltela.pt\/?s={search_term_string}\"},\"query-input\":{\"@type\":\"PropertyValueSpecification\",\"valueRequired\":true,\"valueName\":\"search_term_string\"}}],\"inLanguage\":\"pt-PT\"},{\"@type\":\"Person\",\"@id\":\"https:\/\/portaltela.pt\/#\/schema\/person\/c4278d4a6028830caff9ee44b42d32ed\",\"name\":\"Telinha\",\"image\":{\"@type\":\"ImageObject\",\"inLanguage\":\"pt-PT\",\"@id\":\"https:\/\/portaltela.pt\/s.01k8rhncp4jt1\/2025\/11\/talking-bot-125x125.png\",\"url\":\"https:\/\/portaltela.pt\/s.01k8rhncp4jt1\/2025\/11\/talking-bot-125x125.png\",\"contentUrl\":\"https:\/\/portaltela.pt\/s.01k8rhncp4jt1\/2025\/11\/talking-bot-125x125.png\",\"caption\":\"Telinha\"},\"sameAs\":[\"https:\/\/portaltela.pt\/\"],\"url\":\"https:\/\/portaltela.pt\/por\/367410592786\/\"}]}<\/script>\n<!-- \/ Yoast SEO plugin. -->","yoast_head_json":{"title":"Fifi Milho apresenta Todo Tiene Su Tiempo ap\u00f3s ano com mais de 30 espet\u00e1culos - Portal Tela Portugal","robots":{"index":"index","follow":"follow","max-snippet":"max-snippet:-1","max-image-preview":"max-image-preview:large","max-video-preview":"max-video-preview:-1"},"og_locale":"pt_PT","og_type":"article","og_title":"Fifi Milho apresenta Todo Tiene Su Tiempo ap\u00f3s ano com mais de 30 espet\u00e1culos - Portal Tela Portugal","og_description":"Fifi Milho apresenta o single Todo Tiene Su Tiempo, marcando o regresso ao espanhol e ao flamenco. A can\u00e7\u00e3o celebra o amor, o tempo e a maturidade art\u00edstica, enfatizando que o sentimento deve ser vivido ao longo do tempo. O tema foi produzido por Johnny Barbosa e tem videoclipe desenhado pelos Snippet. Em 2026, a artista avan\u00e7a com nova m\u00fasica e uma tour in\u00e9dita, ap\u00f3s um ano com mais de 30 espet\u00e1culos entre Norte e Sul. Filipa Milho Carri\u00e7o, natural de Redondo, iniciou a carreira a solo em 2020, destacando lan\u00e7amentos como Yo contigo (2024) e Sem Ti (2025).","og_url":"https:\/\/portaltela.pt\/noticias\/2026\/01\/25\/fifi-milho-apresenta-todo-tiene-su-tiempo-apos-ano-com-mais-de-30-espetaculos\/","og_site_name":"Portal Tela Portugal","article_published_time":"2026-01-25T14:00:00+00:00","author":"Telinha","twitter_card":"summary_large_image","twitter_misc":{"Escrito por":"Telinha","Tempo estimado de leitura":"1 minuto"},"schema":{"@context":"https:\/\/schema.org","@graph":[{"@type":"Article","@id":"https:\/\/portaltela.pt\/noticias\/2026\/01\/25\/fifi-milho-apresenta-todo-tiene-su-tiempo-apos-ano-com-mais-de-30-espetaculos\/#article","isPartOf":{"@id":"https:\/\/portaltela.pt\/noticias\/2026\/01\/25\/fifi-milho-apresenta-todo-tiene-su-tiempo-apos-ano-com-mais-de-30-espetaculos\/"},"author":{"name":"Telinha","@id":"https:\/\/portaltela.pt\/#\/schema\/person\/c4278d4a6028830caff9ee44b42d32ed"},"headline":"Fifi Milho apresenta Todo Tiene Su Tiempo ap\u00f3s ano com mais de 30 espet\u00e1culos","datePublished":"2026-01-25T14:00:00+00:00","mainEntityOfPage":{"@id":"https:\/\/portaltela.pt\/noticias\/2026\/01\/25\/fifi-milho-apresenta-todo-tiene-su-tiempo-apos-ano-com-mais-de-30-espetaculos\/"},"wordCount":258,"image":{"@id":"https:\/\/portaltela.pt\/noticias\/2026\/01\/25\/fifi-milho-apresenta-todo-tiene-su-tiempo-apos-ano-com-mais-de-30-espetaculos\/#primaryimage"},"thumbnailUrl":"https:\/\/portaltela.pt\/s.01k8rhncp4jt1\/2026\/01\/unnamed-file-5153.jpg","keywords":["artistas","Espa\u00f1a","m\u00fasica","m\u00fasica\/teatro\/concertos","Portugal","turn\u00eas internacionais"],"articleSection":["Entretenimento","Not\u00edcias"],"inLanguage":"pt-PT"},{"@type":"WebPage","@id":"https:\/\/portaltela.pt\/noticias\/2026\/01\/25\/fifi-milho-apresenta-todo-tiene-su-tiempo-apos-ano-com-mais-de-30-espetaculos\/","url":"https:\/\/portaltela.pt\/noticias\/2026\/01\/25\/fifi-milho-apresenta-todo-tiene-su-tiempo-apos-ano-com-mais-de-30-espetaculos\/","name":"Fifi Milho apresenta Todo Tiene Su Tiempo ap\u00f3s ano com mais de 30 espet\u00e1culos - Portal Tela Portugal","isPartOf":{"@id":"https:\/\/portaltela.pt\/#website"},"primaryImageOfPage":{"@id":"https:\/\/portaltela.pt\/noticias\/2026\/01\/25\/fifi-milho-apresenta-todo-tiene-su-tiempo-apos-ano-com-mais-de-30-espetaculos\/#primaryimage"},"image":{"@id":"https:\/\/portaltela.pt\/noticias\/2026\/01\/25\/fifi-milho-apresenta-todo-tiene-su-tiempo-apos-ano-com-mais-de-30-espetaculos\/#primaryimage"},"thumbnailUrl":"https:\/\/portaltela.pt\/s.01k8rhncp4jt1\/2026\/01\/unnamed-file-5153.jpg","datePublished":"2026-01-25T14:00:00+00:00","author":{"@id":"https:\/\/portaltela.pt\/#\/schema\/person\/c4278d4a6028830caff9ee44b42d32ed"},"breadcrumb":{"@id":"https:\/\/portaltela.pt\/noticias\/2026\/01\/25\/fifi-milho-apresenta-todo-tiene-su-tiempo-apos-ano-com-mais-de-30-espetaculos\/#breadcrumb"},"inLanguage":"pt-PT","potentialAction":[{"@type":"ReadAction","target":["https:\/\/portaltela.pt\/noticias\/2026\/01\/25\/fifi-milho-apresenta-todo-tiene-su-tiempo-apos-ano-com-mais-de-30-espetaculos\/"]}]},{"@type":"ImageObject","inLanguage":"pt-PT","@id":"https:\/\/portaltela.pt\/noticias\/2026\/01\/25\/fifi-milho-apresenta-todo-tiene-su-tiempo-apos-ano-com-mais-de-30-espetaculos\/#primaryimage","url":"https:\/\/portaltela.pt\/s.01k8rhncp4jt1\/2026\/01\/unnamed-file-5153.jpg","contentUrl":"https:\/\/portaltela.pt\/s.01k8rhncp4jt1\/2026\/01\/unnamed-file-5153.jpg","width":796,"height":448,"caption":"Fifi Milho apresenta \u201cTodo Tiene Su Tiempo\u201d ap\u00f3s ano com mais de 30 espet\u00e1culos"},{"@type":"BreadcrumbList","@id":"https:\/\/portaltela.pt\/noticias\/2026\/01\/25\/fifi-milho-apresenta-todo-tiene-su-tiempo-apos-ano-com-mais-de-30-espetaculos\/#breadcrumb","itemListElement":[{"@type":"ListItem","position":1,"name":"In\u00edcio","item":"https:\/\/portaltela.pt\/"},{"@type":"ListItem","position":2,"name":"Fifi Milho apresenta Todo Tiene Su Tiempo ap\u00f3s ano com mais de 30 espet\u00e1culos"}]},{"@type":"WebSite","@id":"https:\/\/portaltela.pt\/#website","url":"https:\/\/portaltela.pt\/","name":"Portal Tela Portugal","description":"","potentialAction":[{"@type":"SearchAction","target":{"@type":"EntryPoint","urlTemplate":"https:\/\/portaltela.pt\/?s={search_term_string}"},"query-input":{"@type":"PropertyValueSpecification","valueRequired":true,"valueName":"search_term_string"}}],"inLanguage":"pt-PT"},{"@type":"Person","@id":"https:\/\/portaltela.pt\/#\/schema\/person\/c4278d4a6028830caff9ee44b42d32ed","name":"Telinha","image":{"@type":"ImageObject","inLanguage":"pt-PT","@id":"https:\/\/portaltela.pt\/s.01k8rhncp4jt1\/2025\/11\/talking-bot-125x125.png","url":"https:\/\/portaltela.pt\/s.01k8rhncp4jt1\/2025\/11\/talking-bot-125x125.png","contentUrl":"https:\/\/portaltela.pt\/s.01k8rhncp4jt1\/2025\/11\/talking-bot-125x125.png","caption":"Telinha"},"sameAs":["https:\/\/portaltela.pt\/"],"url":"https:\/\/portaltela.pt\/por\/367410592786\/"}]}},"_links":{"self":[{"href":"https:\/\/portaltela.pt\/api\/wp\/v2\/posts\/172187","targetHints":{"allow":["GET"]}}],"collection":[{"href":"https:\/\/portaltela.pt\/api\/wp\/v2\/posts"}],"about":[{"href":"https:\/\/portaltela.pt\/api\/wp\/v2\/types\/post"}],"author":[{"embeddable":true,"href":"https:\/\/portaltela.pt\/api\/wp\/v2\/users\/2"}],"replies":[{"embeddable":true,"href":"https:\/\/portaltela.pt\/api\/wp\/v2\/comments?post=172187"}],"version-history":[{"count":0,"href":"https:\/\/portaltela.pt\/api\/wp\/v2\/posts\/172187\/revisions"}],"wp:featuredmedia":[{"embeddable":true,"href":"https:\/\/portaltela.pt\/api\/wp\/v2\/media\/172194"}],"wp:attachment":[{"href":"https:\/\/portaltela.pt\/api\/wp\/v2\/media?parent=172187"}],"wp:term":[{"taxonomy":"category","embeddable":true,"href":"https:\/\/portaltela.pt\/api\/wp\/v2\/categories?post=172187"},{"taxonomy":"post_tag","embeddable":true,"href":"https:\/\/portaltela.pt\/api\/wp\/v2\/tags?post=172187"}],"curies":[{"name":"wp","href":"https:\/\/api.w.org\/{rel}","templated":true}]}}