{"id":172184,"date":"2026-01-25T11:18:54","date_gmt":"2026-01-25T14:18:54","guid":{"rendered":"https:\/\/portaltela.pt\/noticias\/2026\/01\/25\/teatro-viriato-valoriza-presenca-e-encontros-na-temporada-fev-jul\/"},"modified":"2026-01-25T11:18:54","modified_gmt":"2026-01-25T14:18:54","slug":"teatro-viriato-valoriza-presenca-e-encontros-na-temporada-fev-jul","status":"publish","type":"post","link":"https:\/\/portaltela.pt\/noticias\/2026\/01\/25\/teatro-viriato-valoriza-presenca-e-encontros-na-temporada-fev-jul\/","title":{"rendered":"Teatro Viriato valoriza presen\u00e7a e encontros na temporada fev-jul"},"content":{"rendered":"<p>Na temporada de fevereiro a julho de 2026, o Teatro Viriato refor\u00e7a o seu papel enquanto estrutura de servi\u00e7o p\u00fablico. A programa\u00e7\u00e3o \u00e9 diversificada e visa ouvir o tempo presente, levantando quest\u00f5es sobre equidade, acessibilidade, identidade e futuro.<\/p>\n<p>O diretor de Programa\u00e7\u00e3o, Ant\u00f3nio M Cabrita, escreve no editorial do programa que este ciclo vai para l\u00e1 da simples organiza\u00e7\u00e3o de datas. A temporada reflecte a ausculta\u00e7\u00e3o di\u00e1ria do teatro junto de artistas, territ\u00f3rio e p\u00fablicos, procurando valorizar a presen\u00e7a num mundo acelerado.<\/p>\n<p>Esta aposta come\u00e7a com a ideia de resist\u00eancia a partir da partilha de experi\u00eancias. O Viriato defende encontros que promovem a\u00e7\u00e3o e pensamento, num contexto cada vez mais digital.<\/p>\n<h3>O que traz esta temporada<\/h3>\n<p>Entre fevereiro e julho, o espa\u00e7o acolhe 4 estreias, desenvolve 4 projetos pr\u00f3prios e promove 1 nova iniciativa. No conjunto, h\u00e1 7 coprodu\u00e7\u00f5es e 5 resid\u00eancias art\u00edsticas apoiadas. A programa\u00e7\u00e3o conta com 8 parcerias com outros agentes culturais e 4 sess\u00f5es acess\u00edveis.<\/p>\n<p>No total, a temporada envolve 40 atividades. O conjunto de iniciativas visa aproximar artistas e p\u00fablicos, fomentar o debate comunit\u00e1rio, refor\u00e7ar a rela\u00e7\u00e3o com o territ\u00f3rio e apoiar a cria\u00e7\u00e3o art\u00edstica nacional. A \u00e9poca tamb\u00e9m reserva espa\u00e7o para acolher companhias consagradas e dar voz aos jovens, al\u00e9m de apostar na media\u00e7\u00e3o de p\u00fablicos.<\/p>\n<p>Este conjunto de a\u00e7\u00f5es pretende manter o Teatro Viriato como n\u00facleo din\u00e2mico do panorama cultural, assegurando diversidade cont\u00ednua e acessibilidade. A temporada busca, ainda, fortalecer o tecido art\u00edstico local e nacional em articula\u00e7\u00f5es com parceiros culturais.<\/p>\n","protected":false},"excerpt":{"rendered":"<ul>\n<li>Entre fevereiro e julho de 2026, o Teatro Viriato apresenta a temporada que refor\u00e7a o papel de servi\u00e7o p\u00fablico e debater\u00e1 temas como equidade, acessibilidade, identidade e futuro.<\/li>\n<li>A programa\u00e7\u00e3o inclui quatro estreias, quatro projetos pr\u00f3prios, uma nova iniciativa, sete coprodu\u00e7\u00f5es, cinco resid\u00eancias art\u00edsticas e oito parcerias com outros agentes culturais.<\/li>\n<li>S\u00e3o previstas quatro sess\u00f5es acess\u00edveis e um total de quarenta atividades, com foco na aproxima\u00e7\u00e3o entre artistas e p\u00fablicos e no fomento do debate p\u00fablico.<\/li>\n<li>O objetivo \u00e9 promover experi\u00eancias partilhadas que incentivem encontro, a\u00e7\u00e3o e pensamento, em contexto de mundo acelerado e digital.<\/li>\n<li>A edi\u00e7\u00e3o destaca a import\u00e2ncia de apoiar a cria\u00e7\u00e3o art\u00edstica nacional, acolher companhias e artistas, dar voz aos jovens e fortalecer o tecido art\u00edstico local.<\/li>\n<\/ul>\n","protected":false},"author":2,"featured_media":172200,"comment_status":"closed","ping_status":"closed","sticky":false,"template":"","format":"standard","meta":{"footnotes":""},"categories":[1],"tags":[3772,1423,145,3117,1995,119],"class_list":["post-172184","post","type-post","status-publish","format-standard","has-post-thumbnail","hentry","category-noticias","tag-acessibilidade","tag-artes-do-espectaculo","tag-cultura","tag-mediacao","tag-residencias-artisticas","tag-teatro"],"yoast_head":"<!-- This site is optimized with the Yoast SEO plugin v27.2 - https:\/\/yoast.com\/product\/yoast-seo-wordpress\/ -->\n<title>Teatro Viriato valoriza presen\u00e7a e encontros na temporada fev-jul - Portal Tela Portugal<\/title>\n<meta name=\"robots\" content=\"index, follow, max-snippet:-1, max-image-preview:large, max-video-preview:-1\" \/>\n<meta property=\"og:locale\" content=\"pt_PT\" \/>\n<meta property=\"og:type\" content=\"article\" \/>\n<meta property=\"og:title\" content=\"Teatro Viriato valoriza presen\u00e7a e encontros na temporada fev-jul - Portal Tela Portugal\" \/>\n<meta property=\"og:description\" content=\"Entre fevereiro e julho de 2026, o Teatro Viriato apresenta a temporada que refor\u00e7a o papel de servi\u00e7o p\u00fablico e debater\u00e1 temas como equidade, acessibilidade, identidade e futuro. A programa\u00e7\u00e3o inclui quatro estreias, quatro projetos pr\u00f3prios, uma nova iniciativa, sete coprodu\u00e7\u00f5es, cinco resid\u00eancias art\u00edsticas e oito parcerias com outros agentes culturais. S\u00e3o previstas quatro sess\u00f5es acess\u00edveis e um total de quarenta atividades, com foco na aproxima\u00e7\u00e3o entre artistas e p\u00fablicos e no fomento do debate p\u00fablico. O objetivo \u00e9 promover experi\u00eancias partilhadas que incentivem encontro, a\u00e7\u00e3o e pensamento, em contexto de mundo acelerado e digital. A edi\u00e7\u00e3o destaca a import\u00e2ncia de apoiar a cria\u00e7\u00e3o art\u00edstica nacional, acolher companhias e artistas, dar voz aos jovens e fortalecer o tecido art\u00edstico local.\" \/>\n<meta property=\"og:url\" content=\"https:\/\/portaltela.pt\/noticias\/2026\/01\/25\/teatro-viriato-valoriza-presenca-e-encontros-na-temporada-fev-jul\/\" \/>\n<meta property=\"og:site_name\" content=\"Portal Tela Portugal\" \/>\n<meta property=\"article:published_time\" content=\"2026-01-25T14:18:54+00:00\" \/>\n<meta name=\"author\" content=\"Telinha\" \/>\n<meta name=\"twitter:card\" content=\"summary_large_image\" \/>\n<meta name=\"twitter:label1\" content=\"Escrito por\" \/>\n\t<meta name=\"twitter:data1\" content=\"Telinha\" \/>\n\t<meta name=\"twitter:label2\" content=\"Tempo estimado de leitura\" \/>\n\t<meta name=\"twitter:data2\" content=\"1 minuto\" \/>\n<script type=\"application\/ld+json\" class=\"yoast-schema-graph\">{\"@context\":\"https:\/\/schema.org\",\"@graph\":[{\"@type\":\"Article\",\"@id\":\"https:\/\/portaltela.pt\/noticias\/2026\/01\/25\/teatro-viriato-valoriza-presenca-e-encontros-na-temporada-fev-jul\/#article\",\"isPartOf\":{\"@id\":\"https:\/\/portaltela.pt\/noticias\/2026\/01\/25\/teatro-viriato-valoriza-presenca-e-encontros-na-temporada-fev-jul\/\"},\"author\":{\"name\":\"Telinha\",\"@id\":\"https:\/\/portaltela.pt\/#\/schema\/person\/c4278d4a6028830caff9ee44b42d32ed\"},\"headline\":\"Teatro Viriato valoriza presen\u00e7a e encontros na temporada fev-jul\",\"datePublished\":\"2026-01-25T14:18:54+00:00\",\"mainEntityOfPage\":{\"@id\":\"https:\/\/portaltela.pt\/noticias\/2026\/01\/25\/teatro-viriato-valoriza-presenca-e-encontros-na-temporada-fev-jul\/\"},\"wordCount\":290,\"image\":{\"@id\":\"https:\/\/portaltela.pt\/noticias\/2026\/01\/25\/teatro-viriato-valoriza-presenca-e-encontros-na-temporada-fev-jul\/#primaryimage\"},\"thumbnailUrl\":\"https:\/\/portaltela.pt\/s.01k8rhncp4jt1\/2026\/01\/unnamed-file-5155.jpg\",\"keywords\":[\"acessibilidade\",\"artes do espect\u00e1culo\",\"cultura\",\"media\u00e7\u00e3o\",\"resid\u00eancias art\u00edsticas\",\"teatro\"],\"articleSection\":[\"Not\u00edcias\"],\"inLanguage\":\"pt-PT\"},{\"@type\":\"WebPage\",\"@id\":\"https:\/\/portaltela.pt\/noticias\/2026\/01\/25\/teatro-viriato-valoriza-presenca-e-encontros-na-temporada-fev-jul\/\",\"url\":\"https:\/\/portaltela.pt\/noticias\/2026\/01\/25\/teatro-viriato-valoriza-presenca-e-encontros-na-temporada-fev-jul\/\",\"name\":\"Teatro Viriato valoriza presen\u00e7a e encontros na temporada fev-jul - Portal Tela Portugal\",\"isPartOf\":{\"@id\":\"https:\/\/portaltela.pt\/#website\"},\"primaryImageOfPage\":{\"@id\":\"https:\/\/portaltela.pt\/noticias\/2026\/01\/25\/teatro-viriato-valoriza-presenca-e-encontros-na-temporada-fev-jul\/#primaryimage\"},\"image\":{\"@id\":\"https:\/\/portaltela.pt\/noticias\/2026\/01\/25\/teatro-viriato-valoriza-presenca-e-encontros-na-temporada-fev-jul\/#primaryimage\"},\"thumbnailUrl\":\"https:\/\/portaltela.pt\/s.01k8rhncp4jt1\/2026\/01\/unnamed-file-5155.jpg\",\"datePublished\":\"2026-01-25T14:18:54+00:00\",\"author\":{\"@id\":\"https:\/\/portaltela.pt\/#\/schema\/person\/c4278d4a6028830caff9ee44b42d32ed\"},\"breadcrumb\":{\"@id\":\"https:\/\/portaltela.pt\/noticias\/2026\/01\/25\/teatro-viriato-valoriza-presenca-e-encontros-na-temporada-fev-jul\/#breadcrumb\"},\"inLanguage\":\"pt-PT\",\"potentialAction\":[{\"@type\":\"ReadAction\",\"target\":[\"https:\/\/portaltela.pt\/noticias\/2026\/01\/25\/teatro-viriato-valoriza-presenca-e-encontros-na-temporada-fev-jul\/\"]}]},{\"@type\":\"ImageObject\",\"inLanguage\":\"pt-PT\",\"@id\":\"https:\/\/portaltela.pt\/noticias\/2026\/01\/25\/teatro-viriato-valoriza-presenca-e-encontros-na-temporada-fev-jul\/#primaryimage\",\"url\":\"https:\/\/portaltela.pt\/s.01k8rhncp4jt1\/2026\/01\/unnamed-file-5155.jpg\",\"contentUrl\":\"https:\/\/portaltela.pt\/s.01k8rhncp4jt1\/2026\/01\/unnamed-file-5155.jpg\",\"width\":796,\"height\":448,\"caption\":\"Teatro Viriato valoriza a presen\u00e7a e o encontro na temporada de fevereiro a julho\"},{\"@type\":\"BreadcrumbList\",\"@id\":\"https:\/\/portaltela.pt\/noticias\/2026\/01\/25\/teatro-viriato-valoriza-presenca-e-encontros-na-temporada-fev-jul\/#breadcrumb\",\"itemListElement\":[{\"@type\":\"ListItem\",\"position\":1,\"name\":\"In\u00edcio\",\"item\":\"https:\/\/portaltela.pt\/\"},{\"@type\":\"ListItem\",\"position\":2,\"name\":\"Teatro Viriato valoriza presen\u00e7a e encontros na temporada fev-jul\"}]},{\"@type\":\"WebSite\",\"@id\":\"https:\/\/portaltela.pt\/#website\",\"url\":\"https:\/\/portaltela.pt\/\",\"name\":\"Portal Tela Portugal\",\"description\":\"\",\"potentialAction\":[{\"@type\":\"SearchAction\",\"target\":{\"@type\":\"EntryPoint\",\"urlTemplate\":\"https:\/\/portaltela.pt\/?s={search_term_string}\"},\"query-input\":{\"@type\":\"PropertyValueSpecification\",\"valueRequired\":true,\"valueName\":\"search_term_string\"}}],\"inLanguage\":\"pt-PT\"},{\"@type\":\"Person\",\"@id\":\"https:\/\/portaltela.pt\/#\/schema\/person\/c4278d4a6028830caff9ee44b42d32ed\",\"name\":\"Telinha\",\"image\":{\"@type\":\"ImageObject\",\"inLanguage\":\"pt-PT\",\"@id\":\"https:\/\/portaltela.pt\/s.01k8rhncp4jt1\/2025\/11\/talking-bot-125x125.png\",\"url\":\"https:\/\/portaltela.pt\/s.01k8rhncp4jt1\/2025\/11\/talking-bot-125x125.png\",\"contentUrl\":\"https:\/\/portaltela.pt\/s.01k8rhncp4jt1\/2025\/11\/talking-bot-125x125.png\",\"caption\":\"Telinha\"},\"sameAs\":[\"https:\/\/portaltela.pt\/\"],\"url\":\"https:\/\/portaltela.pt\/por\/367410592786\/\"}]}<\/script>\n<!-- \/ Yoast SEO plugin. -->","yoast_head_json":{"title":"Teatro Viriato valoriza presen\u00e7a e encontros na temporada fev-jul - Portal Tela Portugal","robots":{"index":"index","follow":"follow","max-snippet":"max-snippet:-1","max-image-preview":"max-image-preview:large","max-video-preview":"max-video-preview:-1"},"og_locale":"pt_PT","og_type":"article","og_title":"Teatro Viriato valoriza presen\u00e7a e encontros na temporada fev-jul - Portal Tela Portugal","og_description":"Entre fevereiro e julho de 2026, o Teatro Viriato apresenta a temporada que refor\u00e7a o papel de servi\u00e7o p\u00fablico e debater\u00e1 temas como equidade, acessibilidade, identidade e futuro. A programa\u00e7\u00e3o inclui quatro estreias, quatro projetos pr\u00f3prios, uma nova iniciativa, sete coprodu\u00e7\u00f5es, cinco resid\u00eancias art\u00edsticas e oito parcerias com outros agentes culturais. S\u00e3o previstas quatro sess\u00f5es acess\u00edveis e um total de quarenta atividades, com foco na aproxima\u00e7\u00e3o entre artistas e p\u00fablicos e no fomento do debate p\u00fablico. O objetivo \u00e9 promover experi\u00eancias partilhadas que incentivem encontro, a\u00e7\u00e3o e pensamento, em contexto de mundo acelerado e digital. A edi\u00e7\u00e3o destaca a import\u00e2ncia de apoiar a cria\u00e7\u00e3o art\u00edstica nacional, acolher companhias e artistas, dar voz aos jovens e fortalecer o tecido art\u00edstico local.","og_url":"https:\/\/portaltela.pt\/noticias\/2026\/01\/25\/teatro-viriato-valoriza-presenca-e-encontros-na-temporada-fev-jul\/","og_site_name":"Portal Tela Portugal","article_published_time":"2026-01-25T14:18:54+00:00","author":"Telinha","twitter_card":"summary_large_image","twitter_misc":{"Escrito por":"Telinha","Tempo estimado de leitura":"1 minuto"},"schema":{"@context":"https:\/\/schema.org","@graph":[{"@type":"Article","@id":"https:\/\/portaltela.pt\/noticias\/2026\/01\/25\/teatro-viriato-valoriza-presenca-e-encontros-na-temporada-fev-jul\/#article","isPartOf":{"@id":"https:\/\/portaltela.pt\/noticias\/2026\/01\/25\/teatro-viriato-valoriza-presenca-e-encontros-na-temporada-fev-jul\/"},"author":{"name":"Telinha","@id":"https:\/\/portaltela.pt\/#\/schema\/person\/c4278d4a6028830caff9ee44b42d32ed"},"headline":"Teatro Viriato valoriza presen\u00e7a e encontros na temporada fev-jul","datePublished":"2026-01-25T14:18:54+00:00","mainEntityOfPage":{"@id":"https:\/\/portaltela.pt\/noticias\/2026\/01\/25\/teatro-viriato-valoriza-presenca-e-encontros-na-temporada-fev-jul\/"},"wordCount":290,"image":{"@id":"https:\/\/portaltela.pt\/noticias\/2026\/01\/25\/teatro-viriato-valoriza-presenca-e-encontros-na-temporada-fev-jul\/#primaryimage"},"thumbnailUrl":"https:\/\/portaltela.pt\/s.01k8rhncp4jt1\/2026\/01\/unnamed-file-5155.jpg","keywords":["acessibilidade","artes do espect\u00e1culo","cultura","media\u00e7\u00e3o","resid\u00eancias art\u00edsticas","teatro"],"articleSection":["Not\u00edcias"],"inLanguage":"pt-PT"},{"@type":"WebPage","@id":"https:\/\/portaltela.pt\/noticias\/2026\/01\/25\/teatro-viriato-valoriza-presenca-e-encontros-na-temporada-fev-jul\/","url":"https:\/\/portaltela.pt\/noticias\/2026\/01\/25\/teatro-viriato-valoriza-presenca-e-encontros-na-temporada-fev-jul\/","name":"Teatro Viriato valoriza presen\u00e7a e encontros na temporada fev-jul - Portal Tela Portugal","isPartOf":{"@id":"https:\/\/portaltela.pt\/#website"},"primaryImageOfPage":{"@id":"https:\/\/portaltela.pt\/noticias\/2026\/01\/25\/teatro-viriato-valoriza-presenca-e-encontros-na-temporada-fev-jul\/#primaryimage"},"image":{"@id":"https:\/\/portaltela.pt\/noticias\/2026\/01\/25\/teatro-viriato-valoriza-presenca-e-encontros-na-temporada-fev-jul\/#primaryimage"},"thumbnailUrl":"https:\/\/portaltela.pt\/s.01k8rhncp4jt1\/2026\/01\/unnamed-file-5155.jpg","datePublished":"2026-01-25T14:18:54+00:00","author":{"@id":"https:\/\/portaltela.pt\/#\/schema\/person\/c4278d4a6028830caff9ee44b42d32ed"},"breadcrumb":{"@id":"https:\/\/portaltela.pt\/noticias\/2026\/01\/25\/teatro-viriato-valoriza-presenca-e-encontros-na-temporada-fev-jul\/#breadcrumb"},"inLanguage":"pt-PT","potentialAction":[{"@type":"ReadAction","target":["https:\/\/portaltela.pt\/noticias\/2026\/01\/25\/teatro-viriato-valoriza-presenca-e-encontros-na-temporada-fev-jul\/"]}]},{"@type":"ImageObject","inLanguage":"pt-PT","@id":"https:\/\/portaltela.pt\/noticias\/2026\/01\/25\/teatro-viriato-valoriza-presenca-e-encontros-na-temporada-fev-jul\/#primaryimage","url":"https:\/\/portaltela.pt\/s.01k8rhncp4jt1\/2026\/01\/unnamed-file-5155.jpg","contentUrl":"https:\/\/portaltela.pt\/s.01k8rhncp4jt1\/2026\/01\/unnamed-file-5155.jpg","width":796,"height":448,"caption":"Teatro Viriato valoriza a presen\u00e7a e o encontro na temporada de fevereiro a julho"},{"@type":"BreadcrumbList","@id":"https:\/\/portaltela.pt\/noticias\/2026\/01\/25\/teatro-viriato-valoriza-presenca-e-encontros-na-temporada-fev-jul\/#breadcrumb","itemListElement":[{"@type":"ListItem","position":1,"name":"In\u00edcio","item":"https:\/\/portaltela.pt\/"},{"@type":"ListItem","position":2,"name":"Teatro Viriato valoriza presen\u00e7a e encontros na temporada fev-jul"}]},{"@type":"WebSite","@id":"https:\/\/portaltela.pt\/#website","url":"https:\/\/portaltela.pt\/","name":"Portal Tela Portugal","description":"","potentialAction":[{"@type":"SearchAction","target":{"@type":"EntryPoint","urlTemplate":"https:\/\/portaltela.pt\/?s={search_term_string}"},"query-input":{"@type":"PropertyValueSpecification","valueRequired":true,"valueName":"search_term_string"}}],"inLanguage":"pt-PT"},{"@type":"Person","@id":"https:\/\/portaltela.pt\/#\/schema\/person\/c4278d4a6028830caff9ee44b42d32ed","name":"Telinha","image":{"@type":"ImageObject","inLanguage":"pt-PT","@id":"https:\/\/portaltela.pt\/s.01k8rhncp4jt1\/2025\/11\/talking-bot-125x125.png","url":"https:\/\/portaltela.pt\/s.01k8rhncp4jt1\/2025\/11\/talking-bot-125x125.png","contentUrl":"https:\/\/portaltela.pt\/s.01k8rhncp4jt1\/2025\/11\/talking-bot-125x125.png","caption":"Telinha"},"sameAs":["https:\/\/portaltela.pt\/"],"url":"https:\/\/portaltela.pt\/por\/367410592786\/"}]}},"_links":{"self":[{"href":"https:\/\/portaltela.pt\/api\/wp\/v2\/posts\/172184","targetHints":{"allow":["GET"]}}],"collection":[{"href":"https:\/\/portaltela.pt\/api\/wp\/v2\/posts"}],"about":[{"href":"https:\/\/portaltela.pt\/api\/wp\/v2\/types\/post"}],"author":[{"embeddable":true,"href":"https:\/\/portaltela.pt\/api\/wp\/v2\/users\/2"}],"replies":[{"embeddable":true,"href":"https:\/\/portaltela.pt\/api\/wp\/v2\/comments?post=172184"}],"version-history":[{"count":0,"href":"https:\/\/portaltela.pt\/api\/wp\/v2\/posts\/172184\/revisions"}],"wp:featuredmedia":[{"embeddable":true,"href":"https:\/\/portaltela.pt\/api\/wp\/v2\/media\/172200"}],"wp:attachment":[{"href":"https:\/\/portaltela.pt\/api\/wp\/v2\/media?parent=172184"}],"wp:term":[{"taxonomy":"category","embeddable":true,"href":"https:\/\/portaltela.pt\/api\/wp\/v2\/categories?post=172184"},{"taxonomy":"post_tag","embeddable":true,"href":"https:\/\/portaltela.pt\/api\/wp\/v2\/tags?post=172184"}],"curies":[{"name":"wp","href":"https:\/\/api.w.org\/{rel}","templated":true}]}}