{"id":172113,"date":"2026-01-25T10:35:00","date_gmt":"2026-01-25T13:35:00","guid":{"rendered":"https:\/\/portaltela.pt\/noticias\/2026\/01\/25\/refugiados-em-angola-e-mocambique-na-segunda-guerra-ainda-pouco-conhecidos\/"},"modified":"2026-01-25T10:35:00","modified_gmt":"2026-01-25T13:35:00","slug":"refugiados-em-angola-e-mocambique-na-segunda-guerra-ainda-pouco-conhecidos","status":"publish","type":"post","link":"https:\/\/portaltela.pt\/noticias\/2026\/01\/25\/refugiados-em-angola-e-mocambique-na-segunda-guerra-ainda-pouco-conhecidos\/","title":{"rendered":"Refugiados em Angola e Mo\u00e7ambique na Segunda Guerra ainda pouco conhecidos"},"content":{"rendered":"<p>A historiadora Irene Pimentel afirma que o tema dos refugiados de regimes nazi e fascista que passaram por Angola e Mo\u00e7ambique durante a Segunda Guerra Mundial ainda n\u00e3o recebeu o estudo aprofundado que merece. O foco \u00e9 colocado nas antigas col\u00f3nias portuguesas em \u00c1frica.<\/p>\n<p>Segundo Pimentel, a maior parte da investiga\u00e7\u00e3o sobre este fluxo de refugiados permanece por realizar, faltando dados e an\u00e1lises detalhadas sobre a passagem e a fixa\u00e7\u00e3o dessas pessoas na regi\u00e3o.<\/p>\n<p>A pesquisadora acrescenta a import\u00e2ncia de esclarecer como se deu a din\u00e2mica entre refugiados, comunidades locais e autoridades coloniais, bem como as consequ\u00eancias sociais e hist\u00f3ricas desse fen\u00f3meno para o per\u00edodo de guerra e para os anos subsequentes.<\/p>\n","protected":false},"excerpt":{"rendered":"<ul>\n<li>A historiadora Irene Pimentel afirma que a passagem e fixa\u00e7\u00e3o de refugiados de regimes nazi e fascista em Angola e Mo\u00e7ambique durante a segunda guerra mundial \u00e9 um cap\u00edtulo da hist\u00f3ria contempor\u00e2nea ainda por investigar.<\/li>\n<li>Segundo a especialista, esse fen\u00f3meno ocorreu nas antigas col\u00f3nias portuguesas em \u00c1frica e exige uma investiga\u00e7\u00e3o profunda.<\/li>\n<li>A afirma\u00e7\u00e3o destaca a insuficiente investiga\u00e7\u00e3o existente sobre este tema espec\u00edfico da hist\u00f3ria global.<\/li>\n<li>A leitura sugere que grande parte da pesquisa sobre refugiados durante a segunda guerra mundial ainda n\u00e3o abordou este territ\u00f3rio africano.<\/li>\n<\/ul>\n","protected":false},"author":2,"featured_media":172118,"comment_status":"closed","ping_status":"closed","sticky":false,"template":"","format":"standard","meta":{"footnotes":""},"categories":[1],"tags":[3093,2792,299,215,1014,3786],"class_list":["post-172113","post","type-post","status-publish","format-standard","has-post-thumbnail","hentry","category-noticias","tag-colonias","tag-conflito-internacional","tag-historia","tag-investigacao","tag-portugal","tag-refugiados-internos"],"yoast_head":"<!-- This site is optimized with the Yoast SEO plugin v27.2 - https:\/\/yoast.com\/product\/yoast-seo-wordpress\/ -->\n<title>Refugiados em Angola e Mo\u00e7ambique na Segunda Guerra ainda pouco conhecidos - Portal Tela Portugal<\/title>\n<meta name=\"robots\" content=\"index, follow, max-snippet:-1, max-image-preview:large, max-video-preview:-1\" \/>\n<meta property=\"og:locale\" content=\"pt_PT\" \/>\n<meta property=\"og:type\" content=\"article\" \/>\n<meta property=\"og:title\" content=\"Refugiados em Angola e Mo\u00e7ambique na Segunda Guerra ainda pouco conhecidos - Portal Tela Portugal\" \/>\n<meta property=\"og:description\" content=\"A historiadora Irene Pimentel afirma que a passagem e fixa\u00e7\u00e3o de refugiados de regimes nazi e fascista em Angola e Mo\u00e7ambique durante a segunda guerra mundial \u00e9 um cap\u00edtulo da hist\u00f3ria contempor\u00e2nea ainda por investigar. Segundo a especialista, esse fen\u00f3meno ocorreu nas antigas col\u00f3nias portuguesas em \u00c1frica e exige uma investiga\u00e7\u00e3o profunda. A afirma\u00e7\u00e3o destaca a insuficiente investiga\u00e7\u00e3o existente sobre este tema espec\u00edfico da hist\u00f3ria global. A leitura sugere que grande parte da pesquisa sobre refugiados durante a segunda guerra mundial ainda n\u00e3o abordou este territ\u00f3rio africano.\" \/>\n<meta property=\"og:url\" content=\"https:\/\/portaltela.pt\/noticias\/2026\/01\/25\/refugiados-em-angola-e-mocambique-na-segunda-guerra-ainda-pouco-conhecidos\/\" \/>\n<meta property=\"og:site_name\" content=\"Portal Tela Portugal\" \/>\n<meta property=\"article:published_time\" content=\"2026-01-25T13:35:00+00:00\" \/>\n<meta name=\"author\" content=\"Telinha\" \/>\n<meta name=\"twitter:card\" content=\"summary_large_image\" \/>\n<meta name=\"twitter:label1\" content=\"Escrito por\" \/>\n\t<meta name=\"twitter:data1\" content=\"Telinha\" \/>\n\t<meta name=\"twitter:label2\" content=\"Tempo estimado de leitura\" \/>\n\t<meta name=\"twitter:data2\" content=\"1 minuto\" \/>\n<script type=\"application\/ld+json\" class=\"yoast-schema-graph\">{\"@context\":\"https:\/\/schema.org\",\"@graph\":[{\"@type\":\"Article\",\"@id\":\"https:\/\/portaltela.pt\/noticias\/2026\/01\/25\/refugiados-em-angola-e-mocambique-na-segunda-guerra-ainda-pouco-conhecidos\/#article\",\"isPartOf\":{\"@id\":\"https:\/\/portaltela.pt\/noticias\/2026\/01\/25\/refugiados-em-angola-e-mocambique-na-segunda-guerra-ainda-pouco-conhecidos\/\"},\"author\":{\"name\":\"Telinha\",\"@id\":\"https:\/\/portaltela.pt\/#\/schema\/person\/c4278d4a6028830caff9ee44b42d32ed\"},\"headline\":\"Refugiados em Angola e Mo\u00e7ambique na Segunda Guerra ainda pouco conhecidos\",\"datePublished\":\"2026-01-25T13:35:00+00:00\",\"mainEntityOfPage\":{\"@id\":\"https:\/\/portaltela.pt\/noticias\/2026\/01\/25\/refugiados-em-angola-e-mocambique-na-segunda-guerra-ainda-pouco-conhecidos\/\"},\"wordCount\":136,\"image\":{\"@id\":\"https:\/\/portaltela.pt\/noticias\/2026\/01\/25\/refugiados-em-angola-e-mocambique-na-segunda-guerra-ainda-pouco-conhecidos\/#primaryimage\"},\"thumbnailUrl\":\"https:\/\/portaltela.pt\/s.01k8rhncp4jt1\/2026\/01\/2061830.jpg\",\"keywords\":[\"col\u00f3nias\",\"conflito internacional\",\"hist\u00f3ria\",\"investiga\u00e7\u00e3o\",\"Portugal\",\"refugiados internos\"],\"articleSection\":[\"Not\u00edcias\"],\"inLanguage\":\"pt-PT\"},{\"@type\":\"WebPage\",\"@id\":\"https:\/\/portaltela.pt\/noticias\/2026\/01\/25\/refugiados-em-angola-e-mocambique-na-segunda-guerra-ainda-pouco-conhecidos\/\",\"url\":\"https:\/\/portaltela.pt\/noticias\/2026\/01\/25\/refugiados-em-angola-e-mocambique-na-segunda-guerra-ainda-pouco-conhecidos\/\",\"name\":\"Refugiados em Angola e Mo\u00e7ambique na Segunda Guerra ainda pouco conhecidos - Portal Tela Portugal\",\"isPartOf\":{\"@id\":\"https:\/\/portaltela.pt\/#website\"},\"primaryImageOfPage\":{\"@id\":\"https:\/\/portaltela.pt\/noticias\/2026\/01\/25\/refugiados-em-angola-e-mocambique-na-segunda-guerra-ainda-pouco-conhecidos\/#primaryimage\"},\"image\":{\"@id\":\"https:\/\/portaltela.pt\/noticias\/2026\/01\/25\/refugiados-em-angola-e-mocambique-na-segunda-guerra-ainda-pouco-conhecidos\/#primaryimage\"},\"thumbnailUrl\":\"https:\/\/portaltela.pt\/s.01k8rhncp4jt1\/2026\/01\/2061830.jpg\",\"datePublished\":\"2026-01-25T13:35:00+00:00\",\"author\":{\"@id\":\"https:\/\/portaltela.pt\/#\/schema\/person\/c4278d4a6028830caff9ee44b42d32ed\"},\"breadcrumb\":{\"@id\":\"https:\/\/portaltela.pt\/noticias\/2026\/01\/25\/refugiados-em-angola-e-mocambique-na-segunda-guerra-ainda-pouco-conhecidos\/#breadcrumb\"},\"inLanguage\":\"pt-PT\",\"potentialAction\":[{\"@type\":\"ReadAction\",\"target\":[\"https:\/\/portaltela.pt\/noticias\/2026\/01\/25\/refugiados-em-angola-e-mocambique-na-segunda-guerra-ainda-pouco-conhecidos\/\"]}]},{\"@type\":\"ImageObject\",\"inLanguage\":\"pt-PT\",\"@id\":\"https:\/\/portaltela.pt\/noticias\/2026\/01\/25\/refugiados-em-angola-e-mocambique-na-segunda-guerra-ainda-pouco-conhecidos\/#primaryimage\",\"url\":\"https:\/\/portaltela.pt\/s.01k8rhncp4jt1\/2026\/01\/2061830.jpg\",\"contentUrl\":\"https:\/\/portaltela.pt\/s.01k8rhncp4jt1\/2026\/01\/2061830.jpg\",\"width\":796,\"height\":448,\"caption\":\"A historiadora Irene Flunser Pimentel\"},{\"@type\":\"BreadcrumbList\",\"@id\":\"https:\/\/portaltela.pt\/noticias\/2026\/01\/25\/refugiados-em-angola-e-mocambique-na-segunda-guerra-ainda-pouco-conhecidos\/#breadcrumb\",\"itemListElement\":[{\"@type\":\"ListItem\",\"position\":1,\"name\":\"In\u00edcio\",\"item\":\"https:\/\/portaltela.pt\/\"},{\"@type\":\"ListItem\",\"position\":2,\"name\":\"Refugiados em Angola e Mo\u00e7ambique na Segunda Guerra ainda pouco conhecidos\"}]},{\"@type\":\"WebSite\",\"@id\":\"https:\/\/portaltela.pt\/#website\",\"url\":\"https:\/\/portaltela.pt\/\",\"name\":\"Portal Tela Portugal\",\"description\":\"\",\"potentialAction\":[{\"@type\":\"SearchAction\",\"target\":{\"@type\":\"EntryPoint\",\"urlTemplate\":\"https:\/\/portaltela.pt\/?s={search_term_string}\"},\"query-input\":{\"@type\":\"PropertyValueSpecification\",\"valueRequired\":true,\"valueName\":\"search_term_string\"}}],\"inLanguage\":\"pt-PT\"},{\"@type\":\"Person\",\"@id\":\"https:\/\/portaltela.pt\/#\/schema\/person\/c4278d4a6028830caff9ee44b42d32ed\",\"name\":\"Telinha\",\"image\":{\"@type\":\"ImageObject\",\"inLanguage\":\"pt-PT\",\"@id\":\"https:\/\/portaltela.pt\/s.01k8rhncp4jt1\/2025\/11\/talking-bot-125x125.png\",\"url\":\"https:\/\/portaltela.pt\/s.01k8rhncp4jt1\/2025\/11\/talking-bot-125x125.png\",\"contentUrl\":\"https:\/\/portaltela.pt\/s.01k8rhncp4jt1\/2025\/11\/talking-bot-125x125.png\",\"caption\":\"Telinha\"},\"sameAs\":[\"https:\/\/portaltela.pt\/\"],\"url\":\"https:\/\/portaltela.pt\/por\/367410592786\/\"}]}<\/script>\n<!-- \/ Yoast SEO plugin. -->","yoast_head_json":{"title":"Refugiados em Angola e Mo\u00e7ambique na Segunda Guerra ainda pouco conhecidos - Portal Tela Portugal","robots":{"index":"index","follow":"follow","max-snippet":"max-snippet:-1","max-image-preview":"max-image-preview:large","max-video-preview":"max-video-preview:-1"},"og_locale":"pt_PT","og_type":"article","og_title":"Refugiados em Angola e Mo\u00e7ambique na Segunda Guerra ainda pouco conhecidos - Portal Tela Portugal","og_description":"A historiadora Irene Pimentel afirma que a passagem e fixa\u00e7\u00e3o de refugiados de regimes nazi e fascista em Angola e Mo\u00e7ambique durante a segunda guerra mundial \u00e9 um cap\u00edtulo da hist\u00f3ria contempor\u00e2nea ainda por investigar. Segundo a especialista, esse fen\u00f3meno ocorreu nas antigas col\u00f3nias portuguesas em \u00c1frica e exige uma investiga\u00e7\u00e3o profunda. A afirma\u00e7\u00e3o destaca a insuficiente investiga\u00e7\u00e3o existente sobre este tema espec\u00edfico da hist\u00f3ria global. A leitura sugere que grande parte da pesquisa sobre refugiados durante a segunda guerra mundial ainda n\u00e3o abordou este territ\u00f3rio africano.","og_url":"https:\/\/portaltela.pt\/noticias\/2026\/01\/25\/refugiados-em-angola-e-mocambique-na-segunda-guerra-ainda-pouco-conhecidos\/","og_site_name":"Portal Tela Portugal","article_published_time":"2026-01-25T13:35:00+00:00","author":"Telinha","twitter_card":"summary_large_image","twitter_misc":{"Escrito por":"Telinha","Tempo estimado de leitura":"1 minuto"},"schema":{"@context":"https:\/\/schema.org","@graph":[{"@type":"Article","@id":"https:\/\/portaltela.pt\/noticias\/2026\/01\/25\/refugiados-em-angola-e-mocambique-na-segunda-guerra-ainda-pouco-conhecidos\/#article","isPartOf":{"@id":"https:\/\/portaltela.pt\/noticias\/2026\/01\/25\/refugiados-em-angola-e-mocambique-na-segunda-guerra-ainda-pouco-conhecidos\/"},"author":{"name":"Telinha","@id":"https:\/\/portaltela.pt\/#\/schema\/person\/c4278d4a6028830caff9ee44b42d32ed"},"headline":"Refugiados em Angola e Mo\u00e7ambique na Segunda Guerra ainda pouco conhecidos","datePublished":"2026-01-25T13:35:00+00:00","mainEntityOfPage":{"@id":"https:\/\/portaltela.pt\/noticias\/2026\/01\/25\/refugiados-em-angola-e-mocambique-na-segunda-guerra-ainda-pouco-conhecidos\/"},"wordCount":136,"image":{"@id":"https:\/\/portaltela.pt\/noticias\/2026\/01\/25\/refugiados-em-angola-e-mocambique-na-segunda-guerra-ainda-pouco-conhecidos\/#primaryimage"},"thumbnailUrl":"https:\/\/portaltela.pt\/s.01k8rhncp4jt1\/2026\/01\/2061830.jpg","keywords":["col\u00f3nias","conflito internacional","hist\u00f3ria","investiga\u00e7\u00e3o","Portugal","refugiados internos"],"articleSection":["Not\u00edcias"],"inLanguage":"pt-PT"},{"@type":"WebPage","@id":"https:\/\/portaltela.pt\/noticias\/2026\/01\/25\/refugiados-em-angola-e-mocambique-na-segunda-guerra-ainda-pouco-conhecidos\/","url":"https:\/\/portaltela.pt\/noticias\/2026\/01\/25\/refugiados-em-angola-e-mocambique-na-segunda-guerra-ainda-pouco-conhecidos\/","name":"Refugiados em Angola e Mo\u00e7ambique na Segunda Guerra ainda pouco conhecidos - Portal Tela Portugal","isPartOf":{"@id":"https:\/\/portaltela.pt\/#website"},"primaryImageOfPage":{"@id":"https:\/\/portaltela.pt\/noticias\/2026\/01\/25\/refugiados-em-angola-e-mocambique-na-segunda-guerra-ainda-pouco-conhecidos\/#primaryimage"},"image":{"@id":"https:\/\/portaltela.pt\/noticias\/2026\/01\/25\/refugiados-em-angola-e-mocambique-na-segunda-guerra-ainda-pouco-conhecidos\/#primaryimage"},"thumbnailUrl":"https:\/\/portaltela.pt\/s.01k8rhncp4jt1\/2026\/01\/2061830.jpg","datePublished":"2026-01-25T13:35:00+00:00","author":{"@id":"https:\/\/portaltela.pt\/#\/schema\/person\/c4278d4a6028830caff9ee44b42d32ed"},"breadcrumb":{"@id":"https:\/\/portaltela.pt\/noticias\/2026\/01\/25\/refugiados-em-angola-e-mocambique-na-segunda-guerra-ainda-pouco-conhecidos\/#breadcrumb"},"inLanguage":"pt-PT","potentialAction":[{"@type":"ReadAction","target":["https:\/\/portaltela.pt\/noticias\/2026\/01\/25\/refugiados-em-angola-e-mocambique-na-segunda-guerra-ainda-pouco-conhecidos\/"]}]},{"@type":"ImageObject","inLanguage":"pt-PT","@id":"https:\/\/portaltela.pt\/noticias\/2026\/01\/25\/refugiados-em-angola-e-mocambique-na-segunda-guerra-ainda-pouco-conhecidos\/#primaryimage","url":"https:\/\/portaltela.pt\/s.01k8rhncp4jt1\/2026\/01\/2061830.jpg","contentUrl":"https:\/\/portaltela.pt\/s.01k8rhncp4jt1\/2026\/01\/2061830.jpg","width":796,"height":448,"caption":"A historiadora Irene Flunser Pimentel"},{"@type":"BreadcrumbList","@id":"https:\/\/portaltela.pt\/noticias\/2026\/01\/25\/refugiados-em-angola-e-mocambique-na-segunda-guerra-ainda-pouco-conhecidos\/#breadcrumb","itemListElement":[{"@type":"ListItem","position":1,"name":"In\u00edcio","item":"https:\/\/portaltela.pt\/"},{"@type":"ListItem","position":2,"name":"Refugiados em Angola e Mo\u00e7ambique na Segunda Guerra ainda pouco conhecidos"}]},{"@type":"WebSite","@id":"https:\/\/portaltela.pt\/#website","url":"https:\/\/portaltela.pt\/","name":"Portal Tela Portugal","description":"","potentialAction":[{"@type":"SearchAction","target":{"@type":"EntryPoint","urlTemplate":"https:\/\/portaltela.pt\/?s={search_term_string}"},"query-input":{"@type":"PropertyValueSpecification","valueRequired":true,"valueName":"search_term_string"}}],"inLanguage":"pt-PT"},{"@type":"Person","@id":"https:\/\/portaltela.pt\/#\/schema\/person\/c4278d4a6028830caff9ee44b42d32ed","name":"Telinha","image":{"@type":"ImageObject","inLanguage":"pt-PT","@id":"https:\/\/portaltela.pt\/s.01k8rhncp4jt1\/2025\/11\/talking-bot-125x125.png","url":"https:\/\/portaltela.pt\/s.01k8rhncp4jt1\/2025\/11\/talking-bot-125x125.png","contentUrl":"https:\/\/portaltela.pt\/s.01k8rhncp4jt1\/2025\/11\/talking-bot-125x125.png","caption":"Telinha"},"sameAs":["https:\/\/portaltela.pt\/"],"url":"https:\/\/portaltela.pt\/por\/367410592786\/"}]}},"_links":{"self":[{"href":"https:\/\/portaltela.pt\/api\/wp\/v2\/posts\/172113","targetHints":{"allow":["GET"]}}],"collection":[{"href":"https:\/\/portaltela.pt\/api\/wp\/v2\/posts"}],"about":[{"href":"https:\/\/portaltela.pt\/api\/wp\/v2\/types\/post"}],"author":[{"embeddable":true,"href":"https:\/\/portaltela.pt\/api\/wp\/v2\/users\/2"}],"replies":[{"embeddable":true,"href":"https:\/\/portaltela.pt\/api\/wp\/v2\/comments?post=172113"}],"version-history":[{"count":0,"href":"https:\/\/portaltela.pt\/api\/wp\/v2\/posts\/172113\/revisions"}],"wp:featuredmedia":[{"embeddable":true,"href":"https:\/\/portaltela.pt\/api\/wp\/v2\/media\/172118"}],"wp:attachment":[{"href":"https:\/\/portaltela.pt\/api\/wp\/v2\/media?parent=172113"}],"wp:term":[{"taxonomy":"category","embeddable":true,"href":"https:\/\/portaltela.pt\/api\/wp\/v2\/categories?post=172113"},{"taxonomy":"post_tag","embeddable":true,"href":"https:\/\/portaltela.pt\/api\/wp\/v2\/tags?post=172113"}],"curies":[{"name":"wp","href":"https:\/\/api.w.org\/{rel}","templated":true}]}}