{"id":172038,"date":"2026-01-25T09:24:03","date_gmt":"2026-01-25T12:24:03","guid":{"rendered":"https:\/\/portaltela.pt\/noticias\/2026\/01\/25\/palestra-aborda-a-padroeira-de-mata\/"},"modified":"2026-01-25T09:24:03","modified_gmt":"2026-01-25T12:24:03","slug":"palestra-aborda-a-padroeira-de-mata","status":"publish","type":"post","link":"https:\/\/portaltela.pt\/noticias\/2026\/01\/25\/palestra-aborda-a-padroeira-de-mata\/","title":{"rendered":"Palestra aborda a padroeira de Mata"},"content":{"rendered":"<p>A Cooperativa Pinacoteca e a Associa\u00e7\u00e3o Raia Gera\u00e7\u00f5es organizam para este domingo, 25 de janeiro, a palestra Santa Margarida \u2013 Padroeira de Mata. O evento come\u00e7a \u00e0s 15h na Escola Prim\u00e1ria de Mata, no concelho de Castelo Branco.<\/p>\n<p>O orador convidado \u00e9 Manuel Barata, conforme a organiza\u00e7\u00e3o. A sess\u00e3o pretende apresentar aspetos ligados \u00e0 tradi\u00e7\u00e3o e \u00e0 import\u00e2ncia da padroeira no contexto local.<\/p>\n<p>Ap\u00f3s a palestra, est\u00e1 prevista uma atua\u00e7\u00e3o do Polo de Escalos de Baixo e Mata da Universidade S\u00e9nior Albicastrense, seguida de um lanche oferecido pela Junta de Freguesia de Mata.<\/p>\n<h3>Apoio institucional<\/h3>\n<p>A iniciativa conta com o apoio da Junta de Freguesia de Mata.<\/p>\n","protected":false},"excerpt":{"rendered":"<ul>\n<li>A palestra \u201cSanta Margarida \u2013 Padroeira de Mata\u201d realiza-se este domingo, 25 de janeiro, \u00e0s 15h, na Escola Prim\u00e1ria de Mata, Castelo Branco.<\/li>\n<li>Organizam a iniciativa a Cooperativa Pinacoteca e a Associa\u00e7\u00e3o Raia Gera\u00e7\u00f5es, com o orador convidado Manuel Barata.<\/li>\n<li>Ap\u00f3s a palestra, haver\u00e1 atua\u00e7\u00e3o do Polo de Escalos de Baixo e Mata da Universidade S\u00e9nior Albicastrense.<\/li>\n<li>Seguir\u00e1 um lanche oferecido pela Junta de Freguesia local.<\/li>\n<li>A iniciativa conta com o apoio da Junta de Freguesia de Mata.<\/li>\n<\/ul>\n","protected":false},"author":2,"featured_media":172060,"comment_status":"closed","ping_status":"closed","sticky":false,"template":"","format":"standard","meta":{"footnotes":""},"categories":[1],"tags":[4225,1112,103,163,3731,1144],"class_list":["post-172038","post","type-post","status-publish","format-standard","has-post-thumbnail","hentry","category-noticias","tag-albicastrense","tag-castelo-branco","tag-catolicismo","tag-educacao","tag-eventos","tag-instituicoes"],"yoast_head":"<!-- This site is optimized with the Yoast SEO plugin v27.2 - https:\/\/yoast.com\/product\/yoast-seo-wordpress\/ -->\n<title>Palestra aborda a padroeira de Mata - Portal Tela Portugal<\/title>\n<meta name=\"robots\" content=\"index, follow, max-snippet:-1, max-image-preview:large, max-video-preview:-1\" \/>\n<meta property=\"og:locale\" content=\"pt_PT\" \/>\n<meta property=\"og:type\" content=\"article\" \/>\n<meta property=\"og:title\" content=\"Palestra aborda a padroeira de Mata - Portal Tela Portugal\" \/>\n<meta property=\"og:description\" content=\"A palestra \u201cSanta Margarida \u2013 Padroeira de Mata\u201d realiza-se este domingo, 25 de janeiro, \u00e0s 15h, na Escola Prim\u00e1ria de Mata, Castelo Branco. Organizam a iniciativa a Cooperativa Pinacoteca e a Associa\u00e7\u00e3o Raia Gera\u00e7\u00f5es, com o orador convidado Manuel Barata. Ap\u00f3s a palestra, haver\u00e1 atua\u00e7\u00e3o do Polo de Escalos de Baixo e Mata da Universidade S\u00e9nior Albicastrense. Seguir\u00e1 um lanche oferecido pela Junta de Freguesia local. A iniciativa conta com o apoio da Junta de Freguesia de Mata.\" \/>\n<meta property=\"og:url\" content=\"https:\/\/portaltela.pt\/noticias\/2026\/01\/25\/palestra-aborda-a-padroeira-de-mata\/\" \/>\n<meta property=\"og:site_name\" content=\"Portal Tela Portugal\" \/>\n<meta property=\"article:published_time\" content=\"2026-01-25T12:24:03+00:00\" \/>\n<meta name=\"author\" content=\"Telinha\" \/>\n<meta name=\"twitter:card\" content=\"summary_large_image\" \/>\n<meta name=\"twitter:label1\" content=\"Escrito por\" \/>\n\t<meta name=\"twitter:data1\" content=\"Telinha\" \/>\n\t<meta name=\"twitter:label2\" content=\"Tempo estimado de leitura\" \/>\n\t<meta name=\"twitter:data2\" content=\"1 minuto\" \/>\n<script type=\"application\/ld+json\" class=\"yoast-schema-graph\">{\"@context\":\"https:\/\/schema.org\",\"@graph\":[{\"@type\":\"Article\",\"@id\":\"https:\/\/portaltela.pt\/noticias\/2026\/01\/25\/palestra-aborda-a-padroeira-de-mata\/#article\",\"isPartOf\":{\"@id\":\"https:\/\/portaltela.pt\/noticias\/2026\/01\/25\/palestra-aborda-a-padroeira-de-mata\/\"},\"author\":{\"name\":\"Telinha\",\"@id\":\"https:\/\/portaltela.pt\/#\/schema\/person\/c4278d4a6028830caff9ee44b42d32ed\"},\"headline\":\"Palestra aborda a padroeira de Mata\",\"datePublished\":\"2026-01-25T12:24:03+00:00\",\"mainEntityOfPage\":{\"@id\":\"https:\/\/portaltela.pt\/noticias\/2026\/01\/25\/palestra-aborda-a-padroeira-de-mata\/\"},\"wordCount\":119,\"image\":{\"@id\":\"https:\/\/portaltela.pt\/noticias\/2026\/01\/25\/palestra-aborda-a-padroeira-de-mata\/#primaryimage\"},\"thumbnailUrl\":\"https:\/\/portaltela.pt\/s.01k8rhncp4jt1\/2026\/01\/unnamed-file-5145.jpg\",\"keywords\":[\"Albicastrense\",\"Castelo Branco\",\"catolicismo\",\"educa\u00e7\u00e3o\",\"eventos\",\"institui\u00e7\u00f5es\"],\"articleSection\":[\"Not\u00edcias\"],\"inLanguage\":\"pt-PT\"},{\"@type\":\"WebPage\",\"@id\":\"https:\/\/portaltela.pt\/noticias\/2026\/01\/25\/palestra-aborda-a-padroeira-de-mata\/\",\"url\":\"https:\/\/portaltela.pt\/noticias\/2026\/01\/25\/palestra-aborda-a-padroeira-de-mata\/\",\"name\":\"Palestra aborda a padroeira de Mata - Portal Tela Portugal\",\"isPartOf\":{\"@id\":\"https:\/\/portaltela.pt\/#website\"},\"primaryImageOfPage\":{\"@id\":\"https:\/\/portaltela.pt\/noticias\/2026\/01\/25\/palestra-aborda-a-padroeira-de-mata\/#primaryimage\"},\"image\":{\"@id\":\"https:\/\/portaltela.pt\/noticias\/2026\/01\/25\/palestra-aborda-a-padroeira-de-mata\/#primaryimage\"},\"thumbnailUrl\":\"https:\/\/portaltela.pt\/s.01k8rhncp4jt1\/2026\/01\/unnamed-file-5145.jpg\",\"datePublished\":\"2026-01-25T12:24:03+00:00\",\"author\":{\"@id\":\"https:\/\/portaltela.pt\/#\/schema\/person\/c4278d4a6028830caff9ee44b42d32ed\"},\"breadcrumb\":{\"@id\":\"https:\/\/portaltela.pt\/noticias\/2026\/01\/25\/palestra-aborda-a-padroeira-de-mata\/#breadcrumb\"},\"inLanguage\":\"pt-PT\",\"potentialAction\":[{\"@type\":\"ReadAction\",\"target\":[\"https:\/\/portaltela.pt\/noticias\/2026\/01\/25\/palestra-aborda-a-padroeira-de-mata\/\"]}]},{\"@type\":\"ImageObject\",\"inLanguage\":\"pt-PT\",\"@id\":\"https:\/\/portaltela.pt\/noticias\/2026\/01\/25\/palestra-aborda-a-padroeira-de-mata\/#primaryimage\",\"url\":\"https:\/\/portaltela.pt\/s.01k8rhncp4jt1\/2026\/01\/unnamed-file-5145.jpg\",\"contentUrl\":\"https:\/\/portaltela.pt\/s.01k8rhncp4jt1\/2026\/01\/unnamed-file-5145.jpg\",\"width\":796,\"height\":448,\"caption\":\"Palestra sobre a padroeira de Mata\"},{\"@type\":\"BreadcrumbList\",\"@id\":\"https:\/\/portaltela.pt\/noticias\/2026\/01\/25\/palestra-aborda-a-padroeira-de-mata\/#breadcrumb\",\"itemListElement\":[{\"@type\":\"ListItem\",\"position\":1,\"name\":\"In\u00edcio\",\"item\":\"https:\/\/portaltela.pt\/\"},{\"@type\":\"ListItem\",\"position\":2,\"name\":\"Palestra aborda a padroeira de Mata\"}]},{\"@type\":\"WebSite\",\"@id\":\"https:\/\/portaltela.pt\/#website\",\"url\":\"https:\/\/portaltela.pt\/\",\"name\":\"Portal Tela Portugal\",\"description\":\"\",\"potentialAction\":[{\"@type\":\"SearchAction\",\"target\":{\"@type\":\"EntryPoint\",\"urlTemplate\":\"https:\/\/portaltela.pt\/?s={search_term_string}\"},\"query-input\":{\"@type\":\"PropertyValueSpecification\",\"valueRequired\":true,\"valueName\":\"search_term_string\"}}],\"inLanguage\":\"pt-PT\"},{\"@type\":\"Person\",\"@id\":\"https:\/\/portaltela.pt\/#\/schema\/person\/c4278d4a6028830caff9ee44b42d32ed\",\"name\":\"Telinha\",\"image\":{\"@type\":\"ImageObject\",\"inLanguage\":\"pt-PT\",\"@id\":\"https:\/\/portaltela.pt\/s.01k8rhncp4jt1\/2025\/11\/talking-bot-125x125.png\",\"url\":\"https:\/\/portaltela.pt\/s.01k8rhncp4jt1\/2025\/11\/talking-bot-125x125.png\",\"contentUrl\":\"https:\/\/portaltela.pt\/s.01k8rhncp4jt1\/2025\/11\/talking-bot-125x125.png\",\"caption\":\"Telinha\"},\"sameAs\":[\"https:\/\/portaltela.pt\/\"],\"url\":\"https:\/\/portaltela.pt\/por\/367410592786\/\"}]}<\/script>\n<!-- \/ Yoast SEO plugin. -->","yoast_head_json":{"title":"Palestra aborda a padroeira de Mata - Portal Tela Portugal","robots":{"index":"index","follow":"follow","max-snippet":"max-snippet:-1","max-image-preview":"max-image-preview:large","max-video-preview":"max-video-preview:-1"},"og_locale":"pt_PT","og_type":"article","og_title":"Palestra aborda a padroeira de Mata - Portal Tela Portugal","og_description":"A palestra \u201cSanta Margarida \u2013 Padroeira de Mata\u201d realiza-se este domingo, 25 de janeiro, \u00e0s 15h, na Escola Prim\u00e1ria de Mata, Castelo Branco. Organizam a iniciativa a Cooperativa Pinacoteca e a Associa\u00e7\u00e3o Raia Gera\u00e7\u00f5es, com o orador convidado Manuel Barata. Ap\u00f3s a palestra, haver\u00e1 atua\u00e7\u00e3o do Polo de Escalos de Baixo e Mata da Universidade S\u00e9nior Albicastrense. Seguir\u00e1 um lanche oferecido pela Junta de Freguesia local. A iniciativa conta com o apoio da Junta de Freguesia de Mata.","og_url":"https:\/\/portaltela.pt\/noticias\/2026\/01\/25\/palestra-aborda-a-padroeira-de-mata\/","og_site_name":"Portal Tela Portugal","article_published_time":"2026-01-25T12:24:03+00:00","author":"Telinha","twitter_card":"summary_large_image","twitter_misc":{"Escrito por":"Telinha","Tempo estimado de leitura":"1 minuto"},"schema":{"@context":"https:\/\/schema.org","@graph":[{"@type":"Article","@id":"https:\/\/portaltela.pt\/noticias\/2026\/01\/25\/palestra-aborda-a-padroeira-de-mata\/#article","isPartOf":{"@id":"https:\/\/portaltela.pt\/noticias\/2026\/01\/25\/palestra-aborda-a-padroeira-de-mata\/"},"author":{"name":"Telinha","@id":"https:\/\/portaltela.pt\/#\/schema\/person\/c4278d4a6028830caff9ee44b42d32ed"},"headline":"Palestra aborda a padroeira de Mata","datePublished":"2026-01-25T12:24:03+00:00","mainEntityOfPage":{"@id":"https:\/\/portaltela.pt\/noticias\/2026\/01\/25\/palestra-aborda-a-padroeira-de-mata\/"},"wordCount":119,"image":{"@id":"https:\/\/portaltela.pt\/noticias\/2026\/01\/25\/palestra-aborda-a-padroeira-de-mata\/#primaryimage"},"thumbnailUrl":"https:\/\/portaltela.pt\/s.01k8rhncp4jt1\/2026\/01\/unnamed-file-5145.jpg","keywords":["Albicastrense","Castelo Branco","catolicismo","educa\u00e7\u00e3o","eventos","institui\u00e7\u00f5es"],"articleSection":["Not\u00edcias"],"inLanguage":"pt-PT"},{"@type":"WebPage","@id":"https:\/\/portaltela.pt\/noticias\/2026\/01\/25\/palestra-aborda-a-padroeira-de-mata\/","url":"https:\/\/portaltela.pt\/noticias\/2026\/01\/25\/palestra-aborda-a-padroeira-de-mata\/","name":"Palestra aborda a padroeira de Mata - Portal Tela Portugal","isPartOf":{"@id":"https:\/\/portaltela.pt\/#website"},"primaryImageOfPage":{"@id":"https:\/\/portaltela.pt\/noticias\/2026\/01\/25\/palestra-aborda-a-padroeira-de-mata\/#primaryimage"},"image":{"@id":"https:\/\/portaltela.pt\/noticias\/2026\/01\/25\/palestra-aborda-a-padroeira-de-mata\/#primaryimage"},"thumbnailUrl":"https:\/\/portaltela.pt\/s.01k8rhncp4jt1\/2026\/01\/unnamed-file-5145.jpg","datePublished":"2026-01-25T12:24:03+00:00","author":{"@id":"https:\/\/portaltela.pt\/#\/schema\/person\/c4278d4a6028830caff9ee44b42d32ed"},"breadcrumb":{"@id":"https:\/\/portaltela.pt\/noticias\/2026\/01\/25\/palestra-aborda-a-padroeira-de-mata\/#breadcrumb"},"inLanguage":"pt-PT","potentialAction":[{"@type":"ReadAction","target":["https:\/\/portaltela.pt\/noticias\/2026\/01\/25\/palestra-aborda-a-padroeira-de-mata\/"]}]},{"@type":"ImageObject","inLanguage":"pt-PT","@id":"https:\/\/portaltela.pt\/noticias\/2026\/01\/25\/palestra-aborda-a-padroeira-de-mata\/#primaryimage","url":"https:\/\/portaltela.pt\/s.01k8rhncp4jt1\/2026\/01\/unnamed-file-5145.jpg","contentUrl":"https:\/\/portaltela.pt\/s.01k8rhncp4jt1\/2026\/01\/unnamed-file-5145.jpg","width":796,"height":448,"caption":"Palestra sobre a padroeira de Mata"},{"@type":"BreadcrumbList","@id":"https:\/\/portaltela.pt\/noticias\/2026\/01\/25\/palestra-aborda-a-padroeira-de-mata\/#breadcrumb","itemListElement":[{"@type":"ListItem","position":1,"name":"In\u00edcio","item":"https:\/\/portaltela.pt\/"},{"@type":"ListItem","position":2,"name":"Palestra aborda a padroeira de Mata"}]},{"@type":"WebSite","@id":"https:\/\/portaltela.pt\/#website","url":"https:\/\/portaltela.pt\/","name":"Portal Tela Portugal","description":"","potentialAction":[{"@type":"SearchAction","target":{"@type":"EntryPoint","urlTemplate":"https:\/\/portaltela.pt\/?s={search_term_string}"},"query-input":{"@type":"PropertyValueSpecification","valueRequired":true,"valueName":"search_term_string"}}],"inLanguage":"pt-PT"},{"@type":"Person","@id":"https:\/\/portaltela.pt\/#\/schema\/person\/c4278d4a6028830caff9ee44b42d32ed","name":"Telinha","image":{"@type":"ImageObject","inLanguage":"pt-PT","@id":"https:\/\/portaltela.pt\/s.01k8rhncp4jt1\/2025\/11\/talking-bot-125x125.png","url":"https:\/\/portaltela.pt\/s.01k8rhncp4jt1\/2025\/11\/talking-bot-125x125.png","contentUrl":"https:\/\/portaltela.pt\/s.01k8rhncp4jt1\/2025\/11\/talking-bot-125x125.png","caption":"Telinha"},"sameAs":["https:\/\/portaltela.pt\/"],"url":"https:\/\/portaltela.pt\/por\/367410592786\/"}]}},"_links":{"self":[{"href":"https:\/\/portaltela.pt\/api\/wp\/v2\/posts\/172038","targetHints":{"allow":["GET"]}}],"collection":[{"href":"https:\/\/portaltela.pt\/api\/wp\/v2\/posts"}],"about":[{"href":"https:\/\/portaltela.pt\/api\/wp\/v2\/types\/post"}],"author":[{"embeddable":true,"href":"https:\/\/portaltela.pt\/api\/wp\/v2\/users\/2"}],"replies":[{"embeddable":true,"href":"https:\/\/portaltela.pt\/api\/wp\/v2\/comments?post=172038"}],"version-history":[{"count":0,"href":"https:\/\/portaltela.pt\/api\/wp\/v2\/posts\/172038\/revisions"}],"wp:featuredmedia":[{"embeddable":true,"href":"https:\/\/portaltela.pt\/api\/wp\/v2\/media\/172060"}],"wp:attachment":[{"href":"https:\/\/portaltela.pt\/api\/wp\/v2\/media?parent=172038"}],"wp:term":[{"taxonomy":"category","embeddable":true,"href":"https:\/\/portaltela.pt\/api\/wp\/v2\/categories?post=172038"},{"taxonomy":"post_tag","embeddable":true,"href":"https:\/\/portaltela.pt\/api\/wp\/v2\/tags?post=172038"}],"curies":[{"name":"wp","href":"https:\/\/api.w.org\/{rel}","templated":true}]}}