{"id":172034,"date":"2026-01-25T09:20:07","date_gmt":"2026-01-25T12:20:07","guid":{"rendered":"https:\/\/portaltela.pt\/noticias\/2026\/01\/25\/festival-calheta-a-rir-2026-comeca-com-forte-adesao-do-publico\/"},"modified":"2026-01-25T09:20:07","modified_gmt":"2026-01-25T12:20:07","slug":"festival-calheta-a-rir-2026-comeca-com-forte-adesao-do-publico","status":"publish","type":"post","link":"https:\/\/portaltela.pt\/noticias\/2026\/01\/25\/festival-calheta-a-rir-2026-comeca-com-forte-adesao-do-publico\/","title":{"rendered":"Festival Calheta a Rir 2026 come\u00e7a com forte ades\u00e3o do p\u00fablico"},"content":{"rendered":"<p>O festival Calheta a Rir 2026 arrancou no Audit\u00f3rio do MUDAS \u2013 Museu de Arte Contempor\u00e2nea, registando duas sess\u00f5es esgotadas e um total de 553 espectadores no primeiro fim de semana. O evento decorre na Calheta e segue at\u00e9 30 de Janeiro, com in\u00edcio \u00e0s 21h00.<\/p>\n<p>A estreia, em 22 de Janeiro, quinta-feira, teve Helfimed em palco, com sala esgotada. No dia seguinte, D\u00e1rio Guerreiro apresentou um espect\u00e1culo centrado em costumes, viv\u00eancias e situa\u00e7\u00f5es do quotidiano, num registo direto junto do p\u00fablico.<\/p>\n<p>O primeiro fim-de-semana terminou com o colectivo 4Litro, tamb\u00e9m com sess\u00e3o esgotada. A iniciativa mant\u00e9m o formato de palco aberto e recebe p\u00fablico entusiasta.<\/p>\n<h3>Alinhamento at\u00e9 30 de Janeiro<\/h3>\n<p>A 28 de Janeiro atua Bruna Cunha, com a participa\u00e7\u00e3o de Jos\u00e9 Manuel, personagem dos 4Litro. A 29 de Janeiro segue Sor Miguel + Bicalho. Em 30 de Janeiro encerra o festival a sala Teatro Avesso, espect\u00e1culo j\u00e1 esgotado.<\/p>\n<p>Todos os espect\u00e1culos come\u00e7am \u00e0s 21h00 no MUDAS. Os bilhetes podem ser adquiridos na recep\u00e7\u00e3o do museu, com 50% de desconto para residentes no concelho da Calheta.<\/p>\n","protected":false},"excerpt":{"rendered":"<ul>\n<li>O festival Calheta a Rir 2026 arrancou com grande ades\u00e3o do p\u00fablico, no Audit\u00f3rio do MUDAS, com duas sess\u00f5es esgotadas e um total de 553 espectadores no primeiro fim de semana.<\/li>\n<li>A estreia, a 22 de janeiro, contou com Helfimed, que teve sess\u00e3o esgotada.<\/li>\n<li>Na noite seguinte, D\u00e1rio Guerreiro apresentou um espect\u00e1culo inspirado em costumes e situa\u00e7\u00f5es do quotidiano, num registo direto.<\/li>\n<li>O fim de semana terminou com o espect\u00e1culo do colectivo 4Litro, tamb\u00e9m com sess\u00e3o esgotada.<\/li>\n<li>O festival prossegue at\u00e9 30 de janeiro, com Bruna Cunha (28 jan.), Sor Miguel + Bicalho (29 jan.) e Teatro Avesso (30 jan., esgotado); os bilhetes custam na recep\u00e7\u00e3o do MUDAS, com 50% de desconto para residentes no concelho.<\/li>\n<\/ul>\n","protected":false},"author":2,"featured_media":172044,"comment_status":"closed","ping_status":"closed","sticky":false,"template":"","format":"standard","meta":{"footnotes":""},"categories":[1],"tags":[70,1375,145,3731,3674,119],"class_list":["post-172034","post","type-post","status-publish","format-standard","has-post-thumbnail","hentry","category-noticias","tag-arte","tag-calheta","tag-cultura","tag-eventos","tag-festival","tag-teatro"],"yoast_head":"<!-- This site is optimized with the Yoast SEO plugin v27.2 - https:\/\/yoast.com\/product\/yoast-seo-wordpress\/ -->\n<title>Festival Calheta a Rir 2026 come\u00e7a com forte ades\u00e3o do p\u00fablico - Portal Tela Portugal<\/title>\n<meta name=\"robots\" content=\"index, follow, max-snippet:-1, max-image-preview:large, max-video-preview:-1\" \/>\n<meta property=\"og:locale\" content=\"pt_PT\" \/>\n<meta property=\"og:type\" content=\"article\" \/>\n<meta property=\"og:title\" content=\"Festival Calheta a Rir 2026 come\u00e7a com forte ades\u00e3o do p\u00fablico - Portal Tela Portugal\" \/>\n<meta property=\"og:description\" content=\"O festival Calheta a Rir 2026 arrancou com grande ades\u00e3o do p\u00fablico, no Audit\u00f3rio do MUDAS, com duas sess\u00f5es esgotadas e um total de 553 espectadores no primeiro fim de semana. A estreia, a 22 de janeiro, contou com Helfimed, que teve sess\u00e3o esgotada. Na noite seguinte, D\u00e1rio Guerreiro apresentou um espect\u00e1culo inspirado em costumes e situa\u00e7\u00f5es do quotidiano, num registo direto. O fim de semana terminou com o espect\u00e1culo do colectivo 4Litro, tamb\u00e9m com sess\u00e3o esgotada. O festival prossegue at\u00e9 30 de janeiro, com Bruna Cunha (28 jan.), Sor Miguel + Bicalho (29 jan.) e Teatro Avesso (30 jan., esgotado); os bilhetes custam na recep\u00e7\u00e3o do MUDAS, com 50% de desconto para residentes no concelho.\" \/>\n<meta property=\"og:url\" content=\"https:\/\/portaltela.pt\/noticias\/2026\/01\/25\/festival-calheta-a-rir-2026-comeca-com-forte-adesao-do-publico\/\" \/>\n<meta property=\"og:site_name\" content=\"Portal Tela Portugal\" \/>\n<meta property=\"article:published_time\" content=\"2026-01-25T12:20:07+00:00\" \/>\n<meta name=\"author\" content=\"Telinha\" \/>\n<meta name=\"twitter:card\" content=\"summary_large_image\" \/>\n<meta name=\"twitter:label1\" content=\"Escrito por\" \/>\n\t<meta name=\"twitter:data1\" content=\"Telinha\" \/>\n\t<meta name=\"twitter:label2\" content=\"Tempo estimado de leitura\" \/>\n\t<meta name=\"twitter:data2\" content=\"1 minuto\" \/>\n<script type=\"application\/ld+json\" class=\"yoast-schema-graph\">{\"@context\":\"https:\/\/schema.org\",\"@graph\":[{\"@type\":\"Article\",\"@id\":\"https:\/\/portaltela.pt\/noticias\/2026\/01\/25\/festival-calheta-a-rir-2026-comeca-com-forte-adesao-do-publico\/#article\",\"isPartOf\":{\"@id\":\"https:\/\/portaltela.pt\/noticias\/2026\/01\/25\/festival-calheta-a-rir-2026-comeca-com-forte-adesao-do-publico\/\"},\"author\":{\"name\":\"Telinha\",\"@id\":\"https:\/\/portaltela.pt\/#\/schema\/person\/c4278d4a6028830caff9ee44b42d32ed\"},\"headline\":\"Festival Calheta a Rir 2026 come\u00e7a com forte ades\u00e3o do p\u00fablico\",\"datePublished\":\"2026-01-25T12:20:07+00:00\",\"mainEntityOfPage\":{\"@id\":\"https:\/\/portaltela.pt\/noticias\/2026\/01\/25\/festival-calheta-a-rir-2026-comeca-com-forte-adesao-do-publico\/\"},\"wordCount\":197,\"image\":{\"@id\":\"https:\/\/portaltela.pt\/noticias\/2026\/01\/25\/festival-calheta-a-rir-2026-comeca-com-forte-adesao-do-publico\/#primaryimage\"},\"thumbnailUrl\":\"https:\/\/portaltela.pt\/s.01k8rhncp4jt1\/2026\/01\/unnamed-file-5142.jpg\",\"keywords\":[\"arte\",\"Calheta\",\"cultura\",\"eventos\",\"festival\",\"teatro\"],\"articleSection\":[\"Not\u00edcias\"],\"inLanguage\":\"pt-PT\"},{\"@type\":\"WebPage\",\"@id\":\"https:\/\/portaltela.pt\/noticias\/2026\/01\/25\/festival-calheta-a-rir-2026-comeca-com-forte-adesao-do-publico\/\",\"url\":\"https:\/\/portaltela.pt\/noticias\/2026\/01\/25\/festival-calheta-a-rir-2026-comeca-com-forte-adesao-do-publico\/\",\"name\":\"Festival Calheta a Rir 2026 come\u00e7a com forte ades\u00e3o do p\u00fablico - Portal Tela Portugal\",\"isPartOf\":{\"@id\":\"https:\/\/portaltela.pt\/#website\"},\"primaryImageOfPage\":{\"@id\":\"https:\/\/portaltela.pt\/noticias\/2026\/01\/25\/festival-calheta-a-rir-2026-comeca-com-forte-adesao-do-publico\/#primaryimage\"},\"image\":{\"@id\":\"https:\/\/portaltela.pt\/noticias\/2026\/01\/25\/festival-calheta-a-rir-2026-comeca-com-forte-adesao-do-publico\/#primaryimage\"},\"thumbnailUrl\":\"https:\/\/portaltela.pt\/s.01k8rhncp4jt1\/2026\/01\/unnamed-file-5142.jpg\",\"datePublished\":\"2026-01-25T12:20:07+00:00\",\"author\":{\"@id\":\"https:\/\/portaltela.pt\/#\/schema\/person\/c4278d4a6028830caff9ee44b42d32ed\"},\"breadcrumb\":{\"@id\":\"https:\/\/portaltela.pt\/noticias\/2026\/01\/25\/festival-calheta-a-rir-2026-comeca-com-forte-adesao-do-publico\/#breadcrumb\"},\"inLanguage\":\"pt-PT\",\"potentialAction\":[{\"@type\":\"ReadAction\",\"target\":[\"https:\/\/portaltela.pt\/noticias\/2026\/01\/25\/festival-calheta-a-rir-2026-comeca-com-forte-adesao-do-publico\/\"]}]},{\"@type\":\"ImageObject\",\"inLanguage\":\"pt-PT\",\"@id\":\"https:\/\/portaltela.pt\/noticias\/2026\/01\/25\/festival-calheta-a-rir-2026-comeca-com-forte-adesao-do-publico\/#primaryimage\",\"url\":\"https:\/\/portaltela.pt\/s.01k8rhncp4jt1\/2026\/01\/unnamed-file-5142.jpg\",\"contentUrl\":\"https:\/\/portaltela.pt\/s.01k8rhncp4jt1\/2026\/01\/unnamed-file-5142.jpg\",\"width\":796,\"height\":448,\"caption\":\"Festival Calheta a Rir 2026 arrancou com grande ades\u00e3o do p\u00fablico\"},{\"@type\":\"BreadcrumbList\",\"@id\":\"https:\/\/portaltela.pt\/noticias\/2026\/01\/25\/festival-calheta-a-rir-2026-comeca-com-forte-adesao-do-publico\/#breadcrumb\",\"itemListElement\":[{\"@type\":\"ListItem\",\"position\":1,\"name\":\"In\u00edcio\",\"item\":\"https:\/\/portaltela.pt\/\"},{\"@type\":\"ListItem\",\"position\":2,\"name\":\"Festival Calheta a Rir 2026 come\u00e7a com forte ades\u00e3o do p\u00fablico\"}]},{\"@type\":\"WebSite\",\"@id\":\"https:\/\/portaltela.pt\/#website\",\"url\":\"https:\/\/portaltela.pt\/\",\"name\":\"Portal Tela Portugal\",\"description\":\"\",\"potentialAction\":[{\"@type\":\"SearchAction\",\"target\":{\"@type\":\"EntryPoint\",\"urlTemplate\":\"https:\/\/portaltela.pt\/?s={search_term_string}\"},\"query-input\":{\"@type\":\"PropertyValueSpecification\",\"valueRequired\":true,\"valueName\":\"search_term_string\"}}],\"inLanguage\":\"pt-PT\"},{\"@type\":\"Person\",\"@id\":\"https:\/\/portaltela.pt\/#\/schema\/person\/c4278d4a6028830caff9ee44b42d32ed\",\"name\":\"Telinha\",\"image\":{\"@type\":\"ImageObject\",\"inLanguage\":\"pt-PT\",\"@id\":\"https:\/\/portaltela.pt\/s.01k8rhncp4jt1\/2025\/11\/talking-bot-125x125.png\",\"url\":\"https:\/\/portaltela.pt\/s.01k8rhncp4jt1\/2025\/11\/talking-bot-125x125.png\",\"contentUrl\":\"https:\/\/portaltela.pt\/s.01k8rhncp4jt1\/2025\/11\/talking-bot-125x125.png\",\"caption\":\"Telinha\"},\"sameAs\":[\"https:\/\/portaltela.pt\/\"],\"url\":\"https:\/\/portaltela.pt\/por\/367410592786\/\"}]}<\/script>\n<!-- \/ Yoast SEO plugin. -->","yoast_head_json":{"title":"Festival Calheta a Rir 2026 come\u00e7a com forte ades\u00e3o do p\u00fablico - Portal Tela Portugal","robots":{"index":"index","follow":"follow","max-snippet":"max-snippet:-1","max-image-preview":"max-image-preview:large","max-video-preview":"max-video-preview:-1"},"og_locale":"pt_PT","og_type":"article","og_title":"Festival Calheta a Rir 2026 come\u00e7a com forte ades\u00e3o do p\u00fablico - Portal Tela Portugal","og_description":"O festival Calheta a Rir 2026 arrancou com grande ades\u00e3o do p\u00fablico, no Audit\u00f3rio do MUDAS, com duas sess\u00f5es esgotadas e um total de 553 espectadores no primeiro fim de semana. A estreia, a 22 de janeiro, contou com Helfimed, que teve sess\u00e3o esgotada. Na noite seguinte, D\u00e1rio Guerreiro apresentou um espect\u00e1culo inspirado em costumes e situa\u00e7\u00f5es do quotidiano, num registo direto. O fim de semana terminou com o espect\u00e1culo do colectivo 4Litro, tamb\u00e9m com sess\u00e3o esgotada. O festival prossegue at\u00e9 30 de janeiro, com Bruna Cunha (28 jan.), Sor Miguel + Bicalho (29 jan.) e Teatro Avesso (30 jan., esgotado); os bilhetes custam na recep\u00e7\u00e3o do MUDAS, com 50% de desconto para residentes no concelho.","og_url":"https:\/\/portaltela.pt\/noticias\/2026\/01\/25\/festival-calheta-a-rir-2026-comeca-com-forte-adesao-do-publico\/","og_site_name":"Portal Tela Portugal","article_published_time":"2026-01-25T12:20:07+00:00","author":"Telinha","twitter_card":"summary_large_image","twitter_misc":{"Escrito por":"Telinha","Tempo estimado de leitura":"1 minuto"},"schema":{"@context":"https:\/\/schema.org","@graph":[{"@type":"Article","@id":"https:\/\/portaltela.pt\/noticias\/2026\/01\/25\/festival-calheta-a-rir-2026-comeca-com-forte-adesao-do-publico\/#article","isPartOf":{"@id":"https:\/\/portaltela.pt\/noticias\/2026\/01\/25\/festival-calheta-a-rir-2026-comeca-com-forte-adesao-do-publico\/"},"author":{"name":"Telinha","@id":"https:\/\/portaltela.pt\/#\/schema\/person\/c4278d4a6028830caff9ee44b42d32ed"},"headline":"Festival Calheta a Rir 2026 come\u00e7a com forte ades\u00e3o do p\u00fablico","datePublished":"2026-01-25T12:20:07+00:00","mainEntityOfPage":{"@id":"https:\/\/portaltela.pt\/noticias\/2026\/01\/25\/festival-calheta-a-rir-2026-comeca-com-forte-adesao-do-publico\/"},"wordCount":197,"image":{"@id":"https:\/\/portaltela.pt\/noticias\/2026\/01\/25\/festival-calheta-a-rir-2026-comeca-com-forte-adesao-do-publico\/#primaryimage"},"thumbnailUrl":"https:\/\/portaltela.pt\/s.01k8rhncp4jt1\/2026\/01\/unnamed-file-5142.jpg","keywords":["arte","Calheta","cultura","eventos","festival","teatro"],"articleSection":["Not\u00edcias"],"inLanguage":"pt-PT"},{"@type":"WebPage","@id":"https:\/\/portaltela.pt\/noticias\/2026\/01\/25\/festival-calheta-a-rir-2026-comeca-com-forte-adesao-do-publico\/","url":"https:\/\/portaltela.pt\/noticias\/2026\/01\/25\/festival-calheta-a-rir-2026-comeca-com-forte-adesao-do-publico\/","name":"Festival Calheta a Rir 2026 come\u00e7a com forte ades\u00e3o do p\u00fablico - Portal Tela Portugal","isPartOf":{"@id":"https:\/\/portaltela.pt\/#website"},"primaryImageOfPage":{"@id":"https:\/\/portaltela.pt\/noticias\/2026\/01\/25\/festival-calheta-a-rir-2026-comeca-com-forte-adesao-do-publico\/#primaryimage"},"image":{"@id":"https:\/\/portaltela.pt\/noticias\/2026\/01\/25\/festival-calheta-a-rir-2026-comeca-com-forte-adesao-do-publico\/#primaryimage"},"thumbnailUrl":"https:\/\/portaltela.pt\/s.01k8rhncp4jt1\/2026\/01\/unnamed-file-5142.jpg","datePublished":"2026-01-25T12:20:07+00:00","author":{"@id":"https:\/\/portaltela.pt\/#\/schema\/person\/c4278d4a6028830caff9ee44b42d32ed"},"breadcrumb":{"@id":"https:\/\/portaltela.pt\/noticias\/2026\/01\/25\/festival-calheta-a-rir-2026-comeca-com-forte-adesao-do-publico\/#breadcrumb"},"inLanguage":"pt-PT","potentialAction":[{"@type":"ReadAction","target":["https:\/\/portaltela.pt\/noticias\/2026\/01\/25\/festival-calheta-a-rir-2026-comeca-com-forte-adesao-do-publico\/"]}]},{"@type":"ImageObject","inLanguage":"pt-PT","@id":"https:\/\/portaltela.pt\/noticias\/2026\/01\/25\/festival-calheta-a-rir-2026-comeca-com-forte-adesao-do-publico\/#primaryimage","url":"https:\/\/portaltela.pt\/s.01k8rhncp4jt1\/2026\/01\/unnamed-file-5142.jpg","contentUrl":"https:\/\/portaltela.pt\/s.01k8rhncp4jt1\/2026\/01\/unnamed-file-5142.jpg","width":796,"height":448,"caption":"Festival Calheta a Rir 2026 arrancou com grande ades\u00e3o do p\u00fablico"},{"@type":"BreadcrumbList","@id":"https:\/\/portaltela.pt\/noticias\/2026\/01\/25\/festival-calheta-a-rir-2026-comeca-com-forte-adesao-do-publico\/#breadcrumb","itemListElement":[{"@type":"ListItem","position":1,"name":"In\u00edcio","item":"https:\/\/portaltela.pt\/"},{"@type":"ListItem","position":2,"name":"Festival Calheta a Rir 2026 come\u00e7a com forte ades\u00e3o do p\u00fablico"}]},{"@type":"WebSite","@id":"https:\/\/portaltela.pt\/#website","url":"https:\/\/portaltela.pt\/","name":"Portal Tela Portugal","description":"","potentialAction":[{"@type":"SearchAction","target":{"@type":"EntryPoint","urlTemplate":"https:\/\/portaltela.pt\/?s={search_term_string}"},"query-input":{"@type":"PropertyValueSpecification","valueRequired":true,"valueName":"search_term_string"}}],"inLanguage":"pt-PT"},{"@type":"Person","@id":"https:\/\/portaltela.pt\/#\/schema\/person\/c4278d4a6028830caff9ee44b42d32ed","name":"Telinha","image":{"@type":"ImageObject","inLanguage":"pt-PT","@id":"https:\/\/portaltela.pt\/s.01k8rhncp4jt1\/2025\/11\/talking-bot-125x125.png","url":"https:\/\/portaltela.pt\/s.01k8rhncp4jt1\/2025\/11\/talking-bot-125x125.png","contentUrl":"https:\/\/portaltela.pt\/s.01k8rhncp4jt1\/2025\/11\/talking-bot-125x125.png","caption":"Telinha"},"sameAs":["https:\/\/portaltela.pt\/"],"url":"https:\/\/portaltela.pt\/por\/367410592786\/"}]}},"_links":{"self":[{"href":"https:\/\/portaltela.pt\/api\/wp\/v2\/posts\/172034","targetHints":{"allow":["GET"]}}],"collection":[{"href":"https:\/\/portaltela.pt\/api\/wp\/v2\/posts"}],"about":[{"href":"https:\/\/portaltela.pt\/api\/wp\/v2\/types\/post"}],"author":[{"embeddable":true,"href":"https:\/\/portaltela.pt\/api\/wp\/v2\/users\/2"}],"replies":[{"embeddable":true,"href":"https:\/\/portaltela.pt\/api\/wp\/v2\/comments?post=172034"}],"version-history":[{"count":0,"href":"https:\/\/portaltela.pt\/api\/wp\/v2\/posts\/172034\/revisions"}],"wp:featuredmedia":[{"embeddable":true,"href":"https:\/\/portaltela.pt\/api\/wp\/v2\/media\/172044"}],"wp:attachment":[{"href":"https:\/\/portaltela.pt\/api\/wp\/v2\/media?parent=172034"}],"wp:term":[{"taxonomy":"category","embeddable":true,"href":"https:\/\/portaltela.pt\/api\/wp\/v2\/categories?post=172034"},{"taxonomy":"post_tag","embeddable":true,"href":"https:\/\/portaltela.pt\/api\/wp\/v2\/tags?post=172034"}],"curies":[{"name":"wp","href":"https:\/\/api.w.org\/{rel}","templated":true}]}}