{"id":172029,"date":"2026-01-25T09:25:00","date_gmt":"2026-01-25T12:25:00","guid":{"rendered":"https:\/\/portaltela.pt\/noticias\/2026\/01\/25\/costa-e-von-der-leyen-na-india-ue-pronta-para-abrir-novo-acordo\/"},"modified":"2026-01-25T09:25:00","modified_gmt":"2026-01-25T12:25:00","slug":"costa-e-von-der-leyen-na-india-ue-pronta-para-abrir-novo-acordo","status":"publish","type":"post","link":"https:\/\/portaltela.pt\/noticias\/internacional\/2026\/01\/25\/costa-e-von-der-leyen-na-india-ue-pronta-para-abrir-novo-acordo\/","title":{"rendered":"Costa e Von der Leyen na \u00cdndia, UE pronta para abrir novo acordo"},"content":{"rendered":"<p>O presidente do Conselho Europeu e a presidente da Comiss\u00e3o Europeia iniciam uma visita \u00e0 \u00cdndia, com foco na 16.\u00aa cimeira UE-\u00cdndia, em Nova Deli. O objetivo \u00e9 abrir um novo cap\u00edtulo nas rela\u00e7\u00f5es com o gigante asi\u00e1tico. A desloca\u00e7\u00e3o acontece neste contexto de tens\u00f5es comerciais globais.<\/p>\n<p>Entre os temas da agenda, est\u00e1 a assinatura prevista de um acordo de livre com\u00e9rcio entre a UE e a \u00cdndia, que come\u00e7ou a ser negociado em 2007, foi suspenso e retomado em 2022. O acordo pode abranger cerca de dois mil milh\u00f5es de pessoas, representando cerca de 25% da popula\u00e7\u00e3o mundial.<\/p>\n<p>A visita tamb\u00e9m inclui a participa\u00e7\u00e3o de Ant\u00f3nio Costa e Ursula von der Leyen no Dia da Rep\u00fablica da \u00cdndia, na segunda-feira, a convite de Narendra Modi. O encontro visa aprofundar coopera\u00e7\u00e3o em \u00e1reas estrat\u00e9gicas, como seguran\u00e7a e defesa, e promover opera\u00e7\u00f5es mar\u00edtimas conjuntas.<\/p>\n<h3>Parceria econ\u00f3mica e comercial<\/h3>\n<p>Na cimeira marcada para ter\u00e7a-feira, a UE e a \u00cdndia devem consolidar a coopera\u00e7\u00e3o empresarial no ramo da defesa. Fontes apontam ainda para a cria\u00e7\u00e3o de uma agenda estrat\u00e9gica UE-\u00cdndia para os pr\u00f3ximos quatro anos, com foco em prosperidade, sustentabilidade, tecnologia e conectividade.<\/p>\n<p>A UE \u00e9 j\u00e1 o maior parceiro comercial de bens da \u00cdndia. Em 2024, as trocas bilaterais chegaram aos 120 mil milh\u00f5es de euros, consolidando a posi\u00e7\u00e3o europeia face \u00e0 concorr\u00eancia de China e Estados Unidos.<\/p>\n<h3>Seguran\u00e7a, defesa e conectividade<\/h3>\n<p>A parceria dever\u00e1 tamb\u00e9m centrar-se em seguran\u00e7a e defesa, incluindo o desenvolvimento de capacidades para opera\u00e7\u00f5es mar\u00edtimas. Al\u00e9m disso, h\u00e1 interesse em estreitar a coopera\u00e7\u00e3o em \u00e1reas de inova\u00e7\u00e3o, tecnologia e quest\u00f5es globais, com um corredor econ\u00f3mico \u00cdndia-M\u00e9dio Oriente-Europa entre os projetos estruturantes.<\/p>\n<p>O eixo estrat\u00e9gico contempla ainda investimentos em infraestruturas de transporte, linhas f\u00e9rreas e rodovias, bem como cabos de fibra \u00f3tica de alta velocidade e infraestrutura para hidrog\u00e9nio limpo. A UE pretende trabalhar com a \u00cdndia para ampliar a coopera\u00e7\u00e3o com outros parceiros internacionais.<\/p>\n<h3>Observa\u00e7\u00e3o final<\/h3>\n<p>A renova\u00e7\u00e3o da parceria UE-\u00cdndia surge num momento de reequil\u00edbrios globais e de competi\u00e7\u00e3o comercial entre blocos. A agenda pretende ampliar a disponibilidade de tecnologias, fortalecer cadeias de valor e promover uma coopera\u00e7\u00e3o mais robusta entre os dois blocos nos pr\u00f3ximos anos.<\/p>\n","protected":false},"excerpt":{"rendered":"<ul>\n<li>Costa e Ursula von der Leyen iniciam uma visita \u00e0 \u00cdndia para a 16.\u00aa cimeira UE\u2013\u00cdndia, em Nova Deli, na ter\u00e7a\u2011feira, com a UE pronta para abrir um novo cap\u00edtulo nas rela\u00e7\u00f5es.<\/li>\n<li>Na segunda\u2011feira, participam nas comemora\u00e7\u00f5es do 77.\u00ba Dia da Rep\u00fablica da \u00cdndia, a convite do primeiro\u2011ministro Narendra Modi.<\/li>\n<li>Na cimeira, ser\u00e1 fortalecida a parceria em Seguran\u00e7a e Defesa e h\u00e1 perspetiva de coopera\u00e7\u00e3o em opera\u00e7\u00f5es mar\u00edtimas, com poss\u00edvel coopera\u00e7\u00e3o empresarial no setor.<\/li>\n<li>Dever\u00e1 ser assinado o acordo de livre com\u00e9rcio entre os dois blocos, cujas negocia\u00e7\u00f5es come\u00e7aram em 2007, foram retomadas em 2022 e abrangem cerca de dois mil milh\u00f5es de pessoas.<\/li>\n<li>A Uni\u00e3o Europeia \u00e9 o maior parceiro comercial de bens da \u00cdndia; em 2024 as trocas atingiram 120 mil milh\u00f5es de euros, com o acordo a cimentar a posi\u00e7\u00e3o face \u00e0 China e aos Estados Unidos, e uma agenda estrat\u00e9gica de quatro anos inclui o corredor econ\u00f3mico \u00cdndia-M\u00e9dio Oriente\u2011Europa e maior coopera\u00e7\u00e3o em prosperidade, tecnologia e conectividade.<\/li>\n<\/ul>\n","protected":false},"author":2,"featured_media":172045,"comment_status":"closed","ping_status":"closed","sticky":false,"template":"","format":"standard","meta":{"footnotes":""},"categories":[4,1],"tags":[3368,256,4190,4224,1615,2055],"class_list":["post-172029","post","type-post","status-publish","format-standard","has-post-thumbnail","hentry","category-internacional","category-noticias","tag-comercio-internacional","tag-cooperacao-internacional","tag-fibra-otica","tag-hidrogenio-limpo","tag-infraestrutura","tag-uniao-europeia"],"yoast_head":"<!-- This site is optimized with the Yoast SEO plugin v27.2 - https:\/\/yoast.com\/product\/yoast-seo-wordpress\/ -->\n<title>Costa e Von der Leyen na \u00cdndia, UE pronta para abrir novo acordo - Portal Tela Portugal<\/title>\n<meta name=\"robots\" content=\"index, follow, max-snippet:-1, max-image-preview:large, max-video-preview:-1\" \/>\n<meta property=\"og:locale\" content=\"pt_PT\" \/>\n<meta property=\"og:type\" content=\"article\" \/>\n<meta property=\"og:title\" content=\"Costa e Von der Leyen na \u00cdndia, UE pronta para abrir novo acordo - Portal Tela Portugal\" \/>\n<meta property=\"og:description\" content=\"Costa e Ursula von der Leyen iniciam uma visita \u00e0 \u00cdndia para a 16.\u00aa cimeira UE\u2013\u00cdndia, em Nova Deli, na ter\u00e7a\u2011feira, com a UE pronta para abrir um novo cap\u00edtulo nas rela\u00e7\u00f5es. Na segunda\u2011feira, participam nas comemora\u00e7\u00f5es do 77.\u00ba Dia da Rep\u00fablica da \u00cdndia, a convite do primeiro\u2011ministro Narendra Modi. Na cimeira, ser\u00e1 fortalecida a parceria em Seguran\u00e7a e Defesa e h\u00e1 perspetiva de coopera\u00e7\u00e3o em opera\u00e7\u00f5es mar\u00edtimas, com poss\u00edvel coopera\u00e7\u00e3o empresarial no setor. Dever\u00e1 ser assinado o acordo de livre com\u00e9rcio entre os dois blocos, cujas negocia\u00e7\u00f5es come\u00e7aram em 2007, foram retomadas em 2022 e abrangem cerca de dois mil milh\u00f5es de pessoas. A Uni\u00e3o Europeia \u00e9 o maior parceiro comercial de bens da \u00cdndia; em 2024 as trocas atingiram 120 mil milh\u00f5es de euros, com o acordo a cimentar a posi\u00e7\u00e3o face \u00e0 China e aos Estados Unidos, e uma agenda estrat\u00e9gica de quatro anos inclui o corredor econ\u00f3mico \u00cdndia-M\u00e9dio Oriente\u2011Europa e maior coopera\u00e7\u00e3o em prosperidade, tecnologia e conectividade.\" \/>\n<meta property=\"og:url\" content=\"https:\/\/portaltela.pt\/noticias\/2026\/01\/25\/costa-e-von-der-leyen-na-india-ue-pronta-para-abrir-novo-acordo\/\" \/>\n<meta property=\"og:site_name\" content=\"Portal Tela Portugal\" \/>\n<meta property=\"article:published_time\" content=\"2026-01-25T12:25:00+00:00\" \/>\n<meta name=\"author\" content=\"Telinha\" \/>\n<meta name=\"twitter:card\" content=\"summary_large_image\" \/>\n<meta name=\"twitter:label1\" content=\"Escrito por\" \/>\n\t<meta name=\"twitter:data1\" content=\"Telinha\" \/>\n\t<meta name=\"twitter:label2\" content=\"Tempo estimado de leitura\" \/>\n\t<meta name=\"twitter:data2\" content=\"2 minutos\" \/>\n<script type=\"application\/ld+json\" class=\"yoast-schema-graph\">{\"@context\":\"https:\/\/schema.org\",\"@graph\":[{\"@type\":\"Article\",\"@id\":\"https:\/\/portaltela.pt\/noticias\/2026\/01\/25\/costa-e-von-der-leyen-na-india-ue-pronta-para-abrir-novo-acordo\/#article\",\"isPartOf\":{\"@id\":\"https:\/\/portaltela.pt\/noticias\/2026\/01\/25\/costa-e-von-der-leyen-na-india-ue-pronta-para-abrir-novo-acordo\/\"},\"author\":{\"name\":\"Telinha\",\"@id\":\"https:\/\/portaltela.pt\/#\/schema\/person\/c4278d4a6028830caff9ee44b42d32ed\"},\"headline\":\"Costa e Von der Leyen na \u00cdndia, UE pronta para abrir novo acordo\",\"datePublished\":\"2026-01-25T12:25:00+00:00\",\"mainEntityOfPage\":{\"@id\":\"https:\/\/portaltela.pt\/noticias\/2026\/01\/25\/costa-e-von-der-leyen-na-india-ue-pronta-para-abrir-novo-acordo\/\"},\"wordCount\":415,\"image\":{\"@id\":\"https:\/\/portaltela.pt\/noticias\/2026\/01\/25\/costa-e-von-der-leyen-na-india-ue-pronta-para-abrir-novo-acordo\/#primaryimage\"},\"thumbnailUrl\":\"https:\/\/portaltela.pt\/s.01k8rhncp4jt1\/2026\/01\/unnamed-file-5142.jpg\",\"keywords\":[\"com\u00e9rcio internacional\",\"coopera\u00e7\u00e3o internacional\",\"fibra \u00f3tica\",\"hidrog\u00e9nio limpo\",\"infraestrutura\",\"Uni\u00e3o Europeia\"],\"articleSection\":[\"Internacional\",\"Not\u00edcias\"],\"inLanguage\":\"pt-PT\"},{\"@type\":\"WebPage\",\"@id\":\"https:\/\/portaltela.pt\/noticias\/2026\/01\/25\/costa-e-von-der-leyen-na-india-ue-pronta-para-abrir-novo-acordo\/\",\"url\":\"https:\/\/portaltela.pt\/noticias\/2026\/01\/25\/costa-e-von-der-leyen-na-india-ue-pronta-para-abrir-novo-acordo\/\",\"name\":\"Costa e Von der Leyen na \u00cdndia, UE pronta para abrir novo acordo - Portal Tela Portugal\",\"isPartOf\":{\"@id\":\"https:\/\/portaltela.pt\/#website\"},\"primaryImageOfPage\":{\"@id\":\"https:\/\/portaltela.pt\/noticias\/2026\/01\/25\/costa-e-von-der-leyen-na-india-ue-pronta-para-abrir-novo-acordo\/#primaryimage\"},\"image\":{\"@id\":\"https:\/\/portaltela.pt\/noticias\/2026\/01\/25\/costa-e-von-der-leyen-na-india-ue-pronta-para-abrir-novo-acordo\/#primaryimage\"},\"thumbnailUrl\":\"https:\/\/portaltela.pt\/s.01k8rhncp4jt1\/2026\/01\/unnamed-file-5142.jpg\",\"datePublished\":\"2026-01-25T12:25:00+00:00\",\"author\":{\"@id\":\"https:\/\/portaltela.pt\/#\/schema\/person\/c4278d4a6028830caff9ee44b42d32ed\"},\"breadcrumb\":{\"@id\":\"https:\/\/portaltela.pt\/noticias\/2026\/01\/25\/costa-e-von-der-leyen-na-india-ue-pronta-para-abrir-novo-acordo\/#breadcrumb\"},\"inLanguage\":\"pt-PT\",\"potentialAction\":[{\"@type\":\"ReadAction\",\"target\":[\"https:\/\/portaltela.pt\/noticias\/2026\/01\/25\/costa-e-von-der-leyen-na-india-ue-pronta-para-abrir-novo-acordo\/\"]}]},{\"@type\":\"ImageObject\",\"inLanguage\":\"pt-PT\",\"@id\":\"https:\/\/portaltela.pt\/noticias\/2026\/01\/25\/costa-e-von-der-leyen-na-india-ue-pronta-para-abrir-novo-acordo\/#primaryimage\",\"url\":\"https:\/\/portaltela.pt\/s.01k8rhncp4jt1\/2026\/01\/unnamed-file-5142.jpg\",\"contentUrl\":\"https:\/\/portaltela.pt\/s.01k8rhncp4jt1\/2026\/01\/unnamed-file-5142.jpg\",\"width\":796,\"height\":448,\"caption\":\"Photo\"},{\"@type\":\"BreadcrumbList\",\"@id\":\"https:\/\/portaltela.pt\/noticias\/2026\/01\/25\/costa-e-von-der-leyen-na-india-ue-pronta-para-abrir-novo-acordo\/#breadcrumb\",\"itemListElement\":[{\"@type\":\"ListItem\",\"position\":1,\"name\":\"In\u00edcio\",\"item\":\"https:\/\/portaltela.pt\/\"},{\"@type\":\"ListItem\",\"position\":2,\"name\":\"Costa e Von der Leyen na \u00cdndia, UE pronta para abrir novo acordo\"}]},{\"@type\":\"WebSite\",\"@id\":\"https:\/\/portaltela.pt\/#website\",\"url\":\"https:\/\/portaltela.pt\/\",\"name\":\"Portal Tela Portugal\",\"description\":\"\",\"potentialAction\":[{\"@type\":\"SearchAction\",\"target\":{\"@type\":\"EntryPoint\",\"urlTemplate\":\"https:\/\/portaltela.pt\/?s={search_term_string}\"},\"query-input\":{\"@type\":\"PropertyValueSpecification\",\"valueRequired\":true,\"valueName\":\"search_term_string\"}}],\"inLanguage\":\"pt-PT\"},{\"@type\":\"Person\",\"@id\":\"https:\/\/portaltela.pt\/#\/schema\/person\/c4278d4a6028830caff9ee44b42d32ed\",\"name\":\"Telinha\",\"image\":{\"@type\":\"ImageObject\",\"inLanguage\":\"pt-PT\",\"@id\":\"https:\/\/portaltela.pt\/s.01k8rhncp4jt1\/2025\/11\/talking-bot-125x125.png\",\"url\":\"https:\/\/portaltela.pt\/s.01k8rhncp4jt1\/2025\/11\/talking-bot-125x125.png\",\"contentUrl\":\"https:\/\/portaltela.pt\/s.01k8rhncp4jt1\/2025\/11\/talking-bot-125x125.png\",\"caption\":\"Telinha\"},\"sameAs\":[\"https:\/\/portaltela.pt\/\"],\"url\":\"https:\/\/portaltela.pt\/por\/367410592786\/\"}]}<\/script>\n<!-- \/ Yoast SEO plugin. -->","yoast_head_json":{"title":"Costa e Von der Leyen na \u00cdndia, UE pronta para abrir novo acordo - Portal Tela Portugal","robots":{"index":"index","follow":"follow","max-snippet":"max-snippet:-1","max-image-preview":"max-image-preview:large","max-video-preview":"max-video-preview:-1"},"og_locale":"pt_PT","og_type":"article","og_title":"Costa e Von der Leyen na \u00cdndia, UE pronta para abrir novo acordo - Portal Tela Portugal","og_description":"Costa e Ursula von der Leyen iniciam uma visita \u00e0 \u00cdndia para a 16.\u00aa cimeira UE\u2013\u00cdndia, em Nova Deli, na ter\u00e7a\u2011feira, com a UE pronta para abrir um novo cap\u00edtulo nas rela\u00e7\u00f5es. Na segunda\u2011feira, participam nas comemora\u00e7\u00f5es do 77.\u00ba Dia da Rep\u00fablica da \u00cdndia, a convite do primeiro\u2011ministro Narendra Modi. Na cimeira, ser\u00e1 fortalecida a parceria em Seguran\u00e7a e Defesa e h\u00e1 perspetiva de coopera\u00e7\u00e3o em opera\u00e7\u00f5es mar\u00edtimas, com poss\u00edvel coopera\u00e7\u00e3o empresarial no setor. Dever\u00e1 ser assinado o acordo de livre com\u00e9rcio entre os dois blocos, cujas negocia\u00e7\u00f5es come\u00e7aram em 2007, foram retomadas em 2022 e abrangem cerca de dois mil milh\u00f5es de pessoas. A Uni\u00e3o Europeia \u00e9 o maior parceiro comercial de bens da \u00cdndia; em 2024 as trocas atingiram 120 mil milh\u00f5es de euros, com o acordo a cimentar a posi\u00e7\u00e3o face \u00e0 China e aos Estados Unidos, e uma agenda estrat\u00e9gica de quatro anos inclui o corredor econ\u00f3mico \u00cdndia-M\u00e9dio Oriente\u2011Europa e maior coopera\u00e7\u00e3o em prosperidade, tecnologia e conectividade.","og_url":"https:\/\/portaltela.pt\/noticias\/2026\/01\/25\/costa-e-von-der-leyen-na-india-ue-pronta-para-abrir-novo-acordo\/","og_site_name":"Portal Tela Portugal","article_published_time":"2026-01-25T12:25:00+00:00","author":"Telinha","twitter_card":"summary_large_image","twitter_misc":{"Escrito por":"Telinha","Tempo estimado de leitura":"2 minutos"},"schema":{"@context":"https:\/\/schema.org","@graph":[{"@type":"Article","@id":"https:\/\/portaltela.pt\/noticias\/2026\/01\/25\/costa-e-von-der-leyen-na-india-ue-pronta-para-abrir-novo-acordo\/#article","isPartOf":{"@id":"https:\/\/portaltela.pt\/noticias\/2026\/01\/25\/costa-e-von-der-leyen-na-india-ue-pronta-para-abrir-novo-acordo\/"},"author":{"name":"Telinha","@id":"https:\/\/portaltela.pt\/#\/schema\/person\/c4278d4a6028830caff9ee44b42d32ed"},"headline":"Costa e Von der Leyen na \u00cdndia, UE pronta para abrir novo acordo","datePublished":"2026-01-25T12:25:00+00:00","mainEntityOfPage":{"@id":"https:\/\/portaltela.pt\/noticias\/2026\/01\/25\/costa-e-von-der-leyen-na-india-ue-pronta-para-abrir-novo-acordo\/"},"wordCount":415,"image":{"@id":"https:\/\/portaltela.pt\/noticias\/2026\/01\/25\/costa-e-von-der-leyen-na-india-ue-pronta-para-abrir-novo-acordo\/#primaryimage"},"thumbnailUrl":"https:\/\/portaltela.pt\/s.01k8rhncp4jt1\/2026\/01\/unnamed-file-5142.jpg","keywords":["com\u00e9rcio internacional","coopera\u00e7\u00e3o internacional","fibra \u00f3tica","hidrog\u00e9nio limpo","infraestrutura","Uni\u00e3o Europeia"],"articleSection":["Internacional","Not\u00edcias"],"inLanguage":"pt-PT"},{"@type":"WebPage","@id":"https:\/\/portaltela.pt\/noticias\/2026\/01\/25\/costa-e-von-der-leyen-na-india-ue-pronta-para-abrir-novo-acordo\/","url":"https:\/\/portaltela.pt\/noticias\/2026\/01\/25\/costa-e-von-der-leyen-na-india-ue-pronta-para-abrir-novo-acordo\/","name":"Costa e Von der Leyen na \u00cdndia, UE pronta para abrir novo acordo - Portal Tela Portugal","isPartOf":{"@id":"https:\/\/portaltela.pt\/#website"},"primaryImageOfPage":{"@id":"https:\/\/portaltela.pt\/noticias\/2026\/01\/25\/costa-e-von-der-leyen-na-india-ue-pronta-para-abrir-novo-acordo\/#primaryimage"},"image":{"@id":"https:\/\/portaltela.pt\/noticias\/2026\/01\/25\/costa-e-von-der-leyen-na-india-ue-pronta-para-abrir-novo-acordo\/#primaryimage"},"thumbnailUrl":"https:\/\/portaltela.pt\/s.01k8rhncp4jt1\/2026\/01\/unnamed-file-5142.jpg","datePublished":"2026-01-25T12:25:00+00:00","author":{"@id":"https:\/\/portaltela.pt\/#\/schema\/person\/c4278d4a6028830caff9ee44b42d32ed"},"breadcrumb":{"@id":"https:\/\/portaltela.pt\/noticias\/2026\/01\/25\/costa-e-von-der-leyen-na-india-ue-pronta-para-abrir-novo-acordo\/#breadcrumb"},"inLanguage":"pt-PT","potentialAction":[{"@type":"ReadAction","target":["https:\/\/portaltela.pt\/noticias\/2026\/01\/25\/costa-e-von-der-leyen-na-india-ue-pronta-para-abrir-novo-acordo\/"]}]},{"@type":"ImageObject","inLanguage":"pt-PT","@id":"https:\/\/portaltela.pt\/noticias\/2026\/01\/25\/costa-e-von-der-leyen-na-india-ue-pronta-para-abrir-novo-acordo\/#primaryimage","url":"https:\/\/portaltela.pt\/s.01k8rhncp4jt1\/2026\/01\/unnamed-file-5142.jpg","contentUrl":"https:\/\/portaltela.pt\/s.01k8rhncp4jt1\/2026\/01\/unnamed-file-5142.jpg","width":796,"height":448,"caption":"Photo"},{"@type":"BreadcrumbList","@id":"https:\/\/portaltela.pt\/noticias\/2026\/01\/25\/costa-e-von-der-leyen-na-india-ue-pronta-para-abrir-novo-acordo\/#breadcrumb","itemListElement":[{"@type":"ListItem","position":1,"name":"In\u00edcio","item":"https:\/\/portaltela.pt\/"},{"@type":"ListItem","position":2,"name":"Costa e Von der Leyen na \u00cdndia, UE pronta para abrir novo acordo"}]},{"@type":"WebSite","@id":"https:\/\/portaltela.pt\/#website","url":"https:\/\/portaltela.pt\/","name":"Portal Tela Portugal","description":"","potentialAction":[{"@type":"SearchAction","target":{"@type":"EntryPoint","urlTemplate":"https:\/\/portaltela.pt\/?s={search_term_string}"},"query-input":{"@type":"PropertyValueSpecification","valueRequired":true,"valueName":"search_term_string"}}],"inLanguage":"pt-PT"},{"@type":"Person","@id":"https:\/\/portaltela.pt\/#\/schema\/person\/c4278d4a6028830caff9ee44b42d32ed","name":"Telinha","image":{"@type":"ImageObject","inLanguage":"pt-PT","@id":"https:\/\/portaltela.pt\/s.01k8rhncp4jt1\/2025\/11\/talking-bot-125x125.png","url":"https:\/\/portaltela.pt\/s.01k8rhncp4jt1\/2025\/11\/talking-bot-125x125.png","contentUrl":"https:\/\/portaltela.pt\/s.01k8rhncp4jt1\/2025\/11\/talking-bot-125x125.png","caption":"Telinha"},"sameAs":["https:\/\/portaltela.pt\/"],"url":"https:\/\/portaltela.pt\/por\/367410592786\/"}]}},"_links":{"self":[{"href":"https:\/\/portaltela.pt\/api\/wp\/v2\/posts\/172029","targetHints":{"allow":["GET"]}}],"collection":[{"href":"https:\/\/portaltela.pt\/api\/wp\/v2\/posts"}],"about":[{"href":"https:\/\/portaltela.pt\/api\/wp\/v2\/types\/post"}],"author":[{"embeddable":true,"href":"https:\/\/portaltela.pt\/api\/wp\/v2\/users\/2"}],"replies":[{"embeddable":true,"href":"https:\/\/portaltela.pt\/api\/wp\/v2\/comments?post=172029"}],"version-history":[{"count":0,"href":"https:\/\/portaltela.pt\/api\/wp\/v2\/posts\/172029\/revisions"}],"wp:featuredmedia":[{"embeddable":true,"href":"https:\/\/portaltela.pt\/api\/wp\/v2\/media\/172045"}],"wp:attachment":[{"href":"https:\/\/portaltela.pt\/api\/wp\/v2\/media?parent=172029"}],"wp:term":[{"taxonomy":"category","embeddable":true,"href":"https:\/\/portaltela.pt\/api\/wp\/v2\/categories?post=172029"},{"taxonomy":"post_tag","embeddable":true,"href":"https:\/\/portaltela.pt\/api\/wp\/v2\/tags?post=172029"}],"curies":[{"name":"wp","href":"https:\/\/api.w.org\/{rel}","templated":true}]}}