{"id":172025,"date":"2026-01-25T09:35:00","date_gmt":"2026-01-25T12:35:00","guid":{"rendered":"https:\/\/portaltela.pt\/noticias\/2026\/01\/25\/rafael-alexandre-morre-em-acidente-de-bicicleta-em-samora-correia\/"},"modified":"2026-01-25T09:35:00","modified_gmt":"2026-01-25T12:35:00","slug":"rafael-alexandre-morre-em-acidente-de-bicicleta-em-samora-correia","status":"publish","type":"post","link":"https:\/\/portaltela.pt\/noticias\/2026\/01\/25\/rafael-alexandre-morre-em-acidente-de-bicicleta-em-samora-correia\/","title":{"rendered":"Rafael Alexandre morre em acidente de bicicleta em Samora Correia"},"content":{"rendered":"<p>Rafael Alexandre, conhecido como Rijo, de 33 anos, morreu este s\u00e1bado ap\u00f3s um acidente de bicicleta em Samora Correia. O epis\u00f3dio envolveu uma viatura ligeira de mercadorias junto \u00e0s traseiras do quartel dos Bombeiros Volunt\u00e1rios.<\/p>\n<p>A colis\u00e3o ocorreu quando o ciclista seguia na bicicleta e foi atropelado pela viatura, cujos detalhes ainda est\u00e3o a ser apurados. O acidente est\u00e1 a ser investigado pelo NICAV da GNR.<\/p>\n<p>Segundo o Comando Sub-Regional da Lez\u00edria do Tejo da Prote\u00e7\u00e3o Civil, o alerta foi dado \u00e0s 18h02. No local estiveram os Bombeiros de Samora Correia e a VMER de Vila Franca de Xira.<\/p>\n<p>\u00c0 chegada, a v\u00edtima encontrava-se em paragem cardiorrespirat\u00f3ria. Apesar dos esfor\u00e7os, o \u00f3bito foi declarado no local, sem possibilidade de reanima\u00e7\u00e3o.<\/p>\n<p>Foi acionada tamb\u00e9m uma equipa de psic\u00f3logos do INEM para apoiar familiares e envolvidos no acidente.<\/p>\n<h3>Investiga\u00e7\u00e3o em curso<\/h3>\n<p>A GNR, atrav\u00e9s do NICAV, atua para apurar as causas do acidente, recolhendo ind\u00edcios no local para determina\u00e7\u00e3o de eventuais responsabilidades.<\/p>\n","protected":false},"excerpt":{"rendered":"<ul>\n<li>Rafael Alexandre, conhecido como &#8220;Rijo&#8221;, 33 anos, morreu num acidente entre a bicicleta que seguia e uma viatura ligeira de mercadorias, numa rua atr\u00e1s do quartel dos Bombeiros de Samora Correia.<\/li>\n<li>O acidente ocorreu pelas 18h02 e est\u00e1 a ser investigado pelo N\u00facleo de Investiga\u00e7\u00e3o e Crimes em Acidentes de Via\u00e7\u00e3o (NICAV) da GNR.<\/li>\n<li>\u00c0 chegada dos meios, a v\u00edtima encontrava-se em paragem cardiorrespirat\u00f3ria, n\u00e3o tendo sido poss\u00edvel reverter o estado, com o \u00f3bito a ser declarado no local.<\/li>\n<li>No local estiveram os Bombeiros de Samora Correia e a Viatura M\u00e9dica de Emerg\u00eancia e Reanima\u00e7\u00e3o (VMER) do Hospital de Vila Franca de Xira.<\/li>\n<li>Foi acionada uma equipa de psic\u00f3logos do INEM para apoiar familiares e envolvidos.<\/li>\n<\/ul>\n","protected":false},"author":2,"featured_media":172035,"comment_status":"closed","ping_status":"closed","sticky":false,"template":"","format":"standard","meta":{"footnotes":""},"categories":[1],"tags":[2088,2335,971,1380,2398,320],"class_list":["post-172025","post","type-post","status-publish","format-standard","has-post-thumbnail","hentry","category-noticias","tag-acidente-de-viacao","tag-acidentes-rodoviarios","tag-bombeiros","tag-gnr","tag-nicav","tag-protecao-civil"],"yoast_head":"<!-- This site is optimized with the Yoast SEO plugin v27.2 - https:\/\/yoast.com\/product\/yoast-seo-wordpress\/ -->\n<title>Rafael Alexandre morre em acidente de bicicleta em Samora Correia - Portal Tela Portugal<\/title>\n<meta name=\"robots\" content=\"index, follow, max-snippet:-1, max-image-preview:large, max-video-preview:-1\" \/>\n<meta property=\"og:locale\" content=\"pt_PT\" \/>\n<meta property=\"og:type\" content=\"article\" \/>\n<meta property=\"og:title\" content=\"Rafael Alexandre morre em acidente de bicicleta em Samora Correia - Portal Tela Portugal\" \/>\n<meta property=\"og:description\" content=\"Rafael Alexandre, conhecido como &quot;Rijo&quot;, 33 anos, morreu num acidente entre a bicicleta que seguia e uma viatura ligeira de mercadorias, numa rua atr\u00e1s do quartel dos Bombeiros de Samora Correia. O acidente ocorreu pelas 18h02 e est\u00e1 a ser investigado pelo N\u00facleo de Investiga\u00e7\u00e3o e Crimes em Acidentes de Via\u00e7\u00e3o (NICAV) da GNR. \u00c0 chegada dos meios, a v\u00edtima encontrava-se em paragem cardiorrespirat\u00f3ria, n\u00e3o tendo sido poss\u00edvel reverter o estado, com o \u00f3bito a ser declarado no local. No local estiveram os Bombeiros de Samora Correia e a Viatura M\u00e9dica de Emerg\u00eancia e Reanima\u00e7\u00e3o (VMER) do Hospital de Vila Franca de Xira. Foi acionada uma equipa de psic\u00f3logos do INEM para apoiar familiares e envolvidos.\" \/>\n<meta property=\"og:url\" content=\"https:\/\/portaltela.pt\/noticias\/2026\/01\/25\/rafael-alexandre-morre-em-acidente-de-bicicleta-em-samora-correia\/\" \/>\n<meta property=\"og:site_name\" content=\"Portal Tela Portugal\" \/>\n<meta property=\"article:published_time\" content=\"2026-01-25T12:35:00+00:00\" \/>\n<meta name=\"author\" content=\"Telinha\" \/>\n<meta name=\"twitter:card\" content=\"summary_large_image\" \/>\n<meta name=\"twitter:label1\" content=\"Escrito por\" \/>\n\t<meta name=\"twitter:data1\" content=\"Telinha\" \/>\n\t<meta name=\"twitter:label2\" content=\"Tempo estimado de leitura\" \/>\n\t<meta name=\"twitter:data2\" content=\"1 minuto\" \/>\n<script type=\"application\/ld+json\" class=\"yoast-schema-graph\">{\"@context\":\"https:\/\/schema.org\",\"@graph\":[{\"@type\":\"Article\",\"@id\":\"https:\/\/portaltela.pt\/noticias\/2026\/01\/25\/rafael-alexandre-morre-em-acidente-de-bicicleta-em-samora-correia\/#article\",\"isPartOf\":{\"@id\":\"https:\/\/portaltela.pt\/noticias\/2026\/01\/25\/rafael-alexandre-morre-em-acidente-de-bicicleta-em-samora-correia\/\"},\"author\":{\"name\":\"Telinha\",\"@id\":\"https:\/\/portaltela.pt\/#\/schema\/person\/c4278d4a6028830caff9ee44b42d32ed\"},\"headline\":\"Rafael Alexandre morre em acidente de bicicleta em Samora Correia\",\"datePublished\":\"2026-01-25T12:35:00+00:00\",\"mainEntityOfPage\":{\"@id\":\"https:\/\/portaltela.pt\/noticias\/2026\/01\/25\/rafael-alexandre-morre-em-acidente-de-bicicleta-em-samora-correia\/\"},\"wordCount\":186,\"image\":{\"@id\":\"https:\/\/portaltela.pt\/noticias\/2026\/01\/25\/rafael-alexandre-morre-em-acidente-de-bicicleta-em-samora-correia\/#primaryimage\"},\"thumbnailUrl\":\"https:\/\/portaltela.pt\/s.01k8rhncp4jt1\/2026\/01\/image-1-71-e1769301382288.jpg\",\"keywords\":[\"acidente de via\u00e7\u00e3o\",\"acidentes rodovi\u00e1rios\",\"bombeiros\",\"GNR\",\"NICAV\",\"prote\u00e7\u00e3o civil\"],\"articleSection\":[\"Not\u00edcias\"],\"inLanguage\":\"pt-PT\"},{\"@type\":\"WebPage\",\"@id\":\"https:\/\/portaltela.pt\/noticias\/2026\/01\/25\/rafael-alexandre-morre-em-acidente-de-bicicleta-em-samora-correia\/\",\"url\":\"https:\/\/portaltela.pt\/noticias\/2026\/01\/25\/rafael-alexandre-morre-em-acidente-de-bicicleta-em-samora-correia\/\",\"name\":\"Rafael Alexandre morre em acidente de bicicleta em Samora Correia - Portal Tela Portugal\",\"isPartOf\":{\"@id\":\"https:\/\/portaltela.pt\/#website\"},\"primaryImageOfPage\":{\"@id\":\"https:\/\/portaltela.pt\/noticias\/2026\/01\/25\/rafael-alexandre-morre-em-acidente-de-bicicleta-em-samora-correia\/#primaryimage\"},\"image\":{\"@id\":\"https:\/\/portaltela.pt\/noticias\/2026\/01\/25\/rafael-alexandre-morre-em-acidente-de-bicicleta-em-samora-correia\/#primaryimage\"},\"thumbnailUrl\":\"https:\/\/portaltela.pt\/s.01k8rhncp4jt1\/2026\/01\/image-1-71-e1769301382288.jpg\",\"datePublished\":\"2026-01-25T12:35:00+00:00\",\"author\":{\"@id\":\"https:\/\/portaltela.pt\/#\/schema\/person\/c4278d4a6028830caff9ee44b42d32ed\"},\"breadcrumb\":{\"@id\":\"https:\/\/portaltela.pt\/noticias\/2026\/01\/25\/rafael-alexandre-morre-em-acidente-de-bicicleta-em-samora-correia\/#breadcrumb\"},\"inLanguage\":\"pt-PT\",\"potentialAction\":[{\"@type\":\"ReadAction\",\"target\":[\"https:\/\/portaltela.pt\/noticias\/2026\/01\/25\/rafael-alexandre-morre-em-acidente-de-bicicleta-em-samora-correia\/\"]}]},{\"@type\":\"ImageObject\",\"inLanguage\":\"pt-PT\",\"@id\":\"https:\/\/portaltela.pt\/noticias\/2026\/01\/25\/rafael-alexandre-morre-em-acidente-de-bicicleta-em-samora-correia\/#primaryimage\",\"url\":\"https:\/\/portaltela.pt\/s.01k8rhncp4jt1\/2026\/01\/image-1-71-e1769301382288.jpg\",\"contentUrl\":\"https:\/\/portaltela.pt\/s.01k8rhncp4jt1\/2026\/01\/image-1-71-e1769301382288.jpg\",\"width\":796,\"height\":448,\"caption\":\"Rafael Alexandre morre em acidente com bicicleta em Samora Correia\"},{\"@type\":\"BreadcrumbList\",\"@id\":\"https:\/\/portaltela.pt\/noticias\/2026\/01\/25\/rafael-alexandre-morre-em-acidente-de-bicicleta-em-samora-correia\/#breadcrumb\",\"itemListElement\":[{\"@type\":\"ListItem\",\"position\":1,\"name\":\"In\u00edcio\",\"item\":\"https:\/\/portaltela.pt\/\"},{\"@type\":\"ListItem\",\"position\":2,\"name\":\"Rafael Alexandre morre em acidente de bicicleta em Samora Correia\"}]},{\"@type\":\"WebSite\",\"@id\":\"https:\/\/portaltela.pt\/#website\",\"url\":\"https:\/\/portaltela.pt\/\",\"name\":\"Portal Tela Portugal\",\"description\":\"\",\"potentialAction\":[{\"@type\":\"SearchAction\",\"target\":{\"@type\":\"EntryPoint\",\"urlTemplate\":\"https:\/\/portaltela.pt\/?s={search_term_string}\"},\"query-input\":{\"@type\":\"PropertyValueSpecification\",\"valueRequired\":true,\"valueName\":\"search_term_string\"}}],\"inLanguage\":\"pt-PT\"},{\"@type\":\"Person\",\"@id\":\"https:\/\/portaltela.pt\/#\/schema\/person\/c4278d4a6028830caff9ee44b42d32ed\",\"name\":\"Telinha\",\"image\":{\"@type\":\"ImageObject\",\"inLanguage\":\"pt-PT\",\"@id\":\"https:\/\/portaltela.pt\/s.01k8rhncp4jt1\/2025\/11\/talking-bot-125x125.png\",\"url\":\"https:\/\/portaltela.pt\/s.01k8rhncp4jt1\/2025\/11\/talking-bot-125x125.png\",\"contentUrl\":\"https:\/\/portaltela.pt\/s.01k8rhncp4jt1\/2025\/11\/talking-bot-125x125.png\",\"caption\":\"Telinha\"},\"sameAs\":[\"https:\/\/portaltela.pt\/\"],\"url\":\"https:\/\/portaltela.pt\/por\/367410592786\/\"}]}<\/script>\n<!-- \/ Yoast SEO plugin. -->","yoast_head_json":{"title":"Rafael Alexandre morre em acidente de bicicleta em Samora Correia - Portal Tela Portugal","robots":{"index":"index","follow":"follow","max-snippet":"max-snippet:-1","max-image-preview":"max-image-preview:large","max-video-preview":"max-video-preview:-1"},"og_locale":"pt_PT","og_type":"article","og_title":"Rafael Alexandre morre em acidente de bicicleta em Samora Correia - Portal Tela Portugal","og_description":"Rafael Alexandre, conhecido como \"Rijo\", 33 anos, morreu num acidente entre a bicicleta que seguia e uma viatura ligeira de mercadorias, numa rua atr\u00e1s do quartel dos Bombeiros de Samora Correia. O acidente ocorreu pelas 18h02 e est\u00e1 a ser investigado pelo N\u00facleo de Investiga\u00e7\u00e3o e Crimes em Acidentes de Via\u00e7\u00e3o (NICAV) da GNR. \u00c0 chegada dos meios, a v\u00edtima encontrava-se em paragem cardiorrespirat\u00f3ria, n\u00e3o tendo sido poss\u00edvel reverter o estado, com o \u00f3bito a ser declarado no local. No local estiveram os Bombeiros de Samora Correia e a Viatura M\u00e9dica de Emerg\u00eancia e Reanima\u00e7\u00e3o (VMER) do Hospital de Vila Franca de Xira. Foi acionada uma equipa de psic\u00f3logos do INEM para apoiar familiares e envolvidos.","og_url":"https:\/\/portaltela.pt\/noticias\/2026\/01\/25\/rafael-alexandre-morre-em-acidente-de-bicicleta-em-samora-correia\/","og_site_name":"Portal Tela Portugal","article_published_time":"2026-01-25T12:35:00+00:00","author":"Telinha","twitter_card":"summary_large_image","twitter_misc":{"Escrito por":"Telinha","Tempo estimado de leitura":"1 minuto"},"schema":{"@context":"https:\/\/schema.org","@graph":[{"@type":"Article","@id":"https:\/\/portaltela.pt\/noticias\/2026\/01\/25\/rafael-alexandre-morre-em-acidente-de-bicicleta-em-samora-correia\/#article","isPartOf":{"@id":"https:\/\/portaltela.pt\/noticias\/2026\/01\/25\/rafael-alexandre-morre-em-acidente-de-bicicleta-em-samora-correia\/"},"author":{"name":"Telinha","@id":"https:\/\/portaltela.pt\/#\/schema\/person\/c4278d4a6028830caff9ee44b42d32ed"},"headline":"Rafael Alexandre morre em acidente de bicicleta em Samora Correia","datePublished":"2026-01-25T12:35:00+00:00","mainEntityOfPage":{"@id":"https:\/\/portaltela.pt\/noticias\/2026\/01\/25\/rafael-alexandre-morre-em-acidente-de-bicicleta-em-samora-correia\/"},"wordCount":186,"image":{"@id":"https:\/\/portaltela.pt\/noticias\/2026\/01\/25\/rafael-alexandre-morre-em-acidente-de-bicicleta-em-samora-correia\/#primaryimage"},"thumbnailUrl":"https:\/\/portaltela.pt\/s.01k8rhncp4jt1\/2026\/01\/image-1-71-e1769301382288.jpg","keywords":["acidente de via\u00e7\u00e3o","acidentes rodovi\u00e1rios","bombeiros","GNR","NICAV","prote\u00e7\u00e3o civil"],"articleSection":["Not\u00edcias"],"inLanguage":"pt-PT"},{"@type":"WebPage","@id":"https:\/\/portaltela.pt\/noticias\/2026\/01\/25\/rafael-alexandre-morre-em-acidente-de-bicicleta-em-samora-correia\/","url":"https:\/\/portaltela.pt\/noticias\/2026\/01\/25\/rafael-alexandre-morre-em-acidente-de-bicicleta-em-samora-correia\/","name":"Rafael Alexandre morre em acidente de bicicleta em Samora Correia - Portal Tela Portugal","isPartOf":{"@id":"https:\/\/portaltela.pt\/#website"},"primaryImageOfPage":{"@id":"https:\/\/portaltela.pt\/noticias\/2026\/01\/25\/rafael-alexandre-morre-em-acidente-de-bicicleta-em-samora-correia\/#primaryimage"},"image":{"@id":"https:\/\/portaltela.pt\/noticias\/2026\/01\/25\/rafael-alexandre-morre-em-acidente-de-bicicleta-em-samora-correia\/#primaryimage"},"thumbnailUrl":"https:\/\/portaltela.pt\/s.01k8rhncp4jt1\/2026\/01\/image-1-71-e1769301382288.jpg","datePublished":"2026-01-25T12:35:00+00:00","author":{"@id":"https:\/\/portaltela.pt\/#\/schema\/person\/c4278d4a6028830caff9ee44b42d32ed"},"breadcrumb":{"@id":"https:\/\/portaltela.pt\/noticias\/2026\/01\/25\/rafael-alexandre-morre-em-acidente-de-bicicleta-em-samora-correia\/#breadcrumb"},"inLanguage":"pt-PT","potentialAction":[{"@type":"ReadAction","target":["https:\/\/portaltela.pt\/noticias\/2026\/01\/25\/rafael-alexandre-morre-em-acidente-de-bicicleta-em-samora-correia\/"]}]},{"@type":"ImageObject","inLanguage":"pt-PT","@id":"https:\/\/portaltela.pt\/noticias\/2026\/01\/25\/rafael-alexandre-morre-em-acidente-de-bicicleta-em-samora-correia\/#primaryimage","url":"https:\/\/portaltela.pt\/s.01k8rhncp4jt1\/2026\/01\/image-1-71-e1769301382288.jpg","contentUrl":"https:\/\/portaltela.pt\/s.01k8rhncp4jt1\/2026\/01\/image-1-71-e1769301382288.jpg","width":796,"height":448,"caption":"Rafael Alexandre morre em acidente com bicicleta em Samora Correia"},{"@type":"BreadcrumbList","@id":"https:\/\/portaltela.pt\/noticias\/2026\/01\/25\/rafael-alexandre-morre-em-acidente-de-bicicleta-em-samora-correia\/#breadcrumb","itemListElement":[{"@type":"ListItem","position":1,"name":"In\u00edcio","item":"https:\/\/portaltela.pt\/"},{"@type":"ListItem","position":2,"name":"Rafael Alexandre morre em acidente de bicicleta em Samora Correia"}]},{"@type":"WebSite","@id":"https:\/\/portaltela.pt\/#website","url":"https:\/\/portaltela.pt\/","name":"Portal Tela Portugal","description":"","potentialAction":[{"@type":"SearchAction","target":{"@type":"EntryPoint","urlTemplate":"https:\/\/portaltela.pt\/?s={search_term_string}"},"query-input":{"@type":"PropertyValueSpecification","valueRequired":true,"valueName":"search_term_string"}}],"inLanguage":"pt-PT"},{"@type":"Person","@id":"https:\/\/portaltela.pt\/#\/schema\/person\/c4278d4a6028830caff9ee44b42d32ed","name":"Telinha","image":{"@type":"ImageObject","inLanguage":"pt-PT","@id":"https:\/\/portaltela.pt\/s.01k8rhncp4jt1\/2025\/11\/talking-bot-125x125.png","url":"https:\/\/portaltela.pt\/s.01k8rhncp4jt1\/2025\/11\/talking-bot-125x125.png","contentUrl":"https:\/\/portaltela.pt\/s.01k8rhncp4jt1\/2025\/11\/talking-bot-125x125.png","caption":"Telinha"},"sameAs":["https:\/\/portaltela.pt\/"],"url":"https:\/\/portaltela.pt\/por\/367410592786\/"}]}},"_links":{"self":[{"href":"https:\/\/portaltela.pt\/api\/wp\/v2\/posts\/172025","targetHints":{"allow":["GET"]}}],"collection":[{"href":"https:\/\/portaltela.pt\/api\/wp\/v2\/posts"}],"about":[{"href":"https:\/\/portaltela.pt\/api\/wp\/v2\/types\/post"}],"author":[{"embeddable":true,"href":"https:\/\/portaltela.pt\/api\/wp\/v2\/users\/2"}],"replies":[{"embeddable":true,"href":"https:\/\/portaltela.pt\/api\/wp\/v2\/comments?post=172025"}],"version-history":[{"count":0,"href":"https:\/\/portaltela.pt\/api\/wp\/v2\/posts\/172025\/revisions"}],"wp:featuredmedia":[{"embeddable":true,"href":"https:\/\/portaltela.pt\/api\/wp\/v2\/media\/172035"}],"wp:attachment":[{"href":"https:\/\/portaltela.pt\/api\/wp\/v2\/media?parent=172025"}],"wp:term":[{"taxonomy":"category","embeddable":true,"href":"https:\/\/portaltela.pt\/api\/wp\/v2\/categories?post=172025"},{"taxonomy":"post_tag","embeddable":true,"href":"https:\/\/portaltela.pt\/api\/wp\/v2\/tags?post=172025"}],"curies":[{"name":"wp","href":"https:\/\/api.w.org\/{rel}","templated":true}]}}