{"id":172022,"date":"2026-01-25T09:57:24","date_gmt":"2026-01-25T12:57:24","guid":{"rendered":"https:\/\/portaltela.pt\/noticias\/2026\/01\/25\/neve-pinta-de-branco-a-vila-alentejana-de-marvao\/"},"modified":"2026-01-25T09:57:24","modified_gmt":"2026-01-25T12:57:24","slug":"neve-pinta-de-branco-a-vila-alentejana-de-marvao","status":"publish","type":"post","link":"https:\/\/portaltela.pt\/noticias\/2026\/01\/25\/neve-pinta-de-branco-a-vila-alentejana-de-marvao\/","title":{"rendered":"Neve pinta de branco a vila alentejana de Marv\u00e3o"},"content":{"rendered":"<p>A neve voltou a pintar de branco a vila de Marv\u00e3o, no distrito de Portalegre, Alentejo, nesta quarta-feira, 25 de janeiro. O fen\u00f3meno chegou \u00e0s \u00e1reas mais altas do pa\u00eds, deixando as ruas e telhados cobertos de neve.<\/p>\n<p>Moradores e visitantes aproveitaram para fotografar o cen\u00e1rio de inverno, que em Marv\u00e3o ganhou uma atmosfera quase m\u00e1gica. A vila, situada na Serra de S\u00e3o Mamede, continua a atrair quem visita o castelo medieval e as vistas panor\u00e2micas da regi\u00e3o.<\/p>\n<p>Contexto climat\u00e9rico<\/p>\n<p>Segundo o IPMA, a queda de neve em Marv\u00e3o \u00e9 rara, ocorrendo apenas em epis\u00f3dios muito frios. A \u00faltima vez que a vila ficou coberta de branco foi em 2019, com temperaturas muito baixas nesses dias.<\/p>\n<p>A Serra da Estrela tamb\u00e9m registou precipita\u00e7\u00e3o de neve, algo comum nesta \u00e9poca, e atraiu turistas e praticantes de desportos de inverno. Em Marv\u00e3o, o fen\u00f3meno trouxe tranquilidade e encanto \u00e0 paisagem local, refor\u00e7ando o perfil tur\u00edstico da regi\u00e3o.<\/p>\n","protected":false},"excerpt":{"rendered":"<ul>\n<li>A neve voltou a cobrir Marv\u00e3o, vila no distrito de Portalegre, nesta quarta-feira, 25 de janeiro.<\/li>\n<li>O fen\u00f3meno, raro e que acontece em zonas mais frias, encantou moradores e visitantes, com ruas e telhados cobertos de branco.<\/li>\n<li>Marv\u00e3o fica na Serra de S\u00e3o Mamede e \u00e9 conhecida pela beleza natural e pelo castelo medieval com vista sobre o Alentejo.<\/li>\n<li>O IPMA indica que a queda de neve em Marv\u00e3o \u00e9 rara; a \u00faltima vez foi em 2019.<\/li>\n<li>Tamb\u00e9m houve neve na Serra da Estrela, atraindo turistas e praticantes de desportos de inverno.<\/li>\n<\/ul>\n","protected":false},"author":2,"featured_media":172027,"comment_status":"closed","ping_status":"closed","sticky":false,"template":"","format":"standard","meta":{"footnotes":""},"categories":[1],"tags":[883,3377,1075,1658,169],"class_list":["post-172022","post","type-post","status-publish","format-standard","has-post-thumbnail","hentry","category-noticias","tag-alentejo","tag-marvao","tag-portalegre","tag-serra-da-estrela","tag-turismo"],"yoast_head":"<!-- This site is optimized with the Yoast SEO plugin v27.2 - https:\/\/yoast.com\/product\/yoast-seo-wordpress\/ -->\n<title>Neve pinta de branco a vila alentejana de Marv\u00e3o - Portal Tela Portugal<\/title>\n<meta name=\"robots\" content=\"index, follow, max-snippet:-1, max-image-preview:large, max-video-preview:-1\" \/>\n<meta property=\"og:locale\" content=\"pt_PT\" \/>\n<meta property=\"og:type\" content=\"article\" \/>\n<meta property=\"og:title\" content=\"Neve pinta de branco a vila alentejana de Marv\u00e3o - Portal Tela Portugal\" \/>\n<meta property=\"og:description\" content=\"A neve voltou a cobrir Marv\u00e3o, vila no distrito de Portalegre, nesta quarta-feira, 25 de janeiro. O fen\u00f3meno, raro e que acontece em zonas mais frias, encantou moradores e visitantes, com ruas e telhados cobertos de branco. Marv\u00e3o fica na Serra de S\u00e3o Mamede e \u00e9 conhecida pela beleza natural e pelo castelo medieval com vista sobre o Alentejo. O IPMA indica que a queda de neve em Marv\u00e3o \u00e9 rara; a \u00faltima vez foi em 2019. Tamb\u00e9m houve neve na Serra da Estrela, atraindo turistas e praticantes de desportos de inverno.\" \/>\n<meta property=\"og:url\" content=\"https:\/\/portaltela.pt\/noticias\/2026\/01\/25\/neve-pinta-de-branco-a-vila-alentejana-de-marvao\/\" \/>\n<meta property=\"og:site_name\" content=\"Portal Tela Portugal\" \/>\n<meta property=\"article:published_time\" content=\"2026-01-25T12:57:24+00:00\" \/>\n<meta name=\"author\" content=\"Telinha\" \/>\n<meta name=\"twitter:card\" content=\"summary_large_image\" \/>\n<meta name=\"twitter:label1\" content=\"Escrito por\" \/>\n\t<meta name=\"twitter:data1\" content=\"Telinha\" \/>\n\t<meta name=\"twitter:label2\" content=\"Tempo estimado de leitura\" \/>\n\t<meta name=\"twitter:data2\" content=\"1 minuto\" \/>\n<script type=\"application\/ld+json\" class=\"yoast-schema-graph\">{\"@context\":\"https:\/\/schema.org\",\"@graph\":[{\"@type\":\"Article\",\"@id\":\"https:\/\/portaltela.pt\/noticias\/2026\/01\/25\/neve-pinta-de-branco-a-vila-alentejana-de-marvao\/#article\",\"isPartOf\":{\"@id\":\"https:\/\/portaltela.pt\/noticias\/2026\/01\/25\/neve-pinta-de-branco-a-vila-alentejana-de-marvao\/\"},\"author\":{\"name\":\"Telinha\",\"@id\":\"https:\/\/portaltela.pt\/#\/schema\/person\/c4278d4a6028830caff9ee44b42d32ed\"},\"headline\":\"Neve pinta de branco a vila alentejana de Marv\u00e3o\",\"datePublished\":\"2026-01-25T12:57:24+00:00\",\"mainEntityOfPage\":{\"@id\":\"https:\/\/portaltela.pt\/noticias\/2026\/01\/25\/neve-pinta-de-branco-a-vila-alentejana-de-marvao\/\"},\"wordCount\":180,\"image\":{\"@id\":\"https:\/\/portaltela.pt\/noticias\/2026\/01\/25\/neve-pinta-de-branco-a-vila-alentejana-de-marvao\/#primaryimage\"},\"thumbnailUrl\":\"https:\/\/portaltela.pt\/s.01k8rhncp4jt1\/2026\/01\/img_1280x722uu2026-01-25-12-51-31-2262447.jpg\",\"keywords\":[\"Alentejo\",\"Marv\u00e3o\",\"Portalegre\",\"Serra da Estrela\",\"turismo\"],\"articleSection\":[\"Not\u00edcias\"],\"inLanguage\":\"pt-PT\"},{\"@type\":\"WebPage\",\"@id\":\"https:\/\/portaltela.pt\/noticias\/2026\/01\/25\/neve-pinta-de-branco-a-vila-alentejana-de-marvao\/\",\"url\":\"https:\/\/portaltela.pt\/noticias\/2026\/01\/25\/neve-pinta-de-branco-a-vila-alentejana-de-marvao\/\",\"name\":\"Neve pinta de branco a vila alentejana de Marv\u00e3o - Portal Tela Portugal\",\"isPartOf\":{\"@id\":\"https:\/\/portaltela.pt\/#website\"},\"primaryImageOfPage\":{\"@id\":\"https:\/\/portaltela.pt\/noticias\/2026\/01\/25\/neve-pinta-de-branco-a-vila-alentejana-de-marvao\/#primaryimage\"},\"image\":{\"@id\":\"https:\/\/portaltela.pt\/noticias\/2026\/01\/25\/neve-pinta-de-branco-a-vila-alentejana-de-marvao\/#primaryimage\"},\"thumbnailUrl\":\"https:\/\/portaltela.pt\/s.01k8rhncp4jt1\/2026\/01\/img_1280x722uu2026-01-25-12-51-31-2262447.jpg\",\"datePublished\":\"2026-01-25T12:57:24+00:00\",\"author\":{\"@id\":\"https:\/\/portaltela.pt\/#\/schema\/person\/c4278d4a6028830caff9ee44b42d32ed\"},\"breadcrumb\":{\"@id\":\"https:\/\/portaltela.pt\/noticias\/2026\/01\/25\/neve-pinta-de-branco-a-vila-alentejana-de-marvao\/#breadcrumb\"},\"inLanguage\":\"pt-PT\",\"potentialAction\":[{\"@type\":\"ReadAction\",\"target\":[\"https:\/\/portaltela.pt\/noticias\/2026\/01\/25\/neve-pinta-de-branco-a-vila-alentejana-de-marvao\/\"]}]},{\"@type\":\"ImageObject\",\"inLanguage\":\"pt-PT\",\"@id\":\"https:\/\/portaltela.pt\/noticias\/2026\/01\/25\/neve-pinta-de-branco-a-vila-alentejana-de-marvao\/#primaryimage\",\"url\":\"https:\/\/portaltela.pt\/s.01k8rhncp4jt1\/2026\/01\/img_1280x722uu2026-01-25-12-51-31-2262447.jpg\",\"contentUrl\":\"https:\/\/portaltela.pt\/s.01k8rhncp4jt1\/2026\/01\/img_1280x722uu2026-01-25-12-51-31-2262447.jpg\",\"width\":796,\"height\":448,\"caption\":\"Neve pinta de branco vila alentejana de Marv\u00e3o\"},{\"@type\":\"BreadcrumbList\",\"@id\":\"https:\/\/portaltela.pt\/noticias\/2026\/01\/25\/neve-pinta-de-branco-a-vila-alentejana-de-marvao\/#breadcrumb\",\"itemListElement\":[{\"@type\":\"ListItem\",\"position\":1,\"name\":\"In\u00edcio\",\"item\":\"https:\/\/portaltela.pt\/\"},{\"@type\":\"ListItem\",\"position\":2,\"name\":\"Neve pinta de branco a vila alentejana de Marv\u00e3o\"}]},{\"@type\":\"WebSite\",\"@id\":\"https:\/\/portaltela.pt\/#website\",\"url\":\"https:\/\/portaltela.pt\/\",\"name\":\"Portal Tela Portugal\",\"description\":\"\",\"potentialAction\":[{\"@type\":\"SearchAction\",\"target\":{\"@type\":\"EntryPoint\",\"urlTemplate\":\"https:\/\/portaltela.pt\/?s={search_term_string}\"},\"query-input\":{\"@type\":\"PropertyValueSpecification\",\"valueRequired\":true,\"valueName\":\"search_term_string\"}}],\"inLanguage\":\"pt-PT\"},{\"@type\":\"Person\",\"@id\":\"https:\/\/portaltela.pt\/#\/schema\/person\/c4278d4a6028830caff9ee44b42d32ed\",\"name\":\"Telinha\",\"image\":{\"@type\":\"ImageObject\",\"inLanguage\":\"pt-PT\",\"@id\":\"https:\/\/portaltela.pt\/s.01k8rhncp4jt1\/2025\/11\/talking-bot-125x125.png\",\"url\":\"https:\/\/portaltela.pt\/s.01k8rhncp4jt1\/2025\/11\/talking-bot-125x125.png\",\"contentUrl\":\"https:\/\/portaltela.pt\/s.01k8rhncp4jt1\/2025\/11\/talking-bot-125x125.png\",\"caption\":\"Telinha\"},\"sameAs\":[\"https:\/\/portaltela.pt\/\"],\"url\":\"https:\/\/portaltela.pt\/por\/367410592786\/\"}]}<\/script>\n<!-- \/ Yoast SEO plugin. -->","yoast_head_json":{"title":"Neve pinta de branco a vila alentejana de Marv\u00e3o - Portal Tela Portugal","robots":{"index":"index","follow":"follow","max-snippet":"max-snippet:-1","max-image-preview":"max-image-preview:large","max-video-preview":"max-video-preview:-1"},"og_locale":"pt_PT","og_type":"article","og_title":"Neve pinta de branco a vila alentejana de Marv\u00e3o - Portal Tela Portugal","og_description":"A neve voltou a cobrir Marv\u00e3o, vila no distrito de Portalegre, nesta quarta-feira, 25 de janeiro. O fen\u00f3meno, raro e que acontece em zonas mais frias, encantou moradores e visitantes, com ruas e telhados cobertos de branco. Marv\u00e3o fica na Serra de S\u00e3o Mamede e \u00e9 conhecida pela beleza natural e pelo castelo medieval com vista sobre o Alentejo. O IPMA indica que a queda de neve em Marv\u00e3o \u00e9 rara; a \u00faltima vez foi em 2019. Tamb\u00e9m houve neve na Serra da Estrela, atraindo turistas e praticantes de desportos de inverno.","og_url":"https:\/\/portaltela.pt\/noticias\/2026\/01\/25\/neve-pinta-de-branco-a-vila-alentejana-de-marvao\/","og_site_name":"Portal Tela Portugal","article_published_time":"2026-01-25T12:57:24+00:00","author":"Telinha","twitter_card":"summary_large_image","twitter_misc":{"Escrito por":"Telinha","Tempo estimado de leitura":"1 minuto"},"schema":{"@context":"https:\/\/schema.org","@graph":[{"@type":"Article","@id":"https:\/\/portaltela.pt\/noticias\/2026\/01\/25\/neve-pinta-de-branco-a-vila-alentejana-de-marvao\/#article","isPartOf":{"@id":"https:\/\/portaltela.pt\/noticias\/2026\/01\/25\/neve-pinta-de-branco-a-vila-alentejana-de-marvao\/"},"author":{"name":"Telinha","@id":"https:\/\/portaltela.pt\/#\/schema\/person\/c4278d4a6028830caff9ee44b42d32ed"},"headline":"Neve pinta de branco a vila alentejana de Marv\u00e3o","datePublished":"2026-01-25T12:57:24+00:00","mainEntityOfPage":{"@id":"https:\/\/portaltela.pt\/noticias\/2026\/01\/25\/neve-pinta-de-branco-a-vila-alentejana-de-marvao\/"},"wordCount":180,"image":{"@id":"https:\/\/portaltela.pt\/noticias\/2026\/01\/25\/neve-pinta-de-branco-a-vila-alentejana-de-marvao\/#primaryimage"},"thumbnailUrl":"https:\/\/portaltela.pt\/s.01k8rhncp4jt1\/2026\/01\/img_1280x722uu2026-01-25-12-51-31-2262447.jpg","keywords":["Alentejo","Marv\u00e3o","Portalegre","Serra da Estrela","turismo"],"articleSection":["Not\u00edcias"],"inLanguage":"pt-PT"},{"@type":"WebPage","@id":"https:\/\/portaltela.pt\/noticias\/2026\/01\/25\/neve-pinta-de-branco-a-vila-alentejana-de-marvao\/","url":"https:\/\/portaltela.pt\/noticias\/2026\/01\/25\/neve-pinta-de-branco-a-vila-alentejana-de-marvao\/","name":"Neve pinta de branco a vila alentejana de Marv\u00e3o - Portal Tela Portugal","isPartOf":{"@id":"https:\/\/portaltela.pt\/#website"},"primaryImageOfPage":{"@id":"https:\/\/portaltela.pt\/noticias\/2026\/01\/25\/neve-pinta-de-branco-a-vila-alentejana-de-marvao\/#primaryimage"},"image":{"@id":"https:\/\/portaltela.pt\/noticias\/2026\/01\/25\/neve-pinta-de-branco-a-vila-alentejana-de-marvao\/#primaryimage"},"thumbnailUrl":"https:\/\/portaltela.pt\/s.01k8rhncp4jt1\/2026\/01\/img_1280x722uu2026-01-25-12-51-31-2262447.jpg","datePublished":"2026-01-25T12:57:24+00:00","author":{"@id":"https:\/\/portaltela.pt\/#\/schema\/person\/c4278d4a6028830caff9ee44b42d32ed"},"breadcrumb":{"@id":"https:\/\/portaltela.pt\/noticias\/2026\/01\/25\/neve-pinta-de-branco-a-vila-alentejana-de-marvao\/#breadcrumb"},"inLanguage":"pt-PT","potentialAction":[{"@type":"ReadAction","target":["https:\/\/portaltela.pt\/noticias\/2026\/01\/25\/neve-pinta-de-branco-a-vila-alentejana-de-marvao\/"]}]},{"@type":"ImageObject","inLanguage":"pt-PT","@id":"https:\/\/portaltela.pt\/noticias\/2026\/01\/25\/neve-pinta-de-branco-a-vila-alentejana-de-marvao\/#primaryimage","url":"https:\/\/portaltela.pt\/s.01k8rhncp4jt1\/2026\/01\/img_1280x722uu2026-01-25-12-51-31-2262447.jpg","contentUrl":"https:\/\/portaltela.pt\/s.01k8rhncp4jt1\/2026\/01\/img_1280x722uu2026-01-25-12-51-31-2262447.jpg","width":796,"height":448,"caption":"Neve pinta de branco vila alentejana de Marv\u00e3o"},{"@type":"BreadcrumbList","@id":"https:\/\/portaltela.pt\/noticias\/2026\/01\/25\/neve-pinta-de-branco-a-vila-alentejana-de-marvao\/#breadcrumb","itemListElement":[{"@type":"ListItem","position":1,"name":"In\u00edcio","item":"https:\/\/portaltela.pt\/"},{"@type":"ListItem","position":2,"name":"Neve pinta de branco a vila alentejana de Marv\u00e3o"}]},{"@type":"WebSite","@id":"https:\/\/portaltela.pt\/#website","url":"https:\/\/portaltela.pt\/","name":"Portal Tela Portugal","description":"","potentialAction":[{"@type":"SearchAction","target":{"@type":"EntryPoint","urlTemplate":"https:\/\/portaltela.pt\/?s={search_term_string}"},"query-input":{"@type":"PropertyValueSpecification","valueRequired":true,"valueName":"search_term_string"}}],"inLanguage":"pt-PT"},{"@type":"Person","@id":"https:\/\/portaltela.pt\/#\/schema\/person\/c4278d4a6028830caff9ee44b42d32ed","name":"Telinha","image":{"@type":"ImageObject","inLanguage":"pt-PT","@id":"https:\/\/portaltela.pt\/s.01k8rhncp4jt1\/2025\/11\/talking-bot-125x125.png","url":"https:\/\/portaltela.pt\/s.01k8rhncp4jt1\/2025\/11\/talking-bot-125x125.png","contentUrl":"https:\/\/portaltela.pt\/s.01k8rhncp4jt1\/2025\/11\/talking-bot-125x125.png","caption":"Telinha"},"sameAs":["https:\/\/portaltela.pt\/"],"url":"https:\/\/portaltela.pt\/por\/367410592786\/"}]}},"_links":{"self":[{"href":"https:\/\/portaltela.pt\/api\/wp\/v2\/posts\/172022","targetHints":{"allow":["GET"]}}],"collection":[{"href":"https:\/\/portaltela.pt\/api\/wp\/v2\/posts"}],"about":[{"href":"https:\/\/portaltela.pt\/api\/wp\/v2\/types\/post"}],"author":[{"embeddable":true,"href":"https:\/\/portaltela.pt\/api\/wp\/v2\/users\/2"}],"replies":[{"embeddable":true,"href":"https:\/\/portaltela.pt\/api\/wp\/v2\/comments?post=172022"}],"version-history":[{"count":0,"href":"https:\/\/portaltela.pt\/api\/wp\/v2\/posts\/172022\/revisions"}],"wp:featuredmedia":[{"embeddable":true,"href":"https:\/\/portaltela.pt\/api\/wp\/v2\/media\/172027"}],"wp:attachment":[{"href":"https:\/\/portaltela.pt\/api\/wp\/v2\/media?parent=172022"}],"wp:term":[{"taxonomy":"category","embeddable":true,"href":"https:\/\/portaltela.pt\/api\/wp\/v2\/categories?post=172022"},{"taxonomy":"post_tag","embeddable":true,"href":"https:\/\/portaltela.pt\/api\/wp\/v2\/tags?post=172022"}],"curies":[{"name":"wp","href":"https:\/\/api.w.org\/{rel}","templated":true}]}}