{"id":171918,"date":"2026-01-25T03:45:00","date_gmt":"2026-01-25T06:45:00","guid":{"rendered":"https:\/\/portaltela.pt\/noticias\/2026\/01\/25\/resink-e-ekhator-em-acao-pelo-benfica-hoje-2\/"},"modified":"2026-01-25T03:45:00","modified_gmt":"2026-01-25T06:45:00","slug":"resink-e-ekhator-em-acao-pelo-benfica-hoje-2","status":"publish","type":"post","link":"https:\/\/portaltela.pt\/desporto\/futebol\/2026\/01\/25\/resink-e-ekhator-em-acao-pelo-benfica-hoje-2\/","title":{"rendered":"Resink e Ekhator em a\u00e7\u00e3o pelo Benfica hoje"},"content":{"rendered":"<p>Pouco antes do duelo da equipa principal do Benfica, surgem pedidos de observa\u00e7\u00e3o sobre outros jogos em que est\u00e3o envolvidos dois alvos do clube. Resink, no Groningen, e Ekhator, no G\u00e9nova, podem aparecer hoje em campo.<\/p>\n<p>O Groningen, treinado por Stije Resink, recebe o Fortuna Sittard, em casa, \u00e0s 13h30. J\u00e1 o G\u00e9nova, com Jeff Ekhator no plantel, visita o Bolonha \u00e0s 14h. Ambos os encontros decorrem neste domingo.<\/p>\n<p>Resink \u00e9 apontado como pe\u00e7a titular no meio-campo holand\u00eas, com expectativa de que possa contribuir para avalia\u00e7\u00f5es da equipa portuguesa na reta final de mercado. Ekhator tem sido utilizado como op\u00e7\u00e3o de entrada no decorrer das partidas, segundo a imprensa desportiva.<\/p>\n<p>O Benfica analisa o desempenho dos dois jogadores para futuras decis\u00f5es de plantel, mantendo o foco na prepara\u00e7\u00e3o de jogos da equipa principal e na avalia\u00e7\u00e3o de potenciais contribui\u00e7\u00f5es para a forma\u00e7\u00e3o de 2026.<\/p>\n","protected":false},"excerpt":{"rendered":"<ul>\n<li>O Benfica tem como alvos o m\u00e9dio Stije Resink, do Groningen, e o avan\u00e7ado Jeff Ekhator, do G\u00e9nova, em foco na janela de transfer\u00eancias.<\/li>\n<li>Neste domingo, o Groningen recebe o Fortuna Sittard, \u00e0s 13h30, e o G\u00e9nova joga em casa com o Bolonha, \u00e0s 14h.<\/li>\n<li>Resink \u00e9 considerado a grande figura do Groningen e dever\u00e1 manter a titularidade.<\/li>\n<li>Ekhator tem surgido quase sempre a entrar durante as partidas do G\u00e9nova.<\/li>\n<li>A SAD do Benfica acompanha estas op\u00e7\u00f5es com a poss\u00edvel prioriza\u00e7\u00e3o de refor\u00e7os na reta final do mercado.<\/li>\n<\/ul>\n","protected":false},"author":2,"featured_media":171925,"comment_status":"closed","ping_status":"closed","sticky":false,"template":"","format":"standard","meta":{"footnotes":""},"categories":[21,24],"tags":[1946,3304,152,32,3338],"class_list":["post-171918","post","type-post","status-publish","format-standard","has-post-thumbnail","hentry","category-desporto","category-futebol","tag-benfica","tag-bolonha","tag-desporto","tag-futebol","tag-futebol-internacional"],"yoast_head":"<!-- This site is optimized with the Yoast SEO plugin v27.2 - https:\/\/yoast.com\/product\/yoast-seo-wordpress\/ -->\n<title>Resink e Ekhator em a\u00e7\u00e3o pelo Benfica hoje - Portal Tela Portugal<\/title>\n<meta name=\"robots\" content=\"index, follow, max-snippet:-1, max-image-preview:large, max-video-preview:-1\" \/>\n<meta property=\"og:locale\" content=\"pt_PT\" \/>\n<meta property=\"og:type\" content=\"article\" \/>\n<meta property=\"og:title\" content=\"Resink e Ekhator em a\u00e7\u00e3o pelo Benfica hoje - Portal Tela Portugal\" \/>\n<meta property=\"og:description\" content=\"O Benfica tem como alvos o m\u00e9dio Stije Resink, do Groningen, e o avan\u00e7ado Jeff Ekhator, do G\u00e9nova, em foco na janela de transfer\u00eancias. Neste domingo, o Groningen recebe o Fortuna Sittard, \u00e0s 13h30, e o G\u00e9nova joga em casa com o Bolonha, \u00e0s 14h. Resink \u00e9 considerado a grande figura do Groningen e dever\u00e1 manter a titularidade. Ekhator tem surgido quase sempre a entrar durante as partidas do G\u00e9nova. A SAD do Benfica acompanha estas op\u00e7\u00f5es com a poss\u00edvel prioriza\u00e7\u00e3o de refor\u00e7os na reta final do mercado.\" \/>\n<meta property=\"og:url\" content=\"https:\/\/portaltela.pt\/noticias\/2026\/01\/25\/resink-e-ekhator-em-acao-pelo-benfica-hoje-2\/\" \/>\n<meta property=\"og:site_name\" content=\"Portal Tela Portugal\" \/>\n<meta property=\"article:published_time\" content=\"2026-01-25T06:45:00+00:00\" \/>\n<meta name=\"author\" content=\"Telinha\" \/>\n<meta name=\"twitter:card\" content=\"summary_large_image\" \/>\n<meta name=\"twitter:label1\" content=\"Escrito por\" \/>\n\t<meta name=\"twitter:data1\" content=\"Telinha\" \/>\n\t<meta name=\"twitter:label2\" content=\"Tempo estimado de leitura\" \/>\n\t<meta name=\"twitter:data2\" content=\"1 minuto\" \/>\n<script type=\"application\/ld+json\" class=\"yoast-schema-graph\">{\"@context\":\"https:\/\/schema.org\",\"@graph\":[{\"@type\":\"Article\",\"@id\":\"https:\/\/portaltela.pt\/noticias\/2026\/01\/25\/resink-e-ekhator-em-acao-pelo-benfica-hoje-2\/#article\",\"isPartOf\":{\"@id\":\"https:\/\/portaltela.pt\/noticias\/2026\/01\/25\/resink-e-ekhator-em-acao-pelo-benfica-hoje-2\/\"},\"author\":{\"name\":\"Telinha\",\"@id\":\"https:\/\/portaltela.pt\/#\/schema\/person\/c4278d4a6028830caff9ee44b42d32ed\"},\"headline\":\"Resink e Ekhator em a\u00e7\u00e3o pelo Benfica hoje\",\"datePublished\":\"2026-01-25T06:45:00+00:00\",\"mainEntityOfPage\":{\"@id\":\"https:\/\/portaltela.pt\/noticias\/2026\/01\/25\/resink-e-ekhator-em-acao-pelo-benfica-hoje-2\/\"},\"wordCount\":164,\"image\":{\"@id\":\"https:\/\/portaltela.pt\/noticias\/2026\/01\/25\/resink-e-ekhator-em-acao-pelo-benfica-hoje-2\/#primaryimage\"},\"thumbnailUrl\":\"https:\/\/portaltela.pt\/s.01k8rhncp4jt1\/2026\/01\/img_920x518uu2026-01-25-00-37-45-2417173-2.jpg\",\"keywords\":[\"Benfica\",\"Bolonha\",\"desporto\",\"futebol\",\"futebol internacional\"],\"articleSection\":[\"Desporto\",\"Futebol\"],\"inLanguage\":\"pt-PT\"},{\"@type\":\"WebPage\",\"@id\":\"https:\/\/portaltela.pt\/noticias\/2026\/01\/25\/resink-e-ekhator-em-acao-pelo-benfica-hoje-2\/\",\"url\":\"https:\/\/portaltela.pt\/noticias\/2026\/01\/25\/resink-e-ekhator-em-acao-pelo-benfica-hoje-2\/\",\"name\":\"Resink e Ekhator em a\u00e7\u00e3o pelo Benfica hoje - Portal Tela Portugal\",\"isPartOf\":{\"@id\":\"https:\/\/portaltela.pt\/#website\"},\"primaryImageOfPage\":{\"@id\":\"https:\/\/portaltela.pt\/noticias\/2026\/01\/25\/resink-e-ekhator-em-acao-pelo-benfica-hoje-2\/#primaryimage\"},\"image\":{\"@id\":\"https:\/\/portaltela.pt\/noticias\/2026\/01\/25\/resink-e-ekhator-em-acao-pelo-benfica-hoje-2\/#primaryimage\"},\"thumbnailUrl\":\"https:\/\/portaltela.pt\/s.01k8rhncp4jt1\/2026\/01\/img_920x518uu2026-01-25-00-37-45-2417173-2.jpg\",\"datePublished\":\"2026-01-25T06:45:00+00:00\",\"author\":{\"@id\":\"https:\/\/portaltela.pt\/#\/schema\/person\/c4278d4a6028830caff9ee44b42d32ed\"},\"breadcrumb\":{\"@id\":\"https:\/\/portaltela.pt\/noticias\/2026\/01\/25\/resink-e-ekhator-em-acao-pelo-benfica-hoje-2\/#breadcrumb\"},\"inLanguage\":\"pt-PT\",\"potentialAction\":[{\"@type\":\"ReadAction\",\"target\":[\"https:\/\/portaltela.pt\/noticias\/2026\/01\/25\/resink-e-ekhator-em-acao-pelo-benfica-hoje-2\/\"]}]},{\"@type\":\"ImageObject\",\"inLanguage\":\"pt-PT\",\"@id\":\"https:\/\/portaltela.pt\/noticias\/2026\/01\/25\/resink-e-ekhator-em-acao-pelo-benfica-hoje-2\/#primaryimage\",\"url\":\"https:\/\/portaltela.pt\/s.01k8rhncp4jt1\/2026\/01\/img_920x518uu2026-01-25-00-37-45-2417173-2.jpg\",\"contentUrl\":\"https:\/\/portaltela.pt\/s.01k8rhncp4jt1\/2026\/01\/img_920x518uu2026-01-25-00-37-45-2417173-2.jpg\",\"width\":796,\"height\":448,\"caption\":\"Ekhator e Resink\"},{\"@type\":\"BreadcrumbList\",\"@id\":\"https:\/\/portaltela.pt\/noticias\/2026\/01\/25\/resink-e-ekhator-em-acao-pelo-benfica-hoje-2\/#breadcrumb\",\"itemListElement\":[{\"@type\":\"ListItem\",\"position\":1,\"name\":\"In\u00edcio\",\"item\":\"https:\/\/portaltela.pt\/\"},{\"@type\":\"ListItem\",\"position\":2,\"name\":\"Resink e Ekhator em a\u00e7\u00e3o pelo Benfica hoje\"}]},{\"@type\":\"WebSite\",\"@id\":\"https:\/\/portaltela.pt\/#website\",\"url\":\"https:\/\/portaltela.pt\/\",\"name\":\"Portal Tela Portugal\",\"description\":\"\",\"potentialAction\":[{\"@type\":\"SearchAction\",\"target\":{\"@type\":\"EntryPoint\",\"urlTemplate\":\"https:\/\/portaltela.pt\/?s={search_term_string}\"},\"query-input\":{\"@type\":\"PropertyValueSpecification\",\"valueRequired\":true,\"valueName\":\"search_term_string\"}}],\"inLanguage\":\"pt-PT\"},{\"@type\":\"Person\",\"@id\":\"https:\/\/portaltela.pt\/#\/schema\/person\/c4278d4a6028830caff9ee44b42d32ed\",\"name\":\"Telinha\",\"image\":{\"@type\":\"ImageObject\",\"inLanguage\":\"pt-PT\",\"@id\":\"https:\/\/portaltela.pt\/s.01k8rhncp4jt1\/2025\/11\/talking-bot-125x125.png\",\"url\":\"https:\/\/portaltela.pt\/s.01k8rhncp4jt1\/2025\/11\/talking-bot-125x125.png\",\"contentUrl\":\"https:\/\/portaltela.pt\/s.01k8rhncp4jt1\/2025\/11\/talking-bot-125x125.png\",\"caption\":\"Telinha\"},\"sameAs\":[\"https:\/\/portaltela.pt\/\"],\"url\":\"https:\/\/portaltela.pt\/por\/367410592786\/\"}]}<\/script>\n<!-- \/ Yoast SEO plugin. -->","yoast_head_json":{"title":"Resink e Ekhator em a\u00e7\u00e3o pelo Benfica hoje - Portal Tela Portugal","robots":{"index":"index","follow":"follow","max-snippet":"max-snippet:-1","max-image-preview":"max-image-preview:large","max-video-preview":"max-video-preview:-1"},"og_locale":"pt_PT","og_type":"article","og_title":"Resink e Ekhator em a\u00e7\u00e3o pelo Benfica hoje - Portal Tela Portugal","og_description":"O Benfica tem como alvos o m\u00e9dio Stije Resink, do Groningen, e o avan\u00e7ado Jeff Ekhator, do G\u00e9nova, em foco na janela de transfer\u00eancias. Neste domingo, o Groningen recebe o Fortuna Sittard, \u00e0s 13h30, e o G\u00e9nova joga em casa com o Bolonha, \u00e0s 14h. Resink \u00e9 considerado a grande figura do Groningen e dever\u00e1 manter a titularidade. Ekhator tem surgido quase sempre a entrar durante as partidas do G\u00e9nova. A SAD do Benfica acompanha estas op\u00e7\u00f5es com a poss\u00edvel prioriza\u00e7\u00e3o de refor\u00e7os na reta final do mercado.","og_url":"https:\/\/portaltela.pt\/noticias\/2026\/01\/25\/resink-e-ekhator-em-acao-pelo-benfica-hoje-2\/","og_site_name":"Portal Tela Portugal","article_published_time":"2026-01-25T06:45:00+00:00","author":"Telinha","twitter_card":"summary_large_image","twitter_misc":{"Escrito por":"Telinha","Tempo estimado de leitura":"1 minuto"},"schema":{"@context":"https:\/\/schema.org","@graph":[{"@type":"Article","@id":"https:\/\/portaltela.pt\/noticias\/2026\/01\/25\/resink-e-ekhator-em-acao-pelo-benfica-hoje-2\/#article","isPartOf":{"@id":"https:\/\/portaltela.pt\/noticias\/2026\/01\/25\/resink-e-ekhator-em-acao-pelo-benfica-hoje-2\/"},"author":{"name":"Telinha","@id":"https:\/\/portaltela.pt\/#\/schema\/person\/c4278d4a6028830caff9ee44b42d32ed"},"headline":"Resink e Ekhator em a\u00e7\u00e3o pelo Benfica hoje","datePublished":"2026-01-25T06:45:00+00:00","mainEntityOfPage":{"@id":"https:\/\/portaltela.pt\/noticias\/2026\/01\/25\/resink-e-ekhator-em-acao-pelo-benfica-hoje-2\/"},"wordCount":164,"image":{"@id":"https:\/\/portaltela.pt\/noticias\/2026\/01\/25\/resink-e-ekhator-em-acao-pelo-benfica-hoje-2\/#primaryimage"},"thumbnailUrl":"https:\/\/portaltela.pt\/s.01k8rhncp4jt1\/2026\/01\/img_920x518uu2026-01-25-00-37-45-2417173-2.jpg","keywords":["Benfica","Bolonha","desporto","futebol","futebol internacional"],"articleSection":["Desporto","Futebol"],"inLanguage":"pt-PT"},{"@type":"WebPage","@id":"https:\/\/portaltela.pt\/noticias\/2026\/01\/25\/resink-e-ekhator-em-acao-pelo-benfica-hoje-2\/","url":"https:\/\/portaltela.pt\/noticias\/2026\/01\/25\/resink-e-ekhator-em-acao-pelo-benfica-hoje-2\/","name":"Resink e Ekhator em a\u00e7\u00e3o pelo Benfica hoje - Portal Tela Portugal","isPartOf":{"@id":"https:\/\/portaltela.pt\/#website"},"primaryImageOfPage":{"@id":"https:\/\/portaltela.pt\/noticias\/2026\/01\/25\/resink-e-ekhator-em-acao-pelo-benfica-hoje-2\/#primaryimage"},"image":{"@id":"https:\/\/portaltela.pt\/noticias\/2026\/01\/25\/resink-e-ekhator-em-acao-pelo-benfica-hoje-2\/#primaryimage"},"thumbnailUrl":"https:\/\/portaltela.pt\/s.01k8rhncp4jt1\/2026\/01\/img_920x518uu2026-01-25-00-37-45-2417173-2.jpg","datePublished":"2026-01-25T06:45:00+00:00","author":{"@id":"https:\/\/portaltela.pt\/#\/schema\/person\/c4278d4a6028830caff9ee44b42d32ed"},"breadcrumb":{"@id":"https:\/\/portaltela.pt\/noticias\/2026\/01\/25\/resink-e-ekhator-em-acao-pelo-benfica-hoje-2\/#breadcrumb"},"inLanguage":"pt-PT","potentialAction":[{"@type":"ReadAction","target":["https:\/\/portaltela.pt\/noticias\/2026\/01\/25\/resink-e-ekhator-em-acao-pelo-benfica-hoje-2\/"]}]},{"@type":"ImageObject","inLanguage":"pt-PT","@id":"https:\/\/portaltela.pt\/noticias\/2026\/01\/25\/resink-e-ekhator-em-acao-pelo-benfica-hoje-2\/#primaryimage","url":"https:\/\/portaltela.pt\/s.01k8rhncp4jt1\/2026\/01\/img_920x518uu2026-01-25-00-37-45-2417173-2.jpg","contentUrl":"https:\/\/portaltela.pt\/s.01k8rhncp4jt1\/2026\/01\/img_920x518uu2026-01-25-00-37-45-2417173-2.jpg","width":796,"height":448,"caption":"Ekhator e Resink"},{"@type":"BreadcrumbList","@id":"https:\/\/portaltela.pt\/noticias\/2026\/01\/25\/resink-e-ekhator-em-acao-pelo-benfica-hoje-2\/#breadcrumb","itemListElement":[{"@type":"ListItem","position":1,"name":"In\u00edcio","item":"https:\/\/portaltela.pt\/"},{"@type":"ListItem","position":2,"name":"Resink e Ekhator em a\u00e7\u00e3o pelo Benfica hoje"}]},{"@type":"WebSite","@id":"https:\/\/portaltela.pt\/#website","url":"https:\/\/portaltela.pt\/","name":"Portal Tela Portugal","description":"","potentialAction":[{"@type":"SearchAction","target":{"@type":"EntryPoint","urlTemplate":"https:\/\/portaltela.pt\/?s={search_term_string}"},"query-input":{"@type":"PropertyValueSpecification","valueRequired":true,"valueName":"search_term_string"}}],"inLanguage":"pt-PT"},{"@type":"Person","@id":"https:\/\/portaltela.pt\/#\/schema\/person\/c4278d4a6028830caff9ee44b42d32ed","name":"Telinha","image":{"@type":"ImageObject","inLanguage":"pt-PT","@id":"https:\/\/portaltela.pt\/s.01k8rhncp4jt1\/2025\/11\/talking-bot-125x125.png","url":"https:\/\/portaltela.pt\/s.01k8rhncp4jt1\/2025\/11\/talking-bot-125x125.png","contentUrl":"https:\/\/portaltela.pt\/s.01k8rhncp4jt1\/2025\/11\/talking-bot-125x125.png","caption":"Telinha"},"sameAs":["https:\/\/portaltela.pt\/"],"url":"https:\/\/portaltela.pt\/por\/367410592786\/"}]}},"_links":{"self":[{"href":"https:\/\/portaltela.pt\/api\/wp\/v2\/posts\/171918","targetHints":{"allow":["GET"]}}],"collection":[{"href":"https:\/\/portaltela.pt\/api\/wp\/v2\/posts"}],"about":[{"href":"https:\/\/portaltela.pt\/api\/wp\/v2\/types\/post"}],"author":[{"embeddable":true,"href":"https:\/\/portaltela.pt\/api\/wp\/v2\/users\/2"}],"replies":[{"embeddable":true,"href":"https:\/\/portaltela.pt\/api\/wp\/v2\/comments?post=171918"}],"version-history":[{"count":0,"href":"https:\/\/portaltela.pt\/api\/wp\/v2\/posts\/171918\/revisions"}],"wp:featuredmedia":[{"embeddable":true,"href":"https:\/\/portaltela.pt\/api\/wp\/v2\/media\/171925"}],"wp:attachment":[{"href":"https:\/\/portaltela.pt\/api\/wp\/v2\/media?parent=171918"}],"wp:term":[{"taxonomy":"category","embeddable":true,"href":"https:\/\/portaltela.pt\/api\/wp\/v2\/categories?post=171918"},{"taxonomy":"post_tag","embeddable":true,"href":"https:\/\/portaltela.pt\/api\/wp\/v2\/tags?post=171918"}],"curies":[{"name":"wp","href":"https:\/\/api.w.org\/{rel}","templated":true}]}}