{"id":171901,"date":"2026-01-25T08:31:11","date_gmt":"2026-01-25T11:31:11","guid":{"rendered":"https:\/\/portaltela.pt\/noticias\/2026\/01\/25\/filou-o-gato-que-percorreu-250-km-para-reencontrar-os-donos\/"},"modified":"2026-01-25T08:31:11","modified_gmt":"2026-01-25T11:31:11","slug":"filou-o-gato-que-percorreu-250-km-para-reencontrar-os-donos","status":"publish","type":"post","link":"https:\/\/portaltela.pt\/noticias\/2026\/01\/25\/filou-o-gato-que-percorreu-250-km-para-reencontrar-os-donos\/","title":{"rendered":"Filou, o gato que percorreu 250 km para reencontrar os donos"},"content":{"rendered":"<p>Durante cinco meses, Patrick e Evelyne Sire pensaram que o seu gato estaria perdido para sempre. Filou desapareceu em agosto de 2025, numa \u00e1rea de servi\u00e7o na Catalunha, a caminho de f\u00e9rias no delta do Ebro. O casal procurou-no repetidamente, sem sucesso, junto de associa\u00e7\u00f5es locais e na zona da bomba de gasolina, j\u00e1 de regresso a Fran\u00e7a.<\/p>\n<p>O animal foi observado pela \u00faltima vez em Espanha, num trajeto que o levou a percorrer cerca de 250 quil\u00f3metros at\u00e9 regressar, quase por acaso, a Fran\u00e7a. Ao longo do per\u00edodo, chegaram fotografias de gatos parecidos, enviadas por uma associa\u00e7\u00e3o de prote\u00e7\u00e3o animal, mas sem correspond\u00eancia com Filou.<\/p>\n<h3>Reencontro ap\u00f3s cinco meses<\/h3>\n<p>No dia 9 de janeiro de 2026, uma chamada devolveu a esperan\u00e7a. Uma mulher de Homps, a poucos quil\u00f3metros de Olonzac, informou ter acolhido um gato magro e exausto que apareceu no seu jardim h\u00e1 cerca de um m\u00eas. O felino foi levado a um veterin\u00e1rio e o microchip confirmou a identidade de Filou, ligando-o aos Sire.<\/p>\n<p>A morada registada no chip permitiu confirmar o reencontro com os donos, que j\u00e1 tinham recome\u00e7ado a vida sem o animal. A hist\u00f3ria \u00e9 contada pela Pets and Company, que acompanha casos de animais de estima\u00e7\u00e3o perdidos e reencontrados.<\/p>\n","protected":false},"excerpt":{"rendered":"<ul>\n<li>Filou, um gato franc\u00eas, desapareceu em agosto de 2025 numa esta\u00e7\u00e3o de servi\u00e7o na Catalunha, Espanha, quando regressavam de f\u00e9rias.<\/li>\n<li>Durante cinco meses, Patrick e Evelyne Sire, de Olonzac, na regi\u00e3o de H\u00e9rault, procuraram-no sem sucesso.<\/li>\n<li>O felino percorreu cerca de duzentos e cinquenta quil\u00f4metros sozinho at\u00e9 reencontrar os donos quase \u00e0 porta de casa, em Fran\u00e7a.<\/li>\n<li>Em nove de janeiro de dois mil e vinte e seis, uma mulher de Homps encontrou o gato magro e o levou ao veterin\u00e1rio, onde o microchip confirmou a identidade.<\/li>\n<li>A identifica\u00e7\u00e3o devolveu a morada dos Sire, encerrando o reencontro.<\/li>\n<\/ul>\n","protected":false},"author":2,"featured_media":171904,"comment_status":"closed","ping_status":"closed","sticky":false,"template":"","format":"standard","meta":{"footnotes":""},"categories":[1],"tags":[2865,3321,3091,2863,2031,1856],"class_list":["post-171901","post","type-post","status-publish","format-standard","has-post-thumbnail","hentry","category-noticias","tag-adocao","tag-adocoes","tag-animais","tag-animais-de-rua","tag-espanha","tag-franca"],"yoast_head":"<!-- This site is optimized with the Yoast SEO plugin v27.2 - https:\/\/yoast.com\/product\/yoast-seo-wordpress\/ -->\n<title>Filou, o gato que percorreu 250 km para reencontrar os donos - Portal Tela Portugal<\/title>\n<meta name=\"robots\" content=\"index, follow, max-snippet:-1, max-image-preview:large, max-video-preview:-1\" \/>\n<meta property=\"og:locale\" content=\"pt_PT\" \/>\n<meta property=\"og:type\" content=\"article\" \/>\n<meta property=\"og:title\" content=\"Filou, o gato que percorreu 250 km para reencontrar os donos - Portal Tela Portugal\" \/>\n<meta property=\"og:description\" content=\"Filou, um gato franc\u00eas, desapareceu em agosto de 2025 numa esta\u00e7\u00e3o de servi\u00e7o na Catalunha, Espanha, quando regressavam de f\u00e9rias. Durante cinco meses, Patrick e Evelyne Sire, de Olonzac, na regi\u00e3o de H\u00e9rault, procuraram-no sem sucesso. O felino percorreu cerca de duzentos e cinquenta quil\u00f4metros sozinho at\u00e9 reencontrar os donos quase \u00e0 porta de casa, em Fran\u00e7a. Em nove de janeiro de dois mil e vinte e seis, uma mulher de Homps encontrou o gato magro e o levou ao veterin\u00e1rio, onde o microchip confirmou a identidade. A identifica\u00e7\u00e3o devolveu a morada dos Sire, encerrando o reencontro.\" \/>\n<meta property=\"og:url\" content=\"https:\/\/portaltela.pt\/noticias\/2026\/01\/25\/filou-o-gato-que-percorreu-250-km-para-reencontrar-os-donos\/\" \/>\n<meta property=\"og:site_name\" content=\"Portal Tela Portugal\" \/>\n<meta property=\"article:published_time\" content=\"2026-01-25T11:31:11+00:00\" \/>\n<meta name=\"author\" content=\"Telinha\" \/>\n<meta name=\"twitter:card\" content=\"summary_large_image\" \/>\n<meta name=\"twitter:label1\" content=\"Escrito por\" \/>\n\t<meta name=\"twitter:data1\" content=\"Telinha\" \/>\n\t<meta name=\"twitter:label2\" content=\"Tempo estimado de leitura\" \/>\n\t<meta name=\"twitter:data2\" content=\"1 minuto\" \/>\n<script type=\"application\/ld+json\" class=\"yoast-schema-graph\">{\"@context\":\"https:\/\/schema.org\",\"@graph\":[{\"@type\":\"Article\",\"@id\":\"https:\/\/portaltela.pt\/noticias\/2026\/01\/25\/filou-o-gato-que-percorreu-250-km-para-reencontrar-os-donos\/#article\",\"isPartOf\":{\"@id\":\"https:\/\/portaltela.pt\/noticias\/2026\/01\/25\/filou-o-gato-que-percorreu-250-km-para-reencontrar-os-donos\/\"},\"author\":{\"name\":\"Telinha\",\"@id\":\"https:\/\/portaltela.pt\/#\/schema\/person\/c4278d4a6028830caff9ee44b42d32ed\"},\"headline\":\"Filou, o gato que percorreu 250 km para reencontrar os donos\",\"datePublished\":\"2026-01-25T11:31:11+00:00\",\"mainEntityOfPage\":{\"@id\":\"https:\/\/portaltela.pt\/noticias\/2026\/01\/25\/filou-o-gato-que-percorreu-250-km-para-reencontrar-os-donos\/\"},\"wordCount\":229,\"image\":{\"@id\":\"https:\/\/portaltela.pt\/noticias\/2026\/01\/25\/filou-o-gato-que-percorreu-250-km-para-reencontrar-os-donos\/#primaryimage\"},\"thumbnailUrl\":\"https:\/\/portaltela.pt\/s.01k8rhncp4jt1\/2026\/01\/img_920x518uu2026-01-25-11-24-09-2417202-im-639049374298468231.jpg\",\"keywords\":[\"ado\u00e7\u00e3o\",\"ado\u00e7\u00f5es\",\"animais\",\"Animais de Rua\",\"Espanha\",\"Fran\u00e7a\"],\"articleSection\":[\"Not\u00edcias\"],\"inLanguage\":\"pt-PT\"},{\"@type\":\"WebPage\",\"@id\":\"https:\/\/portaltela.pt\/noticias\/2026\/01\/25\/filou-o-gato-que-percorreu-250-km-para-reencontrar-os-donos\/\",\"url\":\"https:\/\/portaltela.pt\/noticias\/2026\/01\/25\/filou-o-gato-que-percorreu-250-km-para-reencontrar-os-donos\/\",\"name\":\"Filou, o gato que percorreu 250 km para reencontrar os donos - Portal Tela Portugal\",\"isPartOf\":{\"@id\":\"https:\/\/portaltela.pt\/#website\"},\"primaryImageOfPage\":{\"@id\":\"https:\/\/portaltela.pt\/noticias\/2026\/01\/25\/filou-o-gato-que-percorreu-250-km-para-reencontrar-os-donos\/#primaryimage\"},\"image\":{\"@id\":\"https:\/\/portaltela.pt\/noticias\/2026\/01\/25\/filou-o-gato-que-percorreu-250-km-para-reencontrar-os-donos\/#primaryimage\"},\"thumbnailUrl\":\"https:\/\/portaltela.pt\/s.01k8rhncp4jt1\/2026\/01\/img_920x518uu2026-01-25-11-24-09-2417202-im-639049374298468231.jpg\",\"datePublished\":\"2026-01-25T11:31:11+00:00\",\"author\":{\"@id\":\"https:\/\/portaltela.pt\/#\/schema\/person\/c4278d4a6028830caff9ee44b42d32ed\"},\"breadcrumb\":{\"@id\":\"https:\/\/portaltela.pt\/noticias\/2026\/01\/25\/filou-o-gato-que-percorreu-250-km-para-reencontrar-os-donos\/#breadcrumb\"},\"inLanguage\":\"pt-PT\",\"potentialAction\":[{\"@type\":\"ReadAction\",\"target\":[\"https:\/\/portaltela.pt\/noticias\/2026\/01\/25\/filou-o-gato-que-percorreu-250-km-para-reencontrar-os-donos\/\"]}]},{\"@type\":\"ImageObject\",\"inLanguage\":\"pt-PT\",\"@id\":\"https:\/\/portaltela.pt\/noticias\/2026\/01\/25\/filou-o-gato-que-percorreu-250-km-para-reencontrar-os-donos\/#primaryimage\",\"url\":\"https:\/\/portaltela.pt\/s.01k8rhncp4jt1\/2026\/01\/img_920x518uu2026-01-25-11-24-09-2417202-im-639049374298468231.jpg\",\"contentUrl\":\"https:\/\/portaltela.pt\/s.01k8rhncp4jt1\/2026\/01\/img_920x518uu2026-01-25-11-24-09-2417202-im-639049374298468231.jpg\",\"width\":796,\"height\":448,\"caption\":\"Uma hist\u00f3ria incr\u00edvel! Conhe\u00e7a o Filou, o gato que andou 250 km para reencontrar os donos\"},{\"@type\":\"BreadcrumbList\",\"@id\":\"https:\/\/portaltela.pt\/noticias\/2026\/01\/25\/filou-o-gato-que-percorreu-250-km-para-reencontrar-os-donos\/#breadcrumb\",\"itemListElement\":[{\"@type\":\"ListItem\",\"position\":1,\"name\":\"In\u00edcio\",\"item\":\"https:\/\/portaltela.pt\/\"},{\"@type\":\"ListItem\",\"position\":2,\"name\":\"Filou, o gato que percorreu 250 km para reencontrar os donos\"}]},{\"@type\":\"WebSite\",\"@id\":\"https:\/\/portaltela.pt\/#website\",\"url\":\"https:\/\/portaltela.pt\/\",\"name\":\"Portal Tela Portugal\",\"description\":\"\",\"potentialAction\":[{\"@type\":\"SearchAction\",\"target\":{\"@type\":\"EntryPoint\",\"urlTemplate\":\"https:\/\/portaltela.pt\/?s={search_term_string}\"},\"query-input\":{\"@type\":\"PropertyValueSpecification\",\"valueRequired\":true,\"valueName\":\"search_term_string\"}}],\"inLanguage\":\"pt-PT\"},{\"@type\":\"Person\",\"@id\":\"https:\/\/portaltela.pt\/#\/schema\/person\/c4278d4a6028830caff9ee44b42d32ed\",\"name\":\"Telinha\",\"image\":{\"@type\":\"ImageObject\",\"inLanguage\":\"pt-PT\",\"@id\":\"https:\/\/portaltela.pt\/s.01k8rhncp4jt1\/2025\/11\/talking-bot-125x125.png\",\"url\":\"https:\/\/portaltela.pt\/s.01k8rhncp4jt1\/2025\/11\/talking-bot-125x125.png\",\"contentUrl\":\"https:\/\/portaltela.pt\/s.01k8rhncp4jt1\/2025\/11\/talking-bot-125x125.png\",\"caption\":\"Telinha\"},\"sameAs\":[\"https:\/\/portaltela.pt\/\"],\"url\":\"https:\/\/portaltela.pt\/por\/367410592786\/\"}]}<\/script>\n<!-- \/ Yoast SEO plugin. -->","yoast_head_json":{"title":"Filou, o gato que percorreu 250 km para reencontrar os donos - Portal Tela Portugal","robots":{"index":"index","follow":"follow","max-snippet":"max-snippet:-1","max-image-preview":"max-image-preview:large","max-video-preview":"max-video-preview:-1"},"og_locale":"pt_PT","og_type":"article","og_title":"Filou, o gato que percorreu 250 km para reencontrar os donos - Portal Tela Portugal","og_description":"Filou, um gato franc\u00eas, desapareceu em agosto de 2025 numa esta\u00e7\u00e3o de servi\u00e7o na Catalunha, Espanha, quando regressavam de f\u00e9rias. Durante cinco meses, Patrick e Evelyne Sire, de Olonzac, na regi\u00e3o de H\u00e9rault, procuraram-no sem sucesso. O felino percorreu cerca de duzentos e cinquenta quil\u00f4metros sozinho at\u00e9 reencontrar os donos quase \u00e0 porta de casa, em Fran\u00e7a. Em nove de janeiro de dois mil e vinte e seis, uma mulher de Homps encontrou o gato magro e o levou ao veterin\u00e1rio, onde o microchip confirmou a identidade. A identifica\u00e7\u00e3o devolveu a morada dos Sire, encerrando o reencontro.","og_url":"https:\/\/portaltela.pt\/noticias\/2026\/01\/25\/filou-o-gato-que-percorreu-250-km-para-reencontrar-os-donos\/","og_site_name":"Portal Tela Portugal","article_published_time":"2026-01-25T11:31:11+00:00","author":"Telinha","twitter_card":"summary_large_image","twitter_misc":{"Escrito por":"Telinha","Tempo estimado de leitura":"1 minuto"},"schema":{"@context":"https:\/\/schema.org","@graph":[{"@type":"Article","@id":"https:\/\/portaltela.pt\/noticias\/2026\/01\/25\/filou-o-gato-que-percorreu-250-km-para-reencontrar-os-donos\/#article","isPartOf":{"@id":"https:\/\/portaltela.pt\/noticias\/2026\/01\/25\/filou-o-gato-que-percorreu-250-km-para-reencontrar-os-donos\/"},"author":{"name":"Telinha","@id":"https:\/\/portaltela.pt\/#\/schema\/person\/c4278d4a6028830caff9ee44b42d32ed"},"headline":"Filou, o gato que percorreu 250 km para reencontrar os donos","datePublished":"2026-01-25T11:31:11+00:00","mainEntityOfPage":{"@id":"https:\/\/portaltela.pt\/noticias\/2026\/01\/25\/filou-o-gato-que-percorreu-250-km-para-reencontrar-os-donos\/"},"wordCount":229,"image":{"@id":"https:\/\/portaltela.pt\/noticias\/2026\/01\/25\/filou-o-gato-que-percorreu-250-km-para-reencontrar-os-donos\/#primaryimage"},"thumbnailUrl":"https:\/\/portaltela.pt\/s.01k8rhncp4jt1\/2026\/01\/img_920x518uu2026-01-25-11-24-09-2417202-im-639049374298468231.jpg","keywords":["ado\u00e7\u00e3o","ado\u00e7\u00f5es","animais","Animais de Rua","Espanha","Fran\u00e7a"],"articleSection":["Not\u00edcias"],"inLanguage":"pt-PT"},{"@type":"WebPage","@id":"https:\/\/portaltela.pt\/noticias\/2026\/01\/25\/filou-o-gato-que-percorreu-250-km-para-reencontrar-os-donos\/","url":"https:\/\/portaltela.pt\/noticias\/2026\/01\/25\/filou-o-gato-que-percorreu-250-km-para-reencontrar-os-donos\/","name":"Filou, o gato que percorreu 250 km para reencontrar os donos - Portal Tela Portugal","isPartOf":{"@id":"https:\/\/portaltela.pt\/#website"},"primaryImageOfPage":{"@id":"https:\/\/portaltela.pt\/noticias\/2026\/01\/25\/filou-o-gato-que-percorreu-250-km-para-reencontrar-os-donos\/#primaryimage"},"image":{"@id":"https:\/\/portaltela.pt\/noticias\/2026\/01\/25\/filou-o-gato-que-percorreu-250-km-para-reencontrar-os-donos\/#primaryimage"},"thumbnailUrl":"https:\/\/portaltela.pt\/s.01k8rhncp4jt1\/2026\/01\/img_920x518uu2026-01-25-11-24-09-2417202-im-639049374298468231.jpg","datePublished":"2026-01-25T11:31:11+00:00","author":{"@id":"https:\/\/portaltela.pt\/#\/schema\/person\/c4278d4a6028830caff9ee44b42d32ed"},"breadcrumb":{"@id":"https:\/\/portaltela.pt\/noticias\/2026\/01\/25\/filou-o-gato-que-percorreu-250-km-para-reencontrar-os-donos\/#breadcrumb"},"inLanguage":"pt-PT","potentialAction":[{"@type":"ReadAction","target":["https:\/\/portaltela.pt\/noticias\/2026\/01\/25\/filou-o-gato-que-percorreu-250-km-para-reencontrar-os-donos\/"]}]},{"@type":"ImageObject","inLanguage":"pt-PT","@id":"https:\/\/portaltela.pt\/noticias\/2026\/01\/25\/filou-o-gato-que-percorreu-250-km-para-reencontrar-os-donos\/#primaryimage","url":"https:\/\/portaltela.pt\/s.01k8rhncp4jt1\/2026\/01\/img_920x518uu2026-01-25-11-24-09-2417202-im-639049374298468231.jpg","contentUrl":"https:\/\/portaltela.pt\/s.01k8rhncp4jt1\/2026\/01\/img_920x518uu2026-01-25-11-24-09-2417202-im-639049374298468231.jpg","width":796,"height":448,"caption":"Uma hist\u00f3ria incr\u00edvel! Conhe\u00e7a o Filou, o gato que andou 250 km para reencontrar os donos"},{"@type":"BreadcrumbList","@id":"https:\/\/portaltela.pt\/noticias\/2026\/01\/25\/filou-o-gato-que-percorreu-250-km-para-reencontrar-os-donos\/#breadcrumb","itemListElement":[{"@type":"ListItem","position":1,"name":"In\u00edcio","item":"https:\/\/portaltela.pt\/"},{"@type":"ListItem","position":2,"name":"Filou, o gato que percorreu 250 km para reencontrar os donos"}]},{"@type":"WebSite","@id":"https:\/\/portaltela.pt\/#website","url":"https:\/\/portaltela.pt\/","name":"Portal Tela Portugal","description":"","potentialAction":[{"@type":"SearchAction","target":{"@type":"EntryPoint","urlTemplate":"https:\/\/portaltela.pt\/?s={search_term_string}"},"query-input":{"@type":"PropertyValueSpecification","valueRequired":true,"valueName":"search_term_string"}}],"inLanguage":"pt-PT"},{"@type":"Person","@id":"https:\/\/portaltela.pt\/#\/schema\/person\/c4278d4a6028830caff9ee44b42d32ed","name":"Telinha","image":{"@type":"ImageObject","inLanguage":"pt-PT","@id":"https:\/\/portaltela.pt\/s.01k8rhncp4jt1\/2025\/11\/talking-bot-125x125.png","url":"https:\/\/portaltela.pt\/s.01k8rhncp4jt1\/2025\/11\/talking-bot-125x125.png","contentUrl":"https:\/\/portaltela.pt\/s.01k8rhncp4jt1\/2025\/11\/talking-bot-125x125.png","caption":"Telinha"},"sameAs":["https:\/\/portaltela.pt\/"],"url":"https:\/\/portaltela.pt\/por\/367410592786\/"}]}},"_links":{"self":[{"href":"https:\/\/portaltela.pt\/api\/wp\/v2\/posts\/171901","targetHints":{"allow":["GET"]}}],"collection":[{"href":"https:\/\/portaltela.pt\/api\/wp\/v2\/posts"}],"about":[{"href":"https:\/\/portaltela.pt\/api\/wp\/v2\/types\/post"}],"author":[{"embeddable":true,"href":"https:\/\/portaltela.pt\/api\/wp\/v2\/users\/2"}],"replies":[{"embeddable":true,"href":"https:\/\/portaltela.pt\/api\/wp\/v2\/comments?post=171901"}],"version-history":[{"count":0,"href":"https:\/\/portaltela.pt\/api\/wp\/v2\/posts\/171901\/revisions"}],"wp:featuredmedia":[{"embeddable":true,"href":"https:\/\/portaltela.pt\/api\/wp\/v2\/media\/171904"}],"wp:attachment":[{"href":"https:\/\/portaltela.pt\/api\/wp\/v2\/media?parent=171901"}],"wp:term":[{"taxonomy":"category","embeddable":true,"href":"https:\/\/portaltela.pt\/api\/wp\/v2\/categories?post=171901"},{"taxonomy":"post_tag","embeddable":true,"href":"https:\/\/portaltela.pt\/api\/wp\/v2\/tags?post=171901"}],"curies":[{"name":"wp","href":"https:\/\/api.w.org\/{rel}","templated":true}]}}