{"id":171879,"date":"2026-01-25T08:07:00","date_gmt":"2026-01-25T11:07:00","guid":{"rendered":"https:\/\/portaltela.pt\/noticias\/2026\/01\/25\/sem-abrigo-detido-por-furtos-de-malas-no-aeroporto-e-carro-da-camara-de-lisboa\/"},"modified":"2026-01-25T08:07:00","modified_gmt":"2026-01-25T11:07:00","slug":"sem-abrigo-detido-por-furtos-de-malas-no-aeroporto-e-carro-da-camara-de-lisboa","status":"publish","type":"post","link":"https:\/\/portaltela.pt\/noticias\/2026\/01\/25\/sem-abrigo-detido-por-furtos-de-malas-no-aeroporto-e-carro-da-camara-de-lisboa\/","title":{"rendered":"Sem-abrigo detido por furtos de malas no aeroporto e carro da C\u00e2mara de Lisboa"},"content":{"rendered":"<p>Um homem sem-abrigo foi detido pela PSP por furtos ocorridos no aeroporto de Lisboa e por o ter feito usar um carro da C\u00e2mara Municipal. O indiv\u00edduo, de 43 anos, foi apanhado na sexta-feira em Chelas, na capital, ao volante de um ve\u00edculo roubado. Est\u00e1 acusado de 17 crimes de furto, 12 deles qualificados, e de abuso de cart\u00e3o de garantia ou pagamento.<\/p>\n<p>O suspeito ter\u00e1 surgido no radar da PSP durante o ver\u00e3o passado, entre maio e setembro, nas salas de embarque do Aeroporto Humberto Delgado, onde furtava malas de passageiros enquanto estes dormiam. A pol\u00edcia avan\u00e7a com a investiga\u00e7\u00e3o.<\/p>\n<p>Durante o apuramento, ficou ainda demonstrado que o homem utilizou o cart\u00e3o de um passageiro para compras no valor de 33.500 pesos chilenos (cerca de 30 euros) e realizou furtos em lojas da cidade. Al\u00e9m disso, ter\u00e1 assaltado perto da passagem de ano um edif\u00edcio da C\u00e2mara Municipal de Lisboa, em Marvila, usando uma chave falsa para abrir o local e furtar material inform\u00e1tico e uma viatura.<\/p>\n<h3>Investiga\u00e7\u00e3o e deten\u00e7\u00e3o<\/h3>\n<p>Na altura da deten\u00e7\u00e3o, o suspeito conduzia a viatura que tinha furtado no dia 21, na zona dos Olivais. A deten\u00e7\u00e3o decorrer\u00e1 ao abrigo de um mandado emitido pelo Departamento de Investiga\u00e7\u00e3o e A\u00e7\u00e3o Penal de Lisboa, apresentado ao tribunal para primeiro interrogat\u00f3rio. O juiz de instru\u00e7\u00e3o decidiu pela pris\u00e3o preventiva do sem-abrigo.<\/p>\n<p>Ao todo, as v\u00edtimas registaram preju\u00edzos pr\u00f3ximos de 70 mil euros. A viatura usada na fuga foi recuperada dias depois, ap\u00f3s dilig\u00eancias da pol\u00edcia. A autoriza o caso segue em investiga\u00e7\u00e3o, sem indica\u00e7\u00e3o de conclus\u00e3o.<\/p>\n","protected":false},"excerpt":{"rendered":"<ul>\n<li>PSP deteve, na sexta-feira, um homem sem-abrigo de 43 anos em Chelas, Lisboa, ao volante de um ve\u00edculo roubado, e ficou em pris\u00e3o preventiva.<\/li>\n<li>O suspeito est\u00e1 indiciado por 17 crimes de furto, 12 deles qualificados, e um de abuso de cart\u00e3o de garantia ou pagamento, com preju\u00edzos pr\u00f3ximos de 70 mil euros.<\/li>\n<li>O homem ter\u00e1 atuado no Aeroporto Humberto Delgado entre maio e setembro do ano passado, furtando malas de passageiros que dormiam nas salas de espera.<\/li>\n<li>Foram ainda apurados furtos em lojas e supermercados de Lisboa, uso de cart\u00e3o de um passageiro para compras de 33.500 pesos chilenos (cerca de 30 euros) e um assalto \u00e0 C\u00e2mara Municipal de Lisboa em Marvila, de onde levou material inform\u00e1tico e uma viatura recuperada dias depois.<\/li>\n<li>A deten\u00e7\u00e3o ocorreu sob um mandado do Departamento de Investiga\u00e7\u00e3o e A\u00e7\u00e3o Penal de Lisboa, com o suspeito a permanecer em pris\u00e3o preventiva durante o desenrolar do processo.<\/li>\n<\/ul>\n","protected":false},"author":2,"featured_media":171880,"comment_status":"closed","ping_status":"closed","sticky":false,"template":"","format":"standard","meta":{"footnotes":""},"categories":[1],"tags":[2623,3302,147,3686,981,203],"class_list":["post-171879","post","type-post","status-publish","format-standard","has-post-thumbnail","hentry","category-noticias","tag-abuso-de-cartao","tag-aeroportos","tag-crime","tag-furtos","tag-lisboa","tag-roubo"],"yoast_head":"<!-- This site is optimized with the Yoast SEO plugin v27.2 - https:\/\/yoast.com\/product\/yoast-seo-wordpress\/ -->\n<title>Sem-abrigo detido por furtos de malas no aeroporto e carro da C\u00e2mara de Lisboa - Portal Tela Portugal<\/title>\n<meta name=\"robots\" content=\"index, follow, max-snippet:-1, max-image-preview:large, max-video-preview:-1\" \/>\n<meta property=\"og:locale\" content=\"pt_PT\" \/>\n<meta property=\"og:type\" content=\"article\" \/>\n<meta property=\"og:title\" content=\"Sem-abrigo detido por furtos de malas no aeroporto e carro da C\u00e2mara de Lisboa - Portal Tela Portugal\" \/>\n<meta property=\"og:description\" content=\"PSP deteve, na sexta-feira, um homem sem-abrigo de 43 anos em Chelas, Lisboa, ao volante de um ve\u00edculo roubado, e ficou em pris\u00e3o preventiva. O suspeito est\u00e1 indiciado por 17 crimes de furto, 12 deles qualificados, e um de abuso de cart\u00e3o de garantia ou pagamento, com preju\u00edzos pr\u00f3ximos de 70 mil euros. O homem ter\u00e1 atuado no Aeroporto Humberto Delgado entre maio e setembro do ano passado, furtando malas de passageiros que dormiam nas salas de espera. Foram ainda apurados furtos em lojas e supermercados de Lisboa, uso de cart\u00e3o de um passageiro para compras de 33.500 pesos chilenos (cerca de 30 euros) e um assalto \u00e0 C\u00e2mara Municipal de Lisboa em Marvila, de onde levou material inform\u00e1tico e uma viatura recuperada dias depois. A deten\u00e7\u00e3o ocorreu sob um mandado do Departamento de Investiga\u00e7\u00e3o e A\u00e7\u00e3o Penal de Lisboa, com o suspeito a permanecer em pris\u00e3o preventiva durante o desenrolar do processo.\" \/>\n<meta property=\"og:url\" content=\"https:\/\/portaltela.pt\/noticias\/2026\/01\/25\/sem-abrigo-detido-por-furtos-de-malas-no-aeroporto-e-carro-da-camara-de-lisboa\/\" \/>\n<meta property=\"og:site_name\" content=\"Portal Tela Portugal\" \/>\n<meta property=\"article:published_time\" content=\"2026-01-25T11:07:00+00:00\" \/>\n<meta name=\"author\" content=\"Telinha\" \/>\n<meta name=\"twitter:card\" content=\"summary_large_image\" \/>\n<meta name=\"twitter:label1\" content=\"Escrito por\" \/>\n\t<meta name=\"twitter:data1\" content=\"Telinha\" \/>\n\t<meta name=\"twitter:label2\" content=\"Tempo estimado de leitura\" \/>\n\t<meta name=\"twitter:data2\" content=\"1 minuto\" \/>\n<script type=\"application\/ld+json\" class=\"yoast-schema-graph\">{\"@context\":\"https:\/\/schema.org\",\"@graph\":[{\"@type\":\"Article\",\"@id\":\"https:\/\/portaltela.pt\/noticias\/2026\/01\/25\/sem-abrigo-detido-por-furtos-de-malas-no-aeroporto-e-carro-da-camara-de-lisboa\/#article\",\"isPartOf\":{\"@id\":\"https:\/\/portaltela.pt\/noticias\/2026\/01\/25\/sem-abrigo-detido-por-furtos-de-malas-no-aeroporto-e-carro-da-camara-de-lisboa\/\"},\"author\":{\"name\":\"Telinha\",\"@id\":\"https:\/\/portaltela.pt\/#\/schema\/person\/c4278d4a6028830caff9ee44b42d32ed\"},\"headline\":\"Sem-abrigo detido por furtos de malas no aeroporto e carro da C\u00e2mara de Lisboa\",\"datePublished\":\"2026-01-25T11:07:00+00:00\",\"mainEntityOfPage\":{\"@id\":\"https:\/\/portaltela.pt\/noticias\/2026\/01\/25\/sem-abrigo-detido-por-furtos-de-malas-no-aeroporto-e-carro-da-camara-de-lisboa\/\"},\"wordCount\":298,\"image\":{\"@id\":\"https:\/\/portaltela.pt\/noticias\/2026\/01\/25\/sem-abrigo-detido-por-furtos-de-malas-no-aeroporto-e-carro-da-camara-de-lisboa\/#primaryimage\"},\"thumbnailUrl\":\"https:\/\/portaltela.pt\/s.01k8rhncp4jt1\/2026\/01\/image-1691.jpg\",\"keywords\":[\"abuso de cart\u00e3o\",\"aeroportos\",\"crime\",\"furtos\",\"Lisboa\",\"roubo\"],\"articleSection\":[\"Not\u00edcias\"],\"inLanguage\":\"pt-PT\"},{\"@type\":\"WebPage\",\"@id\":\"https:\/\/portaltela.pt\/noticias\/2026\/01\/25\/sem-abrigo-detido-por-furtos-de-malas-no-aeroporto-e-carro-da-camara-de-lisboa\/\",\"url\":\"https:\/\/portaltela.pt\/noticias\/2026\/01\/25\/sem-abrigo-detido-por-furtos-de-malas-no-aeroporto-e-carro-da-camara-de-lisboa\/\",\"name\":\"Sem-abrigo detido por furtos de malas no aeroporto e carro da C\u00e2mara de Lisboa - Portal Tela Portugal\",\"isPartOf\":{\"@id\":\"https:\/\/portaltela.pt\/#website\"},\"primaryImageOfPage\":{\"@id\":\"https:\/\/portaltela.pt\/noticias\/2026\/01\/25\/sem-abrigo-detido-por-furtos-de-malas-no-aeroporto-e-carro-da-camara-de-lisboa\/#primaryimage\"},\"image\":{\"@id\":\"https:\/\/portaltela.pt\/noticias\/2026\/01\/25\/sem-abrigo-detido-por-furtos-de-malas-no-aeroporto-e-carro-da-camara-de-lisboa\/#primaryimage\"},\"thumbnailUrl\":\"https:\/\/portaltela.pt\/s.01k8rhncp4jt1\/2026\/01\/image-1691.jpg\",\"datePublished\":\"2026-01-25T11:07:00+00:00\",\"author\":{\"@id\":\"https:\/\/portaltela.pt\/#\/schema\/person\/c4278d4a6028830caff9ee44b42d32ed\"},\"breadcrumb\":{\"@id\":\"https:\/\/portaltela.pt\/noticias\/2026\/01\/25\/sem-abrigo-detido-por-furtos-de-malas-no-aeroporto-e-carro-da-camara-de-lisboa\/#breadcrumb\"},\"inLanguage\":\"pt-PT\",\"potentialAction\":[{\"@type\":\"ReadAction\",\"target\":[\"https:\/\/portaltela.pt\/noticias\/2026\/01\/25\/sem-abrigo-detido-por-furtos-de-malas-no-aeroporto-e-carro-da-camara-de-lisboa\/\"]}]},{\"@type\":\"ImageObject\",\"inLanguage\":\"pt-PT\",\"@id\":\"https:\/\/portaltela.pt\/noticias\/2026\/01\/25\/sem-abrigo-detido-por-furtos-de-malas-no-aeroporto-e-carro-da-camara-de-lisboa\/#primaryimage\",\"url\":\"https:\/\/portaltela.pt\/s.01k8rhncp4jt1\/2026\/01\/image-1691.jpg\",\"contentUrl\":\"https:\/\/portaltela.pt\/s.01k8rhncp4jt1\/2026\/01\/image-1691.jpg\",\"width\":796,\"height\":448,\"caption\":\"Foto: Pedro Rocha\"},{\"@type\":\"BreadcrumbList\",\"@id\":\"https:\/\/portaltela.pt\/noticias\/2026\/01\/25\/sem-abrigo-detido-por-furtos-de-malas-no-aeroporto-e-carro-da-camara-de-lisboa\/#breadcrumb\",\"itemListElement\":[{\"@type\":\"ListItem\",\"position\":1,\"name\":\"In\u00edcio\",\"item\":\"https:\/\/portaltela.pt\/\"},{\"@type\":\"ListItem\",\"position\":2,\"name\":\"Sem-abrigo detido por furtos de malas no aeroporto e carro da C\u00e2mara de Lisboa\"}]},{\"@type\":\"WebSite\",\"@id\":\"https:\/\/portaltela.pt\/#website\",\"url\":\"https:\/\/portaltela.pt\/\",\"name\":\"Portal Tela Portugal\",\"description\":\"\",\"potentialAction\":[{\"@type\":\"SearchAction\",\"target\":{\"@type\":\"EntryPoint\",\"urlTemplate\":\"https:\/\/portaltela.pt\/?s={search_term_string}\"},\"query-input\":{\"@type\":\"PropertyValueSpecification\",\"valueRequired\":true,\"valueName\":\"search_term_string\"}}],\"inLanguage\":\"pt-PT\"},{\"@type\":\"Person\",\"@id\":\"https:\/\/portaltela.pt\/#\/schema\/person\/c4278d4a6028830caff9ee44b42d32ed\",\"name\":\"Telinha\",\"image\":{\"@type\":\"ImageObject\",\"inLanguage\":\"pt-PT\",\"@id\":\"https:\/\/portaltela.pt\/s.01k8rhncp4jt1\/2025\/11\/talking-bot-125x125.png\",\"url\":\"https:\/\/portaltela.pt\/s.01k8rhncp4jt1\/2025\/11\/talking-bot-125x125.png\",\"contentUrl\":\"https:\/\/portaltela.pt\/s.01k8rhncp4jt1\/2025\/11\/talking-bot-125x125.png\",\"caption\":\"Telinha\"},\"sameAs\":[\"https:\/\/portaltela.pt\/\"],\"url\":\"https:\/\/portaltela.pt\/por\/367410592786\/\"}]}<\/script>\n<!-- \/ Yoast SEO plugin. -->","yoast_head_json":{"title":"Sem-abrigo detido por furtos de malas no aeroporto e carro da C\u00e2mara de Lisboa - Portal Tela Portugal","robots":{"index":"index","follow":"follow","max-snippet":"max-snippet:-1","max-image-preview":"max-image-preview:large","max-video-preview":"max-video-preview:-1"},"og_locale":"pt_PT","og_type":"article","og_title":"Sem-abrigo detido por furtos de malas no aeroporto e carro da C\u00e2mara de Lisboa - Portal Tela Portugal","og_description":"PSP deteve, na sexta-feira, um homem sem-abrigo de 43 anos em Chelas, Lisboa, ao volante de um ve\u00edculo roubado, e ficou em pris\u00e3o preventiva. O suspeito est\u00e1 indiciado por 17 crimes de furto, 12 deles qualificados, e um de abuso de cart\u00e3o de garantia ou pagamento, com preju\u00edzos pr\u00f3ximos de 70 mil euros. O homem ter\u00e1 atuado no Aeroporto Humberto Delgado entre maio e setembro do ano passado, furtando malas de passageiros que dormiam nas salas de espera. Foram ainda apurados furtos em lojas e supermercados de Lisboa, uso de cart\u00e3o de um passageiro para compras de 33.500 pesos chilenos (cerca de 30 euros) e um assalto \u00e0 C\u00e2mara Municipal de Lisboa em Marvila, de onde levou material inform\u00e1tico e uma viatura recuperada dias depois. A deten\u00e7\u00e3o ocorreu sob um mandado do Departamento de Investiga\u00e7\u00e3o e A\u00e7\u00e3o Penal de Lisboa, com o suspeito a permanecer em pris\u00e3o preventiva durante o desenrolar do processo.","og_url":"https:\/\/portaltela.pt\/noticias\/2026\/01\/25\/sem-abrigo-detido-por-furtos-de-malas-no-aeroporto-e-carro-da-camara-de-lisboa\/","og_site_name":"Portal Tela Portugal","article_published_time":"2026-01-25T11:07:00+00:00","author":"Telinha","twitter_card":"summary_large_image","twitter_misc":{"Escrito por":"Telinha","Tempo estimado de leitura":"1 minuto"},"schema":{"@context":"https:\/\/schema.org","@graph":[{"@type":"Article","@id":"https:\/\/portaltela.pt\/noticias\/2026\/01\/25\/sem-abrigo-detido-por-furtos-de-malas-no-aeroporto-e-carro-da-camara-de-lisboa\/#article","isPartOf":{"@id":"https:\/\/portaltela.pt\/noticias\/2026\/01\/25\/sem-abrigo-detido-por-furtos-de-malas-no-aeroporto-e-carro-da-camara-de-lisboa\/"},"author":{"name":"Telinha","@id":"https:\/\/portaltela.pt\/#\/schema\/person\/c4278d4a6028830caff9ee44b42d32ed"},"headline":"Sem-abrigo detido por furtos de malas no aeroporto e carro da C\u00e2mara de Lisboa","datePublished":"2026-01-25T11:07:00+00:00","mainEntityOfPage":{"@id":"https:\/\/portaltela.pt\/noticias\/2026\/01\/25\/sem-abrigo-detido-por-furtos-de-malas-no-aeroporto-e-carro-da-camara-de-lisboa\/"},"wordCount":298,"image":{"@id":"https:\/\/portaltela.pt\/noticias\/2026\/01\/25\/sem-abrigo-detido-por-furtos-de-malas-no-aeroporto-e-carro-da-camara-de-lisboa\/#primaryimage"},"thumbnailUrl":"https:\/\/portaltela.pt\/s.01k8rhncp4jt1\/2026\/01\/image-1691.jpg","keywords":["abuso de cart\u00e3o","aeroportos","crime","furtos","Lisboa","roubo"],"articleSection":["Not\u00edcias"],"inLanguage":"pt-PT"},{"@type":"WebPage","@id":"https:\/\/portaltela.pt\/noticias\/2026\/01\/25\/sem-abrigo-detido-por-furtos-de-malas-no-aeroporto-e-carro-da-camara-de-lisboa\/","url":"https:\/\/portaltela.pt\/noticias\/2026\/01\/25\/sem-abrigo-detido-por-furtos-de-malas-no-aeroporto-e-carro-da-camara-de-lisboa\/","name":"Sem-abrigo detido por furtos de malas no aeroporto e carro da C\u00e2mara de Lisboa - Portal Tela Portugal","isPartOf":{"@id":"https:\/\/portaltela.pt\/#website"},"primaryImageOfPage":{"@id":"https:\/\/portaltela.pt\/noticias\/2026\/01\/25\/sem-abrigo-detido-por-furtos-de-malas-no-aeroporto-e-carro-da-camara-de-lisboa\/#primaryimage"},"image":{"@id":"https:\/\/portaltela.pt\/noticias\/2026\/01\/25\/sem-abrigo-detido-por-furtos-de-malas-no-aeroporto-e-carro-da-camara-de-lisboa\/#primaryimage"},"thumbnailUrl":"https:\/\/portaltela.pt\/s.01k8rhncp4jt1\/2026\/01\/image-1691.jpg","datePublished":"2026-01-25T11:07:00+00:00","author":{"@id":"https:\/\/portaltela.pt\/#\/schema\/person\/c4278d4a6028830caff9ee44b42d32ed"},"breadcrumb":{"@id":"https:\/\/portaltela.pt\/noticias\/2026\/01\/25\/sem-abrigo-detido-por-furtos-de-malas-no-aeroporto-e-carro-da-camara-de-lisboa\/#breadcrumb"},"inLanguage":"pt-PT","potentialAction":[{"@type":"ReadAction","target":["https:\/\/portaltela.pt\/noticias\/2026\/01\/25\/sem-abrigo-detido-por-furtos-de-malas-no-aeroporto-e-carro-da-camara-de-lisboa\/"]}]},{"@type":"ImageObject","inLanguage":"pt-PT","@id":"https:\/\/portaltela.pt\/noticias\/2026\/01\/25\/sem-abrigo-detido-por-furtos-de-malas-no-aeroporto-e-carro-da-camara-de-lisboa\/#primaryimage","url":"https:\/\/portaltela.pt\/s.01k8rhncp4jt1\/2026\/01\/image-1691.jpg","contentUrl":"https:\/\/portaltela.pt\/s.01k8rhncp4jt1\/2026\/01\/image-1691.jpg","width":796,"height":448,"caption":"Foto: Pedro Rocha"},{"@type":"BreadcrumbList","@id":"https:\/\/portaltela.pt\/noticias\/2026\/01\/25\/sem-abrigo-detido-por-furtos-de-malas-no-aeroporto-e-carro-da-camara-de-lisboa\/#breadcrumb","itemListElement":[{"@type":"ListItem","position":1,"name":"In\u00edcio","item":"https:\/\/portaltela.pt\/"},{"@type":"ListItem","position":2,"name":"Sem-abrigo detido por furtos de malas no aeroporto e carro da C\u00e2mara de Lisboa"}]},{"@type":"WebSite","@id":"https:\/\/portaltela.pt\/#website","url":"https:\/\/portaltela.pt\/","name":"Portal Tela Portugal","description":"","potentialAction":[{"@type":"SearchAction","target":{"@type":"EntryPoint","urlTemplate":"https:\/\/portaltela.pt\/?s={search_term_string}"},"query-input":{"@type":"PropertyValueSpecification","valueRequired":true,"valueName":"search_term_string"}}],"inLanguage":"pt-PT"},{"@type":"Person","@id":"https:\/\/portaltela.pt\/#\/schema\/person\/c4278d4a6028830caff9ee44b42d32ed","name":"Telinha","image":{"@type":"ImageObject","inLanguage":"pt-PT","@id":"https:\/\/portaltela.pt\/s.01k8rhncp4jt1\/2025\/11\/talking-bot-125x125.png","url":"https:\/\/portaltela.pt\/s.01k8rhncp4jt1\/2025\/11\/talking-bot-125x125.png","contentUrl":"https:\/\/portaltela.pt\/s.01k8rhncp4jt1\/2025\/11\/talking-bot-125x125.png","caption":"Telinha"},"sameAs":["https:\/\/portaltela.pt\/"],"url":"https:\/\/portaltela.pt\/por\/367410592786\/"}]}},"_links":{"self":[{"href":"https:\/\/portaltela.pt\/api\/wp\/v2\/posts\/171879","targetHints":{"allow":["GET"]}}],"collection":[{"href":"https:\/\/portaltela.pt\/api\/wp\/v2\/posts"}],"about":[{"href":"https:\/\/portaltela.pt\/api\/wp\/v2\/types\/post"}],"author":[{"embeddable":true,"href":"https:\/\/portaltela.pt\/api\/wp\/v2\/users\/2"}],"replies":[{"embeddable":true,"href":"https:\/\/portaltela.pt\/api\/wp\/v2\/comments?post=171879"}],"version-history":[{"count":0,"href":"https:\/\/portaltela.pt\/api\/wp\/v2\/posts\/171879\/revisions"}],"wp:featuredmedia":[{"embeddable":true,"href":"https:\/\/portaltela.pt\/api\/wp\/v2\/media\/171880"}],"wp:attachment":[{"href":"https:\/\/portaltela.pt\/api\/wp\/v2\/media?parent=171879"}],"wp:term":[{"taxonomy":"category","embeddable":true,"href":"https:\/\/portaltela.pt\/api\/wp\/v2\/categories?post=171879"},{"taxonomy":"post_tag","embeddable":true,"href":"https:\/\/portaltela.pt\/api\/wp\/v2\/tags?post=171879"}],"curies":[{"name":"wp","href":"https:\/\/api.w.org\/{rel}","templated":true}]}}