{"id":171873,"date":"2026-01-25T07:50:00","date_gmt":"2026-01-25T10:50:00","guid":{"rendered":"https:\/\/portaltela.pt\/noticias\/2026\/01\/25\/tondela-divulga-calendario-do-apuramento-de-campeao-de-iniciados\/"},"modified":"2026-01-25T07:50:00","modified_gmt":"2026-01-25T10:50:00","slug":"tondela-divulga-calendario-do-apuramento-de-campeao-de-iniciados","status":"publish","type":"post","link":"https:\/\/portaltela.pt\/desporto\/futebol\/2026\/01\/25\/tondela-divulga-calendario-do-apuramento-de-campeao-de-iniciados\/","title":{"rendered":"Tondela divulga calend\u00e1rio do Apuramento de Campe\u00e3o de Iniciados"},"content":{"rendered":"<p>O Tondela j\u00e1 tem calend\u00e1rio para a Fase de Apuramento de Campe\u00e3o do Nacional Sub-15 I Divis\u00e3o, definido ap\u00f3s o sorteio na Cidade do Futebol. A equipa de Iniciados do Tondela integra o grupo de clubes que disputam o t\u00edtulo nacional nesta fase.<\/p>\n<p>Os auriverdes v\u00e3o enfrentar 9 advers\u00e1rios: Alverca, Os Belenenses, Benfica, Vit\u00f3ria Guimar\u00e3es, Estoril Praia, Sporting, FC Porto, Sporting de Braga e Pa\u00e7os Ferreira. A competi\u00e7\u00e3o ter\u00e1 18 jornadas no total.<\/p>\n<p>A ronda inaugural est\u00e1 marcada para 2 de fevereiro, com o Tondela a receber o Sporting e a seguir seguir para Braga. O formato prev\u00ea confrontos entre equipas qualificadas pela lideran\u00e7a regional e hist\u00f3rico nacional.<\/p>\n<h3>Participantes e formato<\/h3>\n<p>A fase de Apuramento de Campe\u00e3o envolve 18 jornadas, jogadas ao longo da \u00e9poca. Al\u00e9m do Tondela, entram em campo clubes de relevo do futebol jovem portugu\u00eas para decidir o t\u00edtulo.<\/p>\n","protected":false},"excerpt":{"rendered":"<ul>\n<li>O Tondela j\u00e1 tem calend\u00e1rio para a Fase de Apuramento de Campe\u00e3o do Nacional Sub-15 I Divis\u00e3o, ap\u00f3s o sorteio na Cidade do Futebol.<\/li>\n<li>A equipa de Iniciados vai enfrentar Alverca, Os Belenenses, Benfica, Vit\u00f3ria de Guimar\u00e3es, Estoril Praia, Sporting, FC Porto, Sporting de Braga e Pa\u00e7os Ferreira.<\/li>\n<li>S\u00e3o dezoito jornadas, com in\u00edcio marcado para o dia 2 de fevereiro.<\/li>\n<li>Na primeira jornada, o Tondela recebe o Sporting, seguindo-se uma desloca\u00e7\u00e3o a Braga.<\/li>\n<\/ul>\n","protected":false},"author":2,"featured_media":171875,"comment_status":"closed","ping_status":"closed","sticky":false,"template":"","format":"standard","meta":{"footnotes":""},"categories":[21,24],"tags":[1946,2028,32,3549,1499,1652],"class_list":["post-171873","post","type-post","status-publish","format-standard","has-post-thumbnail","hentry","category-desporto","category-futebol","tag-benfica","tag-fc-porto","tag-futebol","tag-iniciados","tag-pacos-de-ferreira","tag-sporting"],"yoast_head":"<!-- This site is optimized with the Yoast SEO plugin v27.2 - https:\/\/yoast.com\/product\/yoast-seo-wordpress\/ -->\n<title>Tondela divulga calend\u00e1rio do Apuramento de Campe\u00e3o de Iniciados - Portal Tela Portugal<\/title>\n<meta name=\"robots\" content=\"index, follow, max-snippet:-1, max-image-preview:large, max-video-preview:-1\" \/>\n<meta property=\"og:locale\" content=\"pt_PT\" \/>\n<meta property=\"og:type\" content=\"article\" \/>\n<meta property=\"og:title\" content=\"Tondela divulga calend\u00e1rio do Apuramento de Campe\u00e3o de Iniciados - Portal Tela Portugal\" \/>\n<meta property=\"og:description\" content=\"O Tondela j\u00e1 tem calend\u00e1rio para a Fase de Apuramento de Campe\u00e3o do Nacional Sub-15 I Divis\u00e3o, ap\u00f3s o sorteio na Cidade do Futebol. A equipa de Iniciados vai enfrentar Alverca, Os Belenenses, Benfica, Vit\u00f3ria de Guimar\u00e3es, Estoril Praia, Sporting, FC Porto, Sporting de Braga e Pa\u00e7os Ferreira. S\u00e3o dezoito jornadas, com in\u00edcio marcado para o dia 2 de fevereiro. Na primeira jornada, o Tondela recebe o Sporting, seguindo-se uma desloca\u00e7\u00e3o a Braga.\" \/>\n<meta property=\"og:url\" content=\"https:\/\/portaltela.pt\/noticias\/2026\/01\/25\/tondela-divulga-calendario-do-apuramento-de-campeao-de-iniciados\/\" \/>\n<meta property=\"og:site_name\" content=\"Portal Tela Portugal\" \/>\n<meta property=\"article:published_time\" content=\"2026-01-25T10:50:00+00:00\" \/>\n<meta name=\"author\" content=\"Telinha\" \/>\n<meta name=\"twitter:card\" content=\"summary_large_image\" \/>\n<meta name=\"twitter:label1\" content=\"Escrito por\" \/>\n\t<meta name=\"twitter:data1\" content=\"Telinha\" \/>\n\t<meta name=\"twitter:label2\" content=\"Tempo estimado de leitura\" \/>\n\t<meta name=\"twitter:data2\" content=\"1 minuto\" \/>\n<script type=\"application\/ld+json\" class=\"yoast-schema-graph\">{\"@context\":\"https:\/\/schema.org\",\"@graph\":[{\"@type\":\"Article\",\"@id\":\"https:\/\/portaltela.pt\/noticias\/2026\/01\/25\/tondela-divulga-calendario-do-apuramento-de-campeao-de-iniciados\/#article\",\"isPartOf\":{\"@id\":\"https:\/\/portaltela.pt\/noticias\/2026\/01\/25\/tondela-divulga-calendario-do-apuramento-de-campeao-de-iniciados\/\"},\"author\":{\"name\":\"Telinha\",\"@id\":\"https:\/\/portaltela.pt\/#\/schema\/person\/c4278d4a6028830caff9ee44b42d32ed\"},\"headline\":\"Tondela divulga calend\u00e1rio do Apuramento de Campe\u00e3o de Iniciados\",\"datePublished\":\"2026-01-25T10:50:00+00:00\",\"mainEntityOfPage\":{\"@id\":\"https:\/\/portaltela.pt\/noticias\/2026\/01\/25\/tondela-divulga-calendario-do-apuramento-de-campeao-de-iniciados\/\"},\"wordCount\":166,\"image\":{\"@id\":\"https:\/\/portaltela.pt\/noticias\/2026\/01\/25\/tondela-divulga-calendario-do-apuramento-de-campeao-de-iniciados\/#primaryimage\"},\"thumbnailUrl\":\"https:\/\/portaltela.pt\/s.01k8rhncp4jt1\/2026\/01\/sub15-tondela.jpg\",\"keywords\":[\"Benfica\",\"FC Porto\",\"futebol\",\"iniciados\",\"Pa\u00e7os de Ferreira\",\"Sporting\"],\"articleSection\":[\"Desporto\",\"Futebol\"],\"inLanguage\":\"pt-PT\"},{\"@type\":\"WebPage\",\"@id\":\"https:\/\/portaltela.pt\/noticias\/2026\/01\/25\/tondela-divulga-calendario-do-apuramento-de-campeao-de-iniciados\/\",\"url\":\"https:\/\/portaltela.pt\/noticias\/2026\/01\/25\/tondela-divulga-calendario-do-apuramento-de-campeao-de-iniciados\/\",\"name\":\"Tondela divulga calend\u00e1rio do Apuramento de Campe\u00e3o de Iniciados - Portal Tela Portugal\",\"isPartOf\":{\"@id\":\"https:\/\/portaltela.pt\/#website\"},\"primaryImageOfPage\":{\"@id\":\"https:\/\/portaltela.pt\/noticias\/2026\/01\/25\/tondela-divulga-calendario-do-apuramento-de-campeao-de-iniciados\/#primaryimage\"},\"image\":{\"@id\":\"https:\/\/portaltela.pt\/noticias\/2026\/01\/25\/tondela-divulga-calendario-do-apuramento-de-campeao-de-iniciados\/#primaryimage\"},\"thumbnailUrl\":\"https:\/\/portaltela.pt\/s.01k8rhncp4jt1\/2026\/01\/sub15-tondela.jpg\",\"datePublished\":\"2026-01-25T10:50:00+00:00\",\"author\":{\"@id\":\"https:\/\/portaltela.pt\/#\/schema\/person\/c4278d4a6028830caff9ee44b42d32ed\"},\"breadcrumb\":{\"@id\":\"https:\/\/portaltela.pt\/noticias\/2026\/01\/25\/tondela-divulga-calendario-do-apuramento-de-campeao-de-iniciados\/#breadcrumb\"},\"inLanguage\":\"pt-PT\",\"potentialAction\":[{\"@type\":\"ReadAction\",\"target\":[\"https:\/\/portaltela.pt\/noticias\/2026\/01\/25\/tondela-divulga-calendario-do-apuramento-de-campeao-de-iniciados\/\"]}]},{\"@type\":\"ImageObject\",\"inLanguage\":\"pt-PT\",\"@id\":\"https:\/\/portaltela.pt\/noticias\/2026\/01\/25\/tondela-divulga-calendario-do-apuramento-de-campeao-de-iniciados\/#primaryimage\",\"url\":\"https:\/\/portaltela.pt\/s.01k8rhncp4jt1\/2026\/01\/sub15-tondela.jpg\",\"contentUrl\":\"https:\/\/portaltela.pt\/s.01k8rhncp4jt1\/2026\/01\/sub15-tondela.jpg\",\"width\":796,\"height\":448,\"caption\":\"Futebol: Sub-15 do Tondela v\u00e3o jogar o Apuramento de Campe\u00e3o de Infantis\"},{\"@type\":\"BreadcrumbList\",\"@id\":\"https:\/\/portaltela.pt\/noticias\/2026\/01\/25\/tondela-divulga-calendario-do-apuramento-de-campeao-de-iniciados\/#breadcrumb\",\"itemListElement\":[{\"@type\":\"ListItem\",\"position\":1,\"name\":\"In\u00edcio\",\"item\":\"https:\/\/portaltela.pt\/\"},{\"@type\":\"ListItem\",\"position\":2,\"name\":\"Tondela divulga calend\u00e1rio do Apuramento de Campe\u00e3o de Iniciados\"}]},{\"@type\":\"WebSite\",\"@id\":\"https:\/\/portaltela.pt\/#website\",\"url\":\"https:\/\/portaltela.pt\/\",\"name\":\"Portal Tela Portugal\",\"description\":\"\",\"potentialAction\":[{\"@type\":\"SearchAction\",\"target\":{\"@type\":\"EntryPoint\",\"urlTemplate\":\"https:\/\/portaltela.pt\/?s={search_term_string}\"},\"query-input\":{\"@type\":\"PropertyValueSpecification\",\"valueRequired\":true,\"valueName\":\"search_term_string\"}}],\"inLanguage\":\"pt-PT\"},{\"@type\":\"Person\",\"@id\":\"https:\/\/portaltela.pt\/#\/schema\/person\/c4278d4a6028830caff9ee44b42d32ed\",\"name\":\"Telinha\",\"image\":{\"@type\":\"ImageObject\",\"inLanguage\":\"pt-PT\",\"@id\":\"https:\/\/portaltela.pt\/s.01k8rhncp4jt1\/2025\/11\/talking-bot-125x125.png\",\"url\":\"https:\/\/portaltela.pt\/s.01k8rhncp4jt1\/2025\/11\/talking-bot-125x125.png\",\"contentUrl\":\"https:\/\/portaltela.pt\/s.01k8rhncp4jt1\/2025\/11\/talking-bot-125x125.png\",\"caption\":\"Telinha\"},\"sameAs\":[\"https:\/\/portaltela.pt\/\"],\"url\":\"https:\/\/portaltela.pt\/por\/367410592786\/\"}]}<\/script>\n<!-- \/ Yoast SEO plugin. -->","yoast_head_json":{"title":"Tondela divulga calend\u00e1rio do Apuramento de Campe\u00e3o de Iniciados - Portal Tela Portugal","robots":{"index":"index","follow":"follow","max-snippet":"max-snippet:-1","max-image-preview":"max-image-preview:large","max-video-preview":"max-video-preview:-1"},"og_locale":"pt_PT","og_type":"article","og_title":"Tondela divulga calend\u00e1rio do Apuramento de Campe\u00e3o de Iniciados - Portal Tela Portugal","og_description":"O Tondela j\u00e1 tem calend\u00e1rio para a Fase de Apuramento de Campe\u00e3o do Nacional Sub-15 I Divis\u00e3o, ap\u00f3s o sorteio na Cidade do Futebol. A equipa de Iniciados vai enfrentar Alverca, Os Belenenses, Benfica, Vit\u00f3ria de Guimar\u00e3es, Estoril Praia, Sporting, FC Porto, Sporting de Braga e Pa\u00e7os Ferreira. S\u00e3o dezoito jornadas, com in\u00edcio marcado para o dia 2 de fevereiro. Na primeira jornada, o Tondela recebe o Sporting, seguindo-se uma desloca\u00e7\u00e3o a Braga.","og_url":"https:\/\/portaltela.pt\/noticias\/2026\/01\/25\/tondela-divulga-calendario-do-apuramento-de-campeao-de-iniciados\/","og_site_name":"Portal Tela Portugal","article_published_time":"2026-01-25T10:50:00+00:00","author":"Telinha","twitter_card":"summary_large_image","twitter_misc":{"Escrito por":"Telinha","Tempo estimado de leitura":"1 minuto"},"schema":{"@context":"https:\/\/schema.org","@graph":[{"@type":"Article","@id":"https:\/\/portaltela.pt\/noticias\/2026\/01\/25\/tondela-divulga-calendario-do-apuramento-de-campeao-de-iniciados\/#article","isPartOf":{"@id":"https:\/\/portaltela.pt\/noticias\/2026\/01\/25\/tondela-divulga-calendario-do-apuramento-de-campeao-de-iniciados\/"},"author":{"name":"Telinha","@id":"https:\/\/portaltela.pt\/#\/schema\/person\/c4278d4a6028830caff9ee44b42d32ed"},"headline":"Tondela divulga calend\u00e1rio do Apuramento de Campe\u00e3o de Iniciados","datePublished":"2026-01-25T10:50:00+00:00","mainEntityOfPage":{"@id":"https:\/\/portaltela.pt\/noticias\/2026\/01\/25\/tondela-divulga-calendario-do-apuramento-de-campeao-de-iniciados\/"},"wordCount":166,"image":{"@id":"https:\/\/portaltela.pt\/noticias\/2026\/01\/25\/tondela-divulga-calendario-do-apuramento-de-campeao-de-iniciados\/#primaryimage"},"thumbnailUrl":"https:\/\/portaltela.pt\/s.01k8rhncp4jt1\/2026\/01\/sub15-tondela.jpg","keywords":["Benfica","FC Porto","futebol","iniciados","Pa\u00e7os de Ferreira","Sporting"],"articleSection":["Desporto","Futebol"],"inLanguage":"pt-PT"},{"@type":"WebPage","@id":"https:\/\/portaltela.pt\/noticias\/2026\/01\/25\/tondela-divulga-calendario-do-apuramento-de-campeao-de-iniciados\/","url":"https:\/\/portaltela.pt\/noticias\/2026\/01\/25\/tondela-divulga-calendario-do-apuramento-de-campeao-de-iniciados\/","name":"Tondela divulga calend\u00e1rio do Apuramento de Campe\u00e3o de Iniciados - Portal Tela Portugal","isPartOf":{"@id":"https:\/\/portaltela.pt\/#website"},"primaryImageOfPage":{"@id":"https:\/\/portaltela.pt\/noticias\/2026\/01\/25\/tondela-divulga-calendario-do-apuramento-de-campeao-de-iniciados\/#primaryimage"},"image":{"@id":"https:\/\/portaltela.pt\/noticias\/2026\/01\/25\/tondela-divulga-calendario-do-apuramento-de-campeao-de-iniciados\/#primaryimage"},"thumbnailUrl":"https:\/\/portaltela.pt\/s.01k8rhncp4jt1\/2026\/01\/sub15-tondela.jpg","datePublished":"2026-01-25T10:50:00+00:00","author":{"@id":"https:\/\/portaltela.pt\/#\/schema\/person\/c4278d4a6028830caff9ee44b42d32ed"},"breadcrumb":{"@id":"https:\/\/portaltela.pt\/noticias\/2026\/01\/25\/tondela-divulga-calendario-do-apuramento-de-campeao-de-iniciados\/#breadcrumb"},"inLanguage":"pt-PT","potentialAction":[{"@type":"ReadAction","target":["https:\/\/portaltela.pt\/noticias\/2026\/01\/25\/tondela-divulga-calendario-do-apuramento-de-campeao-de-iniciados\/"]}]},{"@type":"ImageObject","inLanguage":"pt-PT","@id":"https:\/\/portaltela.pt\/noticias\/2026\/01\/25\/tondela-divulga-calendario-do-apuramento-de-campeao-de-iniciados\/#primaryimage","url":"https:\/\/portaltela.pt\/s.01k8rhncp4jt1\/2026\/01\/sub15-tondela.jpg","contentUrl":"https:\/\/portaltela.pt\/s.01k8rhncp4jt1\/2026\/01\/sub15-tondela.jpg","width":796,"height":448,"caption":"Futebol: Sub-15 do Tondela v\u00e3o jogar o Apuramento de Campe\u00e3o de Infantis"},{"@type":"BreadcrumbList","@id":"https:\/\/portaltela.pt\/noticias\/2026\/01\/25\/tondela-divulga-calendario-do-apuramento-de-campeao-de-iniciados\/#breadcrumb","itemListElement":[{"@type":"ListItem","position":1,"name":"In\u00edcio","item":"https:\/\/portaltela.pt\/"},{"@type":"ListItem","position":2,"name":"Tondela divulga calend\u00e1rio do Apuramento de Campe\u00e3o de Iniciados"}]},{"@type":"WebSite","@id":"https:\/\/portaltela.pt\/#website","url":"https:\/\/portaltela.pt\/","name":"Portal Tela Portugal","description":"","potentialAction":[{"@type":"SearchAction","target":{"@type":"EntryPoint","urlTemplate":"https:\/\/portaltela.pt\/?s={search_term_string}"},"query-input":{"@type":"PropertyValueSpecification","valueRequired":true,"valueName":"search_term_string"}}],"inLanguage":"pt-PT"},{"@type":"Person","@id":"https:\/\/portaltela.pt\/#\/schema\/person\/c4278d4a6028830caff9ee44b42d32ed","name":"Telinha","image":{"@type":"ImageObject","inLanguage":"pt-PT","@id":"https:\/\/portaltela.pt\/s.01k8rhncp4jt1\/2025\/11\/talking-bot-125x125.png","url":"https:\/\/portaltela.pt\/s.01k8rhncp4jt1\/2025\/11\/talking-bot-125x125.png","contentUrl":"https:\/\/portaltela.pt\/s.01k8rhncp4jt1\/2025\/11\/talking-bot-125x125.png","caption":"Telinha"},"sameAs":["https:\/\/portaltela.pt\/"],"url":"https:\/\/portaltela.pt\/por\/367410592786\/"}]}},"_links":{"self":[{"href":"https:\/\/portaltela.pt\/api\/wp\/v2\/posts\/171873","targetHints":{"allow":["GET"]}}],"collection":[{"href":"https:\/\/portaltela.pt\/api\/wp\/v2\/posts"}],"about":[{"href":"https:\/\/portaltela.pt\/api\/wp\/v2\/types\/post"}],"author":[{"embeddable":true,"href":"https:\/\/portaltela.pt\/api\/wp\/v2\/users\/2"}],"replies":[{"embeddable":true,"href":"https:\/\/portaltela.pt\/api\/wp\/v2\/comments?post=171873"}],"version-history":[{"count":0,"href":"https:\/\/portaltela.pt\/api\/wp\/v2\/posts\/171873\/revisions"}],"wp:featuredmedia":[{"embeddable":true,"href":"https:\/\/portaltela.pt\/api\/wp\/v2\/media\/171875"}],"wp:attachment":[{"href":"https:\/\/portaltela.pt\/api\/wp\/v2\/media?parent=171873"}],"wp:term":[{"taxonomy":"category","embeddable":true,"href":"https:\/\/portaltela.pt\/api\/wp\/v2\/categories?post=171873"},{"taxonomy":"post_tag","embeddable":true,"href":"https:\/\/portaltela.pt\/api\/wp\/v2\/tags?post=171873"}],"curies":[{"name":"wp","href":"https:\/\/api.w.org\/{rel}","templated":true}]}}