{"id":171855,"date":"2026-01-25T07:59:13","date_gmt":"2026-01-25T10:59:13","guid":{"rendered":"https:\/\/portaltela.pt\/noticias\/2026\/01\/25\/boccia-entre-geracoes-aproxima-escolas-e-centros-de-dia-em-felgueiras\/"},"modified":"2026-01-25T07:59:13","modified_gmt":"2026-01-25T10:59:13","slug":"boccia-entre-geracoes-aproxima-escolas-e-centros-de-dia-em-felgueiras","status":"publish","type":"post","link":"https:\/\/portaltela.pt\/noticias\/2026\/01\/25\/boccia-entre-geracoes-aproxima-escolas-e-centros-de-dia-em-felgueiras\/","title":{"rendered":"Boccia entre Gera\u00e7\u00f5es aproxima escolas e centros de dia em Felgueiras"},"content":{"rendered":"<p>O munic\u00edpio de Felgueiras promoveu a primeira sess\u00e3o do programa intergeracional Boccia entre Gera\u00e7\u00f5es, que junta alunos e s\u00e9niores para jogar num ambiente de conv\u00edvio.<\/p>\n<p>A iniciativa, promovida pelo Munic\u00edpio de Felgueiras em parceria com escolas e institui\u00e7\u00f5es sociais do concelho, realizou-se no dia 21 de janeiro, repartida entre duas escolas do concelho.<\/p>\n<p>Pela manh\u00e3, no pavilh\u00e3o da Escola Secund\u00e1ria da Lixa, o Grupo de Boccia do Desporto Escolar encontrou-se com o Grupo de Boccia S\u00e9nior da Academia S\u00e9nior da Lixa. \u00c0 tarde, houve participa\u00e7\u00e3o na Escola B\u00e1sica D. Manuel Faria e Sousa.<\/p>\n<p>As sess\u00f5es, com duas horas de dura\u00e7\u00e3o, foram n\u00e3o competitivas, formando equipas mistas entre alunos e seniores para promover conv\u00edvio, coopera\u00e7\u00e3o e partilha de experi\u00eancias, ao longo do ano letivo. Fotografia: CM de Felgueiras.<\/p>\n","protected":false},"excerpt":{"rendered":"<ul>\n<li>Felgueiras realizou a primeira sess\u00e3o do programa intergeracional \u201cBoccia entre Gera\u00e7\u00f5es\u201d a 21 de janeiro, com alunos e seniores a jogar boccia.<\/li>\n<li>A iniciativa \u00e9 promovida pelo munic\u00edpio, em parceria com escolas e institui\u00e7\u00f5es sociais locais, para aproximar gera\u00e7\u00f5es atrav\u00e9s de uma pr\u00e1tica inclusiva.<\/li>\n<li>Pela manh\u00e3, no pavilh\u00e3o da Escola Secund\u00e1ria da Lixa, juntaram\u2011se o Grupo de Boccia do Desporto Escolar e o Grupo de Boccia S\u00e9nior da Academia S\u00e9nior da Lixa.<\/li>\n<li>\u00c0 tarde, na Escola B\u00e1sica D. Manuel Faria e Sousa, houve nova sess\u00e3o com o grupo escolar e o Grupo de Boccia S\u00e9nior do Centro Social Nossa Senhora de Pedra Maria, de Varziela.<\/li>\n<li>As sess\u00f5es, de duas horas, tiveram um ambiente n\u00e3o competitivo, com equipas mistas que privilegiam conv\u00edvio, coopera\u00e7\u00e3o e partilha de experi\u00eancias, ao longo do ano letivo.<\/li>\n<\/ul>\n","protected":false},"author":2,"featured_media":171862,"comment_status":"closed","ping_status":"closed","sticky":false,"template":"","format":"standard","meta":{"footnotes":""},"categories":[1],"tags":[75,236,163,101,2210,4146],"class_list":["post-171855","post","type-post","status-publish","format-standard","has-post-thumbnail","hentry","category-noticias","tag-convivencia","tag-desporto-escolar","tag-educacao","tag-escolas","tag-felgueiras","tag-intergeracionalidade"],"yoast_head":"<!-- This site is optimized with the Yoast SEO plugin v27.2 - https:\/\/yoast.com\/product\/yoast-seo-wordpress\/ -->\n<title>Boccia entre Gera\u00e7\u00f5es aproxima escolas e centros de dia em Felgueiras - Portal Tela Portugal<\/title>\n<meta name=\"robots\" content=\"index, follow, max-snippet:-1, max-image-preview:large, max-video-preview:-1\" \/>\n<meta property=\"og:locale\" content=\"pt_PT\" \/>\n<meta property=\"og:type\" content=\"article\" \/>\n<meta property=\"og:title\" content=\"Boccia entre Gera\u00e7\u00f5es aproxima escolas e centros de dia em Felgueiras - Portal Tela Portugal\" \/>\n<meta property=\"og:description\" content=\"Felgueiras realizou a primeira sess\u00e3o do programa intergeracional \u201cBoccia entre Gera\u00e7\u00f5es\u201d a 21 de janeiro, com alunos e seniores a jogar boccia. A iniciativa \u00e9 promovida pelo munic\u00edpio, em parceria com escolas e institui\u00e7\u00f5es sociais locais, para aproximar gera\u00e7\u00f5es atrav\u00e9s de uma pr\u00e1tica inclusiva. Pela manh\u00e3, no pavilh\u00e3o da Escola Secund\u00e1ria da Lixa, juntaram\u2011se o Grupo de Boccia do Desporto Escolar e o Grupo de Boccia S\u00e9nior da Academia S\u00e9nior da Lixa. \u00c0 tarde, na Escola B\u00e1sica D. Manuel Faria e Sousa, houve nova sess\u00e3o com o grupo escolar e o Grupo de Boccia S\u00e9nior do Centro Social Nossa Senhora de Pedra Maria, de Varziela. As sess\u00f5es, de duas horas, tiveram um ambiente n\u00e3o competitivo, com equipas mistas que privilegiam conv\u00edvio, coopera\u00e7\u00e3o e partilha de experi\u00eancias, ao longo do ano letivo.\" \/>\n<meta property=\"og:url\" content=\"https:\/\/portaltela.pt\/noticias\/2026\/01\/25\/boccia-entre-geracoes-aproxima-escolas-e-centros-de-dia-em-felgueiras\/\" \/>\n<meta property=\"og:site_name\" content=\"Portal Tela Portugal\" \/>\n<meta property=\"article:published_time\" content=\"2026-01-25T10:59:13+00:00\" \/>\n<meta name=\"author\" content=\"Telinha\" \/>\n<meta name=\"twitter:card\" content=\"summary_large_image\" \/>\n<meta name=\"twitter:label1\" content=\"Escrito por\" \/>\n\t<meta name=\"twitter:data1\" content=\"Telinha\" \/>\n\t<meta name=\"twitter:label2\" content=\"Tempo estimado de leitura\" \/>\n\t<meta name=\"twitter:data2\" content=\"1 minuto\" \/>\n<script type=\"application\/ld+json\" class=\"yoast-schema-graph\">{\"@context\":\"https:\/\/schema.org\",\"@graph\":[{\"@type\":\"Article\",\"@id\":\"https:\/\/portaltela.pt\/noticias\/2026\/01\/25\/boccia-entre-geracoes-aproxima-escolas-e-centros-de-dia-em-felgueiras\/#article\",\"isPartOf\":{\"@id\":\"https:\/\/portaltela.pt\/noticias\/2026\/01\/25\/boccia-entre-geracoes-aproxima-escolas-e-centros-de-dia-em-felgueiras\/\"},\"author\":{\"name\":\"Telinha\",\"@id\":\"https:\/\/portaltela.pt\/#\/schema\/person\/c4278d4a6028830caff9ee44b42d32ed\"},\"headline\":\"Boccia entre Gera\u00e7\u00f5es aproxima escolas e centros de dia em Felgueiras\",\"datePublished\":\"2026-01-25T10:59:13+00:00\",\"mainEntityOfPage\":{\"@id\":\"https:\/\/portaltela.pt\/noticias\/2026\/01\/25\/boccia-entre-geracoes-aproxima-escolas-e-centros-de-dia-em-felgueiras\/\"},\"wordCount\":156,\"image\":{\"@id\":\"https:\/\/portaltela.pt\/noticias\/2026\/01\/25\/boccia-entre-geracoes-aproxima-escolas-e-centros-de-dia-em-felgueiras\/#primaryimage\"},\"thumbnailUrl\":\"https:\/\/portaltela.pt\/s.01k8rhncp4jt1\/2026\/01\/Boccia-entre-Geracoes_-em-Felgueiras-promove-convivio-entre-escolas-e-centros-de-dia.jpg\",\"keywords\":[\"conviv\u00eancia\",\"desporto escolar\",\"educa\u00e7\u00e3o\",\"escolas\",\"Felgueiras\",\"intergeracionalidade\"],\"articleSection\":[\"Not\u00edcias\"],\"inLanguage\":\"pt-PT\"},{\"@type\":\"WebPage\",\"@id\":\"https:\/\/portaltela.pt\/noticias\/2026\/01\/25\/boccia-entre-geracoes-aproxima-escolas-e-centros-de-dia-em-felgueiras\/\",\"url\":\"https:\/\/portaltela.pt\/noticias\/2026\/01\/25\/boccia-entre-geracoes-aproxima-escolas-e-centros-de-dia-em-felgueiras\/\",\"name\":\"Boccia entre Gera\u00e7\u00f5es aproxima escolas e centros de dia em Felgueiras - Portal Tela Portugal\",\"isPartOf\":{\"@id\":\"https:\/\/portaltela.pt\/#website\"},\"primaryImageOfPage\":{\"@id\":\"https:\/\/portaltela.pt\/noticias\/2026\/01\/25\/boccia-entre-geracoes-aproxima-escolas-e-centros-de-dia-em-felgueiras\/#primaryimage\"},\"image\":{\"@id\":\"https:\/\/portaltela.pt\/noticias\/2026\/01\/25\/boccia-entre-geracoes-aproxima-escolas-e-centros-de-dia-em-felgueiras\/#primaryimage\"},\"thumbnailUrl\":\"https:\/\/portaltela.pt\/s.01k8rhncp4jt1\/2026\/01\/Boccia-entre-Geracoes_-em-Felgueiras-promove-convivio-entre-escolas-e-centros-de-dia.jpg\",\"datePublished\":\"2026-01-25T10:59:13+00:00\",\"author\":{\"@id\":\"https:\/\/portaltela.pt\/#\/schema\/person\/c4278d4a6028830caff9ee44b42d32ed\"},\"breadcrumb\":{\"@id\":\"https:\/\/portaltela.pt\/noticias\/2026\/01\/25\/boccia-entre-geracoes-aproxima-escolas-e-centros-de-dia-em-felgueiras\/#breadcrumb\"},\"inLanguage\":\"pt-PT\",\"potentialAction\":[{\"@type\":\"ReadAction\",\"target\":[\"https:\/\/portaltela.pt\/noticias\/2026\/01\/25\/boccia-entre-geracoes-aproxima-escolas-e-centros-de-dia-em-felgueiras\/\"]}]},{\"@type\":\"ImageObject\",\"inLanguage\":\"pt-PT\",\"@id\":\"https:\/\/portaltela.pt\/noticias\/2026\/01\/25\/boccia-entre-geracoes-aproxima-escolas-e-centros-de-dia-em-felgueiras\/#primaryimage\",\"url\":\"https:\/\/portaltela.pt\/s.01k8rhncp4jt1\/2026\/01\/Boccia-entre-Geracoes_-em-Felgueiras-promove-convivio-entre-escolas-e-centros-de-dia.jpg\",\"contentUrl\":\"https:\/\/portaltela.pt\/s.01k8rhncp4jt1\/2026\/01\/Boccia-entre-Geracoes_-em-Felgueiras-promove-convivio-entre-escolas-e-centros-de-dia.jpg\",\"width\":796,\"height\":448,\"caption\":\"\u201cBoccia entre Gera\u00e7\u00f5es\u201d em Felgueiras promove conv\u00edvio entre escolas e centros de dia\"},{\"@type\":\"BreadcrumbList\",\"@id\":\"https:\/\/portaltela.pt\/noticias\/2026\/01\/25\/boccia-entre-geracoes-aproxima-escolas-e-centros-de-dia-em-felgueiras\/#breadcrumb\",\"itemListElement\":[{\"@type\":\"ListItem\",\"position\":1,\"name\":\"In\u00edcio\",\"item\":\"https:\/\/portaltela.pt\/\"},{\"@type\":\"ListItem\",\"position\":2,\"name\":\"Boccia entre Gera\u00e7\u00f5es aproxima escolas e centros de dia em Felgueiras\"}]},{\"@type\":\"WebSite\",\"@id\":\"https:\/\/portaltela.pt\/#website\",\"url\":\"https:\/\/portaltela.pt\/\",\"name\":\"Portal Tela Portugal\",\"description\":\"\",\"potentialAction\":[{\"@type\":\"SearchAction\",\"target\":{\"@type\":\"EntryPoint\",\"urlTemplate\":\"https:\/\/portaltela.pt\/?s={search_term_string}\"},\"query-input\":{\"@type\":\"PropertyValueSpecification\",\"valueRequired\":true,\"valueName\":\"search_term_string\"}}],\"inLanguage\":\"pt-PT\"},{\"@type\":\"Person\",\"@id\":\"https:\/\/portaltela.pt\/#\/schema\/person\/c4278d4a6028830caff9ee44b42d32ed\",\"name\":\"Telinha\",\"image\":{\"@type\":\"ImageObject\",\"inLanguage\":\"pt-PT\",\"@id\":\"https:\/\/portaltela.pt\/s.01k8rhncp4jt1\/2025\/11\/talking-bot-125x125.png\",\"url\":\"https:\/\/portaltela.pt\/s.01k8rhncp4jt1\/2025\/11\/talking-bot-125x125.png\",\"contentUrl\":\"https:\/\/portaltela.pt\/s.01k8rhncp4jt1\/2025\/11\/talking-bot-125x125.png\",\"caption\":\"Telinha\"},\"sameAs\":[\"https:\/\/portaltela.pt\/\"],\"url\":\"https:\/\/portaltela.pt\/por\/367410592786\/\"}]}<\/script>\n<!-- \/ Yoast SEO plugin. -->","yoast_head_json":{"title":"Boccia entre Gera\u00e7\u00f5es aproxima escolas e centros de dia em Felgueiras - Portal Tela Portugal","robots":{"index":"index","follow":"follow","max-snippet":"max-snippet:-1","max-image-preview":"max-image-preview:large","max-video-preview":"max-video-preview:-1"},"og_locale":"pt_PT","og_type":"article","og_title":"Boccia entre Gera\u00e7\u00f5es aproxima escolas e centros de dia em Felgueiras - Portal Tela Portugal","og_description":"Felgueiras realizou a primeira sess\u00e3o do programa intergeracional \u201cBoccia entre Gera\u00e7\u00f5es\u201d a 21 de janeiro, com alunos e seniores a jogar boccia. A iniciativa \u00e9 promovida pelo munic\u00edpio, em parceria com escolas e institui\u00e7\u00f5es sociais locais, para aproximar gera\u00e7\u00f5es atrav\u00e9s de uma pr\u00e1tica inclusiva. Pela manh\u00e3, no pavilh\u00e3o da Escola Secund\u00e1ria da Lixa, juntaram\u2011se o Grupo de Boccia do Desporto Escolar e o Grupo de Boccia S\u00e9nior da Academia S\u00e9nior da Lixa. \u00c0 tarde, na Escola B\u00e1sica D. Manuel Faria e Sousa, houve nova sess\u00e3o com o grupo escolar e o Grupo de Boccia S\u00e9nior do Centro Social Nossa Senhora de Pedra Maria, de Varziela. As sess\u00f5es, de duas horas, tiveram um ambiente n\u00e3o competitivo, com equipas mistas que privilegiam conv\u00edvio, coopera\u00e7\u00e3o e partilha de experi\u00eancias, ao longo do ano letivo.","og_url":"https:\/\/portaltela.pt\/noticias\/2026\/01\/25\/boccia-entre-geracoes-aproxima-escolas-e-centros-de-dia-em-felgueiras\/","og_site_name":"Portal Tela Portugal","article_published_time":"2026-01-25T10:59:13+00:00","author":"Telinha","twitter_card":"summary_large_image","twitter_misc":{"Escrito por":"Telinha","Tempo estimado de leitura":"1 minuto"},"schema":{"@context":"https:\/\/schema.org","@graph":[{"@type":"Article","@id":"https:\/\/portaltela.pt\/noticias\/2026\/01\/25\/boccia-entre-geracoes-aproxima-escolas-e-centros-de-dia-em-felgueiras\/#article","isPartOf":{"@id":"https:\/\/portaltela.pt\/noticias\/2026\/01\/25\/boccia-entre-geracoes-aproxima-escolas-e-centros-de-dia-em-felgueiras\/"},"author":{"name":"Telinha","@id":"https:\/\/portaltela.pt\/#\/schema\/person\/c4278d4a6028830caff9ee44b42d32ed"},"headline":"Boccia entre Gera\u00e7\u00f5es aproxima escolas e centros de dia em Felgueiras","datePublished":"2026-01-25T10:59:13+00:00","mainEntityOfPage":{"@id":"https:\/\/portaltela.pt\/noticias\/2026\/01\/25\/boccia-entre-geracoes-aproxima-escolas-e-centros-de-dia-em-felgueiras\/"},"wordCount":156,"image":{"@id":"https:\/\/portaltela.pt\/noticias\/2026\/01\/25\/boccia-entre-geracoes-aproxima-escolas-e-centros-de-dia-em-felgueiras\/#primaryimage"},"thumbnailUrl":"https:\/\/portaltela.pt\/s.01k8rhncp4jt1\/2026\/01\/Boccia-entre-Geracoes_-em-Felgueiras-promove-convivio-entre-escolas-e-centros-de-dia.jpg","keywords":["conviv\u00eancia","desporto escolar","educa\u00e7\u00e3o","escolas","Felgueiras","intergeracionalidade"],"articleSection":["Not\u00edcias"],"inLanguage":"pt-PT"},{"@type":"WebPage","@id":"https:\/\/portaltela.pt\/noticias\/2026\/01\/25\/boccia-entre-geracoes-aproxima-escolas-e-centros-de-dia-em-felgueiras\/","url":"https:\/\/portaltela.pt\/noticias\/2026\/01\/25\/boccia-entre-geracoes-aproxima-escolas-e-centros-de-dia-em-felgueiras\/","name":"Boccia entre Gera\u00e7\u00f5es aproxima escolas e centros de dia em Felgueiras - Portal Tela Portugal","isPartOf":{"@id":"https:\/\/portaltela.pt\/#website"},"primaryImageOfPage":{"@id":"https:\/\/portaltela.pt\/noticias\/2026\/01\/25\/boccia-entre-geracoes-aproxima-escolas-e-centros-de-dia-em-felgueiras\/#primaryimage"},"image":{"@id":"https:\/\/portaltela.pt\/noticias\/2026\/01\/25\/boccia-entre-geracoes-aproxima-escolas-e-centros-de-dia-em-felgueiras\/#primaryimage"},"thumbnailUrl":"https:\/\/portaltela.pt\/s.01k8rhncp4jt1\/2026\/01\/Boccia-entre-Geracoes_-em-Felgueiras-promove-convivio-entre-escolas-e-centros-de-dia.jpg","datePublished":"2026-01-25T10:59:13+00:00","author":{"@id":"https:\/\/portaltela.pt\/#\/schema\/person\/c4278d4a6028830caff9ee44b42d32ed"},"breadcrumb":{"@id":"https:\/\/portaltela.pt\/noticias\/2026\/01\/25\/boccia-entre-geracoes-aproxima-escolas-e-centros-de-dia-em-felgueiras\/#breadcrumb"},"inLanguage":"pt-PT","potentialAction":[{"@type":"ReadAction","target":["https:\/\/portaltela.pt\/noticias\/2026\/01\/25\/boccia-entre-geracoes-aproxima-escolas-e-centros-de-dia-em-felgueiras\/"]}]},{"@type":"ImageObject","inLanguage":"pt-PT","@id":"https:\/\/portaltela.pt\/noticias\/2026\/01\/25\/boccia-entre-geracoes-aproxima-escolas-e-centros-de-dia-em-felgueiras\/#primaryimage","url":"https:\/\/portaltela.pt\/s.01k8rhncp4jt1\/2026\/01\/Boccia-entre-Geracoes_-em-Felgueiras-promove-convivio-entre-escolas-e-centros-de-dia.jpg","contentUrl":"https:\/\/portaltela.pt\/s.01k8rhncp4jt1\/2026\/01\/Boccia-entre-Geracoes_-em-Felgueiras-promove-convivio-entre-escolas-e-centros-de-dia.jpg","width":796,"height":448,"caption":"\u201cBoccia entre Gera\u00e7\u00f5es\u201d em Felgueiras promove conv\u00edvio entre escolas e centros de dia"},{"@type":"BreadcrumbList","@id":"https:\/\/portaltela.pt\/noticias\/2026\/01\/25\/boccia-entre-geracoes-aproxima-escolas-e-centros-de-dia-em-felgueiras\/#breadcrumb","itemListElement":[{"@type":"ListItem","position":1,"name":"In\u00edcio","item":"https:\/\/portaltela.pt\/"},{"@type":"ListItem","position":2,"name":"Boccia entre Gera\u00e7\u00f5es aproxima escolas e centros de dia em Felgueiras"}]},{"@type":"WebSite","@id":"https:\/\/portaltela.pt\/#website","url":"https:\/\/portaltela.pt\/","name":"Portal Tela Portugal","description":"","potentialAction":[{"@type":"SearchAction","target":{"@type":"EntryPoint","urlTemplate":"https:\/\/portaltela.pt\/?s={search_term_string}"},"query-input":{"@type":"PropertyValueSpecification","valueRequired":true,"valueName":"search_term_string"}}],"inLanguage":"pt-PT"},{"@type":"Person","@id":"https:\/\/portaltela.pt\/#\/schema\/person\/c4278d4a6028830caff9ee44b42d32ed","name":"Telinha","image":{"@type":"ImageObject","inLanguage":"pt-PT","@id":"https:\/\/portaltela.pt\/s.01k8rhncp4jt1\/2025\/11\/talking-bot-125x125.png","url":"https:\/\/portaltela.pt\/s.01k8rhncp4jt1\/2025\/11\/talking-bot-125x125.png","contentUrl":"https:\/\/portaltela.pt\/s.01k8rhncp4jt1\/2025\/11\/talking-bot-125x125.png","caption":"Telinha"},"sameAs":["https:\/\/portaltela.pt\/"],"url":"https:\/\/portaltela.pt\/por\/367410592786\/"}]}},"_links":{"self":[{"href":"https:\/\/portaltela.pt\/api\/wp\/v2\/posts\/171855","targetHints":{"allow":["GET"]}}],"collection":[{"href":"https:\/\/portaltela.pt\/api\/wp\/v2\/posts"}],"about":[{"href":"https:\/\/portaltela.pt\/api\/wp\/v2\/types\/post"}],"author":[{"embeddable":true,"href":"https:\/\/portaltela.pt\/api\/wp\/v2\/users\/2"}],"replies":[{"embeddable":true,"href":"https:\/\/portaltela.pt\/api\/wp\/v2\/comments?post=171855"}],"version-history":[{"count":0,"href":"https:\/\/portaltela.pt\/api\/wp\/v2\/posts\/171855\/revisions"}],"wp:featuredmedia":[{"embeddable":true,"href":"https:\/\/portaltela.pt\/api\/wp\/v2\/media\/171862"}],"wp:attachment":[{"href":"https:\/\/portaltela.pt\/api\/wp\/v2\/media?parent=171855"}],"wp:term":[{"taxonomy":"category","embeddable":true,"href":"https:\/\/portaltela.pt\/api\/wp\/v2\/categories?post=171855"},{"taxonomy":"post_tag","embeddable":true,"href":"https:\/\/portaltela.pt\/api\/wp\/v2\/tags?post=171855"}],"curies":[{"name":"wp","href":"https:\/\/api.w.org\/{rel}","templated":true}]}}