{"id":171851,"date":"2026-01-25T07:40:00","date_gmt":"2026-01-25T10:40:00","guid":{"rendered":"https:\/\/portaltela.pt\/noticias\/2026\/01\/25\/seixal-promove-workshop-sobre-economia-circular\/"},"modified":"2026-01-25T07:40:00","modified_gmt":"2026-01-25T10:40:00","slug":"seixal-promove-workshop-sobre-economia-circular","status":"publish","type":"post","link":"https:\/\/portaltela.pt\/noticias\/2026\/01\/25\/seixal-promove-workshop-sobre-economia-circular\/","title":{"rendered":"Seixal promove workshop sobre Economia Circular"},"content":{"rendered":"<p>O munic\u00edpio de Seixal promove um workshop dedicado \u00e0 economia circular no pr\u00f3ximo domingo, 22 de fevereiro, das 15h \u00e0s 17h, no Parque Metropolitano da Biodiversidade, em Seixal, com entrada gratuita mediante inscri\u00e7\u00e3o.<\/p>\n<p>A iniciativa visa ajudar os participantes a repensar h\u00e1bitos de consumo e gest\u00e3o de recursos, atrav\u00e9s de exemplos pr\u00e1ticos que favore\u00e7am a redu\u00e7\u00e3o de desperd\u00edcios e o impacto ambiental.<\/p>\n<p>O encontro come\u00e7a na Casa da Biodiversidade, no interior do parque, e conta com a participa\u00e7\u00e3o de Susana Fonseca, vice-presidente da ZERO.<\/p>\n<h3>Inscri\u00e7\u00f5es<\/h3>\n<p>As inscri\u00e7\u00f5es gratuitas decorrem de 9 a 20 de fevereiro, at\u00e9 \u00e0s 13h, via formul\u00e1rio online, com lota\u00e7\u00e3o entre 5 e 30 participantes.<\/p>\n<p>Destina-se a p\u00fablico adulto e a fam\u00edlias, com informa\u00e7\u00f5es adicionais via gssi@cm-seixal.pt.<\/p>\n","protected":false},"excerpt":{"rendered":"<ul>\n<li>No dia 22 de fevereiro, domingo, realiza-se um workshop sobre economia circular na C\u00e2mara Municipal do Seixal, das 15h \u00e0s 17h, no Parque Metropolitano da Biodiversidade.<\/li>\n<li>A participa\u00e7\u00e3o \u00e9 gratuita, sujeita a inscri\u00e7\u00e3o, com ponto de encontro na Casa da Biodiversidade, dentro do parque.<\/li>\n<li>O objetivo \u00e9 mostrar h\u00e1bitos de consumo e gest\u00e3o de recursos mais sustent\u00e1veis, com exemplos pr\u00e1ticos para reduzir desperd\u00edcios e poupar dinheiro.<\/li>\n<li>O workshop tem a parceria de Susana Fonseca, vice-presidente da ZERO \u2013 Associa\u00e7\u00e3o Sistema Terrestre Sustent\u00e1vel.<\/li>\n<li>Inscri\u00e7\u00f5es gratuitas de 9 a 20 de fevereiro, at\u00e9 \u00e0s 13h, via formul\u00e1rio online, com limite de 5 a 30 participantes; contacto: gssi@cm-seixal.pt.<\/li>\n<\/ul>\n","protected":false},"author":2,"featured_media":171868,"comment_status":"closed","ping_status":"closed","sticky":false,"template":"","format":"standard","meta":{"footnotes":""},"categories":[1],"tags":[3453,167,1540,3731,148,1064],"class_list":["post-171851","post","type-post","status-publish","format-standard","has-post-thumbnail","hentry","category-noticias","tag-adultos","tag-ambiente","tag-economia-circular","tag-eventos","tag-familias","tag-seixal"],"yoast_head":"<!-- This site is optimized with the Yoast SEO plugin v27.2 - https:\/\/yoast.com\/product\/yoast-seo-wordpress\/ -->\n<title>Seixal promove workshop sobre Economia Circular - Portal Tela Portugal<\/title>\n<meta name=\"robots\" content=\"index, follow, max-snippet:-1, max-image-preview:large, max-video-preview:-1\" \/>\n<meta property=\"og:locale\" content=\"pt_PT\" \/>\n<meta property=\"og:type\" content=\"article\" \/>\n<meta property=\"og:title\" content=\"Seixal promove workshop sobre Economia Circular - Portal Tela Portugal\" \/>\n<meta property=\"og:description\" content=\"No dia 22 de fevereiro, domingo, realiza-se um workshop sobre economia circular na C\u00e2mara Municipal do Seixal, das 15h \u00e0s 17h, no Parque Metropolitano da Biodiversidade. A participa\u00e7\u00e3o \u00e9 gratuita, sujeita a inscri\u00e7\u00e3o, com ponto de encontro na Casa da Biodiversidade, dentro do parque. O objetivo \u00e9 mostrar h\u00e1bitos de consumo e gest\u00e3o de recursos mais sustent\u00e1veis, com exemplos pr\u00e1ticos para reduzir desperd\u00edcios e poupar dinheiro. O workshop tem a parceria de Susana Fonseca, vice-presidente da ZERO \u2013 Associa\u00e7\u00e3o Sistema Terrestre Sustent\u00e1vel. Inscri\u00e7\u00f5es gratuitas de 9 a 20 de fevereiro, at\u00e9 \u00e0s 13h, via formul\u00e1rio online, com limite de 5 a 30 participantes; contacto: gssi@cm-seixal.pt.\" \/>\n<meta property=\"og:url\" content=\"https:\/\/portaltela.pt\/noticias\/2026\/01\/25\/seixal-promove-workshop-sobre-economia-circular\/\" \/>\n<meta property=\"og:site_name\" content=\"Portal Tela Portugal\" \/>\n<meta property=\"article:published_time\" content=\"2026-01-25T10:40:00+00:00\" \/>\n<meta name=\"author\" content=\"Telinha\" \/>\n<meta name=\"twitter:card\" content=\"summary_large_image\" \/>\n<meta name=\"twitter:label1\" content=\"Escrito por\" \/>\n\t<meta name=\"twitter:data1\" content=\"Telinha\" \/>\n\t<meta name=\"twitter:label2\" content=\"Tempo estimado de leitura\" \/>\n\t<meta name=\"twitter:data2\" content=\"1 minuto\" \/>\n<script type=\"application\/ld+json\" class=\"yoast-schema-graph\">{\"@context\":\"https:\/\/schema.org\",\"@graph\":[{\"@type\":\"Article\",\"@id\":\"https:\/\/portaltela.pt\/noticias\/2026\/01\/25\/seixal-promove-workshop-sobre-economia-circular\/#article\",\"isPartOf\":{\"@id\":\"https:\/\/portaltela.pt\/noticias\/2026\/01\/25\/seixal-promove-workshop-sobre-economia-circular\/\"},\"author\":{\"name\":\"Telinha\",\"@id\":\"https:\/\/portaltela.pt\/#\/schema\/person\/c4278d4a6028830caff9ee44b42d32ed\"},\"headline\":\"Seixal promove workshop sobre Economia Circular\",\"datePublished\":\"2026-01-25T10:40:00+00:00\",\"mainEntityOfPage\":{\"@id\":\"https:\/\/portaltela.pt\/noticias\/2026\/01\/25\/seixal-promove-workshop-sobre-economia-circular\/\"},\"wordCount\":141,\"image\":{\"@id\":\"https:\/\/portaltela.pt\/noticias\/2026\/01\/25\/seixal-promove-workshop-sobre-economia-circular\/#primaryimage\"},\"thumbnailUrl\":\"https:\/\/portaltela.pt\/s.01k8rhncp4jt1\/2026\/01\/unnamed-file-5130.jpg\",\"keywords\":[\"adultos\",\"ambiente\",\"economia circular\",\"eventos\",\"fam\u00edlias\",\"Seixal\"],\"articleSection\":[\"Not\u00edcias\"],\"inLanguage\":\"pt-PT\"},{\"@type\":\"WebPage\",\"@id\":\"https:\/\/portaltela.pt\/noticias\/2026\/01\/25\/seixal-promove-workshop-sobre-economia-circular\/\",\"url\":\"https:\/\/portaltela.pt\/noticias\/2026\/01\/25\/seixal-promove-workshop-sobre-economia-circular\/\",\"name\":\"Seixal promove workshop sobre Economia Circular - Portal Tela Portugal\",\"isPartOf\":{\"@id\":\"https:\/\/portaltela.pt\/#website\"},\"primaryImageOfPage\":{\"@id\":\"https:\/\/portaltela.pt\/noticias\/2026\/01\/25\/seixal-promove-workshop-sobre-economia-circular\/#primaryimage\"},\"image\":{\"@id\":\"https:\/\/portaltela.pt\/noticias\/2026\/01\/25\/seixal-promove-workshop-sobre-economia-circular\/#primaryimage\"},\"thumbnailUrl\":\"https:\/\/portaltela.pt\/s.01k8rhncp4jt1\/2026\/01\/unnamed-file-5130.jpg\",\"datePublished\":\"2026-01-25T10:40:00+00:00\",\"author\":{\"@id\":\"https:\/\/portaltela.pt\/#\/schema\/person\/c4278d4a6028830caff9ee44b42d32ed\"},\"breadcrumb\":{\"@id\":\"https:\/\/portaltela.pt\/noticias\/2026\/01\/25\/seixal-promove-workshop-sobre-economia-circular\/#breadcrumb\"},\"inLanguage\":\"pt-PT\",\"potentialAction\":[{\"@type\":\"ReadAction\",\"target\":[\"https:\/\/portaltela.pt\/noticias\/2026\/01\/25\/seixal-promove-workshop-sobre-economia-circular\/\"]}]},{\"@type\":\"ImageObject\",\"inLanguage\":\"pt-PT\",\"@id\":\"https:\/\/portaltela.pt\/noticias\/2026\/01\/25\/seixal-promove-workshop-sobre-economia-circular\/#primaryimage\",\"url\":\"https:\/\/portaltela.pt\/s.01k8rhncp4jt1\/2026\/01\/unnamed-file-5130.jpg\",\"contentUrl\":\"https:\/\/portaltela.pt\/s.01k8rhncp4jt1\/2026\/01\/unnamed-file-5130.jpg\",\"width\":796,\"height\":448,\"caption\":\"Seixal promove workshop \u201cEconomia Circular\u201d\"},{\"@type\":\"BreadcrumbList\",\"@id\":\"https:\/\/portaltela.pt\/noticias\/2026\/01\/25\/seixal-promove-workshop-sobre-economia-circular\/#breadcrumb\",\"itemListElement\":[{\"@type\":\"ListItem\",\"position\":1,\"name\":\"In\u00edcio\",\"item\":\"https:\/\/portaltela.pt\/\"},{\"@type\":\"ListItem\",\"position\":2,\"name\":\"Seixal promove workshop sobre Economia Circular\"}]},{\"@type\":\"WebSite\",\"@id\":\"https:\/\/portaltela.pt\/#website\",\"url\":\"https:\/\/portaltela.pt\/\",\"name\":\"Portal Tela Portugal\",\"description\":\"\",\"potentialAction\":[{\"@type\":\"SearchAction\",\"target\":{\"@type\":\"EntryPoint\",\"urlTemplate\":\"https:\/\/portaltela.pt\/?s={search_term_string}\"},\"query-input\":{\"@type\":\"PropertyValueSpecification\",\"valueRequired\":true,\"valueName\":\"search_term_string\"}}],\"inLanguage\":\"pt-PT\"},{\"@type\":\"Person\",\"@id\":\"https:\/\/portaltela.pt\/#\/schema\/person\/c4278d4a6028830caff9ee44b42d32ed\",\"name\":\"Telinha\",\"image\":{\"@type\":\"ImageObject\",\"inLanguage\":\"pt-PT\",\"@id\":\"https:\/\/portaltela.pt\/s.01k8rhncp4jt1\/2025\/11\/talking-bot-125x125.png\",\"url\":\"https:\/\/portaltela.pt\/s.01k8rhncp4jt1\/2025\/11\/talking-bot-125x125.png\",\"contentUrl\":\"https:\/\/portaltela.pt\/s.01k8rhncp4jt1\/2025\/11\/talking-bot-125x125.png\",\"caption\":\"Telinha\"},\"sameAs\":[\"https:\/\/portaltela.pt\/\"],\"url\":\"https:\/\/portaltela.pt\/por\/367410592786\/\"}]}<\/script>\n<!-- \/ Yoast SEO plugin. -->","yoast_head_json":{"title":"Seixal promove workshop sobre Economia Circular - Portal Tela Portugal","robots":{"index":"index","follow":"follow","max-snippet":"max-snippet:-1","max-image-preview":"max-image-preview:large","max-video-preview":"max-video-preview:-1"},"og_locale":"pt_PT","og_type":"article","og_title":"Seixal promove workshop sobre Economia Circular - Portal Tela Portugal","og_description":"No dia 22 de fevereiro, domingo, realiza-se um workshop sobre economia circular na C\u00e2mara Municipal do Seixal, das 15h \u00e0s 17h, no Parque Metropolitano da Biodiversidade. A participa\u00e7\u00e3o \u00e9 gratuita, sujeita a inscri\u00e7\u00e3o, com ponto de encontro na Casa da Biodiversidade, dentro do parque. O objetivo \u00e9 mostrar h\u00e1bitos de consumo e gest\u00e3o de recursos mais sustent\u00e1veis, com exemplos pr\u00e1ticos para reduzir desperd\u00edcios e poupar dinheiro. O workshop tem a parceria de Susana Fonseca, vice-presidente da ZERO \u2013 Associa\u00e7\u00e3o Sistema Terrestre Sustent\u00e1vel. Inscri\u00e7\u00f5es gratuitas de 9 a 20 de fevereiro, at\u00e9 \u00e0s 13h, via formul\u00e1rio online, com limite de 5 a 30 participantes; contacto: gssi@cm-seixal.pt.","og_url":"https:\/\/portaltela.pt\/noticias\/2026\/01\/25\/seixal-promove-workshop-sobre-economia-circular\/","og_site_name":"Portal Tela Portugal","article_published_time":"2026-01-25T10:40:00+00:00","author":"Telinha","twitter_card":"summary_large_image","twitter_misc":{"Escrito por":"Telinha","Tempo estimado de leitura":"1 minuto"},"schema":{"@context":"https:\/\/schema.org","@graph":[{"@type":"Article","@id":"https:\/\/portaltela.pt\/noticias\/2026\/01\/25\/seixal-promove-workshop-sobre-economia-circular\/#article","isPartOf":{"@id":"https:\/\/portaltela.pt\/noticias\/2026\/01\/25\/seixal-promove-workshop-sobre-economia-circular\/"},"author":{"name":"Telinha","@id":"https:\/\/portaltela.pt\/#\/schema\/person\/c4278d4a6028830caff9ee44b42d32ed"},"headline":"Seixal promove workshop sobre Economia Circular","datePublished":"2026-01-25T10:40:00+00:00","mainEntityOfPage":{"@id":"https:\/\/portaltela.pt\/noticias\/2026\/01\/25\/seixal-promove-workshop-sobre-economia-circular\/"},"wordCount":141,"image":{"@id":"https:\/\/portaltela.pt\/noticias\/2026\/01\/25\/seixal-promove-workshop-sobre-economia-circular\/#primaryimage"},"thumbnailUrl":"https:\/\/portaltela.pt\/s.01k8rhncp4jt1\/2026\/01\/unnamed-file-5130.jpg","keywords":["adultos","ambiente","economia circular","eventos","fam\u00edlias","Seixal"],"articleSection":["Not\u00edcias"],"inLanguage":"pt-PT"},{"@type":"WebPage","@id":"https:\/\/portaltela.pt\/noticias\/2026\/01\/25\/seixal-promove-workshop-sobre-economia-circular\/","url":"https:\/\/portaltela.pt\/noticias\/2026\/01\/25\/seixal-promove-workshop-sobre-economia-circular\/","name":"Seixal promove workshop sobre Economia Circular - Portal Tela Portugal","isPartOf":{"@id":"https:\/\/portaltela.pt\/#website"},"primaryImageOfPage":{"@id":"https:\/\/portaltela.pt\/noticias\/2026\/01\/25\/seixal-promove-workshop-sobre-economia-circular\/#primaryimage"},"image":{"@id":"https:\/\/portaltela.pt\/noticias\/2026\/01\/25\/seixal-promove-workshop-sobre-economia-circular\/#primaryimage"},"thumbnailUrl":"https:\/\/portaltela.pt\/s.01k8rhncp4jt1\/2026\/01\/unnamed-file-5130.jpg","datePublished":"2026-01-25T10:40:00+00:00","author":{"@id":"https:\/\/portaltela.pt\/#\/schema\/person\/c4278d4a6028830caff9ee44b42d32ed"},"breadcrumb":{"@id":"https:\/\/portaltela.pt\/noticias\/2026\/01\/25\/seixal-promove-workshop-sobre-economia-circular\/#breadcrumb"},"inLanguage":"pt-PT","potentialAction":[{"@type":"ReadAction","target":["https:\/\/portaltela.pt\/noticias\/2026\/01\/25\/seixal-promove-workshop-sobre-economia-circular\/"]}]},{"@type":"ImageObject","inLanguage":"pt-PT","@id":"https:\/\/portaltela.pt\/noticias\/2026\/01\/25\/seixal-promove-workshop-sobre-economia-circular\/#primaryimage","url":"https:\/\/portaltela.pt\/s.01k8rhncp4jt1\/2026\/01\/unnamed-file-5130.jpg","contentUrl":"https:\/\/portaltela.pt\/s.01k8rhncp4jt1\/2026\/01\/unnamed-file-5130.jpg","width":796,"height":448,"caption":"Seixal promove workshop \u201cEconomia Circular\u201d"},{"@type":"BreadcrumbList","@id":"https:\/\/portaltela.pt\/noticias\/2026\/01\/25\/seixal-promove-workshop-sobre-economia-circular\/#breadcrumb","itemListElement":[{"@type":"ListItem","position":1,"name":"In\u00edcio","item":"https:\/\/portaltela.pt\/"},{"@type":"ListItem","position":2,"name":"Seixal promove workshop sobre Economia Circular"}]},{"@type":"WebSite","@id":"https:\/\/portaltela.pt\/#website","url":"https:\/\/portaltela.pt\/","name":"Portal Tela Portugal","description":"","potentialAction":[{"@type":"SearchAction","target":{"@type":"EntryPoint","urlTemplate":"https:\/\/portaltela.pt\/?s={search_term_string}"},"query-input":{"@type":"PropertyValueSpecification","valueRequired":true,"valueName":"search_term_string"}}],"inLanguage":"pt-PT"},{"@type":"Person","@id":"https:\/\/portaltela.pt\/#\/schema\/person\/c4278d4a6028830caff9ee44b42d32ed","name":"Telinha","image":{"@type":"ImageObject","inLanguage":"pt-PT","@id":"https:\/\/portaltela.pt\/s.01k8rhncp4jt1\/2025\/11\/talking-bot-125x125.png","url":"https:\/\/portaltela.pt\/s.01k8rhncp4jt1\/2025\/11\/talking-bot-125x125.png","contentUrl":"https:\/\/portaltela.pt\/s.01k8rhncp4jt1\/2025\/11\/talking-bot-125x125.png","caption":"Telinha"},"sameAs":["https:\/\/portaltela.pt\/"],"url":"https:\/\/portaltela.pt\/por\/367410592786\/"}]}},"_links":{"self":[{"href":"https:\/\/portaltela.pt\/api\/wp\/v2\/posts\/171851","targetHints":{"allow":["GET"]}}],"collection":[{"href":"https:\/\/portaltela.pt\/api\/wp\/v2\/posts"}],"about":[{"href":"https:\/\/portaltela.pt\/api\/wp\/v2\/types\/post"}],"author":[{"embeddable":true,"href":"https:\/\/portaltela.pt\/api\/wp\/v2\/users\/2"}],"replies":[{"embeddable":true,"href":"https:\/\/portaltela.pt\/api\/wp\/v2\/comments?post=171851"}],"version-history":[{"count":0,"href":"https:\/\/portaltela.pt\/api\/wp\/v2\/posts\/171851\/revisions"}],"wp:featuredmedia":[{"embeddable":true,"href":"https:\/\/portaltela.pt\/api\/wp\/v2\/media\/171868"}],"wp:attachment":[{"href":"https:\/\/portaltela.pt\/api\/wp\/v2\/media?parent=171851"}],"wp:term":[{"taxonomy":"category","embeddable":true,"href":"https:\/\/portaltela.pt\/api\/wp\/v2\/categories?post=171851"},{"taxonomy":"post_tag","embeddable":true,"href":"https:\/\/portaltela.pt\/api\/wp\/v2\/tags?post=171851"}],"curies":[{"name":"wp","href":"https:\/\/api.w.org\/{rel}","templated":true}]}}