{"id":171847,"date":"2026-01-25T08:13:20","date_gmt":"2026-01-25T11:13:20","guid":{"rendered":"https:\/\/portaltela.pt\/noticias\/2026\/01\/25\/zelensky-pede-mais-misseis-antiaereos-para-enfrentar-ataques-russos\/"},"modified":"2026-01-25T08:13:20","modified_gmt":"2026-01-25T11:13:20","slug":"zelensky-pede-mais-misseis-antiaereos-para-enfrentar-ataques-russos","status":"publish","type":"post","link":"https:\/\/portaltela.pt\/noticias\/2026\/01\/25\/zelensky-pede-mais-misseis-antiaereos-para-enfrentar-ataques-russos\/","title":{"rendered":"Zelensky pede mais m\u00edsseis antia\u00e9reos para enfrentar ataques russos"},"content":{"rendered":"<p>O presidente ucraniano, Volodymyr Zelensky, pediu aos aliados mais meios de defesa antia\u00e9rea para enfrentar os ataques russos, que provocaram cortes de eletricidade e de aquecimento no pico do inverno em Kiev. O seu apelo ocorre num contexto de intensifica\u00e7\u00e3o do confronto entre os dois pa\u00edses.<\/p>\n<p>Nesta semana, as for\u00e7as russas lan\u00e7aram dezenas de ataques a\u00e9reos, incluindo mais de 1.700 drones de ataque, mais de 1.380 bombas a\u00e9reas guiadas e 69 m\u00edsseis de diversos tipos, segundo a ag\u00eancia France-Presse (AFP). Zelensky fez o aviso \u00e0 chegada a Vilnius, onde participa nas comemora\u00e7\u00f5es da insurrei\u00e7\u00e3o de 1863, na Litu\u00e2nia.<\/p>\n<p>O chefe de Estado ucraniano afirmou que s\u00e3o necess\u00e1rios m\u00edsseis para sistemas de defesa antia\u00e9rea diariamente e que continua a colaborar com os Estados Unidos e a Europa para garantir uma prote\u00e7\u00e3o mais eficaz. O objetivo \u00e9 melhorar a capacidade de defesa de Kiev e de outras regi\u00f5es afetadas pelos ataques.<\/p>\n<p>A escalada de ataques tem causado consequ\u00eancias significativas para a popula\u00e7\u00e3o de Kiev, com problemas de abastecimento de energia e aquecimento no inverno. O governo ucraniano j\u00e1 enfatizou a import\u00e2ncia de refor\u00e7ar a prote\u00e7\u00e3o antia\u00e9rea com apoio internacional.<\/p>\n","protected":false},"excerpt":{"rendered":"<ul>\n<li>O presidente ucraniano Volodymyr Zelensky pediu aos aliados mais meios de defesa antia\u00e9rea para enfrentar os ataques russos.<\/li>\n<li>Os ataques deixaram centenas de milhares de habitantes de Kiev sem eletricidade e aquecimento, no pico do inverno.<\/li>\n<li>Zelensky afirmou que, s\u00f3 nesta semana, os russos lan\u00e7aram mais de 1.700 drones de ataque, mais de 1.380 bombas a\u00e9reas guiadas e 69 m\u00edsseis.<\/li>\n<li>O presidente falava ao chegar a Vilnius, onde participou nas celebra\u00e7\u00f5es da insurrei\u00e7\u00e3o de 1863 na Litu\u00e2nia.<\/li>\n<li>Segundo Zelensky, \u00e9 necess\u00e1rio receber m\u00edsseis para sistemas de defesa antia\u00e9rea diariamente e continua a tentar obter apoio dos Estados Unidos e da Europa para uma melhor prote\u00e7\u00e3o.<\/li>\n<\/ul>\n","protected":false},"author":2,"featured_media":171849,"comment_status":"closed","ping_status":"closed","sticky":false,"template":"","format":"standard","meta":{"footnotes":""},"categories":[1],"tags":[2792,256,3787,174,3110,2134],"class_list":["post-171847","post","type-post","status-publish","format-standard","has-post-thumbnail","hentry","category-noticias","tag-conflito-internacional","tag-cooperacao-internacional","tag-defesa-antimisseis","tag-energia","tag-russia","tag-ucrania"],"yoast_head":"<!-- This site is optimized with the Yoast SEO plugin v27.2 - https:\/\/yoast.com\/product\/yoast-seo-wordpress\/ -->\n<title>Zelensky pede mais m\u00edsseis antia\u00e9reos para enfrentar ataques russos - Portal Tela Portugal<\/title>\n<meta name=\"robots\" content=\"index, follow, max-snippet:-1, max-image-preview:large, max-video-preview:-1\" \/>\n<meta property=\"og:locale\" content=\"pt_PT\" \/>\n<meta property=\"og:type\" content=\"article\" \/>\n<meta property=\"og:title\" content=\"Zelensky pede mais m\u00edsseis antia\u00e9reos para enfrentar ataques russos - Portal Tela Portugal\" \/>\n<meta property=\"og:description\" content=\"O presidente ucraniano Volodymyr Zelensky pediu aos aliados mais meios de defesa antia\u00e9rea para enfrentar os ataques russos. Os ataques deixaram centenas de milhares de habitantes de Kiev sem eletricidade e aquecimento, no pico do inverno. Zelensky afirmou que, s\u00f3 nesta semana, os russos lan\u00e7aram mais de 1.700 drones de ataque, mais de 1.380 bombas a\u00e9reas guiadas e 69 m\u00edsseis. O presidente falava ao chegar a Vilnius, onde participou nas celebra\u00e7\u00f5es da insurrei\u00e7\u00e3o de 1863 na Litu\u00e2nia. Segundo Zelensky, \u00e9 necess\u00e1rio receber m\u00edsseis para sistemas de defesa antia\u00e9rea diariamente e continua a tentar obter apoio dos Estados Unidos e da Europa para uma melhor prote\u00e7\u00e3o.\" \/>\n<meta property=\"og:url\" content=\"https:\/\/portaltela.pt\/noticias\/2026\/01\/25\/zelensky-pede-mais-misseis-antiaereos-para-enfrentar-ataques-russos\/\" \/>\n<meta property=\"og:site_name\" content=\"Portal Tela Portugal\" \/>\n<meta property=\"article:published_time\" content=\"2026-01-25T11:13:20+00:00\" \/>\n<meta name=\"author\" content=\"Telinha\" \/>\n<meta name=\"twitter:card\" content=\"summary_large_image\" \/>\n<meta name=\"twitter:label1\" content=\"Escrito por\" \/>\n\t<meta name=\"twitter:data1\" content=\"Telinha\" \/>\n\t<meta name=\"twitter:label2\" content=\"Tempo estimado de leitura\" \/>\n\t<meta name=\"twitter:data2\" content=\"1 minuto\" \/>\n<script type=\"application\/ld+json\" class=\"yoast-schema-graph\">{\"@context\":\"https:\/\/schema.org\",\"@graph\":[{\"@type\":\"Article\",\"@id\":\"https:\/\/portaltela.pt\/noticias\/2026\/01\/25\/zelensky-pede-mais-misseis-antiaereos-para-enfrentar-ataques-russos\/#article\",\"isPartOf\":{\"@id\":\"https:\/\/portaltela.pt\/noticias\/2026\/01\/25\/zelensky-pede-mais-misseis-antiaereos-para-enfrentar-ataques-russos\/\"},\"author\":{\"name\":\"Telinha\",\"@id\":\"https:\/\/portaltela.pt\/#\/schema\/person\/c4278d4a6028830caff9ee44b42d32ed\"},\"headline\":\"Zelensky pede mais m\u00edsseis antia\u00e9reos para enfrentar ataques russos\",\"datePublished\":\"2026-01-25T11:13:20+00:00\",\"mainEntityOfPage\":{\"@id\":\"https:\/\/portaltela.pt\/noticias\/2026\/01\/25\/zelensky-pede-mais-misseis-antiaereos-para-enfrentar-ataques-russos\/\"},\"wordCount\":216,\"image\":{\"@id\":\"https:\/\/portaltela.pt\/noticias\/2026\/01\/25\/zelensky-pede-mais-misseis-antiaereos-para-enfrentar-ataques-russos\/#primaryimage\"},\"thumbnailUrl\":\"https:\/\/portaltela.pt\/s.01k8rhncp4jt1\/2026\/01\/img_1500x1000uu2025-12-26-15-15-22-2256444.jpg\",\"keywords\":[\"conflito internacional\",\"coopera\u00e7\u00e3o internacional\",\"defesa antim\u00edsseis\",\"energia\",\"R\u00fassia\",\"Ucr\u00e2nia\"],\"articleSection\":[\"Not\u00edcias\"],\"inLanguage\":\"pt-PT\"},{\"@type\":\"WebPage\",\"@id\":\"https:\/\/portaltela.pt\/noticias\/2026\/01\/25\/zelensky-pede-mais-misseis-antiaereos-para-enfrentar-ataques-russos\/\",\"url\":\"https:\/\/portaltela.pt\/noticias\/2026\/01\/25\/zelensky-pede-mais-misseis-antiaereos-para-enfrentar-ataques-russos\/\",\"name\":\"Zelensky pede mais m\u00edsseis antia\u00e9reos para enfrentar ataques russos - Portal Tela Portugal\",\"isPartOf\":{\"@id\":\"https:\/\/portaltela.pt\/#website\"},\"primaryImageOfPage\":{\"@id\":\"https:\/\/portaltela.pt\/noticias\/2026\/01\/25\/zelensky-pede-mais-misseis-antiaereos-para-enfrentar-ataques-russos\/#primaryimage\"},\"image\":{\"@id\":\"https:\/\/portaltela.pt\/noticias\/2026\/01\/25\/zelensky-pede-mais-misseis-antiaereos-para-enfrentar-ataques-russos\/#primaryimage\"},\"thumbnailUrl\":\"https:\/\/portaltela.pt\/s.01k8rhncp4jt1\/2026\/01\/img_1500x1000uu2025-12-26-15-15-22-2256444.jpg\",\"datePublished\":\"2026-01-25T11:13:20+00:00\",\"author\":{\"@id\":\"https:\/\/portaltela.pt\/#\/schema\/person\/c4278d4a6028830caff9ee44b42d32ed\"},\"breadcrumb\":{\"@id\":\"https:\/\/portaltela.pt\/noticias\/2026\/01\/25\/zelensky-pede-mais-misseis-antiaereos-para-enfrentar-ataques-russos\/#breadcrumb\"},\"inLanguage\":\"pt-PT\",\"potentialAction\":[{\"@type\":\"ReadAction\",\"target\":[\"https:\/\/portaltela.pt\/noticias\/2026\/01\/25\/zelensky-pede-mais-misseis-antiaereos-para-enfrentar-ataques-russos\/\"]}]},{\"@type\":\"ImageObject\",\"inLanguage\":\"pt-PT\",\"@id\":\"https:\/\/portaltela.pt\/noticias\/2026\/01\/25\/zelensky-pede-mais-misseis-antiaereos-para-enfrentar-ataques-russos\/#primaryimage\",\"url\":\"https:\/\/portaltela.pt\/s.01k8rhncp4jt1\/2026\/01\/img_1500x1000uu2025-12-26-15-15-22-2256444.jpg\",\"contentUrl\":\"https:\/\/portaltela.pt\/s.01k8rhncp4jt1\/2026\/01\/img_1500x1000uu2025-12-26-15-15-22-2256444.jpg\",\"width\":796,\"height\":448,\"caption\":\"R\u00fassia tem intensificado ataques \u00e0 Ucr\u00e2nia\"},{\"@type\":\"BreadcrumbList\",\"@id\":\"https:\/\/portaltela.pt\/noticias\/2026\/01\/25\/zelensky-pede-mais-misseis-antiaereos-para-enfrentar-ataques-russos\/#breadcrumb\",\"itemListElement\":[{\"@type\":\"ListItem\",\"position\":1,\"name\":\"In\u00edcio\",\"item\":\"https:\/\/portaltela.pt\/\"},{\"@type\":\"ListItem\",\"position\":2,\"name\":\"Zelensky pede mais m\u00edsseis antia\u00e9reos para enfrentar ataques russos\"}]},{\"@type\":\"WebSite\",\"@id\":\"https:\/\/portaltela.pt\/#website\",\"url\":\"https:\/\/portaltela.pt\/\",\"name\":\"Portal Tela Portugal\",\"description\":\"\",\"potentialAction\":[{\"@type\":\"SearchAction\",\"target\":{\"@type\":\"EntryPoint\",\"urlTemplate\":\"https:\/\/portaltela.pt\/?s={search_term_string}\"},\"query-input\":{\"@type\":\"PropertyValueSpecification\",\"valueRequired\":true,\"valueName\":\"search_term_string\"}}],\"inLanguage\":\"pt-PT\"},{\"@type\":\"Person\",\"@id\":\"https:\/\/portaltela.pt\/#\/schema\/person\/c4278d4a6028830caff9ee44b42d32ed\",\"name\":\"Telinha\",\"image\":{\"@type\":\"ImageObject\",\"inLanguage\":\"pt-PT\",\"@id\":\"https:\/\/portaltela.pt\/s.01k8rhncp4jt1\/2025\/11\/talking-bot-125x125.png\",\"url\":\"https:\/\/portaltela.pt\/s.01k8rhncp4jt1\/2025\/11\/talking-bot-125x125.png\",\"contentUrl\":\"https:\/\/portaltela.pt\/s.01k8rhncp4jt1\/2025\/11\/talking-bot-125x125.png\",\"caption\":\"Telinha\"},\"sameAs\":[\"https:\/\/portaltela.pt\/\"],\"url\":\"https:\/\/portaltela.pt\/por\/367410592786\/\"}]}<\/script>\n<!-- \/ Yoast SEO plugin. -->","yoast_head_json":{"title":"Zelensky pede mais m\u00edsseis antia\u00e9reos para enfrentar ataques russos - Portal Tela Portugal","robots":{"index":"index","follow":"follow","max-snippet":"max-snippet:-1","max-image-preview":"max-image-preview:large","max-video-preview":"max-video-preview:-1"},"og_locale":"pt_PT","og_type":"article","og_title":"Zelensky pede mais m\u00edsseis antia\u00e9reos para enfrentar ataques russos - Portal Tela Portugal","og_description":"O presidente ucraniano Volodymyr Zelensky pediu aos aliados mais meios de defesa antia\u00e9rea para enfrentar os ataques russos. Os ataques deixaram centenas de milhares de habitantes de Kiev sem eletricidade e aquecimento, no pico do inverno. Zelensky afirmou que, s\u00f3 nesta semana, os russos lan\u00e7aram mais de 1.700 drones de ataque, mais de 1.380 bombas a\u00e9reas guiadas e 69 m\u00edsseis. O presidente falava ao chegar a Vilnius, onde participou nas celebra\u00e7\u00f5es da insurrei\u00e7\u00e3o de 1863 na Litu\u00e2nia. Segundo Zelensky, \u00e9 necess\u00e1rio receber m\u00edsseis para sistemas de defesa antia\u00e9rea diariamente e continua a tentar obter apoio dos Estados Unidos e da Europa para uma melhor prote\u00e7\u00e3o.","og_url":"https:\/\/portaltela.pt\/noticias\/2026\/01\/25\/zelensky-pede-mais-misseis-antiaereos-para-enfrentar-ataques-russos\/","og_site_name":"Portal Tela Portugal","article_published_time":"2026-01-25T11:13:20+00:00","author":"Telinha","twitter_card":"summary_large_image","twitter_misc":{"Escrito por":"Telinha","Tempo estimado de leitura":"1 minuto"},"schema":{"@context":"https:\/\/schema.org","@graph":[{"@type":"Article","@id":"https:\/\/portaltela.pt\/noticias\/2026\/01\/25\/zelensky-pede-mais-misseis-antiaereos-para-enfrentar-ataques-russos\/#article","isPartOf":{"@id":"https:\/\/portaltela.pt\/noticias\/2026\/01\/25\/zelensky-pede-mais-misseis-antiaereos-para-enfrentar-ataques-russos\/"},"author":{"name":"Telinha","@id":"https:\/\/portaltela.pt\/#\/schema\/person\/c4278d4a6028830caff9ee44b42d32ed"},"headline":"Zelensky pede mais m\u00edsseis antia\u00e9reos para enfrentar ataques russos","datePublished":"2026-01-25T11:13:20+00:00","mainEntityOfPage":{"@id":"https:\/\/portaltela.pt\/noticias\/2026\/01\/25\/zelensky-pede-mais-misseis-antiaereos-para-enfrentar-ataques-russos\/"},"wordCount":216,"image":{"@id":"https:\/\/portaltela.pt\/noticias\/2026\/01\/25\/zelensky-pede-mais-misseis-antiaereos-para-enfrentar-ataques-russos\/#primaryimage"},"thumbnailUrl":"https:\/\/portaltela.pt\/s.01k8rhncp4jt1\/2026\/01\/img_1500x1000uu2025-12-26-15-15-22-2256444.jpg","keywords":["conflito internacional","coopera\u00e7\u00e3o internacional","defesa antim\u00edsseis","energia","R\u00fassia","Ucr\u00e2nia"],"articleSection":["Not\u00edcias"],"inLanguage":"pt-PT"},{"@type":"WebPage","@id":"https:\/\/portaltela.pt\/noticias\/2026\/01\/25\/zelensky-pede-mais-misseis-antiaereos-para-enfrentar-ataques-russos\/","url":"https:\/\/portaltela.pt\/noticias\/2026\/01\/25\/zelensky-pede-mais-misseis-antiaereos-para-enfrentar-ataques-russos\/","name":"Zelensky pede mais m\u00edsseis antia\u00e9reos para enfrentar ataques russos - Portal Tela Portugal","isPartOf":{"@id":"https:\/\/portaltela.pt\/#website"},"primaryImageOfPage":{"@id":"https:\/\/portaltela.pt\/noticias\/2026\/01\/25\/zelensky-pede-mais-misseis-antiaereos-para-enfrentar-ataques-russos\/#primaryimage"},"image":{"@id":"https:\/\/portaltela.pt\/noticias\/2026\/01\/25\/zelensky-pede-mais-misseis-antiaereos-para-enfrentar-ataques-russos\/#primaryimage"},"thumbnailUrl":"https:\/\/portaltela.pt\/s.01k8rhncp4jt1\/2026\/01\/img_1500x1000uu2025-12-26-15-15-22-2256444.jpg","datePublished":"2026-01-25T11:13:20+00:00","author":{"@id":"https:\/\/portaltela.pt\/#\/schema\/person\/c4278d4a6028830caff9ee44b42d32ed"},"breadcrumb":{"@id":"https:\/\/portaltela.pt\/noticias\/2026\/01\/25\/zelensky-pede-mais-misseis-antiaereos-para-enfrentar-ataques-russos\/#breadcrumb"},"inLanguage":"pt-PT","potentialAction":[{"@type":"ReadAction","target":["https:\/\/portaltela.pt\/noticias\/2026\/01\/25\/zelensky-pede-mais-misseis-antiaereos-para-enfrentar-ataques-russos\/"]}]},{"@type":"ImageObject","inLanguage":"pt-PT","@id":"https:\/\/portaltela.pt\/noticias\/2026\/01\/25\/zelensky-pede-mais-misseis-antiaereos-para-enfrentar-ataques-russos\/#primaryimage","url":"https:\/\/portaltela.pt\/s.01k8rhncp4jt1\/2026\/01\/img_1500x1000uu2025-12-26-15-15-22-2256444.jpg","contentUrl":"https:\/\/portaltela.pt\/s.01k8rhncp4jt1\/2026\/01\/img_1500x1000uu2025-12-26-15-15-22-2256444.jpg","width":796,"height":448,"caption":"R\u00fassia tem intensificado ataques \u00e0 Ucr\u00e2nia"},{"@type":"BreadcrumbList","@id":"https:\/\/portaltela.pt\/noticias\/2026\/01\/25\/zelensky-pede-mais-misseis-antiaereos-para-enfrentar-ataques-russos\/#breadcrumb","itemListElement":[{"@type":"ListItem","position":1,"name":"In\u00edcio","item":"https:\/\/portaltela.pt\/"},{"@type":"ListItem","position":2,"name":"Zelensky pede mais m\u00edsseis antia\u00e9reos para enfrentar ataques russos"}]},{"@type":"WebSite","@id":"https:\/\/portaltela.pt\/#website","url":"https:\/\/portaltela.pt\/","name":"Portal Tela Portugal","description":"","potentialAction":[{"@type":"SearchAction","target":{"@type":"EntryPoint","urlTemplate":"https:\/\/portaltela.pt\/?s={search_term_string}"},"query-input":{"@type":"PropertyValueSpecification","valueRequired":true,"valueName":"search_term_string"}}],"inLanguage":"pt-PT"},{"@type":"Person","@id":"https:\/\/portaltela.pt\/#\/schema\/person\/c4278d4a6028830caff9ee44b42d32ed","name":"Telinha","image":{"@type":"ImageObject","inLanguage":"pt-PT","@id":"https:\/\/portaltela.pt\/s.01k8rhncp4jt1\/2025\/11\/talking-bot-125x125.png","url":"https:\/\/portaltela.pt\/s.01k8rhncp4jt1\/2025\/11\/talking-bot-125x125.png","contentUrl":"https:\/\/portaltela.pt\/s.01k8rhncp4jt1\/2025\/11\/talking-bot-125x125.png","caption":"Telinha"},"sameAs":["https:\/\/portaltela.pt\/"],"url":"https:\/\/portaltela.pt\/por\/367410592786\/"}]}},"_links":{"self":[{"href":"https:\/\/portaltela.pt\/api\/wp\/v2\/posts\/171847","targetHints":{"allow":["GET"]}}],"collection":[{"href":"https:\/\/portaltela.pt\/api\/wp\/v2\/posts"}],"about":[{"href":"https:\/\/portaltela.pt\/api\/wp\/v2\/types\/post"}],"author":[{"embeddable":true,"href":"https:\/\/portaltela.pt\/api\/wp\/v2\/users\/2"}],"replies":[{"embeddable":true,"href":"https:\/\/portaltela.pt\/api\/wp\/v2\/comments?post=171847"}],"version-history":[{"count":0,"href":"https:\/\/portaltela.pt\/api\/wp\/v2\/posts\/171847\/revisions"}],"wp:featuredmedia":[{"embeddable":true,"href":"https:\/\/portaltela.pt\/api\/wp\/v2\/media\/171849"}],"wp:attachment":[{"href":"https:\/\/portaltela.pt\/api\/wp\/v2\/media?parent=171847"}],"wp:term":[{"taxonomy":"category","embeddable":true,"href":"https:\/\/portaltela.pt\/api\/wp\/v2\/categories?post=171847"},{"taxonomy":"post_tag","embeddable":true,"href":"https:\/\/portaltela.pt\/api\/wp\/v2\/tags?post=171847"}],"curies":[{"name":"wp","href":"https:\/\/api.w.org\/{rel}","templated":true}]}}