{"id":171779,"date":"2026-01-25T07:00:00","date_gmt":"2026-01-25T10:00:00","guid":{"rendered":"https:\/\/portaltela.pt\/noticias\/2026\/01\/25\/carros-eletricos-podem-sobrecarregar-a-rede-eletrica\/"},"modified":"2026-01-25T07:00:00","modified_gmt":"2026-01-25T10:00:00","slug":"carros-eletricos-podem-sobrecarregar-a-rede-eletrica","status":"publish","type":"post","link":"https:\/\/portaltela.pt\/noticias\/2026\/01\/25\/carros-eletricos-podem-sobrecarregar-a-rede-eletrica\/","title":{"rendered":"Carros el\u00e9tricos podem sobrecarregar a rede el\u00e9trica"},"content":{"rendered":"<p>As inquieta\u00e7\u00f5es sobre a rede el\u00e9ctrica aumentam \u00e0 medida que os carros el\u00e9tricos crescem nas estradas. A ideia de que o carregamento possa sobrecarregar o sistema \u00e9 frequente, mas a realidade \u00e9 mais complexa e depende de planeamento.<\/p>\n<p>Relat\u00f3rios internacionais indicam que a electrifica\u00e7\u00e3o do transporte pode exigir ajustes na pot\u00eancia e na distribui\u00e7\u00e3o. O relat\u00f3rio Grid Integration of Electric Vehicles, da Ag\u00eancia Internacional de Energia (AIE), alerta para impactos caso n\u00e3o haja prepara\u00e7\u00e3o adequada.<\/p>\n<p>A pesquisa aponta que picos de carga podem aumentar em redes de baixa tens\u00e3o se muitos ve\u00edculos forem carregados em simult\u00e2neo. Estudos da universidade de Houston mostram maior carga de pico nas redes residenciais durante o carregamento noturno.<\/p>\n<p>Outra investiga\u00e7\u00e3o, da Universidade Nova de Lisboa, conclui que a falta de coordena\u00e7\u00e3o de carregamento gera sobrecargas, picos e perdas significativas na rede de Lisboa. Os resultados refor\u00e7am a necessidade de gest\u00e3o de demanda.<\/p>\n<p>A AIE recomenda transformar os ve\u00edculos el\u00e9tricos em recursos flex\u00edveis, com planeamento pr\u00f3-ativo e tecnologias de resposta \u00e0 procura. O objetivo \u00e9 reduzir press\u00e3o na rede, n\u00e3o apenas consumir energia.<\/p>\n<p>Em termos tecnol\u00f3gicos, o conceito de smart charging e de vehicle-to-grid (V2G) surge como solu\u00e7\u00e3o. Um estudo recente identifica obst\u00e1culos regulat\u00f3rios e de padroniza\u00e7\u00e3o para a implementa\u00e7\u00e3o na Europa.<\/p>\n<p>No caso de Portugal destacam-se dados locais: o estudo Impact of vehicle charging on Portugal\u2019s national electricity load profile, de investigadores lisboetas, aponta picos em cen\u00e1rios de elevada penetra\u00e7\u00e3o de VEs sem carregamento coordenado nos hor\u00e1rios de ponta.<\/p>\n<p>Os autores sublinham que, sem coordena\u00e7\u00e3o inteligente e expans\u00e3o de infraestruturas, a procura pode ultrapassar a capacidade atual de produ\u00e7\u00e3o e distribui\u00e7\u00e3o. A mensagem central \u00e9 que a sobrecarga n\u00e3o \u00e9 autom\u00e1tica, depende de planeamento.<\/p>\n<p>Em s\u00edntese, sem medidas adequadas, a mobilidade el\u00e9ctrica pode pressionar redes locais. Contudo, com pol\u00edticas, investimentos e gest\u00e3o de carregamento, \u00e9 poss\u00edvel acomodar mais ve\u00edculos sem comprometer a fiabilidade do fornecimento.<\/p>\n","protected":false},"excerpt":{"rendered":"<ul>\n<li>O aumento de carros el\u00e9tricos coloca a d\u00favida sobre se as redes el\u00e9tricas conseguem responder ao aumento da procura.<\/li>\n<li>O relat\u00f3rio Grid Integration of Electric Vehicles, da Ag\u00eancia Internacional de Energia, alerta que a eletrifica\u00e7\u00e3o do transporte vai afectar o sistema de energia e que, sem planeamento, podem surgir problemas com o aumento simult\u00e2neo de procura e capacidade da rede.<\/li>\n<li>Investiga\u00e7\u00f5es indicam que o maior carregamento de viaturas el\u00e9tricas pode intensificar picos de carga e provocar quedas de tens\u00e3o e perdas, sobretudo em redes de baixa tens\u00e3o quando n\u00e3o h\u00e1 coordena\u00e7\u00e3o.<\/li>\n<li>Em estudos em Lisboa e noutras universidades, conclui-se que sem coordena\u00e7\u00e3o de carregamento e expans\u00e3o de infraestrutura podem ocorrer sobrecargas e perdas, afetando a opera\u00e7\u00e3o da rede.<\/li>\n<li>Mesmo sem consequ\u00eancias autom\u00e1ticas, o relat\u00f3rio recomenda pol\u00edticas, planeamento proativo e uso de carregamento inteligente (smart charging) e de Vehicle-to-Grid para reduzir a press\u00e3o e tornar os EVs um recurso flex\u00edvel para a rede.<\/li>\n<\/ul>\n","protected":false},"author":2,"featured_media":171796,"comment_status":"closed","ping_status":"closed","sticky":false,"template":"","format":"standard","meta":{"footnotes":""},"categories":[1],"tags":[3732,174,792,1615,1734,192],"class_list":["post-171779","post","type-post","status-publish","format-standard","has-post-thumbnail","hentry","category-noticias","tag-eletricidade","tag-energia","tag-gestao-de-mobilidade","tag-infraestrutura","tag-planeamento-estrategico","tag-transporte"],"yoast_head":"<!-- This site is optimized with the Yoast SEO plugin v27.2 - https:\/\/yoast.com\/product\/yoast-seo-wordpress\/ -->\n<title>Carros el\u00e9tricos podem sobrecarregar a rede el\u00e9trica - Portal Tela Portugal<\/title>\n<meta name=\"robots\" content=\"index, follow, max-snippet:-1, max-image-preview:large, max-video-preview:-1\" \/>\n<meta property=\"og:locale\" content=\"pt_PT\" \/>\n<meta property=\"og:type\" content=\"article\" \/>\n<meta property=\"og:title\" content=\"Carros el\u00e9tricos podem sobrecarregar a rede el\u00e9trica - Portal Tela Portugal\" \/>\n<meta property=\"og:description\" content=\"O aumento de carros el\u00e9tricos coloca a d\u00favida sobre se as redes el\u00e9tricas conseguem responder ao aumento da procura. O relat\u00f3rio Grid Integration of Electric Vehicles, da Ag\u00eancia Internacional de Energia, alerta que a eletrifica\u00e7\u00e3o do transporte vai afectar o sistema de energia e que, sem planeamento, podem surgir problemas com o aumento simult\u00e2neo de procura e capacidade da rede. Investiga\u00e7\u00f5es indicam que o maior carregamento de viaturas el\u00e9tricas pode intensificar picos de carga e provocar quedas de tens\u00e3o e perdas, sobretudo em redes de baixa tens\u00e3o quando n\u00e3o h\u00e1 coordena\u00e7\u00e3o. Em estudos em Lisboa e noutras universidades, conclui-se que sem coordena\u00e7\u00e3o de carregamento e expans\u00e3o de infraestrutura podem ocorrer sobrecargas e perdas, afetando a opera\u00e7\u00e3o da rede. Mesmo sem consequ\u00eancias autom\u00e1ticas, o relat\u00f3rio recomenda pol\u00edticas, planeamento proativo e uso de carregamento inteligente (smart charging) e de Vehicle-to-Grid para reduzir a press\u00e3o e tornar os EVs um recurso flex\u00edvel para a rede.\" \/>\n<meta property=\"og:url\" content=\"https:\/\/portaltela.pt\/noticias\/2026\/01\/25\/carros-eletricos-podem-sobrecarregar-a-rede-eletrica\/\" \/>\n<meta property=\"og:site_name\" content=\"Portal Tela Portugal\" \/>\n<meta property=\"article:published_time\" content=\"2026-01-25T10:00:00+00:00\" \/>\n<meta name=\"author\" content=\"Telinha\" \/>\n<meta name=\"twitter:card\" content=\"summary_large_image\" \/>\n<meta name=\"twitter:label1\" content=\"Escrito por\" \/>\n\t<meta name=\"twitter:data1\" content=\"Telinha\" \/>\n\t<meta name=\"twitter:label2\" content=\"Tempo estimado de leitura\" \/>\n\t<meta name=\"twitter:data2\" content=\"2 minutos\" \/>\n<script type=\"application\/ld+json\" class=\"yoast-schema-graph\">{\"@context\":\"https:\/\/schema.org\",\"@graph\":[{\"@type\":\"Article\",\"@id\":\"https:\/\/portaltela.pt\/noticias\/2026\/01\/25\/carros-eletricos-podem-sobrecarregar-a-rede-eletrica\/#article\",\"isPartOf\":{\"@id\":\"https:\/\/portaltela.pt\/noticias\/2026\/01\/25\/carros-eletricos-podem-sobrecarregar-a-rede-eletrica\/\"},\"author\":{\"name\":\"Telinha\",\"@id\":\"https:\/\/portaltela.pt\/#\/schema\/person\/c4278d4a6028830caff9ee44b42d32ed\"},\"headline\":\"Carros el\u00e9tricos podem sobrecarregar a rede el\u00e9trica\",\"datePublished\":\"2026-01-25T10:00:00+00:00\",\"mainEntityOfPage\":{\"@id\":\"https:\/\/portaltela.pt\/noticias\/2026\/01\/25\/carros-eletricos-podem-sobrecarregar-a-rede-eletrica\/\"},\"wordCount\":358,\"image\":{\"@id\":\"https:\/\/portaltela.pt\/noticias\/2026\/01\/25\/carros-eletricos-podem-sobrecarregar-a-rede-eletrica\/#primaryimage\"},\"thumbnailUrl\":\"https:\/\/portaltela.pt\/s.01k8rhncp4jt1\/2026\/01\/unnamed-file-5122.jpg\",\"keywords\":[\"eletricidade\",\"energia\",\"gest\u00e3o de mobilidade\",\"infraestrutura\",\"Planeamento Estrat\u00e9gico\",\"transporte\"],\"articleSection\":[\"Not\u00edcias\"],\"inLanguage\":\"pt-PT\"},{\"@type\":\"WebPage\",\"@id\":\"https:\/\/portaltela.pt\/noticias\/2026\/01\/25\/carros-eletricos-podem-sobrecarregar-a-rede-eletrica\/\",\"url\":\"https:\/\/portaltela.pt\/noticias\/2026\/01\/25\/carros-eletricos-podem-sobrecarregar-a-rede-eletrica\/\",\"name\":\"Carros el\u00e9tricos podem sobrecarregar a rede el\u00e9trica - Portal Tela Portugal\",\"isPartOf\":{\"@id\":\"https:\/\/portaltela.pt\/#website\"},\"primaryImageOfPage\":{\"@id\":\"https:\/\/portaltela.pt\/noticias\/2026\/01\/25\/carros-eletricos-podem-sobrecarregar-a-rede-eletrica\/#primaryimage\"},\"image\":{\"@id\":\"https:\/\/portaltela.pt\/noticias\/2026\/01\/25\/carros-eletricos-podem-sobrecarregar-a-rede-eletrica\/#primaryimage\"},\"thumbnailUrl\":\"https:\/\/portaltela.pt\/s.01k8rhncp4jt1\/2026\/01\/unnamed-file-5122.jpg\",\"datePublished\":\"2026-01-25T10:00:00+00:00\",\"author\":{\"@id\":\"https:\/\/portaltela.pt\/#\/schema\/person\/c4278d4a6028830caff9ee44b42d32ed\"},\"breadcrumb\":{\"@id\":\"https:\/\/portaltela.pt\/noticias\/2026\/01\/25\/carros-eletricos-podem-sobrecarregar-a-rede-eletrica\/#breadcrumb\"},\"inLanguage\":\"pt-PT\",\"potentialAction\":[{\"@type\":\"ReadAction\",\"target\":[\"https:\/\/portaltela.pt\/noticias\/2026\/01\/25\/carros-eletricos-podem-sobrecarregar-a-rede-eletrica\/\"]}]},{\"@type\":\"ImageObject\",\"inLanguage\":\"pt-PT\",\"@id\":\"https:\/\/portaltela.pt\/noticias\/2026\/01\/25\/carros-eletricos-podem-sobrecarregar-a-rede-eletrica\/#primaryimage\",\"url\":\"https:\/\/portaltela.pt\/s.01k8rhncp4jt1\/2026\/01\/unnamed-file-5122.jpg\",\"contentUrl\":\"https:\/\/portaltela.pt\/s.01k8rhncp4jt1\/2026\/01\/unnamed-file-5122.jpg\",\"width\":796,\"height\":448,\"caption\":\"Os carros el\u00e9tricos podem sobrecarregar a rede?\"},{\"@type\":\"BreadcrumbList\",\"@id\":\"https:\/\/portaltela.pt\/noticias\/2026\/01\/25\/carros-eletricos-podem-sobrecarregar-a-rede-eletrica\/#breadcrumb\",\"itemListElement\":[{\"@type\":\"ListItem\",\"position\":1,\"name\":\"In\u00edcio\",\"item\":\"https:\/\/portaltela.pt\/\"},{\"@type\":\"ListItem\",\"position\":2,\"name\":\"Carros el\u00e9tricos podem sobrecarregar a rede el\u00e9trica\"}]},{\"@type\":\"WebSite\",\"@id\":\"https:\/\/portaltela.pt\/#website\",\"url\":\"https:\/\/portaltela.pt\/\",\"name\":\"Portal Tela Portugal\",\"description\":\"\",\"potentialAction\":[{\"@type\":\"SearchAction\",\"target\":{\"@type\":\"EntryPoint\",\"urlTemplate\":\"https:\/\/portaltela.pt\/?s={search_term_string}\"},\"query-input\":{\"@type\":\"PropertyValueSpecification\",\"valueRequired\":true,\"valueName\":\"search_term_string\"}}],\"inLanguage\":\"pt-PT\"},{\"@type\":\"Person\",\"@id\":\"https:\/\/portaltela.pt\/#\/schema\/person\/c4278d4a6028830caff9ee44b42d32ed\",\"name\":\"Telinha\",\"image\":{\"@type\":\"ImageObject\",\"inLanguage\":\"pt-PT\",\"@id\":\"https:\/\/portaltela.pt\/s.01k8rhncp4jt1\/2025\/11\/talking-bot-125x125.png\",\"url\":\"https:\/\/portaltela.pt\/s.01k8rhncp4jt1\/2025\/11\/talking-bot-125x125.png\",\"contentUrl\":\"https:\/\/portaltela.pt\/s.01k8rhncp4jt1\/2025\/11\/talking-bot-125x125.png\",\"caption\":\"Telinha\"},\"sameAs\":[\"https:\/\/portaltela.pt\/\"],\"url\":\"https:\/\/portaltela.pt\/por\/367410592786\/\"}]}<\/script>\n<!-- \/ Yoast SEO plugin. -->","yoast_head_json":{"title":"Carros el\u00e9tricos podem sobrecarregar a rede el\u00e9trica - Portal Tela Portugal","robots":{"index":"index","follow":"follow","max-snippet":"max-snippet:-1","max-image-preview":"max-image-preview:large","max-video-preview":"max-video-preview:-1"},"og_locale":"pt_PT","og_type":"article","og_title":"Carros el\u00e9tricos podem sobrecarregar a rede el\u00e9trica - Portal Tela Portugal","og_description":"O aumento de carros el\u00e9tricos coloca a d\u00favida sobre se as redes el\u00e9tricas conseguem responder ao aumento da procura. O relat\u00f3rio Grid Integration of Electric Vehicles, da Ag\u00eancia Internacional de Energia, alerta que a eletrifica\u00e7\u00e3o do transporte vai afectar o sistema de energia e que, sem planeamento, podem surgir problemas com o aumento simult\u00e2neo de procura e capacidade da rede. Investiga\u00e7\u00f5es indicam que o maior carregamento de viaturas el\u00e9tricas pode intensificar picos de carga e provocar quedas de tens\u00e3o e perdas, sobretudo em redes de baixa tens\u00e3o quando n\u00e3o h\u00e1 coordena\u00e7\u00e3o. Em estudos em Lisboa e noutras universidades, conclui-se que sem coordena\u00e7\u00e3o de carregamento e expans\u00e3o de infraestrutura podem ocorrer sobrecargas e perdas, afetando a opera\u00e7\u00e3o da rede. Mesmo sem consequ\u00eancias autom\u00e1ticas, o relat\u00f3rio recomenda pol\u00edticas, planeamento proativo e uso de carregamento inteligente (smart charging) e de Vehicle-to-Grid para reduzir a press\u00e3o e tornar os EVs um recurso flex\u00edvel para a rede.","og_url":"https:\/\/portaltela.pt\/noticias\/2026\/01\/25\/carros-eletricos-podem-sobrecarregar-a-rede-eletrica\/","og_site_name":"Portal Tela Portugal","article_published_time":"2026-01-25T10:00:00+00:00","author":"Telinha","twitter_card":"summary_large_image","twitter_misc":{"Escrito por":"Telinha","Tempo estimado de leitura":"2 minutos"},"schema":{"@context":"https:\/\/schema.org","@graph":[{"@type":"Article","@id":"https:\/\/portaltela.pt\/noticias\/2026\/01\/25\/carros-eletricos-podem-sobrecarregar-a-rede-eletrica\/#article","isPartOf":{"@id":"https:\/\/portaltela.pt\/noticias\/2026\/01\/25\/carros-eletricos-podem-sobrecarregar-a-rede-eletrica\/"},"author":{"name":"Telinha","@id":"https:\/\/portaltela.pt\/#\/schema\/person\/c4278d4a6028830caff9ee44b42d32ed"},"headline":"Carros el\u00e9tricos podem sobrecarregar a rede el\u00e9trica","datePublished":"2026-01-25T10:00:00+00:00","mainEntityOfPage":{"@id":"https:\/\/portaltela.pt\/noticias\/2026\/01\/25\/carros-eletricos-podem-sobrecarregar-a-rede-eletrica\/"},"wordCount":358,"image":{"@id":"https:\/\/portaltela.pt\/noticias\/2026\/01\/25\/carros-eletricos-podem-sobrecarregar-a-rede-eletrica\/#primaryimage"},"thumbnailUrl":"https:\/\/portaltela.pt\/s.01k8rhncp4jt1\/2026\/01\/unnamed-file-5122.jpg","keywords":["eletricidade","energia","gest\u00e3o de mobilidade","infraestrutura","Planeamento Estrat\u00e9gico","transporte"],"articleSection":["Not\u00edcias"],"inLanguage":"pt-PT"},{"@type":"WebPage","@id":"https:\/\/portaltela.pt\/noticias\/2026\/01\/25\/carros-eletricos-podem-sobrecarregar-a-rede-eletrica\/","url":"https:\/\/portaltela.pt\/noticias\/2026\/01\/25\/carros-eletricos-podem-sobrecarregar-a-rede-eletrica\/","name":"Carros el\u00e9tricos podem sobrecarregar a rede el\u00e9trica - Portal Tela Portugal","isPartOf":{"@id":"https:\/\/portaltela.pt\/#website"},"primaryImageOfPage":{"@id":"https:\/\/portaltela.pt\/noticias\/2026\/01\/25\/carros-eletricos-podem-sobrecarregar-a-rede-eletrica\/#primaryimage"},"image":{"@id":"https:\/\/portaltela.pt\/noticias\/2026\/01\/25\/carros-eletricos-podem-sobrecarregar-a-rede-eletrica\/#primaryimage"},"thumbnailUrl":"https:\/\/portaltela.pt\/s.01k8rhncp4jt1\/2026\/01\/unnamed-file-5122.jpg","datePublished":"2026-01-25T10:00:00+00:00","author":{"@id":"https:\/\/portaltela.pt\/#\/schema\/person\/c4278d4a6028830caff9ee44b42d32ed"},"breadcrumb":{"@id":"https:\/\/portaltela.pt\/noticias\/2026\/01\/25\/carros-eletricos-podem-sobrecarregar-a-rede-eletrica\/#breadcrumb"},"inLanguage":"pt-PT","potentialAction":[{"@type":"ReadAction","target":["https:\/\/portaltela.pt\/noticias\/2026\/01\/25\/carros-eletricos-podem-sobrecarregar-a-rede-eletrica\/"]}]},{"@type":"ImageObject","inLanguage":"pt-PT","@id":"https:\/\/portaltela.pt\/noticias\/2026\/01\/25\/carros-eletricos-podem-sobrecarregar-a-rede-eletrica\/#primaryimage","url":"https:\/\/portaltela.pt\/s.01k8rhncp4jt1\/2026\/01\/unnamed-file-5122.jpg","contentUrl":"https:\/\/portaltela.pt\/s.01k8rhncp4jt1\/2026\/01\/unnamed-file-5122.jpg","width":796,"height":448,"caption":"Os carros el\u00e9tricos podem sobrecarregar a rede?"},{"@type":"BreadcrumbList","@id":"https:\/\/portaltela.pt\/noticias\/2026\/01\/25\/carros-eletricos-podem-sobrecarregar-a-rede-eletrica\/#breadcrumb","itemListElement":[{"@type":"ListItem","position":1,"name":"In\u00edcio","item":"https:\/\/portaltela.pt\/"},{"@type":"ListItem","position":2,"name":"Carros el\u00e9tricos podem sobrecarregar a rede el\u00e9trica"}]},{"@type":"WebSite","@id":"https:\/\/portaltela.pt\/#website","url":"https:\/\/portaltela.pt\/","name":"Portal Tela Portugal","description":"","potentialAction":[{"@type":"SearchAction","target":{"@type":"EntryPoint","urlTemplate":"https:\/\/portaltela.pt\/?s={search_term_string}"},"query-input":{"@type":"PropertyValueSpecification","valueRequired":true,"valueName":"search_term_string"}}],"inLanguage":"pt-PT"},{"@type":"Person","@id":"https:\/\/portaltela.pt\/#\/schema\/person\/c4278d4a6028830caff9ee44b42d32ed","name":"Telinha","image":{"@type":"ImageObject","inLanguage":"pt-PT","@id":"https:\/\/portaltela.pt\/s.01k8rhncp4jt1\/2025\/11\/talking-bot-125x125.png","url":"https:\/\/portaltela.pt\/s.01k8rhncp4jt1\/2025\/11\/talking-bot-125x125.png","contentUrl":"https:\/\/portaltela.pt\/s.01k8rhncp4jt1\/2025\/11\/talking-bot-125x125.png","caption":"Telinha"},"sameAs":["https:\/\/portaltela.pt\/"],"url":"https:\/\/portaltela.pt\/por\/367410592786\/"}]}},"_links":{"self":[{"href":"https:\/\/portaltela.pt\/api\/wp\/v2\/posts\/171779","targetHints":{"allow":["GET"]}}],"collection":[{"href":"https:\/\/portaltela.pt\/api\/wp\/v2\/posts"}],"about":[{"href":"https:\/\/portaltela.pt\/api\/wp\/v2\/types\/post"}],"author":[{"embeddable":true,"href":"https:\/\/portaltela.pt\/api\/wp\/v2\/users\/2"}],"replies":[{"embeddable":true,"href":"https:\/\/portaltela.pt\/api\/wp\/v2\/comments?post=171779"}],"version-history":[{"count":0,"href":"https:\/\/portaltela.pt\/api\/wp\/v2\/posts\/171779\/revisions"}],"wp:featuredmedia":[{"embeddable":true,"href":"https:\/\/portaltela.pt\/api\/wp\/v2\/media\/171796"}],"wp:attachment":[{"href":"https:\/\/portaltela.pt\/api\/wp\/v2\/media?parent=171779"}],"wp:term":[{"taxonomy":"category","embeddable":true,"href":"https:\/\/portaltela.pt\/api\/wp\/v2\/categories?post=171779"},{"taxonomy":"post_tag","embeddable":true,"href":"https:\/\/portaltela.pt\/api\/wp\/v2\/tags?post=171779"}],"curies":[{"name":"wp","href":"https:\/\/api.w.org\/{rel}","templated":true}]}}