{"id":171765,"date":"2026-01-25T07:13:27","date_gmt":"2026-01-25T10:13:27","guid":{"rendered":"https:\/\/portaltela.pt\/noticias\/2026\/01\/25\/depressao-ingrid-deixa-um-morto-um-ferido-e-21-deslocados-em-portugal\/"},"modified":"2026-01-25T07:13:27","modified_gmt":"2026-01-25T10:13:27","slug":"depressao-ingrid-deixa-um-morto-um-ferido-e-21-deslocados-em-portugal","status":"publish","type":"post","link":"https:\/\/portaltela.pt\/noticias\/2026\/01\/25\/depressao-ingrid-deixa-um-morto-um-ferido-e-21-deslocados-em-portugal\/","title":{"rendered":"Depress\u00e3o Ingrid deixa um morto, um ferido e 21 deslocados em Portugal"},"content":{"rendered":"<p>A depress\u00e3o Ingrid, que atravessa Portugal continental, j\u00e1 provocou um morto, um ferido e 21 deslocados, segundo o balan\u00e7o mais recente da Prote\u00e7\u00e3o Civil divulgado hoje. A informa\u00e7\u00e3o contabiliza ocorr\u00eancias desde as 16:00 de quinta-feira at\u00e9 \u00e0s 17:00 desta tarde.<\/p>\n<p>Entre os incidentes, uma viatura ligeira acabou por ser arrastada ao tentar atravessar um curso de \u00e1gua em P\u00earo Moniz, no concelho do Cadaval, facto que resultou na morte de uma pessoa. Em Ponte de Lima, no distrito de Viana do Castelo, houve uma v\u00edtima com ferimentos ap\u00f3s a queda a um ribeiro.<\/p>\n<p>Dos 21 deslocados, 2 foram em Alcoba\u00e7a, 2 no Cartaxo, 3 em Cascais e 14 em Peniche. A intemp\u00e9rie manteve-se especialmente agressiva nas subregi\u00f5es do Oeste, da Grande Lisboa e de Coimbra, conforme a Autoridade Nacional de Emerg\u00eancia e Prote\u00e7\u00e3o Civil.<\/p>\n<h3>Impacto e opera\u00e7\u00f5es<\/h3>\n<p>Ao longo do fen\u00f3meno, registaram-se as principais ocorr\u00eancias: 505 quedas de \u00e1rvores, 459 limpezas de caminhos e estradas, 278 quedas de estruturas, 160 deslizamentos de terra, 136 inunda\u00e7\u00f5es e registos de salvamentos terrestres (2) e aqu\u00e1ticos (5). No total, mobilizaram-se 5.446 operacionais e 2.261 ve\u00edculos.<\/p>\n","protected":false},"excerpt":{"rendered":"<ul>\n<li>A depress\u00e3o Ingrid j\u00e1 provocou um morto, um ferido e 21 deslocados em Portugal continental, segundo o balan\u00e7o mais recente da Prote\u00e7\u00e3o Civil.<\/li>\n<li>O \u00f3bito ocorreu em P\u00earo Moniz, Cadaval, ap\u00f3s a viatura ligeira ser arrastada ao atravessar um curso de \u00e1gua.<\/li>\n<li>Uma pessoa ficou ferida em Ponte de Lima, junto a um ribeiro.<\/li>\n<li>Existem 21 desalojados: Alcoba\u00e7a (2), Cartaxo (2), Cascais (3) e Peniche (14).<\/li>\n<li>Entre as 16h de quinta-feira e as 17h de hoje foram registados 1.545 incidentes, com as sub-regi\u00f5es do Oeste, Grande Lisboa e Coimbra a registarem mais ocorr\u00eancias; destacam-se quedas de \u00e1rvores, limpeza de vias, quedas de estruturas e deslizamentos, mobilizando 5.446 operacionais e 2.261 ve\u00edculos.<\/li>\n<\/ul>\n","protected":false},"author":2,"featured_media":171793,"comment_status":"closed","ping_status":"closed","sticky":false,"template":"","format":"standard","meta":{"footnotes":""},"categories":[1],"tags":[3812,2148,4050,1111,2293,4210],"class_list":["post-171765","post","type-post","status-publish","format-standard","has-post-thumbnail","hentry","category-noticias","tag-alagamentos","tag-alcobaca","tag-cadaval","tag-cascais","tag-inundacoes","tag-ponte-de-lima"],"yoast_head":"<!-- This site is optimized with the Yoast SEO plugin v27.2 - https:\/\/yoast.com\/product\/yoast-seo-wordpress\/ -->\n<title>Depress\u00e3o Ingrid deixa um morto, um ferido e 21 deslocados em Portugal - Portal Tela Portugal<\/title>\n<meta name=\"robots\" content=\"index, follow, max-snippet:-1, max-image-preview:large, max-video-preview:-1\" \/>\n<meta property=\"og:locale\" content=\"pt_PT\" \/>\n<meta property=\"og:type\" content=\"article\" \/>\n<meta property=\"og:title\" content=\"Depress\u00e3o Ingrid deixa um morto, um ferido e 21 deslocados em Portugal - Portal Tela Portugal\" \/>\n<meta property=\"og:description\" content=\"A depress\u00e3o Ingrid j\u00e1 provocou um morto, um ferido e 21 deslocados em Portugal continental, segundo o balan\u00e7o mais recente da Prote\u00e7\u00e3o Civil. O \u00f3bito ocorreu em P\u00earo Moniz, Cadaval, ap\u00f3s a viatura ligeira ser arrastada ao atravessar um curso de \u00e1gua. Uma pessoa ficou ferida em Ponte de Lima, junto a um ribeiro. Existem 21 desalojados: Alcoba\u00e7a (2), Cartaxo (2), Cascais (3) e Peniche (14). Entre as 16h de quinta-feira e as 17h de hoje foram registados 1.545 incidentes, com as sub-regi\u00f5es do Oeste, Grande Lisboa e Coimbra a registarem mais ocorr\u00eancias; destacam-se quedas de \u00e1rvores, limpeza de vias, quedas de estruturas e deslizamentos, mobilizando 5.446 operacionais e 2.261 ve\u00edculos.\" \/>\n<meta property=\"og:url\" content=\"https:\/\/portaltela.pt\/noticias\/2026\/01\/25\/depressao-ingrid-deixa-um-morto-um-ferido-e-21-deslocados-em-portugal\/\" \/>\n<meta property=\"og:site_name\" content=\"Portal Tela Portugal\" \/>\n<meta property=\"article:published_time\" content=\"2026-01-25T10:13:27+00:00\" \/>\n<meta name=\"author\" content=\"Telinha\" \/>\n<meta name=\"twitter:card\" content=\"summary_large_image\" \/>\n<meta name=\"twitter:label1\" content=\"Escrito por\" \/>\n\t<meta name=\"twitter:data1\" content=\"Telinha\" \/>\n\t<meta name=\"twitter:label2\" content=\"Tempo estimado de leitura\" \/>\n\t<meta name=\"twitter:data2\" content=\"1 minuto\" \/>\n<script type=\"application\/ld+json\" class=\"yoast-schema-graph\">{\"@context\":\"https:\/\/schema.org\",\"@graph\":[{\"@type\":\"Article\",\"@id\":\"https:\/\/portaltela.pt\/noticias\/2026\/01\/25\/depressao-ingrid-deixa-um-morto-um-ferido-e-21-deslocados-em-portugal\/#article\",\"isPartOf\":{\"@id\":\"https:\/\/portaltela.pt\/noticias\/2026\/01\/25\/depressao-ingrid-deixa-um-morto-um-ferido-e-21-deslocados-em-portugal\/\"},\"author\":{\"name\":\"Telinha\",\"@id\":\"https:\/\/portaltela.pt\/#\/schema\/person\/c4278d4a6028830caff9ee44b42d32ed\"},\"headline\":\"Depress\u00e3o Ingrid deixa um morto, um ferido e 21 deslocados em Portugal\",\"datePublished\":\"2026-01-25T10:13:27+00:00\",\"mainEntityOfPage\":{\"@id\":\"https:\/\/portaltela.pt\/noticias\/2026\/01\/25\/depressao-ingrid-deixa-um-morto-um-ferido-e-21-deslocados-em-portugal\/\"},\"wordCount\":196,\"image\":{\"@id\":\"https:\/\/portaltela.pt\/noticias\/2026\/01\/25\/depressao-ingrid-deixa-um-morto-um-ferido-e-21-deslocados-em-portugal\/#primaryimage\"},\"thumbnailUrl\":\"https:\/\/portaltela.pt\/s.01k8rhncp4jt1\/2026\/01\/unnamed-file-5121.jpg\",\"keywords\":[\"alagamentos\",\"Alcoba\u00e7a\",\"Cadaval\",\"Cascais\",\"inunda\u00e7\u00f5es\",\"Ponte de Lima\"],\"articleSection\":[\"Not\u00edcias\"],\"inLanguage\":\"pt-PT\"},{\"@type\":\"WebPage\",\"@id\":\"https:\/\/portaltela.pt\/noticias\/2026\/01\/25\/depressao-ingrid-deixa-um-morto-um-ferido-e-21-deslocados-em-portugal\/\",\"url\":\"https:\/\/portaltela.pt\/noticias\/2026\/01\/25\/depressao-ingrid-deixa-um-morto-um-ferido-e-21-deslocados-em-portugal\/\",\"name\":\"Depress\u00e3o Ingrid deixa um morto, um ferido e 21 deslocados em Portugal - Portal Tela Portugal\",\"isPartOf\":{\"@id\":\"https:\/\/portaltela.pt\/#website\"},\"primaryImageOfPage\":{\"@id\":\"https:\/\/portaltela.pt\/noticias\/2026\/01\/25\/depressao-ingrid-deixa-um-morto-um-ferido-e-21-deslocados-em-portugal\/#primaryimage\"},\"image\":{\"@id\":\"https:\/\/portaltela.pt\/noticias\/2026\/01\/25\/depressao-ingrid-deixa-um-morto-um-ferido-e-21-deslocados-em-portugal\/#primaryimage\"},\"thumbnailUrl\":\"https:\/\/portaltela.pt\/s.01k8rhncp4jt1\/2026\/01\/unnamed-file-5121.jpg\",\"datePublished\":\"2026-01-25T10:13:27+00:00\",\"author\":{\"@id\":\"https:\/\/portaltela.pt\/#\/schema\/person\/c4278d4a6028830caff9ee44b42d32ed\"},\"breadcrumb\":{\"@id\":\"https:\/\/portaltela.pt\/noticias\/2026\/01\/25\/depressao-ingrid-deixa-um-morto-um-ferido-e-21-deslocados-em-portugal\/#breadcrumb\"},\"inLanguage\":\"pt-PT\",\"potentialAction\":[{\"@type\":\"ReadAction\",\"target\":[\"https:\/\/portaltela.pt\/noticias\/2026\/01\/25\/depressao-ingrid-deixa-um-morto-um-ferido-e-21-deslocados-em-portugal\/\"]}]},{\"@type\":\"ImageObject\",\"inLanguage\":\"pt-PT\",\"@id\":\"https:\/\/portaltela.pt\/noticias\/2026\/01\/25\/depressao-ingrid-deixa-um-morto-um-ferido-e-21-deslocados-em-portugal\/#primaryimage\",\"url\":\"https:\/\/portaltela.pt\/s.01k8rhncp4jt1\/2026\/01\/unnamed-file-5121.jpg\",\"contentUrl\":\"https:\/\/portaltela.pt\/s.01k8rhncp4jt1\/2026\/01\/unnamed-file-5121.jpg\",\"width\":796,\"height\":448,\"caption\":\"Depress\u00e3o Ingrid j\u00e1 causou em Portugal continental um morto, um ferido e 21 deslocados\"},{\"@type\":\"BreadcrumbList\",\"@id\":\"https:\/\/portaltela.pt\/noticias\/2026\/01\/25\/depressao-ingrid-deixa-um-morto-um-ferido-e-21-deslocados-em-portugal\/#breadcrumb\",\"itemListElement\":[{\"@type\":\"ListItem\",\"position\":1,\"name\":\"In\u00edcio\",\"item\":\"https:\/\/portaltela.pt\/\"},{\"@type\":\"ListItem\",\"position\":2,\"name\":\"Depress\u00e3o Ingrid deixa um morto, um ferido e 21 deslocados em Portugal\"}]},{\"@type\":\"WebSite\",\"@id\":\"https:\/\/portaltela.pt\/#website\",\"url\":\"https:\/\/portaltela.pt\/\",\"name\":\"Portal Tela Portugal\",\"description\":\"\",\"potentialAction\":[{\"@type\":\"SearchAction\",\"target\":{\"@type\":\"EntryPoint\",\"urlTemplate\":\"https:\/\/portaltela.pt\/?s={search_term_string}\"},\"query-input\":{\"@type\":\"PropertyValueSpecification\",\"valueRequired\":true,\"valueName\":\"search_term_string\"}}],\"inLanguage\":\"pt-PT\"},{\"@type\":\"Person\",\"@id\":\"https:\/\/portaltela.pt\/#\/schema\/person\/c4278d4a6028830caff9ee44b42d32ed\",\"name\":\"Telinha\",\"image\":{\"@type\":\"ImageObject\",\"inLanguage\":\"pt-PT\",\"@id\":\"https:\/\/portaltela.pt\/s.01k8rhncp4jt1\/2025\/11\/talking-bot-125x125.png\",\"url\":\"https:\/\/portaltela.pt\/s.01k8rhncp4jt1\/2025\/11\/talking-bot-125x125.png\",\"contentUrl\":\"https:\/\/portaltela.pt\/s.01k8rhncp4jt1\/2025\/11\/talking-bot-125x125.png\",\"caption\":\"Telinha\"},\"sameAs\":[\"https:\/\/portaltela.pt\/\"],\"url\":\"https:\/\/portaltela.pt\/por\/367410592786\/\"}]}<\/script>\n<!-- \/ Yoast SEO plugin. -->","yoast_head_json":{"title":"Depress\u00e3o Ingrid deixa um morto, um ferido e 21 deslocados em Portugal - Portal Tela Portugal","robots":{"index":"index","follow":"follow","max-snippet":"max-snippet:-1","max-image-preview":"max-image-preview:large","max-video-preview":"max-video-preview:-1"},"og_locale":"pt_PT","og_type":"article","og_title":"Depress\u00e3o Ingrid deixa um morto, um ferido e 21 deslocados em Portugal - Portal Tela Portugal","og_description":"A depress\u00e3o Ingrid j\u00e1 provocou um morto, um ferido e 21 deslocados em Portugal continental, segundo o balan\u00e7o mais recente da Prote\u00e7\u00e3o Civil. O \u00f3bito ocorreu em P\u00earo Moniz, Cadaval, ap\u00f3s a viatura ligeira ser arrastada ao atravessar um curso de \u00e1gua. Uma pessoa ficou ferida em Ponte de Lima, junto a um ribeiro. Existem 21 desalojados: Alcoba\u00e7a (2), Cartaxo (2), Cascais (3) e Peniche (14). Entre as 16h de quinta-feira e as 17h de hoje foram registados 1.545 incidentes, com as sub-regi\u00f5es do Oeste, Grande Lisboa e Coimbra a registarem mais ocorr\u00eancias; destacam-se quedas de \u00e1rvores, limpeza de vias, quedas de estruturas e deslizamentos, mobilizando 5.446 operacionais e 2.261 ve\u00edculos.","og_url":"https:\/\/portaltela.pt\/noticias\/2026\/01\/25\/depressao-ingrid-deixa-um-morto-um-ferido-e-21-deslocados-em-portugal\/","og_site_name":"Portal Tela Portugal","article_published_time":"2026-01-25T10:13:27+00:00","author":"Telinha","twitter_card":"summary_large_image","twitter_misc":{"Escrito por":"Telinha","Tempo estimado de leitura":"1 minuto"},"schema":{"@context":"https:\/\/schema.org","@graph":[{"@type":"Article","@id":"https:\/\/portaltela.pt\/noticias\/2026\/01\/25\/depressao-ingrid-deixa-um-morto-um-ferido-e-21-deslocados-em-portugal\/#article","isPartOf":{"@id":"https:\/\/portaltela.pt\/noticias\/2026\/01\/25\/depressao-ingrid-deixa-um-morto-um-ferido-e-21-deslocados-em-portugal\/"},"author":{"name":"Telinha","@id":"https:\/\/portaltela.pt\/#\/schema\/person\/c4278d4a6028830caff9ee44b42d32ed"},"headline":"Depress\u00e3o Ingrid deixa um morto, um ferido e 21 deslocados em Portugal","datePublished":"2026-01-25T10:13:27+00:00","mainEntityOfPage":{"@id":"https:\/\/portaltela.pt\/noticias\/2026\/01\/25\/depressao-ingrid-deixa-um-morto-um-ferido-e-21-deslocados-em-portugal\/"},"wordCount":196,"image":{"@id":"https:\/\/portaltela.pt\/noticias\/2026\/01\/25\/depressao-ingrid-deixa-um-morto-um-ferido-e-21-deslocados-em-portugal\/#primaryimage"},"thumbnailUrl":"https:\/\/portaltela.pt\/s.01k8rhncp4jt1\/2026\/01\/unnamed-file-5121.jpg","keywords":["alagamentos","Alcoba\u00e7a","Cadaval","Cascais","inunda\u00e7\u00f5es","Ponte de Lima"],"articleSection":["Not\u00edcias"],"inLanguage":"pt-PT"},{"@type":"WebPage","@id":"https:\/\/portaltela.pt\/noticias\/2026\/01\/25\/depressao-ingrid-deixa-um-morto-um-ferido-e-21-deslocados-em-portugal\/","url":"https:\/\/portaltela.pt\/noticias\/2026\/01\/25\/depressao-ingrid-deixa-um-morto-um-ferido-e-21-deslocados-em-portugal\/","name":"Depress\u00e3o Ingrid deixa um morto, um ferido e 21 deslocados em Portugal - Portal Tela Portugal","isPartOf":{"@id":"https:\/\/portaltela.pt\/#website"},"primaryImageOfPage":{"@id":"https:\/\/portaltela.pt\/noticias\/2026\/01\/25\/depressao-ingrid-deixa-um-morto-um-ferido-e-21-deslocados-em-portugal\/#primaryimage"},"image":{"@id":"https:\/\/portaltela.pt\/noticias\/2026\/01\/25\/depressao-ingrid-deixa-um-morto-um-ferido-e-21-deslocados-em-portugal\/#primaryimage"},"thumbnailUrl":"https:\/\/portaltela.pt\/s.01k8rhncp4jt1\/2026\/01\/unnamed-file-5121.jpg","datePublished":"2026-01-25T10:13:27+00:00","author":{"@id":"https:\/\/portaltela.pt\/#\/schema\/person\/c4278d4a6028830caff9ee44b42d32ed"},"breadcrumb":{"@id":"https:\/\/portaltela.pt\/noticias\/2026\/01\/25\/depressao-ingrid-deixa-um-morto-um-ferido-e-21-deslocados-em-portugal\/#breadcrumb"},"inLanguage":"pt-PT","potentialAction":[{"@type":"ReadAction","target":["https:\/\/portaltela.pt\/noticias\/2026\/01\/25\/depressao-ingrid-deixa-um-morto-um-ferido-e-21-deslocados-em-portugal\/"]}]},{"@type":"ImageObject","inLanguage":"pt-PT","@id":"https:\/\/portaltela.pt\/noticias\/2026\/01\/25\/depressao-ingrid-deixa-um-morto-um-ferido-e-21-deslocados-em-portugal\/#primaryimage","url":"https:\/\/portaltela.pt\/s.01k8rhncp4jt1\/2026\/01\/unnamed-file-5121.jpg","contentUrl":"https:\/\/portaltela.pt\/s.01k8rhncp4jt1\/2026\/01\/unnamed-file-5121.jpg","width":796,"height":448,"caption":"Depress\u00e3o Ingrid j\u00e1 causou em Portugal continental um morto, um ferido e 21 deslocados"},{"@type":"BreadcrumbList","@id":"https:\/\/portaltela.pt\/noticias\/2026\/01\/25\/depressao-ingrid-deixa-um-morto-um-ferido-e-21-deslocados-em-portugal\/#breadcrumb","itemListElement":[{"@type":"ListItem","position":1,"name":"In\u00edcio","item":"https:\/\/portaltela.pt\/"},{"@type":"ListItem","position":2,"name":"Depress\u00e3o Ingrid deixa um morto, um ferido e 21 deslocados em Portugal"}]},{"@type":"WebSite","@id":"https:\/\/portaltela.pt\/#website","url":"https:\/\/portaltela.pt\/","name":"Portal Tela Portugal","description":"","potentialAction":[{"@type":"SearchAction","target":{"@type":"EntryPoint","urlTemplate":"https:\/\/portaltela.pt\/?s={search_term_string}"},"query-input":{"@type":"PropertyValueSpecification","valueRequired":true,"valueName":"search_term_string"}}],"inLanguage":"pt-PT"},{"@type":"Person","@id":"https:\/\/portaltela.pt\/#\/schema\/person\/c4278d4a6028830caff9ee44b42d32ed","name":"Telinha","image":{"@type":"ImageObject","inLanguage":"pt-PT","@id":"https:\/\/portaltela.pt\/s.01k8rhncp4jt1\/2025\/11\/talking-bot-125x125.png","url":"https:\/\/portaltela.pt\/s.01k8rhncp4jt1\/2025\/11\/talking-bot-125x125.png","contentUrl":"https:\/\/portaltela.pt\/s.01k8rhncp4jt1\/2025\/11\/talking-bot-125x125.png","caption":"Telinha"},"sameAs":["https:\/\/portaltela.pt\/"],"url":"https:\/\/portaltela.pt\/por\/367410592786\/"}]}},"_links":{"self":[{"href":"https:\/\/portaltela.pt\/api\/wp\/v2\/posts\/171765","targetHints":{"allow":["GET"]}}],"collection":[{"href":"https:\/\/portaltela.pt\/api\/wp\/v2\/posts"}],"about":[{"href":"https:\/\/portaltela.pt\/api\/wp\/v2\/types\/post"}],"author":[{"embeddable":true,"href":"https:\/\/portaltela.pt\/api\/wp\/v2\/users\/2"}],"replies":[{"embeddable":true,"href":"https:\/\/portaltela.pt\/api\/wp\/v2\/comments?post=171765"}],"version-history":[{"count":0,"href":"https:\/\/portaltela.pt\/api\/wp\/v2\/posts\/171765\/revisions"}],"wp:featuredmedia":[{"embeddable":true,"href":"https:\/\/portaltela.pt\/api\/wp\/v2\/media\/171793"}],"wp:attachment":[{"href":"https:\/\/portaltela.pt\/api\/wp\/v2\/media?parent=171765"}],"wp:term":[{"taxonomy":"category","embeddable":true,"href":"https:\/\/portaltela.pt\/api\/wp\/v2\/categories?post=171765"},{"taxonomy":"post_tag","embeddable":true,"href":"https:\/\/portaltela.pt\/api\/wp\/v2\/tags?post=171765"}],"curies":[{"name":"wp","href":"https:\/\/api.w.org\/{rel}","templated":true}]}}