{"id":171747,"date":"2026-01-25T07:03:05","date_gmt":"2026-01-25T10:03:05","guid":{"rendered":"https:\/\/portaltela.pt\/noticias\/2026\/01\/25\/obras-de-requalificacao-do-largo-da-feira-do-bilho-ja-comecaram\/"},"modified":"2026-01-25T07:03:05","modified_gmt":"2026-01-25T10:03:05","slug":"obras-de-requalificacao-do-largo-da-feira-do-bilho-ja-comecaram","status":"publish","type":"post","link":"https:\/\/portaltela.pt\/noticias\/2026\/01\/25\/obras-de-requalificacao-do-largo-da-feira-do-bilho-ja-comecaram\/","title":{"rendered":"Obras de requalifica\u00e7\u00e3o do Largo da Feira do Bilh\u00f3 j\u00e1 come\u00e7aram"},"content":{"rendered":"<p>Os trabalhos de requalifica\u00e7\u00e3o do Largo da Feira de Bilh\u00f3 j\u00e1 arrancaram, representando um investimento de cerca de 286 mil euros, com o apoio do programa Norte 2030. A interven\u00e7\u00e3o visa melhorar a qualidade do espa\u00e7o p\u00fablico na freguesia de Bilh\u00f3.<\/p>\n<p>Bruno Ferreira, presidente da autarquia mondinense, acompanhou o arranque da obra e destacou a relev\u00e2ncia da interven\u00e7\u00e3o para a valoriza\u00e7\u00e3o do espa\u00e7o e para a din\u00e2mica social e econ\u00f3mica local.<\/p>\n<h3>Detalhes da interven\u00e7\u00e3o<\/h3>\n<p>A requalifica\u00e7\u00e3o inclui melhoria de pavimentos, novo mobili\u00e1rio urbano e cria\u00e7\u00e3o de \u00e1reas de estacionamento. Ser\u00e3o ainda introduzidos elementos l\u00fadicos no parque infantil e plantadas \u00e1rvores, al\u00e9m da instala\u00e7\u00e3o de um terminal para esta\u00e7\u00e3o de servi\u00e7os multiusos para autocaravanas.<\/p>\n<h3>Objetivos e impactos<\/h3>\n<p>O objetivo \u00e9 tornar o Largo da Feira de Bilh\u00f3 mais funcional, seguro e atrativo, servindo de ponto de encontro da comunidade e de base para atividades econ\u00f3micas e sociais na freguesia.<\/p>\n","protected":false},"excerpt":{"rendered":"<ul>\n<li>As obras de requalifica\u00e7\u00e3o do Largo da Feira do Bilh\u00f3 j\u00e1 come\u00e7aram, com um investimento de cerca de 286 mil euros e apoio do programa Norte 2030.<\/li>\n<li>O objetivo \u00e9 reorganizar e qualificar o espa\u00e7o, incluindo melhoria dos pavimentos e instala\u00e7\u00e3o de novo mobili\u00e1rio urbano.<\/li>\n<li>Ser\u00e3o criadas \u00e1reas de estacionamento, novos elementos l\u00fadicos no parque infantil e plantadas \u00e1rvores.<\/li>\n<li>Vai ainda ser instalado um terminal para esta\u00e7\u00e3o de servi\u00e7os multiusos para autocaravanas.<\/li>\n<li>O presidente da autarquia, Bruno Ferreira, acompanhou o arranque do projeto e destacou a valoriza\u00e7\u00e3o do espa\u00e7o p\u00fablico e a dinamiza\u00e7\u00e3o social e econ\u00f3mica da freguesia de Bilh\u00f3.<\/li>\n<\/ul>\n","protected":false},"author":2,"featured_media":171755,"comment_status":"closed","ping_status":"closed","sticky":false,"template":"","format":"standard","meta":{"footnotes":""},"categories":[1],"tags":[2257,316,845,4016,3148,2433],"class_list":["post-171747","post","type-post","status-publish","format-standard","has-post-thumbnail","hentry","category-noticias","tag-espacos-publicos","tag-investimento","tag-mobiliario","tag-mondim-de-basto","tag-planeamento-urbano","tag-requalificacao-urbana"],"yoast_head":"<!-- This site is optimized with the Yoast SEO plugin v27.2 - https:\/\/yoast.com\/product\/yoast-seo-wordpress\/ -->\n<title>Obras de requalifica\u00e7\u00e3o do Largo da Feira do Bilh\u00f3 j\u00e1 come\u00e7aram - Portal Tela Portugal<\/title>\n<meta name=\"robots\" content=\"index, follow, max-snippet:-1, max-image-preview:large, max-video-preview:-1\" \/>\n<meta property=\"og:locale\" content=\"pt_PT\" \/>\n<meta property=\"og:type\" content=\"article\" \/>\n<meta property=\"og:title\" content=\"Obras de requalifica\u00e7\u00e3o do Largo da Feira do Bilh\u00f3 j\u00e1 come\u00e7aram - Portal Tela Portugal\" \/>\n<meta property=\"og:description\" content=\"As obras de requalifica\u00e7\u00e3o do Largo da Feira do Bilh\u00f3 j\u00e1 come\u00e7aram, com um investimento de cerca de 286 mil euros e apoio do programa Norte 2030. O objetivo \u00e9 reorganizar e qualificar o espa\u00e7o, incluindo melhoria dos pavimentos e instala\u00e7\u00e3o de novo mobili\u00e1rio urbano. Ser\u00e3o criadas \u00e1reas de estacionamento, novos elementos l\u00fadicos no parque infantil e plantadas \u00e1rvores. Vai ainda ser instalado um terminal para esta\u00e7\u00e3o de servi\u00e7os multiusos para autocaravanas. O presidente da autarquia, Bruno Ferreira, acompanhou o arranque do projeto e destacou a valoriza\u00e7\u00e3o do espa\u00e7o p\u00fablico e a dinamiza\u00e7\u00e3o social e econ\u00f3mica da freguesia de Bilh\u00f3.\" \/>\n<meta property=\"og:url\" content=\"https:\/\/portaltela.pt\/noticias\/2026\/01\/25\/obras-de-requalificacao-do-largo-da-feira-do-bilho-ja-comecaram\/\" \/>\n<meta property=\"og:site_name\" content=\"Portal Tela Portugal\" \/>\n<meta property=\"article:published_time\" content=\"2026-01-25T10:03:05+00:00\" \/>\n<meta name=\"author\" content=\"Telinha\" \/>\n<meta name=\"twitter:card\" content=\"summary_large_image\" \/>\n<meta name=\"twitter:label1\" content=\"Escrito por\" \/>\n\t<meta name=\"twitter:data1\" content=\"Telinha\" \/>\n\t<meta name=\"twitter:label2\" content=\"Tempo estimado de leitura\" \/>\n\t<meta name=\"twitter:data2\" content=\"1 minuto\" \/>\n<script type=\"application\/ld+json\" class=\"yoast-schema-graph\">{\"@context\":\"https:\/\/schema.org\",\"@graph\":[{\"@type\":\"Article\",\"@id\":\"https:\/\/portaltela.pt\/noticias\/2026\/01\/25\/obras-de-requalificacao-do-largo-da-feira-do-bilho-ja-comecaram\/#article\",\"isPartOf\":{\"@id\":\"https:\/\/portaltela.pt\/noticias\/2026\/01\/25\/obras-de-requalificacao-do-largo-da-feira-do-bilho-ja-comecaram\/\"},\"author\":{\"name\":\"Telinha\",\"@id\":\"https:\/\/portaltela.pt\/#\/schema\/person\/c4278d4a6028830caff9ee44b42d32ed\"},\"headline\":\"Obras de requalifica\u00e7\u00e3o do Largo da Feira do Bilh\u00f3 j\u00e1 come\u00e7aram\",\"datePublished\":\"2026-01-25T10:03:05+00:00\",\"mainEntityOfPage\":{\"@id\":\"https:\/\/portaltela.pt\/noticias\/2026\/01\/25\/obras-de-requalificacao-do-largo-da-feira-do-bilho-ja-comecaram\/\"},\"wordCount\":179,\"image\":{\"@id\":\"https:\/\/portaltela.pt\/noticias\/2026\/01\/25\/obras-de-requalificacao-do-largo-da-feira-do-bilho-ja-comecaram\/#primaryimage\"},\"thumbnailUrl\":\"https:\/\/portaltela.pt\/s.01k8rhncp4jt1\/2026\/01\/unnamed-file-5116.jpg\",\"keywords\":[\"Espa\u00e7os p\u00fablicos\",\"investimento\",\"mobili\u00e1rio\",\"Mondim de Basto\",\"planeamento urbano\",\"requalifica\u00e7\u00e3o urbana\"],\"articleSection\":[\"Not\u00edcias\"],\"inLanguage\":\"pt-PT\"},{\"@type\":\"WebPage\",\"@id\":\"https:\/\/portaltela.pt\/noticias\/2026\/01\/25\/obras-de-requalificacao-do-largo-da-feira-do-bilho-ja-comecaram\/\",\"url\":\"https:\/\/portaltela.pt\/noticias\/2026\/01\/25\/obras-de-requalificacao-do-largo-da-feira-do-bilho-ja-comecaram\/\",\"name\":\"Obras de requalifica\u00e7\u00e3o do Largo da Feira do Bilh\u00f3 j\u00e1 come\u00e7aram - Portal Tela Portugal\",\"isPartOf\":{\"@id\":\"https:\/\/portaltela.pt\/#website\"},\"primaryImageOfPage\":{\"@id\":\"https:\/\/portaltela.pt\/noticias\/2026\/01\/25\/obras-de-requalificacao-do-largo-da-feira-do-bilho-ja-comecaram\/#primaryimage\"},\"image\":{\"@id\":\"https:\/\/portaltela.pt\/noticias\/2026\/01\/25\/obras-de-requalificacao-do-largo-da-feira-do-bilho-ja-comecaram\/#primaryimage\"},\"thumbnailUrl\":\"https:\/\/portaltela.pt\/s.01k8rhncp4jt1\/2026\/01\/unnamed-file-5116.jpg\",\"datePublished\":\"2026-01-25T10:03:05+00:00\",\"author\":{\"@id\":\"https:\/\/portaltela.pt\/#\/schema\/person\/c4278d4a6028830caff9ee44b42d32ed\"},\"breadcrumb\":{\"@id\":\"https:\/\/portaltela.pt\/noticias\/2026\/01\/25\/obras-de-requalificacao-do-largo-da-feira-do-bilho-ja-comecaram\/#breadcrumb\"},\"inLanguage\":\"pt-PT\",\"potentialAction\":[{\"@type\":\"ReadAction\",\"target\":[\"https:\/\/portaltela.pt\/noticias\/2026\/01\/25\/obras-de-requalificacao-do-largo-da-feira-do-bilho-ja-comecaram\/\"]}]},{\"@type\":\"ImageObject\",\"inLanguage\":\"pt-PT\",\"@id\":\"https:\/\/portaltela.pt\/noticias\/2026\/01\/25\/obras-de-requalificacao-do-largo-da-feira-do-bilho-ja-comecaram\/#primaryimage\",\"url\":\"https:\/\/portaltela.pt\/s.01k8rhncp4jt1\/2026\/01\/unnamed-file-5116.jpg\",\"contentUrl\":\"https:\/\/portaltela.pt\/s.01k8rhncp4jt1\/2026\/01\/unnamed-file-5116.jpg\",\"width\":796,\"height\":448,\"caption\":\"Obras de requalifica\u00e7\u00e3o do Largo da Feira do Bilh\u00f3 j\u00e1 come\u00e7aram\"},{\"@type\":\"BreadcrumbList\",\"@id\":\"https:\/\/portaltela.pt\/noticias\/2026\/01\/25\/obras-de-requalificacao-do-largo-da-feira-do-bilho-ja-comecaram\/#breadcrumb\",\"itemListElement\":[{\"@type\":\"ListItem\",\"position\":1,\"name\":\"In\u00edcio\",\"item\":\"https:\/\/portaltela.pt\/\"},{\"@type\":\"ListItem\",\"position\":2,\"name\":\"Obras de requalifica\u00e7\u00e3o do Largo da Feira do Bilh\u00f3 j\u00e1 come\u00e7aram\"}]},{\"@type\":\"WebSite\",\"@id\":\"https:\/\/portaltela.pt\/#website\",\"url\":\"https:\/\/portaltela.pt\/\",\"name\":\"Portal Tela Portugal\",\"description\":\"\",\"potentialAction\":[{\"@type\":\"SearchAction\",\"target\":{\"@type\":\"EntryPoint\",\"urlTemplate\":\"https:\/\/portaltela.pt\/?s={search_term_string}\"},\"query-input\":{\"@type\":\"PropertyValueSpecification\",\"valueRequired\":true,\"valueName\":\"search_term_string\"}}],\"inLanguage\":\"pt-PT\"},{\"@type\":\"Person\",\"@id\":\"https:\/\/portaltela.pt\/#\/schema\/person\/c4278d4a6028830caff9ee44b42d32ed\",\"name\":\"Telinha\",\"image\":{\"@type\":\"ImageObject\",\"inLanguage\":\"pt-PT\",\"@id\":\"https:\/\/portaltela.pt\/s.01k8rhncp4jt1\/2025\/11\/talking-bot-125x125.png\",\"url\":\"https:\/\/portaltela.pt\/s.01k8rhncp4jt1\/2025\/11\/talking-bot-125x125.png\",\"contentUrl\":\"https:\/\/portaltela.pt\/s.01k8rhncp4jt1\/2025\/11\/talking-bot-125x125.png\",\"caption\":\"Telinha\"},\"sameAs\":[\"https:\/\/portaltela.pt\/\"],\"url\":\"https:\/\/portaltela.pt\/por\/367410592786\/\"}]}<\/script>\n<!-- \/ Yoast SEO plugin. -->","yoast_head_json":{"title":"Obras de requalifica\u00e7\u00e3o do Largo da Feira do Bilh\u00f3 j\u00e1 come\u00e7aram - Portal Tela Portugal","robots":{"index":"index","follow":"follow","max-snippet":"max-snippet:-1","max-image-preview":"max-image-preview:large","max-video-preview":"max-video-preview:-1"},"og_locale":"pt_PT","og_type":"article","og_title":"Obras de requalifica\u00e7\u00e3o do Largo da Feira do Bilh\u00f3 j\u00e1 come\u00e7aram - Portal Tela Portugal","og_description":"As obras de requalifica\u00e7\u00e3o do Largo da Feira do Bilh\u00f3 j\u00e1 come\u00e7aram, com um investimento de cerca de 286 mil euros e apoio do programa Norte 2030. O objetivo \u00e9 reorganizar e qualificar o espa\u00e7o, incluindo melhoria dos pavimentos e instala\u00e7\u00e3o de novo mobili\u00e1rio urbano. Ser\u00e3o criadas \u00e1reas de estacionamento, novos elementos l\u00fadicos no parque infantil e plantadas \u00e1rvores. Vai ainda ser instalado um terminal para esta\u00e7\u00e3o de servi\u00e7os multiusos para autocaravanas. O presidente da autarquia, Bruno Ferreira, acompanhou o arranque do projeto e destacou a valoriza\u00e7\u00e3o do espa\u00e7o p\u00fablico e a dinamiza\u00e7\u00e3o social e econ\u00f3mica da freguesia de Bilh\u00f3.","og_url":"https:\/\/portaltela.pt\/noticias\/2026\/01\/25\/obras-de-requalificacao-do-largo-da-feira-do-bilho-ja-comecaram\/","og_site_name":"Portal Tela Portugal","article_published_time":"2026-01-25T10:03:05+00:00","author":"Telinha","twitter_card":"summary_large_image","twitter_misc":{"Escrito por":"Telinha","Tempo estimado de leitura":"1 minuto"},"schema":{"@context":"https:\/\/schema.org","@graph":[{"@type":"Article","@id":"https:\/\/portaltela.pt\/noticias\/2026\/01\/25\/obras-de-requalificacao-do-largo-da-feira-do-bilho-ja-comecaram\/#article","isPartOf":{"@id":"https:\/\/portaltela.pt\/noticias\/2026\/01\/25\/obras-de-requalificacao-do-largo-da-feira-do-bilho-ja-comecaram\/"},"author":{"name":"Telinha","@id":"https:\/\/portaltela.pt\/#\/schema\/person\/c4278d4a6028830caff9ee44b42d32ed"},"headline":"Obras de requalifica\u00e7\u00e3o do Largo da Feira do Bilh\u00f3 j\u00e1 come\u00e7aram","datePublished":"2026-01-25T10:03:05+00:00","mainEntityOfPage":{"@id":"https:\/\/portaltela.pt\/noticias\/2026\/01\/25\/obras-de-requalificacao-do-largo-da-feira-do-bilho-ja-comecaram\/"},"wordCount":179,"image":{"@id":"https:\/\/portaltela.pt\/noticias\/2026\/01\/25\/obras-de-requalificacao-do-largo-da-feira-do-bilho-ja-comecaram\/#primaryimage"},"thumbnailUrl":"https:\/\/portaltela.pt\/s.01k8rhncp4jt1\/2026\/01\/unnamed-file-5116.jpg","keywords":["Espa\u00e7os p\u00fablicos","investimento","mobili\u00e1rio","Mondim de Basto","planeamento urbano","requalifica\u00e7\u00e3o urbana"],"articleSection":["Not\u00edcias"],"inLanguage":"pt-PT"},{"@type":"WebPage","@id":"https:\/\/portaltela.pt\/noticias\/2026\/01\/25\/obras-de-requalificacao-do-largo-da-feira-do-bilho-ja-comecaram\/","url":"https:\/\/portaltela.pt\/noticias\/2026\/01\/25\/obras-de-requalificacao-do-largo-da-feira-do-bilho-ja-comecaram\/","name":"Obras de requalifica\u00e7\u00e3o do Largo da Feira do Bilh\u00f3 j\u00e1 come\u00e7aram - Portal Tela Portugal","isPartOf":{"@id":"https:\/\/portaltela.pt\/#website"},"primaryImageOfPage":{"@id":"https:\/\/portaltela.pt\/noticias\/2026\/01\/25\/obras-de-requalificacao-do-largo-da-feira-do-bilho-ja-comecaram\/#primaryimage"},"image":{"@id":"https:\/\/portaltela.pt\/noticias\/2026\/01\/25\/obras-de-requalificacao-do-largo-da-feira-do-bilho-ja-comecaram\/#primaryimage"},"thumbnailUrl":"https:\/\/portaltela.pt\/s.01k8rhncp4jt1\/2026\/01\/unnamed-file-5116.jpg","datePublished":"2026-01-25T10:03:05+00:00","author":{"@id":"https:\/\/portaltela.pt\/#\/schema\/person\/c4278d4a6028830caff9ee44b42d32ed"},"breadcrumb":{"@id":"https:\/\/portaltela.pt\/noticias\/2026\/01\/25\/obras-de-requalificacao-do-largo-da-feira-do-bilho-ja-comecaram\/#breadcrumb"},"inLanguage":"pt-PT","potentialAction":[{"@type":"ReadAction","target":["https:\/\/portaltela.pt\/noticias\/2026\/01\/25\/obras-de-requalificacao-do-largo-da-feira-do-bilho-ja-comecaram\/"]}]},{"@type":"ImageObject","inLanguage":"pt-PT","@id":"https:\/\/portaltela.pt\/noticias\/2026\/01\/25\/obras-de-requalificacao-do-largo-da-feira-do-bilho-ja-comecaram\/#primaryimage","url":"https:\/\/portaltela.pt\/s.01k8rhncp4jt1\/2026\/01\/unnamed-file-5116.jpg","contentUrl":"https:\/\/portaltela.pt\/s.01k8rhncp4jt1\/2026\/01\/unnamed-file-5116.jpg","width":796,"height":448,"caption":"Obras de requalifica\u00e7\u00e3o do Largo da Feira do Bilh\u00f3 j\u00e1 come\u00e7aram"},{"@type":"BreadcrumbList","@id":"https:\/\/portaltela.pt\/noticias\/2026\/01\/25\/obras-de-requalificacao-do-largo-da-feira-do-bilho-ja-comecaram\/#breadcrumb","itemListElement":[{"@type":"ListItem","position":1,"name":"In\u00edcio","item":"https:\/\/portaltela.pt\/"},{"@type":"ListItem","position":2,"name":"Obras de requalifica\u00e7\u00e3o do Largo da Feira do Bilh\u00f3 j\u00e1 come\u00e7aram"}]},{"@type":"WebSite","@id":"https:\/\/portaltela.pt\/#website","url":"https:\/\/portaltela.pt\/","name":"Portal Tela Portugal","description":"","potentialAction":[{"@type":"SearchAction","target":{"@type":"EntryPoint","urlTemplate":"https:\/\/portaltela.pt\/?s={search_term_string}"},"query-input":{"@type":"PropertyValueSpecification","valueRequired":true,"valueName":"search_term_string"}}],"inLanguage":"pt-PT"},{"@type":"Person","@id":"https:\/\/portaltela.pt\/#\/schema\/person\/c4278d4a6028830caff9ee44b42d32ed","name":"Telinha","image":{"@type":"ImageObject","inLanguage":"pt-PT","@id":"https:\/\/portaltela.pt\/s.01k8rhncp4jt1\/2025\/11\/talking-bot-125x125.png","url":"https:\/\/portaltela.pt\/s.01k8rhncp4jt1\/2025\/11\/talking-bot-125x125.png","contentUrl":"https:\/\/portaltela.pt\/s.01k8rhncp4jt1\/2025\/11\/talking-bot-125x125.png","caption":"Telinha"},"sameAs":["https:\/\/portaltela.pt\/"],"url":"https:\/\/portaltela.pt\/por\/367410592786\/"}]}},"_links":{"self":[{"href":"https:\/\/portaltela.pt\/api\/wp\/v2\/posts\/171747","targetHints":{"allow":["GET"]}}],"collection":[{"href":"https:\/\/portaltela.pt\/api\/wp\/v2\/posts"}],"about":[{"href":"https:\/\/portaltela.pt\/api\/wp\/v2\/types\/post"}],"author":[{"embeddable":true,"href":"https:\/\/portaltela.pt\/api\/wp\/v2\/users\/2"}],"replies":[{"embeddable":true,"href":"https:\/\/portaltela.pt\/api\/wp\/v2\/comments?post=171747"}],"version-history":[{"count":0,"href":"https:\/\/portaltela.pt\/api\/wp\/v2\/posts\/171747\/revisions"}],"wp:featuredmedia":[{"embeddable":true,"href":"https:\/\/portaltela.pt\/api\/wp\/v2\/media\/171755"}],"wp:attachment":[{"href":"https:\/\/portaltela.pt\/api\/wp\/v2\/media?parent=171747"}],"wp:term":[{"taxonomy":"category","embeddable":true,"href":"https:\/\/portaltela.pt\/api\/wp\/v2\/categories?post=171747"},{"taxonomy":"post_tag","embeddable":true,"href":"https:\/\/portaltela.pt\/api\/wp\/v2\/tags?post=171747"}],"curies":[{"name":"wp","href":"https:\/\/api.w.org\/{rel}","templated":true}]}}