{"id":171721,"date":"2026-01-25T06:25:45","date_gmt":"2026-01-25T09:25:45","guid":{"rendered":"https:\/\/portaltela.pt\/noticias\/2026\/01\/25\/trump-afirma-que-os-eua-terao-soberania-sobre-terrenos-de-bases-na-groenlandia\/"},"modified":"2026-01-25T06:25:45","modified_gmt":"2026-01-25T09:25:45","slug":"trump-afirma-que-os-eua-terao-soberania-sobre-terrenos-de-bases-na-groenlandia","status":"publish","type":"post","link":"https:\/\/portaltela.pt\/noticias\/internacional\/2026\/01\/25\/trump-afirma-que-os-eua-terao-soberania-sobre-terrenos-de-bases-na-groenlandia\/","title":{"rendered":"Trump afirma que os EUA ter\u00e3o soberania sobre terrenos de bases na Groenl\u00e2ndia"},"content":{"rendered":"<p>O presidente dos Estados Unidos, Donald Trump, afirmou que Washington passar\u00e1 a deter soberania sobre os terrenos onde venham a ser instaladas bases militares norte-americanas na Gronel\u00e2ndia. A declara\u00e7\u00e3o ocorreu na sequ\u00eancia de um pr\u00e9-acordo alcan\u00e7ado com a NATO, durante o F\u00f3rum Econ\u00f3mico Mundial de Davos, na Su\u00ed\u00e7a.<\/p>\n<p>Em entrevista ao jornal The New York Post, Trump respondeu afirmativamente \u00e0 possibilidade de controlo norte-americano sobre os terrenos destinados a futuras instala\u00e7\u00f5es. O chefe de Estado n\u00e3o avan\u00e7ou detalhes sobre o entendimento preliminar discutido na quarta-feira, ap\u00f3s uma reuni\u00e3o com o secret\u00e1rio-geral da NATO, Mark Rutte.<\/p>\n<p>A exist\u00eancia de uma base militar norte-americana na Gronel\u00e2ndia e o enquadramento hist\u00f3rico do acordo de defesa de 1951, revisto em 2004, s\u00e3o referencias recorrentes. O acordo permitiu a presen\u00e7a militar dos EUA durante a Guerra Fria, com redu\u00e7\u00e3o do n\u00famero de bases desde o p\u00f3s-guerra.<\/p>\n<p>Contexto e desdobramentos recentes<\/p>\n<p>Numa outra comunica\u00e7\u00e3o, Trump recuou de amea\u00e7as de anexar a Gronel\u00e2ndia pela for\u00e7a e de impor tarifas a pa\u00edses europeus que resistissem \u00e0 aquisi\u00e7\u00e3o do territ\u00f3rio. O presidente justificou o interesse estrat\u00e9gico por motivos de seguran\u00e7a nacional, assinalando supostas amea\u00e7as da R\u00fassia e da China, al\u00e9m do valor geopol\u00edtico e dos recursos naturais da regi\u00e3o.<\/p>\n<p>Em declara\u00e7\u00f5es ao canal Fox Business, Trump explicou que os EUA ter\u00e3o \u201cacesso militar total\u201d \u00e0 Gronel\u00e2ndia, indicando que poder\u00e3o colocar l\u00e1 tudo o que for necess\u00e1rio, sem limite temporal.<\/p>\n<p>Modelos de refer\u00eancia<\/p>\n<p>Fontes citadas pelo The New York Times indicam que o modelo de soberania pode assemelhar-se ao regime das bases brit\u00e2nicas no Chipre, que permanecem sob soberania brit\u00e2nica desde a independ\u00eancia do territ\u00f3rio em 1960.<\/p>\n<p>Presen\u00e7a atual na Gronel\u00e2ndia<\/p>\n<p>Atualmente, a presen\u00e7a militar norte-americana na Gronel\u00e2ndia resume-se a uma base, com cerca de 150 militares e mais de 300 funcion\u00e1rios civis, muitos dinamarqueses ou gronelandeses. A redu\u00e7\u00e3o de 17 bases instaladas durante a Segunda Guerra Mundial ocorreu desde 1945.<\/p>\n","protected":false},"excerpt":{"rendered":"<ul>\n<li>O presidente dos EUA, Donald Trump, afirmou que Washington deter\u00e1 soberania sobre os terrenos onde venham a ser instaladas bases militares na Gronel\u00e2ndia.<\/li>\n<li>O an\u00fancio surge ap\u00f3s um pr\u00e9-acordo com a NATO, durante o F\u00f3rum Econ\u00f3mico Mundial de Davos, na Su\u00ed\u00e7a.<\/li>\n<li>Trump deu a entrevista ao The New York Post, mencionando \u201cacesso total\u201d aos terrenos, sem detalhar o acordo preliminar.<\/li>\n<li>A presen\u00e7a militar atual na Gronel\u00e2ndia \u00e9 de uma base, cerca de 150 militares e mais de 300 funcion\u00e1rios civis; o pa\u00eds tem hist\u00f3rico de redu\u00e7\u00e3o de bases desde a Segunda Guerra Mundial.<\/li>\n<li>Fontes indicam que o modelo do pr\u00e9-acordo pode assemelhar-se ao das bases brit\u00e2nicas no Chipre, que permanecem sob soberania do Reino Unido.<\/li>\n<\/ul>\n","protected":false},"author":2,"featured_media":171741,"comment_status":"closed","ping_status":"closed","sticky":false,"template":"","format":"standard","meta":{"footnotes":""},"categories":[4,1],"tags":[3496,1600,1779,3184,2832,3908],"class_list":["post-171721","post","type-post","status-publish","format-standard","has-post-thumbnail","hentry","category-internacional","category-noticias","tag-aliancas-internacionais","tag-estados-unidos","tag-forcas-armadas","tag-gronelandia","tag-politica","tag-seguranca-nacional"],"yoast_head":"<!-- This site is optimized with the Yoast SEO plugin v27.2 - https:\/\/yoast.com\/product\/yoast-seo-wordpress\/ -->\n<title>Trump afirma que os EUA ter\u00e3o soberania sobre terrenos de bases na Groenl\u00e2ndia - Portal Tela Portugal<\/title>\n<meta name=\"robots\" content=\"index, follow, max-snippet:-1, max-image-preview:large, max-video-preview:-1\" \/>\n<meta property=\"og:locale\" content=\"pt_PT\" \/>\n<meta property=\"og:type\" content=\"article\" \/>\n<meta property=\"og:title\" content=\"Trump afirma que os EUA ter\u00e3o soberania sobre terrenos de bases na Groenl\u00e2ndia - Portal Tela Portugal\" \/>\n<meta property=\"og:description\" content=\"O presidente dos EUA, Donald Trump, afirmou que Washington deter\u00e1 soberania sobre os terrenos onde venham a ser instaladas bases militares na Gronel\u00e2ndia. O an\u00fancio surge ap\u00f3s um pr\u00e9-acordo com a NATO, durante o F\u00f3rum Econ\u00f3mico Mundial de Davos, na Su\u00ed\u00e7a. Trump deu a entrevista ao The New York Post, mencionando \u201cacesso total\u201d aos terrenos, sem detalhar o acordo preliminar. A presen\u00e7a militar atual na Gronel\u00e2ndia \u00e9 de uma base, cerca de 150 militares e mais de 300 funcion\u00e1rios civis; o pa\u00eds tem hist\u00f3rico de redu\u00e7\u00e3o de bases desde a Segunda Guerra Mundial. Fontes indicam que o modelo do pr\u00e9-acordo pode assemelhar-se ao das bases brit\u00e2nicas no Chipre, que permanecem sob soberania do Reino Unido.\" \/>\n<meta property=\"og:url\" content=\"https:\/\/portaltela.pt\/noticias\/2026\/01\/25\/trump-afirma-que-os-eua-terao-soberania-sobre-terrenos-de-bases-na-groenlandia\/\" \/>\n<meta property=\"og:site_name\" content=\"Portal Tela Portugal\" \/>\n<meta property=\"article:published_time\" content=\"2026-01-25T09:25:45+00:00\" \/>\n<meta name=\"author\" content=\"Telinha\" \/>\n<meta name=\"twitter:card\" content=\"summary_large_image\" \/>\n<meta name=\"twitter:label1\" content=\"Escrito por\" \/>\n\t<meta name=\"twitter:data1\" content=\"Telinha\" \/>\n\t<meta name=\"twitter:label2\" content=\"Tempo estimado de leitura\" \/>\n\t<meta name=\"twitter:data2\" content=\"2 minutos\" \/>\n<script type=\"application\/ld+json\" class=\"yoast-schema-graph\">{\"@context\":\"https:\/\/schema.org\",\"@graph\":[{\"@type\":\"Article\",\"@id\":\"https:\/\/portaltela.pt\/noticias\/2026\/01\/25\/trump-afirma-que-os-eua-terao-soberania-sobre-terrenos-de-bases-na-groenlandia\/#article\",\"isPartOf\":{\"@id\":\"https:\/\/portaltela.pt\/noticias\/2026\/01\/25\/trump-afirma-que-os-eua-terao-soberania-sobre-terrenos-de-bases-na-groenlandia\/\"},\"author\":{\"name\":\"Telinha\",\"@id\":\"https:\/\/portaltela.pt\/#\/schema\/person\/c4278d4a6028830caff9ee44b42d32ed\"},\"headline\":\"Trump afirma que os EUA ter\u00e3o soberania sobre terrenos de bases na Groenl\u00e2ndia\",\"datePublished\":\"2026-01-25T09:25:45+00:00\",\"mainEntityOfPage\":{\"@id\":\"https:\/\/portaltela.pt\/noticias\/2026\/01\/25\/trump-afirma-que-os-eua-terao-soberania-sobre-terrenos-de-bases-na-groenlandia\/\"},\"wordCount\":368,\"image\":{\"@id\":\"https:\/\/portaltela.pt\/noticias\/2026\/01\/25\/trump-afirma-que-os-eua-terao-soberania-sobre-terrenos-de-bases-na-groenlandia\/#primaryimage\"},\"thumbnailUrl\":\"https:\/\/portaltela.pt\/s.01k8rhncp4jt1\/2026\/01\/unnamed-file-5113.jpg\",\"keywords\":[\"alian\u00e7as internacionais\",\"Estados Unidos\",\"For\u00e7as Armadas\",\"Gronel\u00c3\u00a2ndia\",\"pol\u00edtica\",\"Seguran\u00e7a Nacional\"],\"articleSection\":[\"Internacional\",\"Not\u00edcias\"],\"inLanguage\":\"pt-PT\"},{\"@type\":\"WebPage\",\"@id\":\"https:\/\/portaltela.pt\/noticias\/2026\/01\/25\/trump-afirma-que-os-eua-terao-soberania-sobre-terrenos-de-bases-na-groenlandia\/\",\"url\":\"https:\/\/portaltela.pt\/noticias\/2026\/01\/25\/trump-afirma-que-os-eua-terao-soberania-sobre-terrenos-de-bases-na-groenlandia\/\",\"name\":\"Trump afirma que os EUA ter\u00e3o soberania sobre terrenos de bases na Groenl\u00e2ndia - Portal Tela Portugal\",\"isPartOf\":{\"@id\":\"https:\/\/portaltela.pt\/#website\"},\"primaryImageOfPage\":{\"@id\":\"https:\/\/portaltela.pt\/noticias\/2026\/01\/25\/trump-afirma-que-os-eua-terao-soberania-sobre-terrenos-de-bases-na-groenlandia\/#primaryimage\"},\"image\":{\"@id\":\"https:\/\/portaltela.pt\/noticias\/2026\/01\/25\/trump-afirma-que-os-eua-terao-soberania-sobre-terrenos-de-bases-na-groenlandia\/#primaryimage\"},\"thumbnailUrl\":\"https:\/\/portaltela.pt\/s.01k8rhncp4jt1\/2026\/01\/unnamed-file-5113.jpg\",\"datePublished\":\"2026-01-25T09:25:45+00:00\",\"author\":{\"@id\":\"https:\/\/portaltela.pt\/#\/schema\/person\/c4278d4a6028830caff9ee44b42d32ed\"},\"breadcrumb\":{\"@id\":\"https:\/\/portaltela.pt\/noticias\/2026\/01\/25\/trump-afirma-que-os-eua-terao-soberania-sobre-terrenos-de-bases-na-groenlandia\/#breadcrumb\"},\"inLanguage\":\"pt-PT\",\"potentialAction\":[{\"@type\":\"ReadAction\",\"target\":[\"https:\/\/portaltela.pt\/noticias\/2026\/01\/25\/trump-afirma-que-os-eua-terao-soberania-sobre-terrenos-de-bases-na-groenlandia\/\"]}]},{\"@type\":\"ImageObject\",\"inLanguage\":\"pt-PT\",\"@id\":\"https:\/\/portaltela.pt\/noticias\/2026\/01\/25\/trump-afirma-que-os-eua-terao-soberania-sobre-terrenos-de-bases-na-groenlandia\/#primaryimage\",\"url\":\"https:\/\/portaltela.pt\/s.01k8rhncp4jt1\/2026\/01\/unnamed-file-5113.jpg\",\"contentUrl\":\"https:\/\/portaltela.pt\/s.01k8rhncp4jt1\/2026\/01\/unnamed-file-5113.jpg\",\"width\":796,\"height\":448,\"caption\":\"Trump intensifica discurso sobre a Gronel\u00e2ndia antes de ida a Davos: \\\"Temos de a ter\\\"\"},{\"@type\":\"BreadcrumbList\",\"@id\":\"https:\/\/portaltela.pt\/noticias\/2026\/01\/25\/trump-afirma-que-os-eua-terao-soberania-sobre-terrenos-de-bases-na-groenlandia\/#breadcrumb\",\"itemListElement\":[{\"@type\":\"ListItem\",\"position\":1,\"name\":\"In\u00edcio\",\"item\":\"https:\/\/portaltela.pt\/\"},{\"@type\":\"ListItem\",\"position\":2,\"name\":\"Trump afirma que os EUA ter\u00e3o soberania sobre terrenos de bases na Groenl\u00e2ndia\"}]},{\"@type\":\"WebSite\",\"@id\":\"https:\/\/portaltela.pt\/#website\",\"url\":\"https:\/\/portaltela.pt\/\",\"name\":\"Portal Tela Portugal\",\"description\":\"\",\"potentialAction\":[{\"@type\":\"SearchAction\",\"target\":{\"@type\":\"EntryPoint\",\"urlTemplate\":\"https:\/\/portaltela.pt\/?s={search_term_string}\"},\"query-input\":{\"@type\":\"PropertyValueSpecification\",\"valueRequired\":true,\"valueName\":\"search_term_string\"}}],\"inLanguage\":\"pt-PT\"},{\"@type\":\"Person\",\"@id\":\"https:\/\/portaltela.pt\/#\/schema\/person\/c4278d4a6028830caff9ee44b42d32ed\",\"name\":\"Telinha\",\"image\":{\"@type\":\"ImageObject\",\"inLanguage\":\"pt-PT\",\"@id\":\"https:\/\/portaltela.pt\/s.01k8rhncp4jt1\/2025\/11\/talking-bot-125x125.png\",\"url\":\"https:\/\/portaltela.pt\/s.01k8rhncp4jt1\/2025\/11\/talking-bot-125x125.png\",\"contentUrl\":\"https:\/\/portaltela.pt\/s.01k8rhncp4jt1\/2025\/11\/talking-bot-125x125.png\",\"caption\":\"Telinha\"},\"sameAs\":[\"https:\/\/portaltela.pt\/\"],\"url\":\"https:\/\/portaltela.pt\/por\/367410592786\/\"}]}<\/script>\n<!-- \/ Yoast SEO plugin. -->","yoast_head_json":{"title":"Trump afirma que os EUA ter\u00e3o soberania sobre terrenos de bases na Groenl\u00e2ndia - Portal Tela Portugal","robots":{"index":"index","follow":"follow","max-snippet":"max-snippet:-1","max-image-preview":"max-image-preview:large","max-video-preview":"max-video-preview:-1"},"og_locale":"pt_PT","og_type":"article","og_title":"Trump afirma que os EUA ter\u00e3o soberania sobre terrenos de bases na Groenl\u00e2ndia - Portal Tela Portugal","og_description":"O presidente dos EUA, Donald Trump, afirmou que Washington deter\u00e1 soberania sobre os terrenos onde venham a ser instaladas bases militares na Gronel\u00e2ndia. O an\u00fancio surge ap\u00f3s um pr\u00e9-acordo com a NATO, durante o F\u00f3rum Econ\u00f3mico Mundial de Davos, na Su\u00ed\u00e7a. Trump deu a entrevista ao The New York Post, mencionando \u201cacesso total\u201d aos terrenos, sem detalhar o acordo preliminar. A presen\u00e7a militar atual na Gronel\u00e2ndia \u00e9 de uma base, cerca de 150 militares e mais de 300 funcion\u00e1rios civis; o pa\u00eds tem hist\u00f3rico de redu\u00e7\u00e3o de bases desde a Segunda Guerra Mundial. Fontes indicam que o modelo do pr\u00e9-acordo pode assemelhar-se ao das bases brit\u00e2nicas no Chipre, que permanecem sob soberania do Reino Unido.","og_url":"https:\/\/portaltela.pt\/noticias\/2026\/01\/25\/trump-afirma-que-os-eua-terao-soberania-sobre-terrenos-de-bases-na-groenlandia\/","og_site_name":"Portal Tela Portugal","article_published_time":"2026-01-25T09:25:45+00:00","author":"Telinha","twitter_card":"summary_large_image","twitter_misc":{"Escrito por":"Telinha","Tempo estimado de leitura":"2 minutos"},"schema":{"@context":"https:\/\/schema.org","@graph":[{"@type":"Article","@id":"https:\/\/portaltela.pt\/noticias\/2026\/01\/25\/trump-afirma-que-os-eua-terao-soberania-sobre-terrenos-de-bases-na-groenlandia\/#article","isPartOf":{"@id":"https:\/\/portaltela.pt\/noticias\/2026\/01\/25\/trump-afirma-que-os-eua-terao-soberania-sobre-terrenos-de-bases-na-groenlandia\/"},"author":{"name":"Telinha","@id":"https:\/\/portaltela.pt\/#\/schema\/person\/c4278d4a6028830caff9ee44b42d32ed"},"headline":"Trump afirma que os EUA ter\u00e3o soberania sobre terrenos de bases na Groenl\u00e2ndia","datePublished":"2026-01-25T09:25:45+00:00","mainEntityOfPage":{"@id":"https:\/\/portaltela.pt\/noticias\/2026\/01\/25\/trump-afirma-que-os-eua-terao-soberania-sobre-terrenos-de-bases-na-groenlandia\/"},"wordCount":368,"image":{"@id":"https:\/\/portaltela.pt\/noticias\/2026\/01\/25\/trump-afirma-que-os-eua-terao-soberania-sobre-terrenos-de-bases-na-groenlandia\/#primaryimage"},"thumbnailUrl":"https:\/\/portaltela.pt\/s.01k8rhncp4jt1\/2026\/01\/unnamed-file-5113.jpg","keywords":["alian\u00e7as internacionais","Estados Unidos","For\u00e7as Armadas","Gronel\u00c3\u00a2ndia","pol\u00edtica","Seguran\u00e7a Nacional"],"articleSection":["Internacional","Not\u00edcias"],"inLanguage":"pt-PT"},{"@type":"WebPage","@id":"https:\/\/portaltela.pt\/noticias\/2026\/01\/25\/trump-afirma-que-os-eua-terao-soberania-sobre-terrenos-de-bases-na-groenlandia\/","url":"https:\/\/portaltela.pt\/noticias\/2026\/01\/25\/trump-afirma-que-os-eua-terao-soberania-sobre-terrenos-de-bases-na-groenlandia\/","name":"Trump afirma que os EUA ter\u00e3o soberania sobre terrenos de bases na Groenl\u00e2ndia - Portal Tela Portugal","isPartOf":{"@id":"https:\/\/portaltela.pt\/#website"},"primaryImageOfPage":{"@id":"https:\/\/portaltela.pt\/noticias\/2026\/01\/25\/trump-afirma-que-os-eua-terao-soberania-sobre-terrenos-de-bases-na-groenlandia\/#primaryimage"},"image":{"@id":"https:\/\/portaltela.pt\/noticias\/2026\/01\/25\/trump-afirma-que-os-eua-terao-soberania-sobre-terrenos-de-bases-na-groenlandia\/#primaryimage"},"thumbnailUrl":"https:\/\/portaltela.pt\/s.01k8rhncp4jt1\/2026\/01\/unnamed-file-5113.jpg","datePublished":"2026-01-25T09:25:45+00:00","author":{"@id":"https:\/\/portaltela.pt\/#\/schema\/person\/c4278d4a6028830caff9ee44b42d32ed"},"breadcrumb":{"@id":"https:\/\/portaltela.pt\/noticias\/2026\/01\/25\/trump-afirma-que-os-eua-terao-soberania-sobre-terrenos-de-bases-na-groenlandia\/#breadcrumb"},"inLanguage":"pt-PT","potentialAction":[{"@type":"ReadAction","target":["https:\/\/portaltela.pt\/noticias\/2026\/01\/25\/trump-afirma-que-os-eua-terao-soberania-sobre-terrenos-de-bases-na-groenlandia\/"]}]},{"@type":"ImageObject","inLanguage":"pt-PT","@id":"https:\/\/portaltela.pt\/noticias\/2026\/01\/25\/trump-afirma-que-os-eua-terao-soberania-sobre-terrenos-de-bases-na-groenlandia\/#primaryimage","url":"https:\/\/portaltela.pt\/s.01k8rhncp4jt1\/2026\/01\/unnamed-file-5113.jpg","contentUrl":"https:\/\/portaltela.pt\/s.01k8rhncp4jt1\/2026\/01\/unnamed-file-5113.jpg","width":796,"height":448,"caption":"Trump intensifica discurso sobre a Gronel\u00e2ndia antes de ida a Davos: \"Temos de a ter\""},{"@type":"BreadcrumbList","@id":"https:\/\/portaltela.pt\/noticias\/2026\/01\/25\/trump-afirma-que-os-eua-terao-soberania-sobre-terrenos-de-bases-na-groenlandia\/#breadcrumb","itemListElement":[{"@type":"ListItem","position":1,"name":"In\u00edcio","item":"https:\/\/portaltela.pt\/"},{"@type":"ListItem","position":2,"name":"Trump afirma que os EUA ter\u00e3o soberania sobre terrenos de bases na Groenl\u00e2ndia"}]},{"@type":"WebSite","@id":"https:\/\/portaltela.pt\/#website","url":"https:\/\/portaltela.pt\/","name":"Portal Tela Portugal","description":"","potentialAction":[{"@type":"SearchAction","target":{"@type":"EntryPoint","urlTemplate":"https:\/\/portaltela.pt\/?s={search_term_string}"},"query-input":{"@type":"PropertyValueSpecification","valueRequired":true,"valueName":"search_term_string"}}],"inLanguage":"pt-PT"},{"@type":"Person","@id":"https:\/\/portaltela.pt\/#\/schema\/person\/c4278d4a6028830caff9ee44b42d32ed","name":"Telinha","image":{"@type":"ImageObject","inLanguage":"pt-PT","@id":"https:\/\/portaltela.pt\/s.01k8rhncp4jt1\/2025\/11\/talking-bot-125x125.png","url":"https:\/\/portaltela.pt\/s.01k8rhncp4jt1\/2025\/11\/talking-bot-125x125.png","contentUrl":"https:\/\/portaltela.pt\/s.01k8rhncp4jt1\/2025\/11\/talking-bot-125x125.png","caption":"Telinha"},"sameAs":["https:\/\/portaltela.pt\/"],"url":"https:\/\/portaltela.pt\/por\/367410592786\/"}]}},"_links":{"self":[{"href":"https:\/\/portaltela.pt\/api\/wp\/v2\/posts\/171721","targetHints":{"allow":["GET"]}}],"collection":[{"href":"https:\/\/portaltela.pt\/api\/wp\/v2\/posts"}],"about":[{"href":"https:\/\/portaltela.pt\/api\/wp\/v2\/types\/post"}],"author":[{"embeddable":true,"href":"https:\/\/portaltela.pt\/api\/wp\/v2\/users\/2"}],"replies":[{"embeddable":true,"href":"https:\/\/portaltela.pt\/api\/wp\/v2\/comments?post=171721"}],"version-history":[{"count":0,"href":"https:\/\/portaltela.pt\/api\/wp\/v2\/posts\/171721\/revisions"}],"wp:featuredmedia":[{"embeddable":true,"href":"https:\/\/portaltela.pt\/api\/wp\/v2\/media\/171741"}],"wp:attachment":[{"href":"https:\/\/portaltela.pt\/api\/wp\/v2\/media?parent=171721"}],"wp:term":[{"taxonomy":"category","embeddable":true,"href":"https:\/\/portaltela.pt\/api\/wp\/v2\/categories?post=171721"},{"taxonomy":"post_tag","embeddable":true,"href":"https:\/\/portaltela.pt\/api\/wp\/v2\/tags?post=171721"}],"curies":[{"name":"wp","href":"https:\/\/api.w.org\/{rel}","templated":true}]}}