{"id":171566,"date":"2026-01-25T06:00:00","date_gmt":"2026-01-25T09:00:00","guid":{"rendered":"https:\/\/portaltela.pt\/noticias\/2026\/01\/25\/as-12-pessoas-mais-ricas-tem-mais-riqueza-que-a-metade-mais-pobre\/"},"modified":"2026-01-25T06:00:00","modified_gmt":"2026-01-25T09:00:00","slug":"as-12-pessoas-mais-ricas-tem-mais-riqueza-que-a-metade-mais-pobre","status":"publish","type":"post","link":"https:\/\/portaltela.pt\/noticias\/2026\/01\/25\/as-12-pessoas-mais-ricas-tem-mais-riqueza-que-a-metade-mais-pobre\/","title":{"rendered":"As 12 pessoas mais ricas t\u00eam mais riqueza que a metade mais pobre"},"content":{"rendered":"<p>As 12 pessoas mais ricas do mundo possuem mais dinheiro do que a metade mais pobre da humanidade, revela um estudo da Oxfam divulgado a abrir do F\u00f3rum Econ\u00f3mico Mundial em Davos. A riqueza total dos multimilion\u00e1rios aumentou 16% em 2025, atingindo 15,7 bili\u00f5es de euros.<\/p>\n<p>O relat\u00f3rio diz que esse ganho foi tr\u00eas vezes superior \u00e0 m\u00e9dia dos \u00faltimos cinco anos e que a riqueza conjunta dos super-ricos cresceu 2,1 bili\u00f5es de euros no \u00faltimo ano. O texto aponta que o montante daria para erradicar a pobreza extrema 26 vezes.<\/p>\n<p>A Oxfam avisa que o n\u00famero de multimilion\u00e1rios ultrapassou os 3.000 pela primeira vez, e que Elon Musk continua como o mais rico, com fortuna superior a meio bili\u00e3o de d\u00f3lares (430 bili\u00f5es de euros). O estudo analisa impactos globais desse ac\u00famulo de riqueza.<\/p>\n<p>Esta riqueza recente permitiria distribuir 250 d\u00f3lares (214 euros) a cada pessoa mundial, mantendo 430 mil milh\u00f5es de euros para os mais ricos. A organiza\u00e7\u00e3o cita que a riqueza dos bilion\u00e1rios aumentou 81% desde 2020.<\/p>\n<p>A investiga\u00e7\u00e3o alerta ainda para que, apesar dos ganhos, uma a cada quatro pessoas n\u00e3o tem alimento suficiente e quase metade da popula\u00e7\u00e3o vive na pobreza. O relat\u00f3rio tem como t\u00edtulo Resistir ao Dom\u00ednio dos Ricos.<\/p>\n<h3>Contexto e desigualdade<\/h3>\n<p>O estudo associa o aumento da riqueza dos bilion\u00e1rios \u00e0 pol\u00edtica fiscal dos EUA, sob a administra\u00e7\u00e3o Trump, descrevendo uma agenda pr\u00f3-bilion\u00e1rios. A Oxfam afirma que reduziu impostos a fortunas altas e enfraqueceu tentativas de regula\u00e7\u00e3o.<\/p>\n<p>A confedera\u00e7\u00e3o ressalva que o fen\u00f3meno \u00e9 global, com oligarquias a influenciar pol\u00edticas p\u00fablicas em v\u00e1rias regi\u00f5es. O documento prop\u00f5e planos nacionais para reduzir desigualdades, incluindo impostos sobre super-ricos.<\/p>\n<h3>F\u00f3rum Econ\u00f3mico Mundial em Davos<\/h3>\n<p>O relat\u00f3rio \u00e9 lan\u00e7ado no arranque do F\u00f3rum Econ\u00f3mico Mundial, que decorre at\u00e9 sexta-feira, sob o tema O esp\u00edrito do di\u00e1logo. O evento re\u00fane lideran\u00e7as globais para debates sobre pol\u00edticas econ\u00f3micas.<\/p>\n<p>Entre os participantes confirmados est\u00e3o o Presidente dos EUA, Donald Trump, presente com a maior delega\u00e7\u00e3o norte-americana de sempre, e a China, com uma delega\u00e7\u00e3o liderada pelo vice-primeiro-ministro He Lifeng.<\/p>\n","protected":false},"excerpt":{"rendered":"<ul>\n<li>O estudo da Oxfam afirma que as doze pessoas mais ricas t\u00eam mais dinheiro do que a metade mais pobre da humanidade, equivalente a quatro mil milh\u00f5es de pessoas, divulgado no Davos.<\/li>\n<li>A riqueza dos multimilion\u00e1rios subiu mais de dezasseis por cento em dois mil e vinte e cinco, atingindo quinze coma7 bili\u00f5es de euros, o valor mais alto j\u00e1 registado.<\/li>\n<li>A an\u00e1lise aponta que a riqueza agregada permitiria distribuir 250 d\u00f3lares a cada pessoa no mundo e os mais ricos ainda detinham 430 mil milh\u00f5es de euros.<\/li>\n<li>O n\u00famero de multimilion\u00e1rios superou os tr\u00eas mil pela primeira vez; o empres\u00e1rio Elon Musk tornou-se o mais rico, com fortunas superiores a meio bili\u00e3o de d\u00f3lares (cerca de 430 bili\u00f5es de euros).<\/li>\n<li>A Oxfam pede planos nacionais de redu\u00e7\u00e3o de desigualdades, com impostos aos super-ricos e melhor regulamenta\u00e7\u00e3o dos media; o relat\u00f3rio \u00e9 apresentado no F\u00f3rum Econ\u00f3mico Mundial em Davos, com a presen\u00e7a de figuras como Donald Trump e Volodymyr Zelensky.<\/li>\n<\/ul>\n","protected":false},"author":2,"featured_media":171573,"comment_status":"closed","ping_status":"closed","sticky":false,"template":"","format":"standard","meta":{"footnotes":""},"categories":[1],"tags":[755,2862,28,3861,3613,229],"class_list":["post-171566","post","type-post","status-publish","format-standard","has-post-thumbnail","hentry","category-noticias","tag-desenvolvimento-sustentavel","tag-desigualdades-salariais","tag-economia","tag-economia-internacional","tag-impostos","tag-politica-publica"],"yoast_head":"<!-- This site is optimized with the Yoast SEO plugin v27.2 - https:\/\/yoast.com\/product\/yoast-seo-wordpress\/ -->\n<title>As 12 pessoas mais ricas t\u00eam mais riqueza que a metade mais pobre - Portal Tela Portugal<\/title>\n<meta name=\"robots\" content=\"index, follow, max-snippet:-1, max-image-preview:large, max-video-preview:-1\" \/>\n<meta property=\"og:locale\" content=\"pt_PT\" \/>\n<meta property=\"og:type\" content=\"article\" \/>\n<meta property=\"og:title\" content=\"As 12 pessoas mais ricas t\u00eam mais riqueza que a metade mais pobre - Portal Tela Portugal\" \/>\n<meta property=\"og:description\" content=\"O estudo da Oxfam afirma que as doze pessoas mais ricas t\u00eam mais dinheiro do que a metade mais pobre da humanidade, equivalente a quatro mil milh\u00f5es de pessoas, divulgado no Davos. A riqueza dos multimilion\u00e1rios subiu mais de dezasseis por cento em dois mil e vinte e cinco, atingindo quinze coma7 bili\u00f5es de euros, o valor mais alto j\u00e1 registado. A an\u00e1lise aponta que a riqueza agregada permitiria distribuir 250 d\u00f3lares a cada pessoa no mundo e os mais ricos ainda detinham 430 mil milh\u00f5es de euros. O n\u00famero de multimilion\u00e1rios superou os tr\u00eas mil pela primeira vez; o empres\u00e1rio Elon Musk tornou-se o mais rico, com fortunas superiores a meio bili\u00e3o de d\u00f3lares (cerca de 430 bili\u00f5es de euros). A Oxfam pede planos nacionais de redu\u00e7\u00e3o de desigualdades, com impostos aos super-ricos e melhor regulamenta\u00e7\u00e3o dos media; o relat\u00f3rio \u00e9 apresentado no F\u00f3rum Econ\u00f3mico Mundial em Davos, com a presen\u00e7a de figuras como Donald Trump e Volodymyr Zelensky.\" \/>\n<meta property=\"og:url\" content=\"https:\/\/portaltela.pt\/noticias\/2026\/01\/25\/as-12-pessoas-mais-ricas-tem-mais-riqueza-que-a-metade-mais-pobre\/\" \/>\n<meta property=\"og:site_name\" content=\"Portal Tela Portugal\" \/>\n<meta property=\"article:published_time\" content=\"2026-01-25T09:00:00+00:00\" \/>\n<meta name=\"author\" content=\"Telinha\" \/>\n<meta name=\"twitter:card\" content=\"summary_large_image\" \/>\n<meta name=\"twitter:label1\" content=\"Escrito por\" \/>\n\t<meta name=\"twitter:data1\" content=\"Telinha\" \/>\n\t<meta name=\"twitter:label2\" content=\"Tempo estimado de leitura\" \/>\n\t<meta name=\"twitter:data2\" content=\"2 minutos\" \/>\n<script type=\"application\/ld+json\" class=\"yoast-schema-graph\">{\"@context\":\"https:\/\/schema.org\",\"@graph\":[{\"@type\":\"Article\",\"@id\":\"https:\/\/portaltela.pt\/noticias\/2026\/01\/25\/as-12-pessoas-mais-ricas-tem-mais-riqueza-que-a-metade-mais-pobre\/#article\",\"isPartOf\":{\"@id\":\"https:\/\/portaltela.pt\/noticias\/2026\/01\/25\/as-12-pessoas-mais-ricas-tem-mais-riqueza-que-a-metade-mais-pobre\/\"},\"author\":{\"name\":\"Telinha\",\"@id\":\"https:\/\/portaltela.pt\/#\/schema\/person\/c4278d4a6028830caff9ee44b42d32ed\"},\"headline\":\"As 12 pessoas mais ricas t\u00eam mais riqueza que a metade mais pobre\",\"datePublished\":\"2026-01-25T09:00:00+00:00\",\"mainEntityOfPage\":{\"@id\":\"https:\/\/portaltela.pt\/noticias\/2026\/01\/25\/as-12-pessoas-mais-ricas-tem-mais-riqueza-que-a-metade-mais-pobre\/\"},\"wordCount\":388,\"image\":{\"@id\":\"https:\/\/portaltela.pt\/noticias\/2026\/01\/25\/as-12-pessoas-mais-ricas-tem-mais-riqueza-que-a-metade-mais-pobre\/#primaryimage\"},\"thumbnailUrl\":\"https:\/\/portaltela.pt\/s.01k8rhncp4jt1\/2026\/01\/image-1681.jpg\",\"keywords\":[\"desenvolvimento sustent\u00e1vel\",\"desigualdades salariais\",\"economia\",\"economia internacional\",\"impostos\",\"pol\u00edtica p\u00fablica\"],\"articleSection\":[\"Not\u00edcias\"],\"inLanguage\":\"pt-PT\"},{\"@type\":\"WebPage\",\"@id\":\"https:\/\/portaltela.pt\/noticias\/2026\/01\/25\/as-12-pessoas-mais-ricas-tem-mais-riqueza-que-a-metade-mais-pobre\/\",\"url\":\"https:\/\/portaltela.pt\/noticias\/2026\/01\/25\/as-12-pessoas-mais-ricas-tem-mais-riqueza-que-a-metade-mais-pobre\/\",\"name\":\"As 12 pessoas mais ricas t\u00eam mais riqueza que a metade mais pobre - Portal Tela Portugal\",\"isPartOf\":{\"@id\":\"https:\/\/portaltela.pt\/#website\"},\"primaryImageOfPage\":{\"@id\":\"https:\/\/portaltela.pt\/noticias\/2026\/01\/25\/as-12-pessoas-mais-ricas-tem-mais-riqueza-que-a-metade-mais-pobre\/#primaryimage\"},\"image\":{\"@id\":\"https:\/\/portaltela.pt\/noticias\/2026\/01\/25\/as-12-pessoas-mais-ricas-tem-mais-riqueza-que-a-metade-mais-pobre\/#primaryimage\"},\"thumbnailUrl\":\"https:\/\/portaltela.pt\/s.01k8rhncp4jt1\/2026\/01\/image-1681.jpg\",\"datePublished\":\"2026-01-25T09:00:00+00:00\",\"author\":{\"@id\":\"https:\/\/portaltela.pt\/#\/schema\/person\/c4278d4a6028830caff9ee44b42d32ed\"},\"breadcrumb\":{\"@id\":\"https:\/\/portaltela.pt\/noticias\/2026\/01\/25\/as-12-pessoas-mais-ricas-tem-mais-riqueza-que-a-metade-mais-pobre\/#breadcrumb\"},\"inLanguage\":\"pt-PT\",\"potentialAction\":[{\"@type\":\"ReadAction\",\"target\":[\"https:\/\/portaltela.pt\/noticias\/2026\/01\/25\/as-12-pessoas-mais-ricas-tem-mais-riqueza-que-a-metade-mais-pobre\/\"]}]},{\"@type\":\"ImageObject\",\"inLanguage\":\"pt-PT\",\"@id\":\"https:\/\/portaltela.pt\/noticias\/2026\/01\/25\/as-12-pessoas-mais-ricas-tem-mais-riqueza-que-a-metade-mais-pobre\/#primaryimage\",\"url\":\"https:\/\/portaltela.pt\/s.01k8rhncp4jt1\/2026\/01\/image-1681.jpg\",\"contentUrl\":\"https:\/\/portaltela.pt\/s.01k8rhncp4jt1\/2026\/01\/image-1681.jpg\",\"width\":796,\"height\":448,\"caption\":\"Imagem de contexto do artigo A d\u00fazia de pessoas mais ricas do mundo tem mais dinheiro que a metade mais pobre do mundo\"},{\"@type\":\"BreadcrumbList\",\"@id\":\"https:\/\/portaltela.pt\/noticias\/2026\/01\/25\/as-12-pessoas-mais-ricas-tem-mais-riqueza-que-a-metade-mais-pobre\/#breadcrumb\",\"itemListElement\":[{\"@type\":\"ListItem\",\"position\":1,\"name\":\"In\u00edcio\",\"item\":\"https:\/\/portaltela.pt\/\"},{\"@type\":\"ListItem\",\"position\":2,\"name\":\"As 12 pessoas mais ricas t\u00eam mais riqueza que a metade mais pobre\"}]},{\"@type\":\"WebSite\",\"@id\":\"https:\/\/portaltela.pt\/#website\",\"url\":\"https:\/\/portaltela.pt\/\",\"name\":\"Portal Tela Portugal\",\"description\":\"\",\"potentialAction\":[{\"@type\":\"SearchAction\",\"target\":{\"@type\":\"EntryPoint\",\"urlTemplate\":\"https:\/\/portaltela.pt\/?s={search_term_string}\"},\"query-input\":{\"@type\":\"PropertyValueSpecification\",\"valueRequired\":true,\"valueName\":\"search_term_string\"}}],\"inLanguage\":\"pt-PT\"},{\"@type\":\"Person\",\"@id\":\"https:\/\/portaltela.pt\/#\/schema\/person\/c4278d4a6028830caff9ee44b42d32ed\",\"name\":\"Telinha\",\"image\":{\"@type\":\"ImageObject\",\"inLanguage\":\"pt-PT\",\"@id\":\"https:\/\/portaltela.pt\/s.01k8rhncp4jt1\/2025\/11\/talking-bot-125x125.png\",\"url\":\"https:\/\/portaltela.pt\/s.01k8rhncp4jt1\/2025\/11\/talking-bot-125x125.png\",\"contentUrl\":\"https:\/\/portaltela.pt\/s.01k8rhncp4jt1\/2025\/11\/talking-bot-125x125.png\",\"caption\":\"Telinha\"},\"sameAs\":[\"https:\/\/portaltela.pt\/\"],\"url\":\"https:\/\/portaltela.pt\/por\/367410592786\/\"}]}<\/script>\n<!-- \/ Yoast SEO plugin. -->","yoast_head_json":{"title":"As 12 pessoas mais ricas t\u00eam mais riqueza que a metade mais pobre - Portal Tela Portugal","robots":{"index":"index","follow":"follow","max-snippet":"max-snippet:-1","max-image-preview":"max-image-preview:large","max-video-preview":"max-video-preview:-1"},"og_locale":"pt_PT","og_type":"article","og_title":"As 12 pessoas mais ricas t\u00eam mais riqueza que a metade mais pobre - Portal Tela Portugal","og_description":"O estudo da Oxfam afirma que as doze pessoas mais ricas t\u00eam mais dinheiro do que a metade mais pobre da humanidade, equivalente a quatro mil milh\u00f5es de pessoas, divulgado no Davos. A riqueza dos multimilion\u00e1rios subiu mais de dezasseis por cento em dois mil e vinte e cinco, atingindo quinze coma7 bili\u00f5es de euros, o valor mais alto j\u00e1 registado. A an\u00e1lise aponta que a riqueza agregada permitiria distribuir 250 d\u00f3lares a cada pessoa no mundo e os mais ricos ainda detinham 430 mil milh\u00f5es de euros. O n\u00famero de multimilion\u00e1rios superou os tr\u00eas mil pela primeira vez; o empres\u00e1rio Elon Musk tornou-se o mais rico, com fortunas superiores a meio bili\u00e3o de d\u00f3lares (cerca de 430 bili\u00f5es de euros). A Oxfam pede planos nacionais de redu\u00e7\u00e3o de desigualdades, com impostos aos super-ricos e melhor regulamenta\u00e7\u00e3o dos media; o relat\u00f3rio \u00e9 apresentado no F\u00f3rum Econ\u00f3mico Mundial em Davos, com a presen\u00e7a de figuras como Donald Trump e Volodymyr Zelensky.","og_url":"https:\/\/portaltela.pt\/noticias\/2026\/01\/25\/as-12-pessoas-mais-ricas-tem-mais-riqueza-que-a-metade-mais-pobre\/","og_site_name":"Portal Tela Portugal","article_published_time":"2026-01-25T09:00:00+00:00","author":"Telinha","twitter_card":"summary_large_image","twitter_misc":{"Escrito por":"Telinha","Tempo estimado de leitura":"2 minutos"},"schema":{"@context":"https:\/\/schema.org","@graph":[{"@type":"Article","@id":"https:\/\/portaltela.pt\/noticias\/2026\/01\/25\/as-12-pessoas-mais-ricas-tem-mais-riqueza-que-a-metade-mais-pobre\/#article","isPartOf":{"@id":"https:\/\/portaltela.pt\/noticias\/2026\/01\/25\/as-12-pessoas-mais-ricas-tem-mais-riqueza-que-a-metade-mais-pobre\/"},"author":{"name":"Telinha","@id":"https:\/\/portaltela.pt\/#\/schema\/person\/c4278d4a6028830caff9ee44b42d32ed"},"headline":"As 12 pessoas mais ricas t\u00eam mais riqueza que a metade mais pobre","datePublished":"2026-01-25T09:00:00+00:00","mainEntityOfPage":{"@id":"https:\/\/portaltela.pt\/noticias\/2026\/01\/25\/as-12-pessoas-mais-ricas-tem-mais-riqueza-que-a-metade-mais-pobre\/"},"wordCount":388,"image":{"@id":"https:\/\/portaltela.pt\/noticias\/2026\/01\/25\/as-12-pessoas-mais-ricas-tem-mais-riqueza-que-a-metade-mais-pobre\/#primaryimage"},"thumbnailUrl":"https:\/\/portaltela.pt\/s.01k8rhncp4jt1\/2026\/01\/image-1681.jpg","keywords":["desenvolvimento sustent\u00e1vel","desigualdades salariais","economia","economia internacional","impostos","pol\u00edtica p\u00fablica"],"articleSection":["Not\u00edcias"],"inLanguage":"pt-PT"},{"@type":"WebPage","@id":"https:\/\/portaltela.pt\/noticias\/2026\/01\/25\/as-12-pessoas-mais-ricas-tem-mais-riqueza-que-a-metade-mais-pobre\/","url":"https:\/\/portaltela.pt\/noticias\/2026\/01\/25\/as-12-pessoas-mais-ricas-tem-mais-riqueza-que-a-metade-mais-pobre\/","name":"As 12 pessoas mais ricas t\u00eam mais riqueza que a metade mais pobre - Portal Tela Portugal","isPartOf":{"@id":"https:\/\/portaltela.pt\/#website"},"primaryImageOfPage":{"@id":"https:\/\/portaltela.pt\/noticias\/2026\/01\/25\/as-12-pessoas-mais-ricas-tem-mais-riqueza-que-a-metade-mais-pobre\/#primaryimage"},"image":{"@id":"https:\/\/portaltela.pt\/noticias\/2026\/01\/25\/as-12-pessoas-mais-ricas-tem-mais-riqueza-que-a-metade-mais-pobre\/#primaryimage"},"thumbnailUrl":"https:\/\/portaltela.pt\/s.01k8rhncp4jt1\/2026\/01\/image-1681.jpg","datePublished":"2026-01-25T09:00:00+00:00","author":{"@id":"https:\/\/portaltela.pt\/#\/schema\/person\/c4278d4a6028830caff9ee44b42d32ed"},"breadcrumb":{"@id":"https:\/\/portaltela.pt\/noticias\/2026\/01\/25\/as-12-pessoas-mais-ricas-tem-mais-riqueza-que-a-metade-mais-pobre\/#breadcrumb"},"inLanguage":"pt-PT","potentialAction":[{"@type":"ReadAction","target":["https:\/\/portaltela.pt\/noticias\/2026\/01\/25\/as-12-pessoas-mais-ricas-tem-mais-riqueza-que-a-metade-mais-pobre\/"]}]},{"@type":"ImageObject","inLanguage":"pt-PT","@id":"https:\/\/portaltela.pt\/noticias\/2026\/01\/25\/as-12-pessoas-mais-ricas-tem-mais-riqueza-que-a-metade-mais-pobre\/#primaryimage","url":"https:\/\/portaltela.pt\/s.01k8rhncp4jt1\/2026\/01\/image-1681.jpg","contentUrl":"https:\/\/portaltela.pt\/s.01k8rhncp4jt1\/2026\/01\/image-1681.jpg","width":796,"height":448,"caption":"Imagem de contexto do artigo A d\u00fazia de pessoas mais ricas do mundo tem mais dinheiro que a metade mais pobre do mundo"},{"@type":"BreadcrumbList","@id":"https:\/\/portaltela.pt\/noticias\/2026\/01\/25\/as-12-pessoas-mais-ricas-tem-mais-riqueza-que-a-metade-mais-pobre\/#breadcrumb","itemListElement":[{"@type":"ListItem","position":1,"name":"In\u00edcio","item":"https:\/\/portaltela.pt\/"},{"@type":"ListItem","position":2,"name":"As 12 pessoas mais ricas t\u00eam mais riqueza que a metade mais pobre"}]},{"@type":"WebSite","@id":"https:\/\/portaltela.pt\/#website","url":"https:\/\/portaltela.pt\/","name":"Portal Tela Portugal","description":"","potentialAction":[{"@type":"SearchAction","target":{"@type":"EntryPoint","urlTemplate":"https:\/\/portaltela.pt\/?s={search_term_string}"},"query-input":{"@type":"PropertyValueSpecification","valueRequired":true,"valueName":"search_term_string"}}],"inLanguage":"pt-PT"},{"@type":"Person","@id":"https:\/\/portaltela.pt\/#\/schema\/person\/c4278d4a6028830caff9ee44b42d32ed","name":"Telinha","image":{"@type":"ImageObject","inLanguage":"pt-PT","@id":"https:\/\/portaltela.pt\/s.01k8rhncp4jt1\/2025\/11\/talking-bot-125x125.png","url":"https:\/\/portaltela.pt\/s.01k8rhncp4jt1\/2025\/11\/talking-bot-125x125.png","contentUrl":"https:\/\/portaltela.pt\/s.01k8rhncp4jt1\/2025\/11\/talking-bot-125x125.png","caption":"Telinha"},"sameAs":["https:\/\/portaltela.pt\/"],"url":"https:\/\/portaltela.pt\/por\/367410592786\/"}]}},"_links":{"self":[{"href":"https:\/\/portaltela.pt\/api\/wp\/v2\/posts\/171566","targetHints":{"allow":["GET"]}}],"collection":[{"href":"https:\/\/portaltela.pt\/api\/wp\/v2\/posts"}],"about":[{"href":"https:\/\/portaltela.pt\/api\/wp\/v2\/types\/post"}],"author":[{"embeddable":true,"href":"https:\/\/portaltela.pt\/api\/wp\/v2\/users\/2"}],"replies":[{"embeddable":true,"href":"https:\/\/portaltela.pt\/api\/wp\/v2\/comments?post=171566"}],"version-history":[{"count":0,"href":"https:\/\/portaltela.pt\/api\/wp\/v2\/posts\/171566\/revisions"}],"wp:featuredmedia":[{"embeddable":true,"href":"https:\/\/portaltela.pt\/api\/wp\/v2\/media\/171573"}],"wp:attachment":[{"href":"https:\/\/portaltela.pt\/api\/wp\/v2\/media?parent=171566"}],"wp:term":[{"taxonomy":"category","embeddable":true,"href":"https:\/\/portaltela.pt\/api\/wp\/v2\/categories?post=171566"},{"taxonomy":"post_tag","embeddable":true,"href":"https:\/\/portaltela.pt\/api\/wp\/v2\/tags?post=171566"}],"curies":[{"name":"wp","href":"https:\/\/api.w.org\/{rel}","templated":true}]}}