{"id":171532,"date":"2026-01-25T05:55:48","date_gmt":"2026-01-25T08:55:48","guid":{"rendered":"https:\/\/portaltela.pt\/noticias\/2026\/01\/25\/antonio-figueiredo-diz-que-o-benfica-acertou-em-deixar-entrar-os-adeptos\/"},"modified":"2026-01-25T05:55:48","modified_gmt":"2026-01-25T08:55:48","slug":"antonio-figueiredo-diz-que-o-benfica-acertou-em-deixar-entrar-os-adeptos","status":"publish","type":"post","link":"https:\/\/portaltela.pt\/desporto\/futebol\/2026\/01\/25\/antonio-figueiredo-diz-que-o-benfica-acertou-em-deixar-entrar-os-adeptos\/","title":{"rendered":"Ant\u00f3nio Figueiredo diz que o Benfica acertou em deixar entrar os adeptos"},"content":{"rendered":"<p>Ant\u00f3nio Figueiredo, comentador da CMTV, defendeu que a dire\u00e7\u00e3o do Benfica agiu corretamente ao deixar entrar os adeptos. O coment\u00e1rio surge na an\u00e1lise ao incidente ocorrido este s\u00e1bado no Seixal e \u00e0 reuni\u00e3o entre adeptos e dirigentes do clube.<\/p>\n<p>O epis\u00f3dio teve como foco o encontro entre apoiantes benfiquistas e a estrutura directiva. De acordo com a emiss\u00e3o, houve uma reuni\u00e3o entre opositores e respons\u00e1veis, cujo objetivo foi clarificar a situa\u00e7\u00e3o e procurar solu\u00e7\u00f5es para futuras ocasi\u00f5es semelhantes.<\/p>\n<p>Segundo o comentador, a decis\u00e3o de permitir a entrada de adeptos foi adequada face \u00e0 evolu\u00e7\u00e3o dos acontecimentos. O relato n\u00e3o especifica detalhes adicionais sobre medidas de seguran\u00e7a ou o desfecho do encontro.<\/p>\n<p>O Seixal foi o cen\u00e1rio do incidente e da subsequente reuni\u00e3o entre diferentes partes envolvidas. A cobertura destaca a atua\u00e7\u00e3o da dire\u00e7\u00e3o do Benfica e o entendimento entre f\u00e3s e dirigentes para evitar novas diverg\u00eancias.<\/p>\n","protected":false},"excerpt":{"rendered":"<ul>\n<li>Ant\u00f3nio Figueiredo, comentador da CMTV, abordou o incidente deste s\u00e1bado no Seixal.<\/li>\n<li>O epis\u00f3dio envolveu adeptos e dirigentes do Benfica, com uma reuni\u00e3o entre as partes.<\/li>\n<li>O comentador destacou que a dire\u00e7\u00e3o do Benfica fez bem em deixar entrar os adeptos.<\/li>\n<li>A reuni\u00e3o destinou-se a abordar as situa\u00e7\u00f5es levantadas pelos adeptos.<\/li>\n<li>N\u00e3o foram acrescentadas conclus\u00f5es adicionais al\u00e9m da posi\u00e7\u00e3o expressa pelo comentador.<\/li>\n<\/ul>\n","protected":false},"author":2,"featured_media":171540,"comment_status":"closed","ping_status":"closed","sticky":false,"template":"","format":"standard","meta":{"footnotes":""},"categories":[21,24],"tags":[2533,1946,2939,1748,32,1064],"class_list":["post-171532","post","type-post","status-publish","format-standard","has-post-thumbnail","hentry","category-desporto","category-futebol","tag-adeptos","tag-benfica","tag-direcao","tag-dirigentes","tag-futebol","tag-seixal"],"yoast_head":"<!-- This site is optimized with the Yoast SEO plugin v27.2 - https:\/\/yoast.com\/product\/yoast-seo-wordpress\/ -->\n<title>Ant\u00f3nio Figueiredo diz que o Benfica acertou em deixar entrar os adeptos - Portal Tela Portugal<\/title>\n<meta name=\"robots\" content=\"index, follow, max-snippet:-1, max-image-preview:large, max-video-preview:-1\" \/>\n<meta property=\"og:locale\" content=\"pt_PT\" \/>\n<meta property=\"og:type\" content=\"article\" \/>\n<meta property=\"og:title\" content=\"Ant\u00f3nio Figueiredo diz que o Benfica acertou em deixar entrar os adeptos - Portal Tela Portugal\" \/>\n<meta property=\"og:description\" content=\"Ant\u00f3nio Figueiredo, comentador da CMTV, abordou o incidente deste s\u00e1bado no Seixal. O epis\u00f3dio envolveu adeptos e dirigentes do Benfica, com uma reuni\u00e3o entre as partes. O comentador destacou que a dire\u00e7\u00e3o do Benfica fez bem em deixar entrar os adeptos. A reuni\u00e3o destinou-se a abordar as situa\u00e7\u00f5es levantadas pelos adeptos. N\u00e3o foram acrescentadas conclus\u00f5es adicionais al\u00e9m da posi\u00e7\u00e3o expressa pelo comentador.\" \/>\n<meta property=\"og:url\" content=\"https:\/\/portaltela.pt\/noticias\/2026\/01\/25\/antonio-figueiredo-diz-que-o-benfica-acertou-em-deixar-entrar-os-adeptos\/\" \/>\n<meta property=\"og:site_name\" content=\"Portal Tela Portugal\" \/>\n<meta property=\"article:published_time\" content=\"2026-01-25T08:55:48+00:00\" \/>\n<meta name=\"author\" content=\"Telinha\" \/>\n<meta name=\"twitter:card\" content=\"summary_large_image\" \/>\n<meta name=\"twitter:label1\" content=\"Escrito por\" \/>\n\t<meta name=\"twitter:data1\" content=\"Telinha\" \/>\n\t<meta name=\"twitter:label2\" content=\"Tempo estimado de leitura\" \/>\n\t<meta name=\"twitter:data2\" content=\"1 minuto\" \/>\n<script type=\"application\/ld+json\" class=\"yoast-schema-graph\">{\"@context\":\"https:\/\/schema.org\",\"@graph\":[{\"@type\":\"Article\",\"@id\":\"https:\/\/portaltela.pt\/noticias\/2026\/01\/25\/antonio-figueiredo-diz-que-o-benfica-acertou-em-deixar-entrar-os-adeptos\/#article\",\"isPartOf\":{\"@id\":\"https:\/\/portaltela.pt\/noticias\/2026\/01\/25\/antonio-figueiredo-diz-que-o-benfica-acertou-em-deixar-entrar-os-adeptos\/\"},\"author\":{\"name\":\"Telinha\",\"@id\":\"https:\/\/portaltela.pt\/#\/schema\/person\/c4278d4a6028830caff9ee44b42d32ed\"},\"headline\":\"Ant\u00f3nio Figueiredo diz que o Benfica acertou em deixar entrar os adeptos\",\"datePublished\":\"2026-01-25T08:55:48+00:00\",\"mainEntityOfPage\":{\"@id\":\"https:\/\/portaltela.pt\/noticias\/2026\/01\/25\/antonio-figueiredo-diz-que-o-benfica-acertou-em-deixar-entrar-os-adeptos\/\"},\"wordCount\":180,\"image\":{\"@id\":\"https:\/\/portaltela.pt\/noticias\/2026\/01\/25\/antonio-figueiredo-diz-que-o-benfica-acertou-em-deixar-entrar-os-adeptos\/#primaryimage\"},\"thumbnailUrl\":\"https:\/\/portaltela.pt\/s.01k8rhncp4jt1\/2026\/01\/img_1280x722uu2026-01-25-08-54-07-2262419.jpg\",\"keywords\":[\"adeptos\",\"Benfica\",\"Dire\u00e7\u00e3o\",\"Dirigentes\",\"futebol\",\"Seixal\"],\"articleSection\":[\"Desporto\",\"Futebol\"],\"inLanguage\":\"pt-PT\"},{\"@type\":\"WebPage\",\"@id\":\"https:\/\/portaltela.pt\/noticias\/2026\/01\/25\/antonio-figueiredo-diz-que-o-benfica-acertou-em-deixar-entrar-os-adeptos\/\",\"url\":\"https:\/\/portaltela.pt\/noticias\/2026\/01\/25\/antonio-figueiredo-diz-que-o-benfica-acertou-em-deixar-entrar-os-adeptos\/\",\"name\":\"Ant\u00f3nio Figueiredo diz que o Benfica acertou em deixar entrar os adeptos - Portal Tela Portugal\",\"isPartOf\":{\"@id\":\"https:\/\/portaltela.pt\/#website\"},\"primaryImageOfPage\":{\"@id\":\"https:\/\/portaltela.pt\/noticias\/2026\/01\/25\/antonio-figueiredo-diz-que-o-benfica-acertou-em-deixar-entrar-os-adeptos\/#primaryimage\"},\"image\":{\"@id\":\"https:\/\/portaltela.pt\/noticias\/2026\/01\/25\/antonio-figueiredo-diz-que-o-benfica-acertou-em-deixar-entrar-os-adeptos\/#primaryimage\"},\"thumbnailUrl\":\"https:\/\/portaltela.pt\/s.01k8rhncp4jt1\/2026\/01\/img_1280x722uu2026-01-25-08-54-07-2262419.jpg\",\"datePublished\":\"2026-01-25T08:55:48+00:00\",\"author\":{\"@id\":\"https:\/\/portaltela.pt\/#\/schema\/person\/c4278d4a6028830caff9ee44b42d32ed\"},\"breadcrumb\":{\"@id\":\"https:\/\/portaltela.pt\/noticias\/2026\/01\/25\/antonio-figueiredo-diz-que-o-benfica-acertou-em-deixar-entrar-os-adeptos\/#breadcrumb\"},\"inLanguage\":\"pt-PT\",\"potentialAction\":[{\"@type\":\"ReadAction\",\"target\":[\"https:\/\/portaltela.pt\/noticias\/2026\/01\/25\/antonio-figueiredo-diz-que-o-benfica-acertou-em-deixar-entrar-os-adeptos\/\"]}]},{\"@type\":\"ImageObject\",\"inLanguage\":\"pt-PT\",\"@id\":\"https:\/\/portaltela.pt\/noticias\/2026\/01\/25\/antonio-figueiredo-diz-que-o-benfica-acertou-em-deixar-entrar-os-adeptos\/#primaryimage\",\"url\":\"https:\/\/portaltela.pt\/s.01k8rhncp4jt1\/2026\/01\/img_1280x722uu2026-01-25-08-54-07-2262419.jpg\",\"contentUrl\":\"https:\/\/portaltela.pt\/s.01k8rhncp4jt1\/2026\/01\/img_1280x722uu2026-01-25-08-54-07-2262419.jpg\",\"width\":796,\"height\":448,\"caption\":\"Photo\"},{\"@type\":\"BreadcrumbList\",\"@id\":\"https:\/\/portaltela.pt\/noticias\/2026\/01\/25\/antonio-figueiredo-diz-que-o-benfica-acertou-em-deixar-entrar-os-adeptos\/#breadcrumb\",\"itemListElement\":[{\"@type\":\"ListItem\",\"position\":1,\"name\":\"In\u00edcio\",\"item\":\"https:\/\/portaltela.pt\/\"},{\"@type\":\"ListItem\",\"position\":2,\"name\":\"Ant\u00f3nio Figueiredo diz que o Benfica acertou em deixar entrar os adeptos\"}]},{\"@type\":\"WebSite\",\"@id\":\"https:\/\/portaltela.pt\/#website\",\"url\":\"https:\/\/portaltela.pt\/\",\"name\":\"Portal Tela Portugal\",\"description\":\"\",\"potentialAction\":[{\"@type\":\"SearchAction\",\"target\":{\"@type\":\"EntryPoint\",\"urlTemplate\":\"https:\/\/portaltela.pt\/?s={search_term_string}\"},\"query-input\":{\"@type\":\"PropertyValueSpecification\",\"valueRequired\":true,\"valueName\":\"search_term_string\"}}],\"inLanguage\":\"pt-PT\"},{\"@type\":\"Person\",\"@id\":\"https:\/\/portaltela.pt\/#\/schema\/person\/c4278d4a6028830caff9ee44b42d32ed\",\"name\":\"Telinha\",\"image\":{\"@type\":\"ImageObject\",\"inLanguage\":\"pt-PT\",\"@id\":\"https:\/\/portaltela.pt\/s.01k8rhncp4jt1\/2025\/11\/talking-bot-125x125.png\",\"url\":\"https:\/\/portaltela.pt\/s.01k8rhncp4jt1\/2025\/11\/talking-bot-125x125.png\",\"contentUrl\":\"https:\/\/portaltela.pt\/s.01k8rhncp4jt1\/2025\/11\/talking-bot-125x125.png\",\"caption\":\"Telinha\"},\"sameAs\":[\"https:\/\/portaltela.pt\/\"],\"url\":\"https:\/\/portaltela.pt\/por\/367410592786\/\"}]}<\/script>\n<!-- \/ Yoast SEO plugin. -->","yoast_head_json":{"title":"Ant\u00f3nio Figueiredo diz que o Benfica acertou em deixar entrar os adeptos - Portal Tela Portugal","robots":{"index":"index","follow":"follow","max-snippet":"max-snippet:-1","max-image-preview":"max-image-preview:large","max-video-preview":"max-video-preview:-1"},"og_locale":"pt_PT","og_type":"article","og_title":"Ant\u00f3nio Figueiredo diz que o Benfica acertou em deixar entrar os adeptos - Portal Tela Portugal","og_description":"Ant\u00f3nio Figueiredo, comentador da CMTV, abordou o incidente deste s\u00e1bado no Seixal. O epis\u00f3dio envolveu adeptos e dirigentes do Benfica, com uma reuni\u00e3o entre as partes. O comentador destacou que a dire\u00e7\u00e3o do Benfica fez bem em deixar entrar os adeptos. A reuni\u00e3o destinou-se a abordar as situa\u00e7\u00f5es levantadas pelos adeptos. N\u00e3o foram acrescentadas conclus\u00f5es adicionais al\u00e9m da posi\u00e7\u00e3o expressa pelo comentador.","og_url":"https:\/\/portaltela.pt\/noticias\/2026\/01\/25\/antonio-figueiredo-diz-que-o-benfica-acertou-em-deixar-entrar-os-adeptos\/","og_site_name":"Portal Tela Portugal","article_published_time":"2026-01-25T08:55:48+00:00","author":"Telinha","twitter_card":"summary_large_image","twitter_misc":{"Escrito por":"Telinha","Tempo estimado de leitura":"1 minuto"},"schema":{"@context":"https:\/\/schema.org","@graph":[{"@type":"Article","@id":"https:\/\/portaltela.pt\/noticias\/2026\/01\/25\/antonio-figueiredo-diz-que-o-benfica-acertou-em-deixar-entrar-os-adeptos\/#article","isPartOf":{"@id":"https:\/\/portaltela.pt\/noticias\/2026\/01\/25\/antonio-figueiredo-diz-que-o-benfica-acertou-em-deixar-entrar-os-adeptos\/"},"author":{"name":"Telinha","@id":"https:\/\/portaltela.pt\/#\/schema\/person\/c4278d4a6028830caff9ee44b42d32ed"},"headline":"Ant\u00f3nio Figueiredo diz que o Benfica acertou em deixar entrar os adeptos","datePublished":"2026-01-25T08:55:48+00:00","mainEntityOfPage":{"@id":"https:\/\/portaltela.pt\/noticias\/2026\/01\/25\/antonio-figueiredo-diz-que-o-benfica-acertou-em-deixar-entrar-os-adeptos\/"},"wordCount":180,"image":{"@id":"https:\/\/portaltela.pt\/noticias\/2026\/01\/25\/antonio-figueiredo-diz-que-o-benfica-acertou-em-deixar-entrar-os-adeptos\/#primaryimage"},"thumbnailUrl":"https:\/\/portaltela.pt\/s.01k8rhncp4jt1\/2026\/01\/img_1280x722uu2026-01-25-08-54-07-2262419.jpg","keywords":["adeptos","Benfica","Dire\u00e7\u00e3o","Dirigentes","futebol","Seixal"],"articleSection":["Desporto","Futebol"],"inLanguage":"pt-PT"},{"@type":"WebPage","@id":"https:\/\/portaltela.pt\/noticias\/2026\/01\/25\/antonio-figueiredo-diz-que-o-benfica-acertou-em-deixar-entrar-os-adeptos\/","url":"https:\/\/portaltela.pt\/noticias\/2026\/01\/25\/antonio-figueiredo-diz-que-o-benfica-acertou-em-deixar-entrar-os-adeptos\/","name":"Ant\u00f3nio Figueiredo diz que o Benfica acertou em deixar entrar os adeptos - Portal Tela Portugal","isPartOf":{"@id":"https:\/\/portaltela.pt\/#website"},"primaryImageOfPage":{"@id":"https:\/\/portaltela.pt\/noticias\/2026\/01\/25\/antonio-figueiredo-diz-que-o-benfica-acertou-em-deixar-entrar-os-adeptos\/#primaryimage"},"image":{"@id":"https:\/\/portaltela.pt\/noticias\/2026\/01\/25\/antonio-figueiredo-diz-que-o-benfica-acertou-em-deixar-entrar-os-adeptos\/#primaryimage"},"thumbnailUrl":"https:\/\/portaltela.pt\/s.01k8rhncp4jt1\/2026\/01\/img_1280x722uu2026-01-25-08-54-07-2262419.jpg","datePublished":"2026-01-25T08:55:48+00:00","author":{"@id":"https:\/\/portaltela.pt\/#\/schema\/person\/c4278d4a6028830caff9ee44b42d32ed"},"breadcrumb":{"@id":"https:\/\/portaltela.pt\/noticias\/2026\/01\/25\/antonio-figueiredo-diz-que-o-benfica-acertou-em-deixar-entrar-os-adeptos\/#breadcrumb"},"inLanguage":"pt-PT","potentialAction":[{"@type":"ReadAction","target":["https:\/\/portaltela.pt\/noticias\/2026\/01\/25\/antonio-figueiredo-diz-que-o-benfica-acertou-em-deixar-entrar-os-adeptos\/"]}]},{"@type":"ImageObject","inLanguage":"pt-PT","@id":"https:\/\/portaltela.pt\/noticias\/2026\/01\/25\/antonio-figueiredo-diz-que-o-benfica-acertou-em-deixar-entrar-os-adeptos\/#primaryimage","url":"https:\/\/portaltela.pt\/s.01k8rhncp4jt1\/2026\/01\/img_1280x722uu2026-01-25-08-54-07-2262419.jpg","contentUrl":"https:\/\/portaltela.pt\/s.01k8rhncp4jt1\/2026\/01\/img_1280x722uu2026-01-25-08-54-07-2262419.jpg","width":796,"height":448,"caption":"Photo"},{"@type":"BreadcrumbList","@id":"https:\/\/portaltela.pt\/noticias\/2026\/01\/25\/antonio-figueiredo-diz-que-o-benfica-acertou-em-deixar-entrar-os-adeptos\/#breadcrumb","itemListElement":[{"@type":"ListItem","position":1,"name":"In\u00edcio","item":"https:\/\/portaltela.pt\/"},{"@type":"ListItem","position":2,"name":"Ant\u00f3nio Figueiredo diz que o Benfica acertou em deixar entrar os adeptos"}]},{"@type":"WebSite","@id":"https:\/\/portaltela.pt\/#website","url":"https:\/\/portaltela.pt\/","name":"Portal Tela Portugal","description":"","potentialAction":[{"@type":"SearchAction","target":{"@type":"EntryPoint","urlTemplate":"https:\/\/portaltela.pt\/?s={search_term_string}"},"query-input":{"@type":"PropertyValueSpecification","valueRequired":true,"valueName":"search_term_string"}}],"inLanguage":"pt-PT"},{"@type":"Person","@id":"https:\/\/portaltela.pt\/#\/schema\/person\/c4278d4a6028830caff9ee44b42d32ed","name":"Telinha","image":{"@type":"ImageObject","inLanguage":"pt-PT","@id":"https:\/\/portaltela.pt\/s.01k8rhncp4jt1\/2025\/11\/talking-bot-125x125.png","url":"https:\/\/portaltela.pt\/s.01k8rhncp4jt1\/2025\/11\/talking-bot-125x125.png","contentUrl":"https:\/\/portaltela.pt\/s.01k8rhncp4jt1\/2025\/11\/talking-bot-125x125.png","caption":"Telinha"},"sameAs":["https:\/\/portaltela.pt\/"],"url":"https:\/\/portaltela.pt\/por\/367410592786\/"}]}},"_links":{"self":[{"href":"https:\/\/portaltela.pt\/api\/wp\/v2\/posts\/171532","targetHints":{"allow":["GET"]}}],"collection":[{"href":"https:\/\/portaltela.pt\/api\/wp\/v2\/posts"}],"about":[{"href":"https:\/\/portaltela.pt\/api\/wp\/v2\/types\/post"}],"author":[{"embeddable":true,"href":"https:\/\/portaltela.pt\/api\/wp\/v2\/users\/2"}],"replies":[{"embeddable":true,"href":"https:\/\/portaltela.pt\/api\/wp\/v2\/comments?post=171532"}],"version-history":[{"count":0,"href":"https:\/\/portaltela.pt\/api\/wp\/v2\/posts\/171532\/revisions"}],"wp:featuredmedia":[{"embeddable":true,"href":"https:\/\/portaltela.pt\/api\/wp\/v2\/media\/171540"}],"wp:attachment":[{"href":"https:\/\/portaltela.pt\/api\/wp\/v2\/media?parent=171532"}],"wp:term":[{"taxonomy":"category","embeddable":true,"href":"https:\/\/portaltela.pt\/api\/wp\/v2\/categories?post=171532"},{"taxonomy":"post_tag","embeddable":true,"href":"https:\/\/portaltela.pt\/api\/wp\/v2\/tags?post=171532"}],"curies":[{"name":"wp","href":"https:\/\/api.w.org\/{rel}","templated":true}]}}