{"id":171529,"date":"2026-01-25T05:27:00","date_gmt":"2026-01-25T08:27:00","guid":{"rendered":"https:\/\/portaltela.pt\/noticias\/2026\/01\/25\/tempestade-de-inverno-nos-eua-ameaca-milhoes-de-pessoas\/"},"modified":"2026-01-25T05:27:00","modified_gmt":"2026-01-25T08:27:00","slug":"tempestade-de-inverno-nos-eua-ameaca-milhoes-de-pessoas","status":"publish","type":"post","link":"https:\/\/portaltela.pt\/noticias\/2026\/01\/25\/tempestade-de-inverno-nos-eua-ameaca-milhoes-de-pessoas\/","title":{"rendered":"Tempestade de inverno nos EUA amea\u00e7a milh\u00f5es de pessoas."},"content":{"rendered":"<p>Uma grande tempestade de inverno avan\u00e7a no nordeste dos EUA ap\u00f3s nev\u00f5es intensos no Centro, com cortes de energia e transportes a afectar milh\u00f5es. O NWS alerta para queda de neve abundante e gelo, com consequ\u00eancias potencialmente catastr\u00f3ficas.<\/p>\n<p>V\u00e1rias regi\u00f5es ficaram sob estado de emerg\u00eancia: 20 estados e Washington, DC, mobilizam recursos. A tempestade pode abranger at\u00e9 200 milh\u00f5es de pessoas, segundo a AFP. No fim de semana, cerca de 14 mil voos foram cancelados.<\/p>\n<p>Nev\u00f5es j\u00e1 ocorreram no Kansas, Oklahoma e Missouri, antes de chegar a cidades costeiras. Em Dallas, as temperaturas chegaram a -6 \u00b0C; em Nova Iorque, espera-se neve de at\u00e9 30 cm no Central Park.<\/p>\n<p>Centros de acolhimento foram abertos em Houston para sem-abrigo, enquanto a rede el\u00e9trica teve falhas em 2021 e volta a afetar consumidores. Dados da poweroutage.us indicam mais de 180 mil casas e empresas sem energia, com o Texas entre os mais afetados.<\/p>\n<p>O presidente Donald Trump aprovou declara\u00e7\u00f5es de emerg\u00eancia para 12 estados, facilitando o apoio da FEMA. O Chefe do governo pediu que as pessoas permane\u00e7am seguras e quentes, enquanto o assunto \u00e9 discutido no debate cient\u00edfico sobre liga\u00e7\u00f5es com as altera\u00e7\u00f5es clim\u00e1ticas.<\/p>\n<h3>Impacto e respostas<\/h3>\n<p>A gravidade da situa\u00e7\u00e3o levou a restri\u00e7\u00f5es de desloca\u00e7\u00e3o local e a desabastecimento em alguns supermercados. Autoridades ressaltam que o frio extremo pode persistir, com temperaturas abaixo de -45 \u00b0C em algumas zonas, durante uma semana.<\/p>\n<h3>Contexto cient\u00edfico<\/h3>\n<p>Especialistas discutem o papel da perturba\u00e7\u00e3o do v\u00f3rtice polar e do aquecimento r\u00e1pido do \u00c1rtico nas tempestades, reconhecendo a necessidade de mais dados para confirmar liga\u00e7\u00f5es diretas. A comunidade cient\u00edfica continua a acompanhar a evolu\u00e7\u00e3o do sistema.<\/p>\n","protected":false},"excerpt":{"rendered":"<ul>\n<li>Uma grande tempestade de inverno avan\u00e7a para o nordeste dos Estados Unidos, podendo afetar at\u00e9 200 milh\u00f5es de pessoas; 20 estados e Washington declararam estado de emerg\u00eancia.<\/li>\n<li>Agressivas quedas de neve e ac\u00famulo de gelo j\u00e1 impactam o pa\u00eds, com mais de 180 mil casas e empresas sem eletricidade e cerca de 14 mil voos cancelados.<\/li>\n<li>Em Nova Iorque espera-se temperaturas negativas durante todo o dia e at\u00e9 30 cent\u00edmetros de neve no Central Park; autoridades pedem evitar desloca\u00e7\u00f5es n\u00e3o essenciais.<\/li>\n<li>Em Dallas as temperaturas chegaram a -6 \u00b0C; em Houston abriram centros de acolhimento para sem-abrigo.<\/li>\n<li>O presidente Donald Trump aprovou declara\u00e7\u00f5es de emerg\u00eancia para 12 estados; especialistas discutem a rela\u00e7\u00e3o entre o aquecimento global e tempestades de inverno, que podem durar at\u00e9 uma semana.<\/li>\n<\/ul>\n","protected":false},"author":2,"featured_media":171533,"comment_status":"closed","ping_status":"closed","sticky":false,"template":"","format":"standard","meta":{"footnotes":""},"categories":[1],"tags":[2665,167,1241,174,1600,363],"class_list":["post-171529","post","type-post","status-publish","format-standard","has-post-thumbnail","hentry","category-noticias","tag-alteracoes-climaticas","tag-ambiente","tag-emissoes-de-gases-de-estufa","tag-energia","tag-estados-unidos","tag-transportes"],"yoast_head":"<!-- This site is optimized with the Yoast SEO plugin v27.2 - https:\/\/yoast.com\/product\/yoast-seo-wordpress\/ -->\n<title>Tempestade de inverno nos EUA amea\u00e7a milh\u00f5es de pessoas. - Portal Tela Portugal<\/title>\n<meta name=\"robots\" content=\"index, follow, max-snippet:-1, max-image-preview:large, max-video-preview:-1\" \/>\n<meta property=\"og:locale\" content=\"pt_PT\" \/>\n<meta property=\"og:type\" content=\"article\" \/>\n<meta property=\"og:title\" content=\"Tempestade de inverno nos EUA amea\u00e7a milh\u00f5es de pessoas. - Portal Tela Portugal\" \/>\n<meta property=\"og:description\" content=\"Uma grande tempestade de inverno avan\u00e7a para o nordeste dos Estados Unidos, podendo afetar at\u00e9 200 milh\u00f5es de pessoas; 20 estados e Washington declararam estado de emerg\u00eancia. Agressivas quedas de neve e ac\u00famulo de gelo j\u00e1 impactam o pa\u00eds, com mais de 180 mil casas e empresas sem eletricidade e cerca de 14 mil voos cancelados. Em Nova Iorque espera-se temperaturas negativas durante todo o dia e at\u00e9 30 cent\u00edmetros de neve no Central Park; autoridades pedem evitar desloca\u00e7\u00f5es n\u00e3o essenciais. Em Dallas as temperaturas chegaram a -6 \u00b0C; em Houston abriram centros de acolhimento para sem-abrigo. O presidente Donald Trump aprovou declara\u00e7\u00f5es de emerg\u00eancia para 12 estados; especialistas discutem a rela\u00e7\u00e3o entre o aquecimento global e tempestades de inverno, que podem durar at\u00e9 uma semana.\" \/>\n<meta property=\"og:url\" content=\"https:\/\/portaltela.pt\/noticias\/2026\/01\/25\/tempestade-de-inverno-nos-eua-ameaca-milhoes-de-pessoas\/\" \/>\n<meta property=\"og:site_name\" content=\"Portal Tela Portugal\" \/>\n<meta property=\"article:published_time\" content=\"2026-01-25T08:27:00+00:00\" \/>\n<meta name=\"author\" content=\"Telinha\" \/>\n<meta name=\"twitter:card\" content=\"summary_large_image\" \/>\n<meta name=\"twitter:label1\" content=\"Escrito por\" \/>\n\t<meta name=\"twitter:data1\" content=\"Telinha\" \/>\n\t<meta name=\"twitter:label2\" content=\"Tempo estimado de leitura\" \/>\n\t<meta name=\"twitter:data2\" content=\"1 minuto\" \/>\n<script type=\"application\/ld+json\" class=\"yoast-schema-graph\">{\"@context\":\"https:\/\/schema.org\",\"@graph\":[{\"@type\":\"Article\",\"@id\":\"https:\/\/portaltela.pt\/noticias\/2026\/01\/25\/tempestade-de-inverno-nos-eua-ameaca-milhoes-de-pessoas\/#article\",\"isPartOf\":{\"@id\":\"https:\/\/portaltela.pt\/noticias\/2026\/01\/25\/tempestade-de-inverno-nos-eua-ameaca-milhoes-de-pessoas\/\"},\"author\":{\"name\":\"Telinha\",\"@id\":\"https:\/\/portaltela.pt\/#\/schema\/person\/c4278d4a6028830caff9ee44b42d32ed\"},\"headline\":\"Tempestade de inverno nos EUA amea\u00e7a milh\u00f5es de pessoas.\",\"datePublished\":\"2026-01-25T08:27:00+00:00\",\"mainEntityOfPage\":{\"@id\":\"https:\/\/portaltela.pt\/noticias\/2026\/01\/25\/tempestade-de-inverno-nos-eua-ameaca-milhoes-de-pessoas\/\"},\"wordCount\":304,\"image\":{\"@id\":\"https:\/\/portaltela.pt\/noticias\/2026\/01\/25\/tempestade-de-inverno-nos-eua-ameaca-milhoes-de-pessoas\/#primaryimage\"},\"thumbnailUrl\":\"https:\/\/portaltela.pt\/s.01k8rhncp4jt1\/2026\/01\/image-1677.jpg\",\"keywords\":[\"Altera\u00e7\u00f5es Clim\u00e1ticas\",\"ambiente\",\"Emiss\u00f5es de Gases de Estufa\",\"energia\",\"Estados Unidos\",\"transportes\"],\"articleSection\":[\"Not\u00edcias\"],\"inLanguage\":\"pt-PT\"},{\"@type\":\"WebPage\",\"@id\":\"https:\/\/portaltela.pt\/noticias\/2026\/01\/25\/tempestade-de-inverno-nos-eua-ameaca-milhoes-de-pessoas\/\",\"url\":\"https:\/\/portaltela.pt\/noticias\/2026\/01\/25\/tempestade-de-inverno-nos-eua-ameaca-milhoes-de-pessoas\/\",\"name\":\"Tempestade de inverno nos EUA amea\u00e7a milh\u00f5es de pessoas. - Portal Tela Portugal\",\"isPartOf\":{\"@id\":\"https:\/\/portaltela.pt\/#website\"},\"primaryImageOfPage\":{\"@id\":\"https:\/\/portaltela.pt\/noticias\/2026\/01\/25\/tempestade-de-inverno-nos-eua-ameaca-milhoes-de-pessoas\/#primaryimage\"},\"image\":{\"@id\":\"https:\/\/portaltela.pt\/noticias\/2026\/01\/25\/tempestade-de-inverno-nos-eua-ameaca-milhoes-de-pessoas\/#primaryimage\"},\"thumbnailUrl\":\"https:\/\/portaltela.pt\/s.01k8rhncp4jt1\/2026\/01\/image-1677.jpg\",\"datePublished\":\"2026-01-25T08:27:00+00:00\",\"author\":{\"@id\":\"https:\/\/portaltela.pt\/#\/schema\/person\/c4278d4a6028830caff9ee44b42d32ed\"},\"breadcrumb\":{\"@id\":\"https:\/\/portaltela.pt\/noticias\/2026\/01\/25\/tempestade-de-inverno-nos-eua-ameaca-milhoes-de-pessoas\/#breadcrumb\"},\"inLanguage\":\"pt-PT\",\"potentialAction\":[{\"@type\":\"ReadAction\",\"target\":[\"https:\/\/portaltela.pt\/noticias\/2026\/01\/25\/tempestade-de-inverno-nos-eua-ameaca-milhoes-de-pessoas\/\"]}]},{\"@type\":\"ImageObject\",\"inLanguage\":\"pt-PT\",\"@id\":\"https:\/\/portaltela.pt\/noticias\/2026\/01\/25\/tempestade-de-inverno-nos-eua-ameaca-milhoes-de-pessoas\/#primaryimage\",\"url\":\"https:\/\/portaltela.pt\/s.01k8rhncp4jt1\/2026\/01\/image-1677.jpg\",\"contentUrl\":\"https:\/\/portaltela.pt\/s.01k8rhncp4jt1\/2026\/01\/image-1677.jpg\",\"width\":796,\"height\":448,\"caption\":\"Foto: Alex Wroblewski\/AFP\"},{\"@type\":\"BreadcrumbList\",\"@id\":\"https:\/\/portaltela.pt\/noticias\/2026\/01\/25\/tempestade-de-inverno-nos-eua-ameaca-milhoes-de-pessoas\/#breadcrumb\",\"itemListElement\":[{\"@type\":\"ListItem\",\"position\":1,\"name\":\"In\u00edcio\",\"item\":\"https:\/\/portaltela.pt\/\"},{\"@type\":\"ListItem\",\"position\":2,\"name\":\"Tempestade de inverno nos EUA amea\u00e7a milh\u00f5es de pessoas.\"}]},{\"@type\":\"WebSite\",\"@id\":\"https:\/\/portaltela.pt\/#website\",\"url\":\"https:\/\/portaltela.pt\/\",\"name\":\"Portal Tela Portugal\",\"description\":\"\",\"potentialAction\":[{\"@type\":\"SearchAction\",\"target\":{\"@type\":\"EntryPoint\",\"urlTemplate\":\"https:\/\/portaltela.pt\/?s={search_term_string}\"},\"query-input\":{\"@type\":\"PropertyValueSpecification\",\"valueRequired\":true,\"valueName\":\"search_term_string\"}}],\"inLanguage\":\"pt-PT\"},{\"@type\":\"Person\",\"@id\":\"https:\/\/portaltela.pt\/#\/schema\/person\/c4278d4a6028830caff9ee44b42d32ed\",\"name\":\"Telinha\",\"image\":{\"@type\":\"ImageObject\",\"inLanguage\":\"pt-PT\",\"@id\":\"https:\/\/portaltela.pt\/s.01k8rhncp4jt1\/2025\/11\/talking-bot-125x125.png\",\"url\":\"https:\/\/portaltela.pt\/s.01k8rhncp4jt1\/2025\/11\/talking-bot-125x125.png\",\"contentUrl\":\"https:\/\/portaltela.pt\/s.01k8rhncp4jt1\/2025\/11\/talking-bot-125x125.png\",\"caption\":\"Telinha\"},\"sameAs\":[\"https:\/\/portaltela.pt\/\"],\"url\":\"https:\/\/portaltela.pt\/por\/367410592786\/\"}]}<\/script>\n<!-- \/ Yoast SEO plugin. -->","yoast_head_json":{"title":"Tempestade de inverno nos EUA amea\u00e7a milh\u00f5es de pessoas. - Portal Tela Portugal","robots":{"index":"index","follow":"follow","max-snippet":"max-snippet:-1","max-image-preview":"max-image-preview:large","max-video-preview":"max-video-preview:-1"},"og_locale":"pt_PT","og_type":"article","og_title":"Tempestade de inverno nos EUA amea\u00e7a milh\u00f5es de pessoas. - Portal Tela Portugal","og_description":"Uma grande tempestade de inverno avan\u00e7a para o nordeste dos Estados Unidos, podendo afetar at\u00e9 200 milh\u00f5es de pessoas; 20 estados e Washington declararam estado de emerg\u00eancia. Agressivas quedas de neve e ac\u00famulo de gelo j\u00e1 impactam o pa\u00eds, com mais de 180 mil casas e empresas sem eletricidade e cerca de 14 mil voos cancelados. Em Nova Iorque espera-se temperaturas negativas durante todo o dia e at\u00e9 30 cent\u00edmetros de neve no Central Park; autoridades pedem evitar desloca\u00e7\u00f5es n\u00e3o essenciais. Em Dallas as temperaturas chegaram a -6 \u00b0C; em Houston abriram centros de acolhimento para sem-abrigo. O presidente Donald Trump aprovou declara\u00e7\u00f5es de emerg\u00eancia para 12 estados; especialistas discutem a rela\u00e7\u00e3o entre o aquecimento global e tempestades de inverno, que podem durar at\u00e9 uma semana.","og_url":"https:\/\/portaltela.pt\/noticias\/2026\/01\/25\/tempestade-de-inverno-nos-eua-ameaca-milhoes-de-pessoas\/","og_site_name":"Portal Tela Portugal","article_published_time":"2026-01-25T08:27:00+00:00","author":"Telinha","twitter_card":"summary_large_image","twitter_misc":{"Escrito por":"Telinha","Tempo estimado de leitura":"1 minuto"},"schema":{"@context":"https:\/\/schema.org","@graph":[{"@type":"Article","@id":"https:\/\/portaltela.pt\/noticias\/2026\/01\/25\/tempestade-de-inverno-nos-eua-ameaca-milhoes-de-pessoas\/#article","isPartOf":{"@id":"https:\/\/portaltela.pt\/noticias\/2026\/01\/25\/tempestade-de-inverno-nos-eua-ameaca-milhoes-de-pessoas\/"},"author":{"name":"Telinha","@id":"https:\/\/portaltela.pt\/#\/schema\/person\/c4278d4a6028830caff9ee44b42d32ed"},"headline":"Tempestade de inverno nos EUA amea\u00e7a milh\u00f5es de pessoas.","datePublished":"2026-01-25T08:27:00+00:00","mainEntityOfPage":{"@id":"https:\/\/portaltela.pt\/noticias\/2026\/01\/25\/tempestade-de-inverno-nos-eua-ameaca-milhoes-de-pessoas\/"},"wordCount":304,"image":{"@id":"https:\/\/portaltela.pt\/noticias\/2026\/01\/25\/tempestade-de-inverno-nos-eua-ameaca-milhoes-de-pessoas\/#primaryimage"},"thumbnailUrl":"https:\/\/portaltela.pt\/s.01k8rhncp4jt1\/2026\/01\/image-1677.jpg","keywords":["Altera\u00e7\u00f5es Clim\u00e1ticas","ambiente","Emiss\u00f5es de Gases de Estufa","energia","Estados Unidos","transportes"],"articleSection":["Not\u00edcias"],"inLanguage":"pt-PT"},{"@type":"WebPage","@id":"https:\/\/portaltela.pt\/noticias\/2026\/01\/25\/tempestade-de-inverno-nos-eua-ameaca-milhoes-de-pessoas\/","url":"https:\/\/portaltela.pt\/noticias\/2026\/01\/25\/tempestade-de-inverno-nos-eua-ameaca-milhoes-de-pessoas\/","name":"Tempestade de inverno nos EUA amea\u00e7a milh\u00f5es de pessoas. - Portal Tela Portugal","isPartOf":{"@id":"https:\/\/portaltela.pt\/#website"},"primaryImageOfPage":{"@id":"https:\/\/portaltela.pt\/noticias\/2026\/01\/25\/tempestade-de-inverno-nos-eua-ameaca-milhoes-de-pessoas\/#primaryimage"},"image":{"@id":"https:\/\/portaltela.pt\/noticias\/2026\/01\/25\/tempestade-de-inverno-nos-eua-ameaca-milhoes-de-pessoas\/#primaryimage"},"thumbnailUrl":"https:\/\/portaltela.pt\/s.01k8rhncp4jt1\/2026\/01\/image-1677.jpg","datePublished":"2026-01-25T08:27:00+00:00","author":{"@id":"https:\/\/portaltela.pt\/#\/schema\/person\/c4278d4a6028830caff9ee44b42d32ed"},"breadcrumb":{"@id":"https:\/\/portaltela.pt\/noticias\/2026\/01\/25\/tempestade-de-inverno-nos-eua-ameaca-milhoes-de-pessoas\/#breadcrumb"},"inLanguage":"pt-PT","potentialAction":[{"@type":"ReadAction","target":["https:\/\/portaltela.pt\/noticias\/2026\/01\/25\/tempestade-de-inverno-nos-eua-ameaca-milhoes-de-pessoas\/"]}]},{"@type":"ImageObject","inLanguage":"pt-PT","@id":"https:\/\/portaltela.pt\/noticias\/2026\/01\/25\/tempestade-de-inverno-nos-eua-ameaca-milhoes-de-pessoas\/#primaryimage","url":"https:\/\/portaltela.pt\/s.01k8rhncp4jt1\/2026\/01\/image-1677.jpg","contentUrl":"https:\/\/portaltela.pt\/s.01k8rhncp4jt1\/2026\/01\/image-1677.jpg","width":796,"height":448,"caption":"Foto: Alex Wroblewski\/AFP"},{"@type":"BreadcrumbList","@id":"https:\/\/portaltela.pt\/noticias\/2026\/01\/25\/tempestade-de-inverno-nos-eua-ameaca-milhoes-de-pessoas\/#breadcrumb","itemListElement":[{"@type":"ListItem","position":1,"name":"In\u00edcio","item":"https:\/\/portaltela.pt\/"},{"@type":"ListItem","position":2,"name":"Tempestade de inverno nos EUA amea\u00e7a milh\u00f5es de pessoas."}]},{"@type":"WebSite","@id":"https:\/\/portaltela.pt\/#website","url":"https:\/\/portaltela.pt\/","name":"Portal Tela Portugal","description":"","potentialAction":[{"@type":"SearchAction","target":{"@type":"EntryPoint","urlTemplate":"https:\/\/portaltela.pt\/?s={search_term_string}"},"query-input":{"@type":"PropertyValueSpecification","valueRequired":true,"valueName":"search_term_string"}}],"inLanguage":"pt-PT"},{"@type":"Person","@id":"https:\/\/portaltela.pt\/#\/schema\/person\/c4278d4a6028830caff9ee44b42d32ed","name":"Telinha","image":{"@type":"ImageObject","inLanguage":"pt-PT","@id":"https:\/\/portaltela.pt\/s.01k8rhncp4jt1\/2025\/11\/talking-bot-125x125.png","url":"https:\/\/portaltela.pt\/s.01k8rhncp4jt1\/2025\/11\/talking-bot-125x125.png","contentUrl":"https:\/\/portaltela.pt\/s.01k8rhncp4jt1\/2025\/11\/talking-bot-125x125.png","caption":"Telinha"},"sameAs":["https:\/\/portaltela.pt\/"],"url":"https:\/\/portaltela.pt\/por\/367410592786\/"}]}},"_links":{"self":[{"href":"https:\/\/portaltela.pt\/api\/wp\/v2\/posts\/171529","targetHints":{"allow":["GET"]}}],"collection":[{"href":"https:\/\/portaltela.pt\/api\/wp\/v2\/posts"}],"about":[{"href":"https:\/\/portaltela.pt\/api\/wp\/v2\/types\/post"}],"author":[{"embeddable":true,"href":"https:\/\/portaltela.pt\/api\/wp\/v2\/users\/2"}],"replies":[{"embeddable":true,"href":"https:\/\/portaltela.pt\/api\/wp\/v2\/comments?post=171529"}],"version-history":[{"count":0,"href":"https:\/\/portaltela.pt\/api\/wp\/v2\/posts\/171529\/revisions"}],"wp:featuredmedia":[{"embeddable":true,"href":"https:\/\/portaltela.pt\/api\/wp\/v2\/media\/171533"}],"wp:attachment":[{"href":"https:\/\/portaltela.pt\/api\/wp\/v2\/media?parent=171529"}],"wp:term":[{"taxonomy":"category","embeddable":true,"href":"https:\/\/portaltela.pt\/api\/wp\/v2\/categories?post=171529"},{"taxonomy":"post_tag","embeddable":true,"href":"https:\/\/portaltela.pt\/api\/wp\/v2\/tags?post=171529"}],"curies":[{"name":"wp","href":"https:\/\/api.w.org\/{rel}","templated":true}]}}